{"id":45884,"date":"2023-02-10T04:50:35","date_gmt":"2023-02-10T09:50:35","guid":{"rendered":"https:\/\/luchonoticias.com\/?p=45884"},"modified":"2023-02-10T04:50:36","modified_gmt":"2023-02-10T09:50:36","slug":"reforma-al-sistema-de-salud-se-presentara-al-congreso-el-proximo-lunes-13-de-febrero-petro","status":"publish","type":"post","link":"https:\/\/luchonoticias.com\/editor\/reforma-al-sistema-de-salud-se-presentara-al-congreso-el-proximo-lunes-13-de-febrero-petro\/","title":{"rendered":"Reforma al Sistema de Salud se presentar\u00e1 al Congreso el pr\u00f3ximo lunes 13 de febrero: Petro"},"content":{"rendered":"\n<p>El Presidente Gustavo Petro afirm\u00f3 este jueves, ante los alcaldes de las ciudades capitales, que la propuesta de Reforma al Sistema de Salud se presentar\u00e1 al Congreso el pr\u00f3ximo lunes.<\/p>\n\n\n\n<p>En la XXI Cumbre de la Asociaci\u00f3n Colombiana de Ciudades Capitales (Asocapitales), que se llev\u00f3 a cabo en la capital del departamento del Guaviare, el Mandatario indic\u00f3 que con la iniciativa se busca que el hospital p\u00fablico deje de ser una empresa social del Estado y se convierte en una instituci\u00f3n de salud.<\/p>\n\n\n\n<p>\u201cEsto es un modelo mixto, complementario, no competitivo. El hospital p\u00fablico deja de ser empresa social del Estado, es decir, de buscar minimizar costos o recortar servicio, y se convierte en instituci\u00f3n de la salud, como era antes\u201d, explic\u00f3 el Jefe de Estado.<\/p>\n\n\n\n<p>El Presidente Petro precis\u00f3 que actualmente el sistema ofrece un aseguramiento individual, pero \u201cno hay una salud familiar\u201d.<\/p>\n\n\n\n<p>Y reiter\u00f3 que el modelo que se propone tiene como uno de sus pilares la atenci\u00f3n primaria y la prevenci\u00f3n, por medio de los Centros de Atenci\u00f3n Primaria (CAP), organizados en el territorio nacional.<\/p>\n\n\n\n<p>\u201cEl proyecto tiene un pilar, que tiene varios puntos esenciales, sin el cual no hay un cambio en la salud. Esto no es simplemente mejorar la latoner\u00eda, no es que entra a latoner\u00eda y pintura el sistema de salud. Ha entrado como 10.000 veces desde que yo soy congresista. Nunca ha podido salir algo que genere estructuralmente una soluci\u00f3n. Los problemas estallan cada a\u00f1o\u201d, expres\u00f3.<\/p>\n\n\n\n<p>A\u00f1adi\u00f3 que la funci\u00f3n del hospital es \u201cque los pacientes salgan \u2013hasta donde la tecnolog\u00eda y la ciencia d\u00e9\u2013 curados. Derecho a la salud\u201d.<\/p>\n\n\n\n<p>\u201cEntonces vamos a cambiar. Primer pilar fundamental, tener un modelo preventivo y de atenci\u00f3n primaria fuerte\u201d, sostuvo.<\/p>\n\n\n\n<p>Advirti\u00f3 que en el pa\u00eds hay \u201cun sistema desigual\u201d que \u201cse traduce en una profunda diferenciaci\u00f3n de la poblaci\u00f3n y en las regiones frente al derecho a la salud\u201d.<\/p>\n\n\n\n<p>Precis\u00f3 que el 22% de la ni\u00f1ez colombiana tiene anemia y el pa\u00eds ocupa los \u00faltimos lugares en cuanto a mortalidad materna de los pa\u00edses de la Organizaci\u00f3n para la Cooperaci\u00f3n y el Desarrollo Econ\u00f3micos (OCDE).<\/p>\n\n\n\n<p>\u201cY es por la ausencia de un sistema de atenci\u00f3n primaria y de prevenci\u00f3n en Colombia, no lo tenemos\u201d, enfatiz\u00f3.<\/p>\n\n\n\n<p>El Presidente Petro manifest\u00f3 que \u201cel Centro de Atenci\u00f3n Primaria tiene una funci\u00f3n, que no es solamente atender al que le llega, sino que organiza un territorio, en un promedio de 20.000 personas, para que equipos m\u00e9dicos visiten de manera permanente, rutinaria, constante, la familia de ese territorio, est\u00e9n donde est\u00e9n, para disminuir las causales de la enfermedad, eliminarla, si es posible, o atenderla a\u00fan en un estadio primario en d\u00f3nde a\u00fan sea posible salvar la vida\u201d.<\/p>\n\n\n\n<p>\u201cPero el modelo de atenci\u00f3n ser\u00e1 el mismo, tanto en lo p\u00fablico y lo privado, como en el barrio rico como en el barrio pobre. Como en el mundo rural que hoy no tiene sistema de salud. Esto lo primero que garantiza es salud en el mundo rural, que hoy no tiene salud\u201d, concluy\u00f3 el Presidente de la Rep\u00fablica.<\/p>\n","protected":false},"excerpt":{"rendered":"<p>El Presidente Gustavo Petro afirm\u00f3 este jueves, ante los alcaldes de las ciudades capitales, que la propuesta de Reforma al Sistema de Salud se presentar\u00e1 al Congreso el pr\u00f3ximo lunes. En la XXI Cumbre de la Asociaci\u00f3n Colombiana de Ciudades Capitales (Asocapitales), que se llev\u00f3 a cabo en la capital del departamento del Guaviare, el [&hellip;]<\/p>\n","protected":false},"author":2,"featured_media":0,"comment_status":"open","ping_status":"open","sticky":false,"template":"","format":"standard","meta":{"footnotes":""},"categories":[36,32],"tags":[],"class_list":["post-45884","post","type-post","status-publish","format-standard","hentry","category-destacado","category-nacional"],"yoast_head":"<!-- This site is optimized with the Yoast SEO plugin v26.6 - https:\/\/yoast.com\/wordpress\/plugins\/seo\/ -->\n<title>Reforma al Sistema de Salud se presentar\u00e1 al Congreso el pr\u00f3ximo lunes 13 de febrero: Petro -<\/title>\n<meta name=\"robots\" content=\"index, follow, max-snippet:-1, max-image-preview:large, max-video-preview:-1\" \/>\n<link rel=\"canonical\" href=\"https:\/\/luchonoticias.com\/editor\/reforma-al-sistema-de-salud-se-presentara-al-congreso-el-proximo-lunes-13-de-febrero-petro\/\" \/>\n<meta property=\"og:locale\" content=\"es_ES\" \/>\n<meta property=\"og:type\" content=\"article\" \/>\n<meta property=\"og:title\" content=\"Reforma al Sistema de Salud se presentar\u00e1 al Congreso el pr\u00f3ximo lunes 13 de febrero: Petro -\" \/>\n<meta property=\"og:url\" content=\"https:\/\/luchonoticias.com\/editor\/reforma-al-sistema-de-salud-se-presentara-al-congreso-el-proximo-lunes-13-de-febrero-petro\/\" \/>\n<meta property=\"article:publisher\" content=\"https:\/\/www.facebook.com\/luchonoticiasneiva\" \/>\n<meta property=\"article:published_time\" content=\"2023-02-10T09:50:35+00:00\" \/>\n<meta property=\"article:modified_time\" content=\"2023-02-10T09:50:36+00:00\" \/>\n<meta name=\"author\" content=\"Editor General\" \/>\n<meta name=\"twitter:card\" content=\"summary_large_image\" \/>\n<meta name=\"twitter:label1\" content=\"Escrito por\" \/>\n\t<meta name=\"twitter:data1\" content=\"Editor General\" \/>\n\t<meta name=\"twitter:label2\" content=\"Tiempo de lectura\" \/>\n\t<meta name=\"twitter:data2\" content=\"3 minutos\" \/>\n<script type=\"application\/ld+json\" class=\"yoast-schema-graph\">{\"@context\":\"https:\/\/schema.org\",\"@graph\":[{\"@type\":\"Article\",\"@id\":\"https:\/\/luchonoticias.com\/editor\/reforma-al-sistema-de-salud-se-presentara-al-congreso-el-proximo-lunes-13-de-febrero-petro\/#article\",\"isPartOf\":{\"@id\":\"https:\/\/luchonoticias.com\/editor\/reforma-al-sistema-de-salud-se-presentara-al-congreso-el-proximo-lunes-13-de-febrero-petro\/\"},\"author\":{\"name\":\"Editor General\",\"@id\":\"https:\/\/luchonoticias.com\/editor\/#\/schema\/person\/29217990ddf6f14e35912b2866d591fb\"},\"headline\":\"Reforma al Sistema de Salud se presentar\u00e1 al Congreso el pr\u00f3ximo lunes 13 de febrero: Petro\",\"datePublished\":\"2023-02-10T09:50:35+00:00\",\"dateModified\":\"2023-02-10T09:50:36+00:00\",\"mainEntityOfPage\":{\"@id\":\"https:\/\/luchonoticias.com\/editor\/reforma-al-sistema-de-salud-se-presentara-al-congreso-el-proximo-lunes-13-de-febrero-petro\/\"},\"wordCount\":557,\"commentCount\":0,\"publisher\":{\"@id\":\"https:\/\/luchonoticias.com\/editor\/#\/schema\/person\/7a7fd911f58561fd056dbac7b55af9cd\"},\"articleSection\":[\"Destacado\",\"Nacional\"],\"inLanguage\":\"es\",\"potentialAction\":[{\"@type\":\"CommentAction\",\"name\":\"Comment\",\"target\":[\"https:\/\/luchonoticias.com\/editor\/reforma-al-sistema-de-salud-se-presentara-al-congreso-el-proximo-lunes-13-de-febrero-petro\/#respond\"]}]},{\"@type\":\"WebPage\",\"@id\":\"https:\/\/luchonoticias.com\/editor\/reforma-al-sistema-de-salud-se-presentara-al-congreso-el-proximo-lunes-13-de-febrero-petro\/\",\"url\":\"https:\/\/luchonoticias.com\/editor\/reforma-al-sistema-de-salud-se-presentara-al-congreso-el-proximo-lunes-13-de-febrero-petro\/\",\"name\":\"Reforma al Sistema de Salud se presentar\u00e1 al Congreso el pr\u00f3ximo lunes 13 de febrero: Petro -\",\"isPartOf\":{\"@id\":\"https:\/\/luchonoticias.com\/editor\/#website\"},\"datePublished\":\"2023-02-10T09:50:35+00:00\",\"dateModified\":\"2023-02-10T09:50:36+00:00\",\"breadcrumb\":{\"@id\":\"https:\/\/luchonoticias.com\/editor\/reforma-al-sistema-de-salud-se-presentara-al-congreso-el-proximo-lunes-13-de-febrero-petro\/#breadcrumb\"},\"inLanguage\":\"es\",\"potentialAction\":[{\"@type\":\"ReadAction\",\"target\":[\"https:\/\/luchonoticias.com\/editor\/reforma-al-sistema-de-salud-se-presentara-al-congreso-el-proximo-lunes-13-de-febrero-petro\/\"]}]},{\"@type\":\"BreadcrumbList\",\"@id\":\"https:\/\/luchonoticias.com\/editor\/reforma-al-sistema-de-salud-se-presentara-al-congreso-el-proximo-lunes-13-de-febrero-petro\/#breadcrumb\",\"itemListElement\":[{\"@type\":\"ListItem\",\"position\":1,\"name\":\"Portada\",\"item\":\"https:\/\/luchonoticias.com\/editor\/\"},{\"@type\":\"ListItem\",\"position\":2,\"name\":\"Reforma al Sistema de Salud se presentar\u00e1 al Congreso el pr\u00f3ximo lunes 13 de febrero: Petro\"}]},{\"@type\":\"WebSite\",\"@id\":\"https:\/\/luchonoticias.com\/editor\/#website\",\"url\":\"https:\/\/luchonoticias.com\/editor\/\",\"name\":\"\",\"description\":\"\",\"publisher\":{\"@id\":\"https:\/\/luchonoticias.com\/editor\/#\/schema\/person\/7a7fd911f58561fd056dbac7b55af9cd\"},\"potentialAction\":[{\"@type\":\"SearchAction\",\"target\":{\"@type\":\"EntryPoint\",\"urlTemplate\":\"https:\/\/luchonoticias.com\/editor\/?s={search_term_string}\"},\"query-input\":{\"@type\":\"PropertyValueSpecification\",\"valueRequired\":true,\"valueName\":\"search_term_string\"}}],\"inLanguage\":\"es\"},{\"@type\":[\"Person\",\"Organization\"],\"@id\":\"https:\/\/luchonoticias.com\/editor\/#\/schema\/person\/7a7fd911f58561fd056dbac7b55af9cd\",\"name\":\"admin\",\"image\":{\"@type\":\"ImageObject\",\"inLanguage\":\"es\",\"@id\":\"https:\/\/luchonoticias.com\/editor\/#\/schema\/person\/image\/\",\"url\":\"https:\/\/luchonoticias.com\/editor\/wp-content\/uploads\/2024\/02\/cropped-cropped-logolu.webp\",\"contentUrl\":\"https:\/\/luchonoticias.com\/editor\/wp-content\/uploads\/2024\/02\/cropped-cropped-logolu.webp\",\"width\":382,\"height\":170,\"caption\":\"admin\"},\"logo\":{\"@id\":\"https:\/\/luchonoticias.com\/editor\/#\/schema\/person\/image\/\"},\"sameAs\":[\"https:\/\/www.facebook.com\/luchonoticiasneiva\"]},{\"@type\":\"Person\",\"@id\":\"https:\/\/luchonoticias.com\/editor\/#\/schema\/person\/29217990ddf6f14e35912b2866d591fb\",\"name\":\"Editor General\",\"image\":{\"@type\":\"ImageObject\",\"inLanguage\":\"es\",\"@id\":\"https:\/\/luchonoticias.com\/editor\/#\/schema\/person\/image\/\",\"url\":\"https:\/\/luchonoticias.com\/editor\/wp-content\/uploads\/2024\/02\/cropped-cropped-logolu-150x150.webp\",\"contentUrl\":\"https:\/\/luchonoticias.com\/editor\/wp-content\/uploads\/2024\/02\/cropped-cropped-logolu-150x150.webp\",\"caption\":\"Editor General\"},\"sameAs\":[\"https:\/\/luchonoticias.com\/\"],\"url\":\"https:\/\/luchonoticias.com\/editor\/author\/editor-general\/\"}]}<\/script>\n<!-- \/ Yoast SEO plugin. -->","yoast_head_json":{"title":"Reforma al Sistema de Salud se presentar\u00e1 al Congreso el pr\u00f3ximo lunes 13 de febrero: Petro -","robots":{"index":"index","follow":"follow","max-snippet":"max-snippet:-1","max-image-preview":"max-image-preview:large","max-video-preview":"max-video-preview:-1"},"canonical":"https:\/\/luchonoticias.com\/editor\/reforma-al-sistema-de-salud-se-presentara-al-congreso-el-proximo-lunes-13-de-febrero-petro\/","og_locale":"es_ES","og_type":"article","og_title":"Reforma al Sistema de Salud se presentar\u00e1 al Congreso el pr\u00f3ximo lunes 13 de febrero: Petro -","og_url":"https:\/\/luchonoticias.com\/editor\/reforma-al-sistema-de-salud-se-presentara-al-congreso-el-proximo-lunes-13-de-febrero-petro\/","article_publisher":"https:\/\/www.facebook.com\/luchonoticiasneiva","article_published_time":"2023-02-10T09:50:35+00:00","article_modified_time":"2023-02-10T09:50:36+00:00","author":"Editor General","twitter_card":"summary_large_image","twitter_misc":{"Escrito por":"Editor General","Tiempo de lectura":"3 minutos"},"schema":{"@context":"https:\/\/schema.org","@graph":[{"@type":"Article","@id":"https:\/\/luchonoticias.com\/editor\/reforma-al-sistema-de-salud-se-presentara-al-congreso-el-proximo-lunes-13-de-febrero-petro\/#article","isPartOf":{"@id":"https:\/\/luchonoticias.com\/editor\/reforma-al-sistema-de-salud-se-presentara-al-congreso-el-proximo-lunes-13-de-febrero-petro\/"},"author":{"name":"Editor General","@id":"https:\/\/luchonoticias.com\/editor\/#\/schema\/person\/29217990ddf6f14e35912b2866d591fb"},"headline":"Reforma al Sistema de Salud se presentar\u00e1 al Congreso el pr\u00f3ximo lunes 13 de febrero: Petro","datePublished":"2023-02-10T09:50:35+00:00","dateModified":"2023-02-10T09:50:36+00:00","mainEntityOfPage":{"@id":"https:\/\/luchonoticias.com\/editor\/reforma-al-sistema-de-salud-se-presentara-al-congreso-el-proximo-lunes-13-de-febrero-petro\/"},"wordCount":557,"commentCount":0,"publisher":{"@id":"https:\/\/luchonoticias.com\/editor\/#\/schema\/person\/7a7fd911f58561fd056dbac7b55af9cd"},"articleSection":["Destacado","Nacional"],"inLanguage":"es","potentialAction":[{"@type":"CommentAction","name":"Comment","target":["https:\/\/luchonoticias.com\/editor\/reforma-al-sistema-de-salud-se-presentara-al-congreso-el-proximo-lunes-13-de-febrero-petro\/#respond"]}]},{"@type":"WebPage","@id":"https:\/\/luchonoticias.com\/editor\/reforma-al-sistema-de-salud-se-presentara-al-congreso-el-proximo-lunes-13-de-febrero-petro\/","url":"https:\/\/luchonoticias.com\/editor\/reforma-al-sistema-de-salud-se-presentara-al-congreso-el-proximo-lunes-13-de-febrero-petro\/","name":"Reforma al Sistema de Salud se presentar\u00e1 al Congreso el pr\u00f3ximo lunes 13 de febrero: Petro -","isPartOf":{"@id":"https:\/\/luchonoticias.com\/editor\/#website"},"datePublished":"2023-02-10T09:50:35+00:00","dateModified":"2023-02-10T09:50:36+00:00","breadcrumb":{"@id":"https:\/\/luchonoticias.com\/editor\/reforma-al-sistema-de-salud-se-presentara-al-congreso-el-proximo-lunes-13-de-febrero-petro\/#breadcrumb"},"inLanguage":"es","potentialAction":[{"@type":"ReadAction","target":["https:\/\/luchonoticias.com\/editor\/reforma-al-sistema-de-salud-se-presentara-al-congreso-el-proximo-lunes-13-de-febrero-petro\/"]}]},{"@type":"BreadcrumbList","@id":"https:\/\/luchonoticias.com\/editor\/reforma-al-sistema-de-salud-se-presentara-al-congreso-el-proximo-lunes-13-de-febrero-petro\/#breadcrumb","itemListElement":[{"@type":"ListItem","position":1,"name":"Portada","item":"https:\/\/luchonoticias.com\/editor\/"},{"@type":"ListItem","position":2,"name":"Reforma al Sistema de Salud se presentar\u00e1 al Congreso el pr\u00f3ximo lunes 13 de febrero: Petro"}]},{"@type":"WebSite","@id":"https:\/\/luchonoticias.com\/editor\/#website","url":"https:\/\/luchonoticias.com\/editor\/","name":"","description":"","publisher":{"@id":"https:\/\/luchonoticias.com\/editor\/#\/schema\/person\/7a7fd911f58561fd056dbac7b55af9cd"},"potentialAction":[{"@type":"SearchAction","target":{"@type":"EntryPoint","urlTemplate":"https:\/\/luchonoticias.com\/editor\/?s={search_term_string}"},"query-input":{"@type":"PropertyValueSpecification","valueRequired":true,"valueName":"search_term_string"}}],"inLanguage":"es"},{"@type":["Person","Organization"],"@id":"https:\/\/luchonoticias.com\/editor\/#\/schema\/person\/7a7fd911f58561fd056dbac7b55af9cd","name":"admin","image":{"@type":"ImageObject","inLanguage":"es","@id":"https:\/\/luchonoticias.com\/editor\/#\/schema\/person\/image\/","url":"https:\/\/luchonoticias.com\/editor\/wp-content\/uploads\/2024\/02\/cropped-cropped-logolu.webp","contentUrl":"https:\/\/luchonoticias.com\/editor\/wp-content\/uploads\/2024\/02\/cropped-cropped-logolu.webp","width":382,"height":170,"caption":"admin"},"logo":{"@id":"https:\/\/luchonoticias.com\/editor\/#\/schema\/person\/image\/"},"sameAs":["https:\/\/www.facebook.com\/luchonoticiasneiva"]},{"@type":"Person","@id":"https:\/\/luchonoticias.com\/editor\/#\/schema\/person\/29217990ddf6f14e35912b2866d591fb","name":"Editor General","image":{"@type":"ImageObject","inLanguage":"es","@id":"https:\/\/luchonoticias.com\/editor\/#\/schema\/person\/image\/","url":"https:\/\/luchonoticias.com\/editor\/wp-content\/uploads\/2024\/02\/cropped-cropped-logolu-150x150.webp","contentUrl":"https:\/\/luchonoticias.com\/editor\/wp-content\/uploads\/2024\/02\/cropped-cropped-logolu-150x150.webp","caption":"Editor General"},"sameAs":["https:\/\/luchonoticias.com\/"],"url":"https:\/\/luchonoticias.com\/editor\/author\/editor-general\/"}]}},"_links":{"self":[{"href":"https:\/\/luchonoticias.com\/editor\/wp-json\/wp\/v2\/posts\/45884","targetHints":{"allow":["GET"]}}],"collection":[{"href":"https:\/\/luchonoticias.com\/editor\/wp-json\/wp\/v2\/posts"}],"about":[{"href":"https:\/\/luchonoticias.com\/editor\/wp-json\/wp\/v2\/types\/post"}],"author":[{"embeddable":true,"href":"https:\/\/luchonoticias.com\/editor\/wp-json\/wp\/v2\/users\/2"}],"replies":[{"embeddable":true,"href":"https:\/\/luchonoticias.com\/editor\/wp-json\/wp\/v2\/comments?post=45884"}],"version-history":[{"count":0,"href":"https:\/\/luchonoticias.com\/editor\/wp-json\/wp\/v2\/posts\/45884\/revisions"}],"wp:attachment":[{"href":"https:\/\/luchonoticias.com\/editor\/wp-json\/wp\/v2\/media?parent=45884"}],"wp:term":[{"taxonomy":"category","embeddable":true,"href":"https:\/\/luchonoticias.com\/editor\/wp-json\/wp\/v2\/categories?post=45884"},{"taxonomy":"post_tag","embeddable":true,"href":"https:\/\/luchonoticias.com\/editor\/wp-json\/wp\/v2\/tags?post=45884"}],"curies":[{"name":"wp","href":"https:\/\/api.w.org\/{rel}","templated":true}]}}