{"id":45897,"date":"2023-02-10T06:56:49","date_gmt":"2023-02-10T11:56:49","guid":{"rendered":"https:\/\/luchonoticias.com\/?p=45897"},"modified":"2023-02-10T06:56:51","modified_gmt":"2023-02-10T11:56:51","slug":"premiados-los-mejores-trabajos-periodisticos-del-reynaldo-matiz-trujillo","status":"publish","type":"post","link":"https:\/\/luchonoticias.com\/editor\/premiados-los-mejores-trabajos-periodisticos-del-reynaldo-matiz-trujillo\/","title":{"rendered":"Premiados los mejores trabajos period\u00edsticos del Reynaldo Matiz Trujillo"},"content":{"rendered":"\n<p>En el marco del D\u00eda del Periodista, se llev\u00f3 a cabo en las instalaciones del Concejo de Neiva la ceremonia del Premio de Periodismo \u2018Reynaldo Matiz Trujillo\u2019, el cual fue institucionalizado bajo el acuerdo 031 de 2009 que modific\u00f3 el acuerdo 001 de 1991 y el 016 del 2004 para destacar los mejores trabajos period\u00edsticos.<\/p>\n\n\n\n<p>\u201cHoy quiero invitarlos a reflexionar, a que siempre tengan presente que el rigor con el que investiguen y presenten la informaci\u00f3n, ser\u00e1 m\u00e1s valioso siempre que la efervescencia con que muchas veces, una noticia desaparece del contexto\u201d, sostuvo el alcalde de Neiva, Gorky Mu\u00f1oz Calder\u00f3n en medio de su discurso.<\/p>\n\n\n\n<p><strong>Categor\u00edas<\/strong><\/p>\n\n\n\n<p>Para esta edici\u00f3n 2023, se presentaron 44 trabajos period\u00edsticos distribuidos en categor\u00edas como: Mejor trabajo period\u00edstico en Radio, Mejor trabajo period\u00edstico en televisi\u00f3n, Mejor trabajo period\u00edstico en Reporter\u00eda Gr\u00e1fica, Mejor trabajo period\u00edstico en Prensa, Mejor Columna de Opini\u00f3n, Mejor trabajo en Caricatura y Mejor trabajo period\u00edstico en Internet.<\/p>\n\n\n\n<p>\u201cHoy desarrollamos la edici\u00f3n n\u00famero 24 del Premio Reynaldo Matiz donde premiamos a siete periodistas en las diferentes categor\u00edas y tambi\u00e9n hacemos una exaltaci\u00f3n por la trayectoria, vida y obra de un periodista\u201d, indic\u00f3 el presidente del Concejo de Neiva, Iv\u00e1n Cangrejo.<\/p>\n\n\n\n<p><strong>Jurados<\/strong><\/p>\n\n\n\n<p>El evento fue articulado por la Secretar\u00eda de Cultura Municipal y el Concejo de Neiva buscando reconocer y exaltar la labor period\u00edstica de aquellas personas que aportan a la construcci\u00f3n de la verdad de manera clara, objetiva e imparcial.<\/p>\n\n\n\n<p>Por lo anterior, fueron invitados como jurados calificadores, los periodistas Karla Ardila, Paola Herrera y Juan Eduardo Jaramillo, todos ellos con amplia trayectoria y reconocimiento en los medios de comunicaci\u00f3n.<\/p>\n\n\n\n<p>\u201cVimos un evento muy bonito, qu\u00e9 m\u00e1s para nuestros periodistas, los cuales dignifican y construyen ciudad desde su trabajo y desde su labor ardua al informar y formar a la ciudadan\u00eda\u201d, expres\u00f3 la secretaria de Cultura, Marieta Trujillo.<\/p>\n\n\n\n<p>Cabe destacar que el Premio de Periodismo Reynaldo Matiz Trujillo, es el m\u00e1s importante del Surcolombiano, donde han sido premiados los mejores periodistas de la regi\u00f3n del Huila, ya que resalta los excelentes trabajos period\u00edsticos, reconoci\u00e9ndose el valor y la importancia de su labor, pues \u00e9sta aporta y enriquece a trav\u00e9s de la sana cr\u00edtica su intelecto y formaci\u00f3n como profesionales del \u00e1rea pertenecientes a los diferentes medios de comunicaci\u00f3n.<\/p>\n\n\n\n<p>Ganadores:<\/p>\n\n\n\n<p>-Premio Vida y Obra para un Periodista: Lola M\u00f3nica Molano Y\u00e1\u00f1ez<\/p>\n\n\n\n<p>&#8211; Premio Mejor trabajo period\u00edstico en Radio: Yesenia Polan\u00eda Pascuas<\/p>\n\n\n\n<p>&#8211; Premio Mejor Trabajo Period\u00edstico en Reporter\u00eda Gr\u00e1fica: Astrid Helena Hern\u00e1ndez y Lorena Ram\u00edrez -Huila Stereo<\/p>\n\n\n\n<p>&#8211; Premio Mejor Trabajo Period\u00edstico en Prensa Escrita: Olmedo Polanco-La Naci\u00f3n<\/p>\n\n\n\n<p>&#8211; Columna Opini\u00f3n: Germ\u00e1n Hern\u00e1ndez Vera<\/p>\n\n\n\n<p>&#8211; Mejor Caricatura: Leonardo Parra Puentes<\/p>\n","protected":false},"excerpt":{"rendered":"<p>En el marco del D\u00eda del Periodista, se llev\u00f3 a cabo en las instalaciones del Concejo de Neiva la ceremonia del Premio de Periodismo \u2018Reynaldo Matiz Trujillo\u2019, el cual fue institucionalizado bajo el acuerdo 031 de 2009 que modific\u00f3 el acuerdo 001 de 1991 y el 016 del 2004 para destacar los mejores trabajos period\u00edsticos. [&hellip;]<\/p>\n","protected":false},"author":2,"featured_media":0,"comment_status":"open","ping_status":"open","sticky":false,"template":"","format":"standard","meta":{"footnotes":""},"categories":[36,31],"tags":[],"class_list":["post-45897","post","type-post","status-publish","format-standard","hentry","category-destacado","category-local"],"yoast_head":"<!-- This site is optimized with the Yoast SEO plugin v26.6 - https:\/\/yoast.com\/wordpress\/plugins\/seo\/ -->\n<title>Premiados los mejores trabajos period\u00edsticos del Reynaldo Matiz Trujillo -<\/title>\n<meta name=\"robots\" content=\"index, follow, max-snippet:-1, max-image-preview:large, max-video-preview:-1\" \/>\n<link rel=\"canonical\" href=\"https:\/\/luchonoticias.com\/editor\/premiados-los-mejores-trabajos-periodisticos-del-reynaldo-matiz-trujillo\/\" \/>\n<meta property=\"og:locale\" content=\"es_ES\" \/>\n<meta property=\"og:type\" content=\"article\" \/>\n<meta property=\"og:title\" content=\"Premiados los mejores trabajos period\u00edsticos del Reynaldo Matiz Trujillo -\" \/>\n<meta property=\"og:url\" content=\"https:\/\/luchonoticias.com\/editor\/premiados-los-mejores-trabajos-periodisticos-del-reynaldo-matiz-trujillo\/\" \/>\n<meta property=\"article:publisher\" content=\"https:\/\/www.facebook.com\/luchonoticiasneiva\" \/>\n<meta property=\"article:published_time\" content=\"2023-02-10T11:56:49+00:00\" \/>\n<meta property=\"article:modified_time\" content=\"2023-02-10T11:56:51+00:00\" \/>\n<meta name=\"author\" content=\"Editor General\" \/>\n<meta name=\"twitter:card\" content=\"summary_large_image\" \/>\n<meta name=\"twitter:label1\" content=\"Escrito por\" \/>\n\t<meta name=\"twitter:data1\" content=\"Editor General\" \/>\n\t<meta name=\"twitter:label2\" content=\"Tiempo de lectura\" \/>\n\t<meta name=\"twitter:data2\" content=\"2 minutos\" \/>\n<script type=\"application\/ld+json\" class=\"yoast-schema-graph\">{\"@context\":\"https:\/\/schema.org\",\"@graph\":[{\"@type\":\"Article\",\"@id\":\"https:\/\/luchonoticias.com\/editor\/premiados-los-mejores-trabajos-periodisticos-del-reynaldo-matiz-trujillo\/#article\",\"isPartOf\":{\"@id\":\"https:\/\/luchonoticias.com\/editor\/premiados-los-mejores-trabajos-periodisticos-del-reynaldo-matiz-trujillo\/\"},\"author\":{\"name\":\"Editor General\",\"@id\":\"https:\/\/luchonoticias.com\/editor\/#\/schema\/person\/29217990ddf6f14e35912b2866d591fb\"},\"headline\":\"Premiados los mejores trabajos period\u00edsticos del Reynaldo Matiz Trujillo\",\"datePublished\":\"2023-02-10T11:56:49+00:00\",\"dateModified\":\"2023-02-10T11:56:51+00:00\",\"mainEntityOfPage\":{\"@id\":\"https:\/\/luchonoticias.com\/editor\/premiados-los-mejores-trabajos-periodisticos-del-reynaldo-matiz-trujillo\/\"},\"wordCount\":489,\"commentCount\":0,\"publisher\":{\"@id\":\"https:\/\/luchonoticias.com\/editor\/#\/schema\/person\/7a7fd911f58561fd056dbac7b55af9cd\"},\"articleSection\":[\"Destacado\",\"Local\"],\"inLanguage\":\"es\",\"potentialAction\":[{\"@type\":\"CommentAction\",\"name\":\"Comment\",\"target\":[\"https:\/\/luchonoticias.com\/editor\/premiados-los-mejores-trabajos-periodisticos-del-reynaldo-matiz-trujillo\/#respond\"]}]},{\"@type\":\"WebPage\",\"@id\":\"https:\/\/luchonoticias.com\/editor\/premiados-los-mejores-trabajos-periodisticos-del-reynaldo-matiz-trujillo\/\",\"url\":\"https:\/\/luchonoticias.com\/editor\/premiados-los-mejores-trabajos-periodisticos-del-reynaldo-matiz-trujillo\/\",\"name\":\"Premiados los mejores trabajos period\u00edsticos del Reynaldo Matiz Trujillo -\",\"isPartOf\":{\"@id\":\"https:\/\/luchonoticias.com\/editor\/#website\"},\"datePublished\":\"2023-02-10T11:56:49+00:00\",\"dateModified\":\"2023-02-10T11:56:51+00:00\",\"breadcrumb\":{\"@id\":\"https:\/\/luchonoticias.com\/editor\/premiados-los-mejores-trabajos-periodisticos-del-reynaldo-matiz-trujillo\/#breadcrumb\"},\"inLanguage\":\"es\",\"potentialAction\":[{\"@type\":\"ReadAction\",\"target\":[\"https:\/\/luchonoticias.com\/editor\/premiados-los-mejores-trabajos-periodisticos-del-reynaldo-matiz-trujillo\/\"]}]},{\"@type\":\"BreadcrumbList\",\"@id\":\"https:\/\/luchonoticias.com\/editor\/premiados-los-mejores-trabajos-periodisticos-del-reynaldo-matiz-trujillo\/#breadcrumb\",\"itemListElement\":[{\"@type\":\"ListItem\",\"position\":1,\"name\":\"Portada\",\"item\":\"https:\/\/luchonoticias.com\/editor\/\"},{\"@type\":\"ListItem\",\"position\":2,\"name\":\"Premiados los mejores trabajos period\u00edsticos del Reynaldo Matiz Trujillo\"}]},{\"@type\":\"WebSite\",\"@id\":\"https:\/\/luchonoticias.com\/editor\/#website\",\"url\":\"https:\/\/luchonoticias.com\/editor\/\",\"name\":\"\",\"description\":\"\",\"publisher\":{\"@id\":\"https:\/\/luchonoticias.com\/editor\/#\/schema\/person\/7a7fd911f58561fd056dbac7b55af9cd\"},\"potentialAction\":[{\"@type\":\"SearchAction\",\"target\":{\"@type\":\"EntryPoint\",\"urlTemplate\":\"https:\/\/luchonoticias.com\/editor\/?s={search_term_string}\"},\"query-input\":{\"@type\":\"PropertyValueSpecification\",\"valueRequired\":true,\"valueName\":\"search_term_string\"}}],\"inLanguage\":\"es\"},{\"@type\":[\"Person\",\"Organization\"],\"@id\":\"https:\/\/luchonoticias.com\/editor\/#\/schema\/person\/7a7fd911f58561fd056dbac7b55af9cd\",\"name\":\"admin\",\"image\":{\"@type\":\"ImageObject\",\"inLanguage\":\"es\",\"@id\":\"https:\/\/luchonoticias.com\/editor\/#\/schema\/person\/image\/\",\"url\":\"https:\/\/luchonoticias.com\/editor\/wp-content\/uploads\/2024\/02\/cropped-cropped-logolu.webp\",\"contentUrl\":\"https:\/\/luchonoticias.com\/editor\/wp-content\/uploads\/2024\/02\/cropped-cropped-logolu.webp\",\"width\":382,\"height\":170,\"caption\":\"admin\"},\"logo\":{\"@id\":\"https:\/\/luchonoticias.com\/editor\/#\/schema\/person\/image\/\"},\"sameAs\":[\"https:\/\/www.facebook.com\/luchonoticiasneiva\"]},{\"@type\":\"Person\",\"@id\":\"https:\/\/luchonoticias.com\/editor\/#\/schema\/person\/29217990ddf6f14e35912b2866d591fb\",\"name\":\"Editor General\",\"image\":{\"@type\":\"ImageObject\",\"inLanguage\":\"es\",\"@id\":\"https:\/\/luchonoticias.com\/editor\/#\/schema\/person\/image\/\",\"url\":\"https:\/\/luchonoticias.com\/editor\/wp-content\/uploads\/2024\/02\/cropped-cropped-logolu-150x150.webp\",\"contentUrl\":\"https:\/\/luchonoticias.com\/editor\/wp-content\/uploads\/2024\/02\/cropped-cropped-logolu-150x150.webp\",\"caption\":\"Editor General\"},\"sameAs\":[\"https:\/\/luchonoticias.com\/\"],\"url\":\"https:\/\/luchonoticias.com\/editor\/author\/editor-general\/\"}]}<\/script>\n<!-- \/ Yoast SEO plugin. -->","yoast_head_json":{"title":"Premiados los mejores trabajos period\u00edsticos del Reynaldo Matiz Trujillo -","robots":{"index":"index","follow":"follow","max-snippet":"max-snippet:-1","max-image-preview":"max-image-preview:large","max-video-preview":"max-video-preview:-1"},"canonical":"https:\/\/luchonoticias.com\/editor\/premiados-los-mejores-trabajos-periodisticos-del-reynaldo-matiz-trujillo\/","og_locale":"es_ES","og_type":"article","og_title":"Premiados los mejores trabajos period\u00edsticos del Reynaldo Matiz Trujillo -","og_url":"https:\/\/luchonoticias.com\/editor\/premiados-los-mejores-trabajos-periodisticos-del-reynaldo-matiz-trujillo\/","article_publisher":"https:\/\/www.facebook.com\/luchonoticiasneiva","article_published_time":"2023-02-10T11:56:49+00:00","article_modified_time":"2023-02-10T11:56:51+00:00","author":"Editor General","twitter_card":"summary_large_image","twitter_misc":{"Escrito por":"Editor General","Tiempo de lectura":"2 minutos"},"schema":{"@context":"https:\/\/schema.org","@graph":[{"@type":"Article","@id":"https:\/\/luchonoticias.com\/editor\/premiados-los-mejores-trabajos-periodisticos-del-reynaldo-matiz-trujillo\/#article","isPartOf":{"@id":"https:\/\/luchonoticias.com\/editor\/premiados-los-mejores-trabajos-periodisticos-del-reynaldo-matiz-trujillo\/"},"author":{"name":"Editor General","@id":"https:\/\/luchonoticias.com\/editor\/#\/schema\/person\/29217990ddf6f14e35912b2866d591fb"},"headline":"Premiados los mejores trabajos period\u00edsticos del Reynaldo Matiz Trujillo","datePublished":"2023-02-10T11:56:49+00:00","dateModified":"2023-02-10T11:56:51+00:00","mainEntityOfPage":{"@id":"https:\/\/luchonoticias.com\/editor\/premiados-los-mejores-trabajos-periodisticos-del-reynaldo-matiz-trujillo\/"},"wordCount":489,"commentCount":0,"publisher":{"@id":"https:\/\/luchonoticias.com\/editor\/#\/schema\/person\/7a7fd911f58561fd056dbac7b55af9cd"},"articleSection":["Destacado","Local"],"inLanguage":"es","potentialAction":[{"@type":"CommentAction","name":"Comment","target":["https:\/\/luchonoticias.com\/editor\/premiados-los-mejores-trabajos-periodisticos-del-reynaldo-matiz-trujillo\/#respond"]}]},{"@type":"WebPage","@id":"https:\/\/luchonoticias.com\/editor\/premiados-los-mejores-trabajos-periodisticos-del-reynaldo-matiz-trujillo\/","url":"https:\/\/luchonoticias.com\/editor\/premiados-los-mejores-trabajos-periodisticos-del-reynaldo-matiz-trujillo\/","name":"Premiados los mejores trabajos period\u00edsticos del Reynaldo Matiz Trujillo -","isPartOf":{"@id":"https:\/\/luchonoticias.com\/editor\/#website"},"datePublished":"2023-02-10T11:56:49+00:00","dateModified":"2023-02-10T11:56:51+00:00","breadcrumb":{"@id":"https:\/\/luchonoticias.com\/editor\/premiados-los-mejores-trabajos-periodisticos-del-reynaldo-matiz-trujillo\/#breadcrumb"},"inLanguage":"es","potentialAction":[{"@type":"ReadAction","target":["https:\/\/luchonoticias.com\/editor\/premiados-los-mejores-trabajos-periodisticos-del-reynaldo-matiz-trujillo\/"]}]},{"@type":"BreadcrumbList","@id":"https:\/\/luchonoticias.com\/editor\/premiados-los-mejores-trabajos-periodisticos-del-reynaldo-matiz-trujillo\/#breadcrumb","itemListElement":[{"@type":"ListItem","position":1,"name":"Portada","item":"https:\/\/luchonoticias.com\/editor\/"},{"@type":"ListItem","position":2,"name":"Premiados los mejores trabajos period\u00edsticos del Reynaldo Matiz Trujillo"}]},{"@type":"WebSite","@id":"https:\/\/luchonoticias.com\/editor\/#website","url":"https:\/\/luchonoticias.com\/editor\/","name":"","description":"","publisher":{"@id":"https:\/\/luchonoticias.com\/editor\/#\/schema\/person\/7a7fd911f58561fd056dbac7b55af9cd"},"potentialAction":[{"@type":"SearchAction","target":{"@type":"EntryPoint","urlTemplate":"https:\/\/luchonoticias.com\/editor\/?s={search_term_string}"},"query-input":{"@type":"PropertyValueSpecification","valueRequired":true,"valueName":"search_term_string"}}],"inLanguage":"es"},{"@type":["Person","Organization"],"@id":"https:\/\/luchonoticias.com\/editor\/#\/schema\/person\/7a7fd911f58561fd056dbac7b55af9cd","name":"admin","image":{"@type":"ImageObject","inLanguage":"es","@id":"https:\/\/luchonoticias.com\/editor\/#\/schema\/person\/image\/","url":"https:\/\/luchonoticias.com\/editor\/wp-content\/uploads\/2024\/02\/cropped-cropped-logolu.webp","contentUrl":"https:\/\/luchonoticias.com\/editor\/wp-content\/uploads\/2024\/02\/cropped-cropped-logolu.webp","width":382,"height":170,"caption":"admin"},"logo":{"@id":"https:\/\/luchonoticias.com\/editor\/#\/schema\/person\/image\/"},"sameAs":["https:\/\/www.facebook.com\/luchonoticiasneiva"]},{"@type":"Person","@id":"https:\/\/luchonoticias.com\/editor\/#\/schema\/person\/29217990ddf6f14e35912b2866d591fb","name":"Editor General","image":{"@type":"ImageObject","inLanguage":"es","@id":"https:\/\/luchonoticias.com\/editor\/#\/schema\/person\/image\/","url":"https:\/\/luchonoticias.com\/editor\/wp-content\/uploads\/2024\/02\/cropped-cropped-logolu-150x150.webp","contentUrl":"https:\/\/luchonoticias.com\/editor\/wp-content\/uploads\/2024\/02\/cropped-cropped-logolu-150x150.webp","caption":"Editor General"},"sameAs":["https:\/\/luchonoticias.com\/"],"url":"https:\/\/luchonoticias.com\/editor\/author\/editor-general\/"}]}},"_links":{"self":[{"href":"https:\/\/luchonoticias.com\/editor\/wp-json\/wp\/v2\/posts\/45897","targetHints":{"allow":["GET"]}}],"collection":[{"href":"https:\/\/luchonoticias.com\/editor\/wp-json\/wp\/v2\/posts"}],"about":[{"href":"https:\/\/luchonoticias.com\/editor\/wp-json\/wp\/v2\/types\/post"}],"author":[{"embeddable":true,"href":"https:\/\/luchonoticias.com\/editor\/wp-json\/wp\/v2\/users\/2"}],"replies":[{"embeddable":true,"href":"https:\/\/luchonoticias.com\/editor\/wp-json\/wp\/v2\/comments?post=45897"}],"version-history":[{"count":0,"href":"https:\/\/luchonoticias.com\/editor\/wp-json\/wp\/v2\/posts\/45897\/revisions"}],"wp:attachment":[{"href":"https:\/\/luchonoticias.com\/editor\/wp-json\/wp\/v2\/media?parent=45897"}],"wp:term":[{"taxonomy":"category","embeddable":true,"href":"https:\/\/luchonoticias.com\/editor\/wp-json\/wp\/v2\/categories?post=45897"},{"taxonomy":"post_tag","embeddable":true,"href":"https:\/\/luchonoticias.com\/editor\/wp-json\/wp\/v2\/tags?post=45897"}],"curies":[{"name":"wp","href":"https:\/\/api.w.org\/{rel}","templated":true}]}}