{"id":45903,"date":"2023-02-10T08:35:31","date_gmt":"2023-02-10T13:35:31","guid":{"rendered":"https:\/\/luchonoticias.com\/?p=45903"},"modified":"2023-02-10T08:35:32","modified_gmt":"2023-02-10T13:35:32","slug":"a-todas-las-organizaciones-armadas-les-hemos-dejado-claro-que-los-derechos-de-las-victimas-no-son-negociables-alto-comisionado-para-la-paz","status":"publish","type":"post","link":"https:\/\/luchonoticias.com\/editor\/a-todas-las-organizaciones-armadas-les-hemos-dejado-claro-que-los-derechos-de-las-victimas-no-son-negociables-alto-comisionado-para-la-paz\/","title":{"rendered":"A todas las organizaciones armadas les hemos dejado claro que los derechos de las v\u00edctimas no son negociables: Alto Comisionado para la Paz"},"content":{"rendered":"\n<p>En entrevista con la Secretar\u00eda para las Comunicaciones y Prensa de la Presidencia, el Alto Comisionado para la Paz, Danilo Rueda, resalt\u00f3 que el Gobierno Nacional les ha dejado claro a todos los grupos armados con los que avanza en procesos de paz que los derechos de las v\u00edctimas no son negociables y, adem\u00e1s, deben primar las garant\u00edas de verdad y de no repetici\u00f3n en los territorios.<\/p>\n\n\n\n<p>Asimismo, el Comisionado se refiri\u00f3 a los acercamientos con el Estado Mayor Central de las Farc y la Segunda Marquetalia, grupos armados con fines pol\u00edticos, con los cuales se tendr\u00e1 un escenario de mesa de conversaciones hacia la paz.<\/p>\n\n\n\n<p>Explic\u00f3, adem\u00e1s, c\u00f3mo ser\u00e1 el proyecto de ley que ser\u00e1 presentado al Congreso de la Rep\u00fablica para aplicar a los grupos que no tienen car\u00e1cter pol\u00edtico.<\/p>\n\n\n\n<p><strong>\u00bfC\u00f3mo se aplica la justicia social, la justicia econ\u00f3mica y la justicia ambiental para lograr la Paz Total?<\/strong><\/p>\n\n\n\n<p>La Paz Total tiene dos aspectos sustanciales: por un lado, una pol\u00edtica social, econ\u00f3mica y ambiental del Gobierno del Cambio, que genera condiciones b\u00e1sicas y, procesalmente, para que ning\u00fan ni\u00f1o, ning\u00fan joven, ninguna mujer, tome como \u00fanica opci\u00f3n la posibilidad de usar la violencia para, no solamente, reivindicar sus derechos, sino en algunas ocasiones, seg\u00fan el grupo armado y la oferta que exista, para generar protecci\u00f3n a riqueza mal habida o a rentas ilegales.<\/p>\n\n\n\n<p>Por eso la base sustancial de la Pol\u00edtica de Paz Total es esa construcci\u00f3n de pol\u00edticas p\u00fablicas, que vayan a favorecer a quienes han sido excluidos por esta democracia.<\/p>\n\n\n\n<p>Y, adicionalmente, tiene una complementariedad, es el di\u00e1logo y el di\u00e1logo que tiene distintas manifestaciones:<\/p>\n\n\n\n<p>1-La Mesa de Di\u00e1logos de Paz con el Ej\u00e9rcito de Liberaci\u00f3n Nacional (Eln).<\/p>\n\n\n\n<p>2-Los espacios o las mesas de conversaciones de paz con las llamadas EMC Farc y la Segunda Marquetalia, a quienes se les reconoce or\u00edgenes pol\u00edticos, es decir, a estos dos grupos armados.<\/p>\n\n\n\n<p>3-Por otro lado, los grupos no rebeldes, con quienes se generan espacios de acercamiento y conversaci\u00f3n sociojur\u00eddica, con el objetivo de que se les compartan los mecanismos jur\u00eddicos que permitan la rendici\u00f3n de cuentas a la sociedad y la desestructuraci\u00f3n de las motivaciones econ\u00f3micas y de la criminalidad que la sustenta.<\/p>\n\n\n\n<p>Este tipo de espacio de conversaci\u00f3n sociojur\u00eddica tiene dos \u00e1mbitos: el rural, con las llamadas AGC y las Autodefensas de la Sierra Nevada y con diversos grupos de violencia urbana.<\/p>\n\n\n\n<p><strong>\u00bfC\u00f3mo avanzan los espacios de conversaci\u00f3n de la paz urbana?<\/strong><\/p>\n\n\n\n<p>El espacio de conversaci\u00f3n urbana en el caso de Buenaventura, luego de una fase de acercamiento, de una reducci\u00f3n de la violencia en t\u00e9rminos de negarse esos grupos armados a asesinar, a torturar y a desaparecer, van a iniciarse en una segunda fase con un escenario de conversaci\u00f3n que permita conocer cu\u00e1l es el proyecto de ley que el Gobierno presentar\u00e1 en el Congreso de la Rep\u00fablica para el desmonte de estas&nbsp; estructuras armadas y que se posibilite un proceso de incorporaci\u00f3n colectiva con transformaciones en los barrios, se aseguren y se protejan los derechos de las v\u00edctimas.<\/p>\n\n\n\n<p><strong>\u00bfQu\u00e9 acercamientos hay hasta el momento con grupos armados ilegales?<\/strong><\/p>\n\n\n\n<p>Los acercamientos que se han venido desarrollando desde el 7 de agosto de 2022 son diversos. Primero con los grupos rebeldes y los que tienen un origen rebelde.<\/p>\n\n\n\n<p>El Ej\u00e9rcito de Liberaci\u00f3n Nacional, con quien luego de reconocer que son un grupo de car\u00e1cter pol\u00edtico, se ha avanzado en un primer ciclo de conversaciones, con la arquitectura que va a proteger el desarrollo de esa mesa de di\u00e1logo.<\/p>\n\n\n\n<p>Dos, acercamientos con dos grupos de or\u00edgenes pol\u00edticos, como son el Estado Mayor Central de las Farc \u2014como as\u00ed se llaman\u2014 y la Segunda Marquetalia, Farc.<\/p>\n\n\n\n<p>Estos dos grupos armados con fines pol\u00edticos tendr\u00e1n un escenario de mesa de conversaciones hacia la paz.<\/p>\n\n\n\n<p>Y, por otro lado, los grupos no rebeldes, las AGC y las Autodefensas de la Sierra Nevada, que est\u00e1n cobijados bajo la directiva del Ministerio de Defensa, como grupos sobre los cuales se aplica su operaci\u00f3n ofensiva por parte de las Fuerzas Militares y DIH. Con estos grupos se desarrollar\u00e1n espacios de conversaci\u00f3n sociojur\u00eddica, donde fundamentalmente, a trav\u00e9s de sus abogados, presentaremos los proyectos de ley que existen para su rendici\u00f3n de cuentas ante el sistema judicial y la sociedad colombiana.<\/p>\n\n\n\n<p><strong>\u00bfC\u00f3mo ser\u00e1 el proyecto de ley para el proceso jur\u00eddico de los grupos que no tienen car\u00e1cter pol\u00edtico?<\/strong><\/p>\n\n\n\n<p>Para los grupos que no tienen car\u00e1cter pol\u00edtico, como les he se\u00f1alado, que tienen operaciones urbanas y operaciones rurales, se est\u00e1 construyendo un proyecto de ley, en el cual participan un sector y una representaci\u00f3n de Senadores de la Rep\u00fablica, el Ministerio de Justicia, la Oficina de Paz.<\/p>\n\n\n\n<p>Ese proyecto de ley, que ser\u00e1 sometido a discusi\u00f3n en el Congreso, comprende los mecanismos judiciales bajo los cuales este tipo de grupos, rendir\u00e1n cuentas a la sociedad colombiana y a la instancia judicial.<\/p>\n\n\n\n<p><strong>\u00bfC\u00f3mo va la implementaci\u00f3n de los alivios humanitarios en el Bajo Calima y el Medio San Juan?<\/strong><\/p>\n\n\n\n<p>Los alivios humanitarios tuvieron una primera fase de exploraci\u00f3n, a trav\u00e9s de una caravana humanitaria, que pretendi\u00f3 escuchar a los pobladores afrocolombianos e ind\u00edgenas del Bajo Calima y el San Juan, sobre su situaci\u00f3n de confinamiento, desplazamiento forzoso, a partir de las operaciones de conflictividad armada que se han dado entre la guerrilla del Eln y el grupo llamado AGC, en medio de las operaciones de la Fuerza P\u00fablica.<\/p>\n\n\n\n<p>Y el prop\u00f3sito es generar una respuesta con condiciones y garant\u00edas para la poblaci\u00f3n, de manera que en el mediano plazo puedan retornar, y los procesos organizativos que ya existen puedan ejercer sus derechos de asociaci\u00f3n y libertad, con una apuesta de pol\u00edtica social, de atenci\u00f3n a desplazados, que evite la repetici\u00f3n de este tipo de situaciones humanamente repudiables y dolorosas.<\/p>\n\n\n\n<p><strong>\u00bfC\u00f3mo van los procesos de derechos de las v\u00edctimas?<\/strong><\/p>\n\n\n\n<p>En todos los procesos, con independencia de la motivaci\u00f3n y la naturaleza del grupo armado, de la organizaci\u00f3n armada ha quedado claro que los derechos de las v\u00edctimas no son negociables.<\/p>\n\n\n\n<p>Y que los derechos de las v\u00edctimas pasan por un reconocimiento de verdad, un reconocimiento de responsabilidad y la generaci\u00f3n de garant\u00edas de no repetici\u00f3n, y esas garant\u00edas de no repetici\u00f3n se construyen en los territorios con transformaciones muy concretas donde los responsables de las victimizaciones tienen que actuar respetuosamente con las v\u00edctimas.<\/p>\n\n\n\n<p><strong>\u00bfCu\u00e1ndo comienza el segundo ciclo de negociaciones con la guerrilla del Eln y qu\u00e9 viene para ese proceso?<\/strong><\/p>\n\n\n\n<p>El segundo ciclo de conversaciones con el Ej\u00e9rcito de Liberaci\u00f3n Nacional se inicia el pr\u00f3ximo 13 de febrero. Y los dos asuntos que se van a abordar, es el cese de fuego y los mecanismos de participaci\u00f3n de la sociedad, en la construcci\u00f3n de la Paz en Colombia, a trav\u00e9s de esta mesa de di\u00e1logo.<\/p>\n","protected":false},"excerpt":{"rendered":"<p>En entrevista con la Secretar\u00eda para las Comunicaciones y Prensa de la Presidencia, el Alto Comisionado para la Paz, Danilo Rueda, resalt\u00f3 que el Gobierno Nacional les ha dejado claro a todos los grupos armados con los que avanza en procesos de paz que los derechos de las v\u00edctimas no son negociables y, adem\u00e1s, deben [&hellip;]<\/p>\n","protected":false},"author":2,"featured_media":0,"comment_status":"open","ping_status":"open","sticky":false,"template":"","format":"standard","meta":{"footnotes":""},"categories":[28,36],"tags":[],"class_list":["post-45903","post","type-post","status-publish","format-standard","hentry","category-actualidad","category-destacado"],"yoast_head":"<!-- This site is optimized with the Yoast SEO plugin v26.6 - https:\/\/yoast.com\/wordpress\/plugins\/seo\/ -->\n<title>A todas las organizaciones armadas les hemos dejado claro que los derechos de las v\u00edctimas no son negociables: Alto Comisionado para la Paz -<\/title>\n<meta name=\"robots\" content=\"index, follow, max-snippet:-1, max-image-preview:large, max-video-preview:-1\" \/>\n<link rel=\"canonical\" href=\"https:\/\/luchonoticias.com\/editor\/a-todas-las-organizaciones-armadas-les-hemos-dejado-claro-que-los-derechos-de-las-victimas-no-son-negociables-alto-comisionado-para-la-paz\/\" \/>\n<meta property=\"og:locale\" content=\"es_ES\" \/>\n<meta property=\"og:type\" content=\"article\" \/>\n<meta property=\"og:title\" content=\"A todas las organizaciones armadas les hemos dejado claro que los derechos de las v\u00edctimas no son negociables: Alto Comisionado para la Paz -\" \/>\n<meta property=\"og:url\" content=\"https:\/\/luchonoticias.com\/editor\/a-todas-las-organizaciones-armadas-les-hemos-dejado-claro-que-los-derechos-de-las-victimas-no-son-negociables-alto-comisionado-para-la-paz\/\" \/>\n<meta property=\"article:publisher\" content=\"https:\/\/www.facebook.com\/luchonoticiasneiva\" \/>\n<meta property=\"article:published_time\" content=\"2023-02-10T13:35:31+00:00\" \/>\n<meta property=\"article:modified_time\" content=\"2023-02-10T13:35:32+00:00\" \/>\n<meta name=\"author\" content=\"Editor General\" \/>\n<meta name=\"twitter:card\" content=\"summary_large_image\" \/>\n<meta name=\"twitter:label1\" content=\"Escrito por\" \/>\n\t<meta name=\"twitter:data1\" content=\"Editor General\" \/>\n\t<meta name=\"twitter:label2\" content=\"Tiempo de lectura\" \/>\n\t<meta name=\"twitter:data2\" content=\"6 minutos\" \/>\n<script type=\"application\/ld+json\" class=\"yoast-schema-graph\">{\"@context\":\"https:\/\/schema.org\",\"@graph\":[{\"@type\":\"Article\",\"@id\":\"https:\/\/luchonoticias.com\/editor\/a-todas-las-organizaciones-armadas-les-hemos-dejado-claro-que-los-derechos-de-las-victimas-no-son-negociables-alto-comisionado-para-la-paz\/#article\",\"isPartOf\":{\"@id\":\"https:\/\/luchonoticias.com\/editor\/a-todas-las-organizaciones-armadas-les-hemos-dejado-claro-que-los-derechos-de-las-victimas-no-son-negociables-alto-comisionado-para-la-paz\/\"},\"author\":{\"name\":\"Editor General\",\"@id\":\"https:\/\/luchonoticias.com\/editor\/#\/schema\/person\/29217990ddf6f14e35912b2866d591fb\"},\"headline\":\"A todas las organizaciones armadas les hemos dejado claro que los derechos de las v\u00edctimas no son negociables: Alto Comisionado para la Paz\",\"datePublished\":\"2023-02-10T13:35:31+00:00\",\"dateModified\":\"2023-02-10T13:35:32+00:00\",\"mainEntityOfPage\":{\"@id\":\"https:\/\/luchonoticias.com\/editor\/a-todas-las-organizaciones-armadas-les-hemos-dejado-claro-que-los-derechos-de-las-victimas-no-son-negociables-alto-comisionado-para-la-paz\/\"},\"wordCount\":1251,\"commentCount\":0,\"publisher\":{\"@id\":\"https:\/\/luchonoticias.com\/editor\/#\/schema\/person\/7a7fd911f58561fd056dbac7b55af9cd\"},\"articleSection\":[\"Actualidad\",\"Destacado\"],\"inLanguage\":\"es\",\"potentialAction\":[{\"@type\":\"CommentAction\",\"name\":\"Comment\",\"target\":[\"https:\/\/luchonoticias.com\/editor\/a-todas-las-organizaciones-armadas-les-hemos-dejado-claro-que-los-derechos-de-las-victimas-no-son-negociables-alto-comisionado-para-la-paz\/#respond\"]}]},{\"@type\":\"WebPage\",\"@id\":\"https:\/\/luchonoticias.com\/editor\/a-todas-las-organizaciones-armadas-les-hemos-dejado-claro-que-los-derechos-de-las-victimas-no-son-negociables-alto-comisionado-para-la-paz\/\",\"url\":\"https:\/\/luchonoticias.com\/editor\/a-todas-las-organizaciones-armadas-les-hemos-dejado-claro-que-los-derechos-de-las-victimas-no-son-negociables-alto-comisionado-para-la-paz\/\",\"name\":\"A todas las organizaciones armadas les hemos dejado claro que los derechos de las v\u00edctimas no son negociables: Alto Comisionado para la Paz -\",\"isPartOf\":{\"@id\":\"https:\/\/luchonoticias.com\/editor\/#website\"},\"datePublished\":\"2023-02-10T13:35:31+00:00\",\"dateModified\":\"2023-02-10T13:35:32+00:00\",\"breadcrumb\":{\"@id\":\"https:\/\/luchonoticias.com\/editor\/a-todas-las-organizaciones-armadas-les-hemos-dejado-claro-que-los-derechos-de-las-victimas-no-son-negociables-alto-comisionado-para-la-paz\/#breadcrumb\"},\"inLanguage\":\"es\",\"potentialAction\":[{\"@type\":\"ReadAction\",\"target\":[\"https:\/\/luchonoticias.com\/editor\/a-todas-las-organizaciones-armadas-les-hemos-dejado-claro-que-los-derechos-de-las-victimas-no-son-negociables-alto-comisionado-para-la-paz\/\"]}]},{\"@type\":\"BreadcrumbList\",\"@id\":\"https:\/\/luchonoticias.com\/editor\/a-todas-las-organizaciones-armadas-les-hemos-dejado-claro-que-los-derechos-de-las-victimas-no-son-negociables-alto-comisionado-para-la-paz\/#breadcrumb\",\"itemListElement\":[{\"@type\":\"ListItem\",\"position\":1,\"name\":\"Portada\",\"item\":\"https:\/\/luchonoticias.com\/editor\/\"},{\"@type\":\"ListItem\",\"position\":2,\"name\":\"A todas las organizaciones armadas les hemos dejado claro que los derechos de las v\u00edctimas no son negociables: Alto Comisionado para la Paz\"}]},{\"@type\":\"WebSite\",\"@id\":\"https:\/\/luchonoticias.com\/editor\/#website\",\"url\":\"https:\/\/luchonoticias.com\/editor\/\",\"name\":\"\",\"description\":\"\",\"publisher\":{\"@id\":\"https:\/\/luchonoticias.com\/editor\/#\/schema\/person\/7a7fd911f58561fd056dbac7b55af9cd\"},\"potentialAction\":[{\"@type\":\"SearchAction\",\"target\":{\"@type\":\"EntryPoint\",\"urlTemplate\":\"https:\/\/luchonoticias.com\/editor\/?s={search_term_string}\"},\"query-input\":{\"@type\":\"PropertyValueSpecification\",\"valueRequired\":true,\"valueName\":\"search_term_string\"}}],\"inLanguage\":\"es\"},{\"@type\":[\"Person\",\"Organization\"],\"@id\":\"https:\/\/luchonoticias.com\/editor\/#\/schema\/person\/7a7fd911f58561fd056dbac7b55af9cd\",\"name\":\"admin\",\"image\":{\"@type\":\"ImageObject\",\"inLanguage\":\"es\",\"@id\":\"https:\/\/luchonoticias.com\/editor\/#\/schema\/person\/image\/\",\"url\":\"https:\/\/luchonoticias.com\/editor\/wp-content\/uploads\/2024\/02\/cropped-cropped-logolu.webp\",\"contentUrl\":\"https:\/\/luchonoticias.com\/editor\/wp-content\/uploads\/2024\/02\/cropped-cropped-logolu.webp\",\"width\":382,\"height\":170,\"caption\":\"admin\"},\"logo\":{\"@id\":\"https:\/\/luchonoticias.com\/editor\/#\/schema\/person\/image\/\"},\"sameAs\":[\"https:\/\/www.facebook.com\/luchonoticiasneiva\"]},{\"@type\":\"Person\",\"@id\":\"https:\/\/luchonoticias.com\/editor\/#\/schema\/person\/29217990ddf6f14e35912b2866d591fb\",\"name\":\"Editor General\",\"image\":{\"@type\":\"ImageObject\",\"inLanguage\":\"es\",\"@id\":\"https:\/\/luchonoticias.com\/editor\/#\/schema\/person\/image\/\",\"url\":\"https:\/\/luchonoticias.com\/editor\/wp-content\/uploads\/2024\/02\/cropped-cropped-logolu-150x150.webp\",\"contentUrl\":\"https:\/\/luchonoticias.com\/editor\/wp-content\/uploads\/2024\/02\/cropped-cropped-logolu-150x150.webp\",\"caption\":\"Editor General\"},\"sameAs\":[\"https:\/\/luchonoticias.com\/\"],\"url\":\"https:\/\/luchonoticias.com\/editor\/author\/editor-general\/\"}]}<\/script>\n<!-- \/ Yoast SEO plugin. -->","yoast_head_json":{"title":"A todas las organizaciones armadas les hemos dejado claro que los derechos de las v\u00edctimas no son negociables: Alto Comisionado para la Paz -","robots":{"index":"index","follow":"follow","max-snippet":"max-snippet:-1","max-image-preview":"max-image-preview:large","max-video-preview":"max-video-preview:-1"},"canonical":"https:\/\/luchonoticias.com\/editor\/a-todas-las-organizaciones-armadas-les-hemos-dejado-claro-que-los-derechos-de-las-victimas-no-son-negociables-alto-comisionado-para-la-paz\/","og_locale":"es_ES","og_type":"article","og_title":"A todas las organizaciones armadas les hemos dejado claro que los derechos de las v\u00edctimas no son negociables: Alto Comisionado para la Paz -","og_url":"https:\/\/luchonoticias.com\/editor\/a-todas-las-organizaciones-armadas-les-hemos-dejado-claro-que-los-derechos-de-las-victimas-no-son-negociables-alto-comisionado-para-la-paz\/","article_publisher":"https:\/\/www.facebook.com\/luchonoticiasneiva","article_published_time":"2023-02-10T13:35:31+00:00","article_modified_time":"2023-02-10T13:35:32+00:00","author":"Editor General","twitter_card":"summary_large_image","twitter_misc":{"Escrito por":"Editor General","Tiempo de lectura":"6 minutos"},"schema":{"@context":"https:\/\/schema.org","@graph":[{"@type":"Article","@id":"https:\/\/luchonoticias.com\/editor\/a-todas-las-organizaciones-armadas-les-hemos-dejado-claro-que-los-derechos-de-las-victimas-no-son-negociables-alto-comisionado-para-la-paz\/#article","isPartOf":{"@id":"https:\/\/luchonoticias.com\/editor\/a-todas-las-organizaciones-armadas-les-hemos-dejado-claro-que-los-derechos-de-las-victimas-no-son-negociables-alto-comisionado-para-la-paz\/"},"author":{"name":"Editor General","@id":"https:\/\/luchonoticias.com\/editor\/#\/schema\/person\/29217990ddf6f14e35912b2866d591fb"},"headline":"A todas las organizaciones armadas les hemos dejado claro que los derechos de las v\u00edctimas no son negociables: Alto Comisionado para la Paz","datePublished":"2023-02-10T13:35:31+00:00","dateModified":"2023-02-10T13:35:32+00:00","mainEntityOfPage":{"@id":"https:\/\/luchonoticias.com\/editor\/a-todas-las-organizaciones-armadas-les-hemos-dejado-claro-que-los-derechos-de-las-victimas-no-son-negociables-alto-comisionado-para-la-paz\/"},"wordCount":1251,"commentCount":0,"publisher":{"@id":"https:\/\/luchonoticias.com\/editor\/#\/schema\/person\/7a7fd911f58561fd056dbac7b55af9cd"},"articleSection":["Actualidad","Destacado"],"inLanguage":"es","potentialAction":[{"@type":"CommentAction","name":"Comment","target":["https:\/\/luchonoticias.com\/editor\/a-todas-las-organizaciones-armadas-les-hemos-dejado-claro-que-los-derechos-de-las-victimas-no-son-negociables-alto-comisionado-para-la-paz\/#respond"]}]},{"@type":"WebPage","@id":"https:\/\/luchonoticias.com\/editor\/a-todas-las-organizaciones-armadas-les-hemos-dejado-claro-que-los-derechos-de-las-victimas-no-son-negociables-alto-comisionado-para-la-paz\/","url":"https:\/\/luchonoticias.com\/editor\/a-todas-las-organizaciones-armadas-les-hemos-dejado-claro-que-los-derechos-de-las-victimas-no-son-negociables-alto-comisionado-para-la-paz\/","name":"A todas las organizaciones armadas les hemos dejado claro que los derechos de las v\u00edctimas no son negociables: Alto Comisionado para la Paz -","isPartOf":{"@id":"https:\/\/luchonoticias.com\/editor\/#website"},"datePublished":"2023-02-10T13:35:31+00:00","dateModified":"2023-02-10T13:35:32+00:00","breadcrumb":{"@id":"https:\/\/luchonoticias.com\/editor\/a-todas-las-organizaciones-armadas-les-hemos-dejado-claro-que-los-derechos-de-las-victimas-no-son-negociables-alto-comisionado-para-la-paz\/#breadcrumb"},"inLanguage":"es","potentialAction":[{"@type":"ReadAction","target":["https:\/\/luchonoticias.com\/editor\/a-todas-las-organizaciones-armadas-les-hemos-dejado-claro-que-los-derechos-de-las-victimas-no-son-negociables-alto-comisionado-para-la-paz\/"]}]},{"@type":"BreadcrumbList","@id":"https:\/\/luchonoticias.com\/editor\/a-todas-las-organizaciones-armadas-les-hemos-dejado-claro-que-los-derechos-de-las-victimas-no-son-negociables-alto-comisionado-para-la-paz\/#breadcrumb","itemListElement":[{"@type":"ListItem","position":1,"name":"Portada","item":"https:\/\/luchonoticias.com\/editor\/"},{"@type":"ListItem","position":2,"name":"A todas las organizaciones armadas les hemos dejado claro que los derechos de las v\u00edctimas no son negociables: Alto Comisionado para la Paz"}]},{"@type":"WebSite","@id":"https:\/\/luchonoticias.com\/editor\/#website","url":"https:\/\/luchonoticias.com\/editor\/","name":"","description":"","publisher":{"@id":"https:\/\/luchonoticias.com\/editor\/#\/schema\/person\/7a7fd911f58561fd056dbac7b55af9cd"},"potentialAction":[{"@type":"SearchAction","target":{"@type":"EntryPoint","urlTemplate":"https:\/\/luchonoticias.com\/editor\/?s={search_term_string}"},"query-input":{"@type":"PropertyValueSpecification","valueRequired":true,"valueName":"search_term_string"}}],"inLanguage":"es"},{"@type":["Person","Organization"],"@id":"https:\/\/luchonoticias.com\/editor\/#\/schema\/person\/7a7fd911f58561fd056dbac7b55af9cd","name":"admin","image":{"@type":"ImageObject","inLanguage":"es","@id":"https:\/\/luchonoticias.com\/editor\/#\/schema\/person\/image\/","url":"https:\/\/luchonoticias.com\/editor\/wp-content\/uploads\/2024\/02\/cropped-cropped-logolu.webp","contentUrl":"https:\/\/luchonoticias.com\/editor\/wp-content\/uploads\/2024\/02\/cropped-cropped-logolu.webp","width":382,"height":170,"caption":"admin"},"logo":{"@id":"https:\/\/luchonoticias.com\/editor\/#\/schema\/person\/image\/"},"sameAs":["https:\/\/www.facebook.com\/luchonoticiasneiva"]},{"@type":"Person","@id":"https:\/\/luchonoticias.com\/editor\/#\/schema\/person\/29217990ddf6f14e35912b2866d591fb","name":"Editor General","image":{"@type":"ImageObject","inLanguage":"es","@id":"https:\/\/luchonoticias.com\/editor\/#\/schema\/person\/image\/","url":"https:\/\/luchonoticias.com\/editor\/wp-content\/uploads\/2024\/02\/cropped-cropped-logolu-150x150.webp","contentUrl":"https:\/\/luchonoticias.com\/editor\/wp-content\/uploads\/2024\/02\/cropped-cropped-logolu-150x150.webp","caption":"Editor General"},"sameAs":["https:\/\/luchonoticias.com\/"],"url":"https:\/\/luchonoticias.com\/editor\/author\/editor-general\/"}]}},"_links":{"self":[{"href":"https:\/\/luchonoticias.com\/editor\/wp-json\/wp\/v2\/posts\/45903","targetHints":{"allow":["GET"]}}],"collection":[{"href":"https:\/\/luchonoticias.com\/editor\/wp-json\/wp\/v2\/posts"}],"about":[{"href":"https:\/\/luchonoticias.com\/editor\/wp-json\/wp\/v2\/types\/post"}],"author":[{"embeddable":true,"href":"https:\/\/luchonoticias.com\/editor\/wp-json\/wp\/v2\/users\/2"}],"replies":[{"embeddable":true,"href":"https:\/\/luchonoticias.com\/editor\/wp-json\/wp\/v2\/comments?post=45903"}],"version-history":[{"count":0,"href":"https:\/\/luchonoticias.com\/editor\/wp-json\/wp\/v2\/posts\/45903\/revisions"}],"wp:attachment":[{"href":"https:\/\/luchonoticias.com\/editor\/wp-json\/wp\/v2\/media?parent=45903"}],"wp:term":[{"taxonomy":"category","embeddable":true,"href":"https:\/\/luchonoticias.com\/editor\/wp-json\/wp\/v2\/categories?post=45903"},{"taxonomy":"post_tag","embeddable":true,"href":"https:\/\/luchonoticias.com\/editor\/wp-json\/wp\/v2\/tags?post=45903"}],"curies":[{"name":"wp","href":"https:\/\/api.w.org\/{rel}","templated":true}]}}