{"id":45906,"date":"2023-02-10T09:04:27","date_gmt":"2023-02-10T14:04:27","guid":{"rendered":"https:\/\/luchonoticias.com\/?p=45906"},"modified":"2023-02-10T09:04:28","modified_gmt":"2023-02-10T14:04:28","slug":"a-defenderse-ante-la-justicia-rectora-y-alcalde-de-rivera-por-polemicas-medidas-en-el-colegio-misael-pastrana-borrero","status":"publish","type":"post","link":"https:\/\/luchonoticias.com\/editor\/a-defenderse-ante-la-justicia-rectora-y-alcalde-de-rivera-por-polemicas-medidas-en-el-colegio-misael-pastrana-borrero\/","title":{"rendered":"<strong>A defenderse ante la justicia Rectora y Alcalde de Rivera, por pol\u00e9micas medidas en el colegio Misael Pastrana Borrero<\/strong>"},"content":{"rendered":"\n<p>El Juzgado \u00danico Promiscuo Municipal de Rivera, admiti\u00f3 una tutela en contra de Olga Narv\u00e1ez, rectora de la Instituci\u00f3n Educativa Misael Pastrana y el Alcalde Municipal, Jhon Jairo Yepes, por el ciudadano Daniel Mart\u00ednez Avil\u00e9s, quien seg\u00fan sus interpretaciones judiciales las medidas dadas por la Rectora, vulnera el derecho al libre desarrollo de la personalidad.<\/p>\n\n\n\n<p>\u201cYo, Daniel Mart\u00ednez Avil\u00e9s, acudo a usted su se\u00f1or\u00eda ya que considero que la se\u00f1ora Olga Narv\u00e1ez rectora de la Instituci\u00f3n Educativa Misael Pastrana, y el se\u00f1or alcalde Jhon Jairo Yepes del municipio de la Rivera est\u00e1n vulnerando el derecho fundamental al libre desarrollo de la personalidad de los estudiantes de dicha instituci\u00f3n\u201d, se\u00f1al\u00f3 el accionante.<\/p>\n\n\n\n<p>A ra\u00edz de la medida optada por el ciudadano, el alcalde del municipio de Rivera le solicit\u00f3 al Juez a cargo del caso \u201cno tutelar los derechos incoados por el accionante, y en su lugar declarar improcedente la presente acci\u00f3n y\/o declarar que el Municipio de Rivera no ha vulnerado derecho fundamental alguno al accionante\u201d.<\/p>\n\n\n\n<p>En conclusi\u00f3n, se espera que en las pr\u00f3ximas horas el Juzgado \u00danico Promiscuo Municipal de Rivera, a cargo del togado Hernando Carvajal Ram\u00edrez, de su fall\u00f3 sobre el futuro de la instituci\u00f3n y de Alcalde de Rivera.<\/p>\n","protected":false},"excerpt":{"rendered":"<p>El Juzgado \u00danico Promiscuo Municipal de Rivera, admiti\u00f3 una tutela en contra de Olga Narv\u00e1ez, rectora de la Instituci\u00f3n Educativa Misael Pastrana y el Alcalde Municipal, Jhon Jairo Yepes, por el ciudadano Daniel Mart\u00ednez Avil\u00e9s, quien seg\u00fan sus interpretaciones judiciales las medidas dadas por la Rectora, vulnera el derecho al libre desarrollo de la personalidad. [&hellip;]<\/p>\n","protected":false},"author":2,"featured_media":0,"comment_status":"open","ping_status":"open","sticky":false,"template":"","format":"standard","meta":{"footnotes":""},"categories":[36,29],"tags":[],"class_list":["post-45906","post","type-post","status-publish","format-standard","hentry","category-destacado","category-judicial"],"yoast_head":"<!-- This site is optimized with the Yoast SEO plugin v26.6 - https:\/\/yoast.com\/wordpress\/plugins\/seo\/ -->\n<title>A defenderse ante la justicia Rectora y Alcalde de Rivera, por pol\u00e9micas medidas en el colegio Misael Pastrana Borrero -<\/title>\n<meta name=\"robots\" content=\"index, follow, max-snippet:-1, max-image-preview:large, max-video-preview:-1\" \/>\n<link rel=\"canonical\" href=\"https:\/\/luchonoticias.com\/editor\/a-defenderse-ante-la-justicia-rectora-y-alcalde-de-rivera-por-polemicas-medidas-en-el-colegio-misael-pastrana-borrero\/\" \/>\n<meta property=\"og:locale\" content=\"es_ES\" \/>\n<meta property=\"og:type\" content=\"article\" \/>\n<meta property=\"og:title\" content=\"A defenderse ante la justicia Rectora y Alcalde de Rivera, por pol\u00e9micas medidas en el colegio Misael Pastrana Borrero -\" \/>\n<meta property=\"og:url\" content=\"https:\/\/luchonoticias.com\/editor\/a-defenderse-ante-la-justicia-rectora-y-alcalde-de-rivera-por-polemicas-medidas-en-el-colegio-misael-pastrana-borrero\/\" \/>\n<meta property=\"article:publisher\" content=\"https:\/\/www.facebook.com\/luchonoticiasneiva\" \/>\n<meta property=\"article:published_time\" content=\"2023-02-10T14:04:27+00:00\" \/>\n<meta property=\"article:modified_time\" content=\"2023-02-10T14:04:28+00:00\" \/>\n<meta name=\"author\" content=\"Editor General\" \/>\n<meta name=\"twitter:card\" content=\"summary_large_image\" \/>\n<meta name=\"twitter:label1\" content=\"Escrito por\" \/>\n\t<meta name=\"twitter:data1\" content=\"Editor General\" \/>\n\t<meta name=\"twitter:label2\" content=\"Tiempo de lectura\" \/>\n\t<meta name=\"twitter:data2\" content=\"1 minuto\" \/>\n<script type=\"application\/ld+json\" class=\"yoast-schema-graph\">{\"@context\":\"https:\/\/schema.org\",\"@graph\":[{\"@type\":\"Article\",\"@id\":\"https:\/\/luchonoticias.com\/editor\/a-defenderse-ante-la-justicia-rectora-y-alcalde-de-rivera-por-polemicas-medidas-en-el-colegio-misael-pastrana-borrero\/#article\",\"isPartOf\":{\"@id\":\"https:\/\/luchonoticias.com\/editor\/a-defenderse-ante-la-justicia-rectora-y-alcalde-de-rivera-por-polemicas-medidas-en-el-colegio-misael-pastrana-borrero\/\"},\"author\":{\"name\":\"Editor General\",\"@id\":\"https:\/\/luchonoticias.com\/editor\/#\/schema\/person\/29217990ddf6f14e35912b2866d591fb\"},\"headline\":\"A defenderse ante la justicia Rectora y Alcalde de Rivera, por pol\u00e9micas medidas en el colegio Misael Pastrana Borrero\",\"datePublished\":\"2023-02-10T14:04:27+00:00\",\"dateModified\":\"2023-02-10T14:04:28+00:00\",\"mainEntityOfPage\":{\"@id\":\"https:\/\/luchonoticias.com\/editor\/a-defenderse-ante-la-justicia-rectora-y-alcalde-de-rivera-por-polemicas-medidas-en-el-colegio-misael-pastrana-borrero\/\"},\"wordCount\":246,\"commentCount\":0,\"publisher\":{\"@id\":\"https:\/\/luchonoticias.com\/editor\/#\/schema\/person\/7a7fd911f58561fd056dbac7b55af9cd\"},\"articleSection\":[\"Destacado\",\"Judicial\"],\"inLanguage\":\"es\",\"potentialAction\":[{\"@type\":\"CommentAction\",\"name\":\"Comment\",\"target\":[\"https:\/\/luchonoticias.com\/editor\/a-defenderse-ante-la-justicia-rectora-y-alcalde-de-rivera-por-polemicas-medidas-en-el-colegio-misael-pastrana-borrero\/#respond\"]}]},{\"@type\":\"WebPage\",\"@id\":\"https:\/\/luchonoticias.com\/editor\/a-defenderse-ante-la-justicia-rectora-y-alcalde-de-rivera-por-polemicas-medidas-en-el-colegio-misael-pastrana-borrero\/\",\"url\":\"https:\/\/luchonoticias.com\/editor\/a-defenderse-ante-la-justicia-rectora-y-alcalde-de-rivera-por-polemicas-medidas-en-el-colegio-misael-pastrana-borrero\/\",\"name\":\"A defenderse ante la justicia Rectora y Alcalde de Rivera, por pol\u00e9micas medidas en el colegio Misael Pastrana Borrero -\",\"isPartOf\":{\"@id\":\"https:\/\/luchonoticias.com\/editor\/#website\"},\"datePublished\":\"2023-02-10T14:04:27+00:00\",\"dateModified\":\"2023-02-10T14:04:28+00:00\",\"breadcrumb\":{\"@id\":\"https:\/\/luchonoticias.com\/editor\/a-defenderse-ante-la-justicia-rectora-y-alcalde-de-rivera-por-polemicas-medidas-en-el-colegio-misael-pastrana-borrero\/#breadcrumb\"},\"inLanguage\":\"es\",\"potentialAction\":[{\"@type\":\"ReadAction\",\"target\":[\"https:\/\/luchonoticias.com\/editor\/a-defenderse-ante-la-justicia-rectora-y-alcalde-de-rivera-por-polemicas-medidas-en-el-colegio-misael-pastrana-borrero\/\"]}]},{\"@type\":\"BreadcrumbList\",\"@id\":\"https:\/\/luchonoticias.com\/editor\/a-defenderse-ante-la-justicia-rectora-y-alcalde-de-rivera-por-polemicas-medidas-en-el-colegio-misael-pastrana-borrero\/#breadcrumb\",\"itemListElement\":[{\"@type\":\"ListItem\",\"position\":1,\"name\":\"Portada\",\"item\":\"https:\/\/luchonoticias.com\/editor\/\"},{\"@type\":\"ListItem\",\"position\":2,\"name\":\"A defenderse ante la justicia Rectora y Alcalde de Rivera, por pol\u00e9micas medidas en el colegio Misael Pastrana Borrero\"}]},{\"@type\":\"WebSite\",\"@id\":\"https:\/\/luchonoticias.com\/editor\/#website\",\"url\":\"https:\/\/luchonoticias.com\/editor\/\",\"name\":\"\",\"description\":\"\",\"publisher\":{\"@id\":\"https:\/\/luchonoticias.com\/editor\/#\/schema\/person\/7a7fd911f58561fd056dbac7b55af9cd\"},\"potentialAction\":[{\"@type\":\"SearchAction\",\"target\":{\"@type\":\"EntryPoint\",\"urlTemplate\":\"https:\/\/luchonoticias.com\/editor\/?s={search_term_string}\"},\"query-input\":{\"@type\":\"PropertyValueSpecification\",\"valueRequired\":true,\"valueName\":\"search_term_string\"}}],\"inLanguage\":\"es\"},{\"@type\":[\"Person\",\"Organization\"],\"@id\":\"https:\/\/luchonoticias.com\/editor\/#\/schema\/person\/7a7fd911f58561fd056dbac7b55af9cd\",\"name\":\"admin\",\"image\":{\"@type\":\"ImageObject\",\"inLanguage\":\"es\",\"@id\":\"https:\/\/luchonoticias.com\/editor\/#\/schema\/person\/image\/\",\"url\":\"https:\/\/luchonoticias.com\/editor\/wp-content\/uploads\/2024\/02\/cropped-cropped-logolu.webp\",\"contentUrl\":\"https:\/\/luchonoticias.com\/editor\/wp-content\/uploads\/2024\/02\/cropped-cropped-logolu.webp\",\"width\":382,\"height\":170,\"caption\":\"admin\"},\"logo\":{\"@id\":\"https:\/\/luchonoticias.com\/editor\/#\/schema\/person\/image\/\"},\"sameAs\":[\"https:\/\/www.facebook.com\/luchonoticiasneiva\"]},{\"@type\":\"Person\",\"@id\":\"https:\/\/luchonoticias.com\/editor\/#\/schema\/person\/29217990ddf6f14e35912b2866d591fb\",\"name\":\"Editor General\",\"image\":{\"@type\":\"ImageObject\",\"inLanguage\":\"es\",\"@id\":\"https:\/\/luchonoticias.com\/editor\/#\/schema\/person\/image\/\",\"url\":\"https:\/\/luchonoticias.com\/editor\/wp-content\/uploads\/2024\/02\/cropped-cropped-logolu-150x150.webp\",\"contentUrl\":\"https:\/\/luchonoticias.com\/editor\/wp-content\/uploads\/2024\/02\/cropped-cropped-logolu-150x150.webp\",\"caption\":\"Editor General\"},\"sameAs\":[\"https:\/\/luchonoticias.com\/\"],\"url\":\"https:\/\/luchonoticias.com\/editor\/author\/editor-general\/\"}]}<\/script>\n<!-- \/ Yoast SEO plugin. -->","yoast_head_json":{"title":"A defenderse ante la justicia Rectora y Alcalde de Rivera, por pol\u00e9micas medidas en el colegio Misael Pastrana Borrero -","robots":{"index":"index","follow":"follow","max-snippet":"max-snippet:-1","max-image-preview":"max-image-preview:large","max-video-preview":"max-video-preview:-1"},"canonical":"https:\/\/luchonoticias.com\/editor\/a-defenderse-ante-la-justicia-rectora-y-alcalde-de-rivera-por-polemicas-medidas-en-el-colegio-misael-pastrana-borrero\/","og_locale":"es_ES","og_type":"article","og_title":"A defenderse ante la justicia Rectora y Alcalde de Rivera, por pol\u00e9micas medidas en el colegio Misael Pastrana Borrero -","og_url":"https:\/\/luchonoticias.com\/editor\/a-defenderse-ante-la-justicia-rectora-y-alcalde-de-rivera-por-polemicas-medidas-en-el-colegio-misael-pastrana-borrero\/","article_publisher":"https:\/\/www.facebook.com\/luchonoticiasneiva","article_published_time":"2023-02-10T14:04:27+00:00","article_modified_time":"2023-02-10T14:04:28+00:00","author":"Editor General","twitter_card":"summary_large_image","twitter_misc":{"Escrito por":"Editor General","Tiempo de lectura":"1 minuto"},"schema":{"@context":"https:\/\/schema.org","@graph":[{"@type":"Article","@id":"https:\/\/luchonoticias.com\/editor\/a-defenderse-ante-la-justicia-rectora-y-alcalde-de-rivera-por-polemicas-medidas-en-el-colegio-misael-pastrana-borrero\/#article","isPartOf":{"@id":"https:\/\/luchonoticias.com\/editor\/a-defenderse-ante-la-justicia-rectora-y-alcalde-de-rivera-por-polemicas-medidas-en-el-colegio-misael-pastrana-borrero\/"},"author":{"name":"Editor General","@id":"https:\/\/luchonoticias.com\/editor\/#\/schema\/person\/29217990ddf6f14e35912b2866d591fb"},"headline":"A defenderse ante la justicia Rectora y Alcalde de Rivera, por pol\u00e9micas medidas en el colegio Misael Pastrana Borrero","datePublished":"2023-02-10T14:04:27+00:00","dateModified":"2023-02-10T14:04:28+00:00","mainEntityOfPage":{"@id":"https:\/\/luchonoticias.com\/editor\/a-defenderse-ante-la-justicia-rectora-y-alcalde-de-rivera-por-polemicas-medidas-en-el-colegio-misael-pastrana-borrero\/"},"wordCount":246,"commentCount":0,"publisher":{"@id":"https:\/\/luchonoticias.com\/editor\/#\/schema\/person\/7a7fd911f58561fd056dbac7b55af9cd"},"articleSection":["Destacado","Judicial"],"inLanguage":"es","potentialAction":[{"@type":"CommentAction","name":"Comment","target":["https:\/\/luchonoticias.com\/editor\/a-defenderse-ante-la-justicia-rectora-y-alcalde-de-rivera-por-polemicas-medidas-en-el-colegio-misael-pastrana-borrero\/#respond"]}]},{"@type":"WebPage","@id":"https:\/\/luchonoticias.com\/editor\/a-defenderse-ante-la-justicia-rectora-y-alcalde-de-rivera-por-polemicas-medidas-en-el-colegio-misael-pastrana-borrero\/","url":"https:\/\/luchonoticias.com\/editor\/a-defenderse-ante-la-justicia-rectora-y-alcalde-de-rivera-por-polemicas-medidas-en-el-colegio-misael-pastrana-borrero\/","name":"A defenderse ante la justicia Rectora y Alcalde de Rivera, por pol\u00e9micas medidas en el colegio Misael Pastrana Borrero -","isPartOf":{"@id":"https:\/\/luchonoticias.com\/editor\/#website"},"datePublished":"2023-02-10T14:04:27+00:00","dateModified":"2023-02-10T14:04:28+00:00","breadcrumb":{"@id":"https:\/\/luchonoticias.com\/editor\/a-defenderse-ante-la-justicia-rectora-y-alcalde-de-rivera-por-polemicas-medidas-en-el-colegio-misael-pastrana-borrero\/#breadcrumb"},"inLanguage":"es","potentialAction":[{"@type":"ReadAction","target":["https:\/\/luchonoticias.com\/editor\/a-defenderse-ante-la-justicia-rectora-y-alcalde-de-rivera-por-polemicas-medidas-en-el-colegio-misael-pastrana-borrero\/"]}]},{"@type":"BreadcrumbList","@id":"https:\/\/luchonoticias.com\/editor\/a-defenderse-ante-la-justicia-rectora-y-alcalde-de-rivera-por-polemicas-medidas-en-el-colegio-misael-pastrana-borrero\/#breadcrumb","itemListElement":[{"@type":"ListItem","position":1,"name":"Portada","item":"https:\/\/luchonoticias.com\/editor\/"},{"@type":"ListItem","position":2,"name":"A defenderse ante la justicia Rectora y Alcalde de Rivera, por pol\u00e9micas medidas en el colegio Misael Pastrana Borrero"}]},{"@type":"WebSite","@id":"https:\/\/luchonoticias.com\/editor\/#website","url":"https:\/\/luchonoticias.com\/editor\/","name":"","description":"","publisher":{"@id":"https:\/\/luchonoticias.com\/editor\/#\/schema\/person\/7a7fd911f58561fd056dbac7b55af9cd"},"potentialAction":[{"@type":"SearchAction","target":{"@type":"EntryPoint","urlTemplate":"https:\/\/luchonoticias.com\/editor\/?s={search_term_string}"},"query-input":{"@type":"PropertyValueSpecification","valueRequired":true,"valueName":"search_term_string"}}],"inLanguage":"es"},{"@type":["Person","Organization"],"@id":"https:\/\/luchonoticias.com\/editor\/#\/schema\/person\/7a7fd911f58561fd056dbac7b55af9cd","name":"admin","image":{"@type":"ImageObject","inLanguage":"es","@id":"https:\/\/luchonoticias.com\/editor\/#\/schema\/person\/image\/","url":"https:\/\/luchonoticias.com\/editor\/wp-content\/uploads\/2024\/02\/cropped-cropped-logolu.webp","contentUrl":"https:\/\/luchonoticias.com\/editor\/wp-content\/uploads\/2024\/02\/cropped-cropped-logolu.webp","width":382,"height":170,"caption":"admin"},"logo":{"@id":"https:\/\/luchonoticias.com\/editor\/#\/schema\/person\/image\/"},"sameAs":["https:\/\/www.facebook.com\/luchonoticiasneiva"]},{"@type":"Person","@id":"https:\/\/luchonoticias.com\/editor\/#\/schema\/person\/29217990ddf6f14e35912b2866d591fb","name":"Editor General","image":{"@type":"ImageObject","inLanguage":"es","@id":"https:\/\/luchonoticias.com\/editor\/#\/schema\/person\/image\/","url":"https:\/\/luchonoticias.com\/editor\/wp-content\/uploads\/2024\/02\/cropped-cropped-logolu-150x150.webp","contentUrl":"https:\/\/luchonoticias.com\/editor\/wp-content\/uploads\/2024\/02\/cropped-cropped-logolu-150x150.webp","caption":"Editor General"},"sameAs":["https:\/\/luchonoticias.com\/"],"url":"https:\/\/luchonoticias.com\/editor\/author\/editor-general\/"}]}},"_links":{"self":[{"href":"https:\/\/luchonoticias.com\/editor\/wp-json\/wp\/v2\/posts\/45906","targetHints":{"allow":["GET"]}}],"collection":[{"href":"https:\/\/luchonoticias.com\/editor\/wp-json\/wp\/v2\/posts"}],"about":[{"href":"https:\/\/luchonoticias.com\/editor\/wp-json\/wp\/v2\/types\/post"}],"author":[{"embeddable":true,"href":"https:\/\/luchonoticias.com\/editor\/wp-json\/wp\/v2\/users\/2"}],"replies":[{"embeddable":true,"href":"https:\/\/luchonoticias.com\/editor\/wp-json\/wp\/v2\/comments?post=45906"}],"version-history":[{"count":0,"href":"https:\/\/luchonoticias.com\/editor\/wp-json\/wp\/v2\/posts\/45906\/revisions"}],"wp:attachment":[{"href":"https:\/\/luchonoticias.com\/editor\/wp-json\/wp\/v2\/media?parent=45906"}],"wp:term":[{"taxonomy":"category","embeddable":true,"href":"https:\/\/luchonoticias.com\/editor\/wp-json\/wp\/v2\/categories?post=45906"},{"taxonomy":"post_tag","embeddable":true,"href":"https:\/\/luchonoticias.com\/editor\/wp-json\/wp\/v2\/tags?post=45906"}],"curies":[{"name":"wp","href":"https:\/\/api.w.org\/{rel}","templated":true}]}}