{"id":45912,"date":"2023-02-10T14:56:59","date_gmt":"2023-02-10T19:56:59","guid":{"rendered":"https:\/\/luchonoticias.com\/?p=45912"},"modified":"2023-02-10T14:57:01","modified_gmt":"2023-02-10T19:57:01","slug":"capturaron-al-chapo-del-ecuador-alias-el-gato-farfan","status":"publish","type":"post","link":"https:\/\/luchonoticias.com\/editor\/capturaron-al-chapo-del-ecuador-alias-el-gato-farfan\/","title":{"rendered":"Capturaron al \u2018Chapo\u2019 del Ecuador, alias el Gato Farf\u00e1n"},"content":{"rendered":"\n<p>La Fiscal\u00eda General de la Naci\u00f3n comunic\u00f3 a la Embajada de Estados Unidos en Colombia sobre la captura del ciudadano ecuatoriano Wilder Emilio S\u00e1nchez Farf\u00e1n, alias El Gato Farf\u00e1n, quien es solicitado en extradici\u00f3n por una Corte del Distrito Sur de California por cargos relacionados con narcotr\u00e1fico y concierto para delinquir.<\/p>\n\n\n\n<p>De acuerdo con el requerimiento internacional, esta persona har\u00eda parte de una organizaci\u00f3n criminal dedicada al env\u00edo de coca\u00edna y hero\u00edna, y al tr\u00e1fico de armas de fuego y explosivos.<\/p>\n\n\n\n<p>Asimismo, se le se\u00f1ala de tener nexos con la estructura Oliver Sinisterra de las disidencias de las Farc para adquirir estupefacientes en Valle del Cauca, Cauca y Putumayo; y de mantener contactos con redes trasnacionales como el \u2018Cartel de Sinaloa\u2019, en M\u00e9xico; y el \u2018Clan Devesa\u2019, en Espa\u00f1a, con las cuales defin\u00eda rutas para mover cargamentos a Estados Unidos y pa\u00edses de Europa y \u00c1frica.<\/p>\n\n\n\n<p>Alias El Gato Farf\u00e1n fue capturado gracias a la articulaci\u00f3n de capacidades de la Direcci\u00f3n Especializada contra el Narcotr\u00e1fico de la Fiscal\u00eda y la DIJIN \u2013 Interpol de la Polic\u00eda Nacional, en la v\u00eda Panamericana, en Pasto (Nari\u00f1o), donde estar\u00eda concretando un negocio il\u00edcito para llevar coca\u00edna a Centroam\u00e9rica.<\/p>\n","protected":false},"excerpt":{"rendered":"<p>La Fiscal\u00eda General de la Naci\u00f3n comunic\u00f3 a la Embajada de Estados Unidos en Colombia sobre la captura del ciudadano ecuatoriano Wilder Emilio S\u00e1nchez Farf\u00e1n, alias El Gato Farf\u00e1n, quien es solicitado en extradici\u00f3n por una Corte del Distrito Sur de California por cargos relacionados con narcotr\u00e1fico y concierto para delinquir. De acuerdo con el [&hellip;]<\/p>\n","protected":false},"author":2,"featured_media":0,"comment_status":"open","ping_status":"open","sticky":false,"template":"","format":"standard","meta":{"footnotes":""},"categories":[36,29],"tags":[],"class_list":["post-45912","post","type-post","status-publish","format-standard","hentry","category-destacado","category-judicial"],"yoast_head":"<!-- This site is optimized with the Yoast SEO plugin v26.6 - https:\/\/yoast.com\/wordpress\/plugins\/seo\/ -->\n<title>Capturaron al \u2018Chapo\u2019 del Ecuador, alias el Gato Farf\u00e1n -<\/title>\n<meta name=\"robots\" content=\"index, follow, max-snippet:-1, max-image-preview:large, max-video-preview:-1\" \/>\n<link rel=\"canonical\" href=\"https:\/\/luchonoticias.com\/editor\/capturaron-al-chapo-del-ecuador-alias-el-gato-farfan\/\" \/>\n<meta property=\"og:locale\" content=\"es_ES\" \/>\n<meta property=\"og:type\" content=\"article\" \/>\n<meta property=\"og:title\" content=\"Capturaron al \u2018Chapo\u2019 del Ecuador, alias el Gato Farf\u00e1n -\" \/>\n<meta property=\"og:url\" content=\"https:\/\/luchonoticias.com\/editor\/capturaron-al-chapo-del-ecuador-alias-el-gato-farfan\/\" \/>\n<meta property=\"article:publisher\" content=\"https:\/\/www.facebook.com\/luchonoticiasneiva\" \/>\n<meta property=\"article:published_time\" content=\"2023-02-10T19:56:59+00:00\" \/>\n<meta property=\"article:modified_time\" content=\"2023-02-10T19:57:01+00:00\" \/>\n<meta name=\"author\" content=\"Editor General\" \/>\n<meta name=\"twitter:card\" content=\"summary_large_image\" \/>\n<meta name=\"twitter:label1\" content=\"Escrito por\" \/>\n\t<meta name=\"twitter:data1\" content=\"Editor General\" \/>\n\t<meta name=\"twitter:label2\" content=\"Tiempo de lectura\" \/>\n\t<meta name=\"twitter:data2\" content=\"1 minuto\" \/>\n<script type=\"application\/ld+json\" class=\"yoast-schema-graph\">{\"@context\":\"https:\/\/schema.org\",\"@graph\":[{\"@type\":\"Article\",\"@id\":\"https:\/\/luchonoticias.com\/editor\/capturaron-al-chapo-del-ecuador-alias-el-gato-farfan\/#article\",\"isPartOf\":{\"@id\":\"https:\/\/luchonoticias.com\/editor\/capturaron-al-chapo-del-ecuador-alias-el-gato-farfan\/\"},\"author\":{\"name\":\"Editor General\",\"@id\":\"https:\/\/luchonoticias.com\/editor\/#\/schema\/person\/29217990ddf6f14e35912b2866d591fb\"},\"headline\":\"Capturaron al \u2018Chapo\u2019 del Ecuador, alias el Gato Farf\u00e1n\",\"datePublished\":\"2023-02-10T19:56:59+00:00\",\"dateModified\":\"2023-02-10T19:57:01+00:00\",\"mainEntityOfPage\":{\"@id\":\"https:\/\/luchonoticias.com\/editor\/capturaron-al-chapo-del-ecuador-alias-el-gato-farfan\/\"},\"wordCount\":234,\"commentCount\":0,\"publisher\":{\"@id\":\"https:\/\/luchonoticias.com\/editor\/#\/schema\/person\/7a7fd911f58561fd056dbac7b55af9cd\"},\"articleSection\":[\"Destacado\",\"Judicial\"],\"inLanguage\":\"es\",\"potentialAction\":[{\"@type\":\"CommentAction\",\"name\":\"Comment\",\"target\":[\"https:\/\/luchonoticias.com\/editor\/capturaron-al-chapo-del-ecuador-alias-el-gato-farfan\/#respond\"]}]},{\"@type\":\"WebPage\",\"@id\":\"https:\/\/luchonoticias.com\/editor\/capturaron-al-chapo-del-ecuador-alias-el-gato-farfan\/\",\"url\":\"https:\/\/luchonoticias.com\/editor\/capturaron-al-chapo-del-ecuador-alias-el-gato-farfan\/\",\"name\":\"Capturaron al \u2018Chapo\u2019 del Ecuador, alias el Gato Farf\u00e1n -\",\"isPartOf\":{\"@id\":\"https:\/\/luchonoticias.com\/editor\/#website\"},\"datePublished\":\"2023-02-10T19:56:59+00:00\",\"dateModified\":\"2023-02-10T19:57:01+00:00\",\"breadcrumb\":{\"@id\":\"https:\/\/luchonoticias.com\/editor\/capturaron-al-chapo-del-ecuador-alias-el-gato-farfan\/#breadcrumb\"},\"inLanguage\":\"es\",\"potentialAction\":[{\"@type\":\"ReadAction\",\"target\":[\"https:\/\/luchonoticias.com\/editor\/capturaron-al-chapo-del-ecuador-alias-el-gato-farfan\/\"]}]},{\"@type\":\"BreadcrumbList\",\"@id\":\"https:\/\/luchonoticias.com\/editor\/capturaron-al-chapo-del-ecuador-alias-el-gato-farfan\/#breadcrumb\",\"itemListElement\":[{\"@type\":\"ListItem\",\"position\":1,\"name\":\"Portada\",\"item\":\"https:\/\/luchonoticias.com\/editor\/\"},{\"@type\":\"ListItem\",\"position\":2,\"name\":\"Capturaron al \u2018Chapo\u2019 del Ecuador, alias el Gato Farf\u00e1n\"}]},{\"@type\":\"WebSite\",\"@id\":\"https:\/\/luchonoticias.com\/editor\/#website\",\"url\":\"https:\/\/luchonoticias.com\/editor\/\",\"name\":\"\",\"description\":\"\",\"publisher\":{\"@id\":\"https:\/\/luchonoticias.com\/editor\/#\/schema\/person\/7a7fd911f58561fd056dbac7b55af9cd\"},\"potentialAction\":[{\"@type\":\"SearchAction\",\"target\":{\"@type\":\"EntryPoint\",\"urlTemplate\":\"https:\/\/luchonoticias.com\/editor\/?s={search_term_string}\"},\"query-input\":{\"@type\":\"PropertyValueSpecification\",\"valueRequired\":true,\"valueName\":\"search_term_string\"}}],\"inLanguage\":\"es\"},{\"@type\":[\"Person\",\"Organization\"],\"@id\":\"https:\/\/luchonoticias.com\/editor\/#\/schema\/person\/7a7fd911f58561fd056dbac7b55af9cd\",\"name\":\"admin\",\"image\":{\"@type\":\"ImageObject\",\"inLanguage\":\"es\",\"@id\":\"https:\/\/luchonoticias.com\/editor\/#\/schema\/person\/image\/\",\"url\":\"https:\/\/luchonoticias.com\/editor\/wp-content\/uploads\/2024\/02\/cropped-cropped-logolu.webp\",\"contentUrl\":\"https:\/\/luchonoticias.com\/editor\/wp-content\/uploads\/2024\/02\/cropped-cropped-logolu.webp\",\"width\":382,\"height\":170,\"caption\":\"admin\"},\"logo\":{\"@id\":\"https:\/\/luchonoticias.com\/editor\/#\/schema\/person\/image\/\"},\"sameAs\":[\"https:\/\/www.facebook.com\/luchonoticiasneiva\"]},{\"@type\":\"Person\",\"@id\":\"https:\/\/luchonoticias.com\/editor\/#\/schema\/person\/29217990ddf6f14e35912b2866d591fb\",\"name\":\"Editor General\",\"image\":{\"@type\":\"ImageObject\",\"inLanguage\":\"es\",\"@id\":\"https:\/\/luchonoticias.com\/editor\/#\/schema\/person\/image\/\",\"url\":\"https:\/\/luchonoticias.com\/editor\/wp-content\/uploads\/2024\/02\/cropped-cropped-logolu-150x150.webp\",\"contentUrl\":\"https:\/\/luchonoticias.com\/editor\/wp-content\/uploads\/2024\/02\/cropped-cropped-logolu-150x150.webp\",\"caption\":\"Editor General\"},\"sameAs\":[\"https:\/\/luchonoticias.com\/\"],\"url\":\"https:\/\/luchonoticias.com\/editor\/author\/editor-general\/\"}]}<\/script>\n<!-- \/ Yoast SEO plugin. -->","yoast_head_json":{"title":"Capturaron al \u2018Chapo\u2019 del Ecuador, alias el Gato Farf\u00e1n -","robots":{"index":"index","follow":"follow","max-snippet":"max-snippet:-1","max-image-preview":"max-image-preview:large","max-video-preview":"max-video-preview:-1"},"canonical":"https:\/\/luchonoticias.com\/editor\/capturaron-al-chapo-del-ecuador-alias-el-gato-farfan\/","og_locale":"es_ES","og_type":"article","og_title":"Capturaron al \u2018Chapo\u2019 del Ecuador, alias el Gato Farf\u00e1n -","og_url":"https:\/\/luchonoticias.com\/editor\/capturaron-al-chapo-del-ecuador-alias-el-gato-farfan\/","article_publisher":"https:\/\/www.facebook.com\/luchonoticiasneiva","article_published_time":"2023-02-10T19:56:59+00:00","article_modified_time":"2023-02-10T19:57:01+00:00","author":"Editor General","twitter_card":"summary_large_image","twitter_misc":{"Escrito por":"Editor General","Tiempo de lectura":"1 minuto"},"schema":{"@context":"https:\/\/schema.org","@graph":[{"@type":"Article","@id":"https:\/\/luchonoticias.com\/editor\/capturaron-al-chapo-del-ecuador-alias-el-gato-farfan\/#article","isPartOf":{"@id":"https:\/\/luchonoticias.com\/editor\/capturaron-al-chapo-del-ecuador-alias-el-gato-farfan\/"},"author":{"name":"Editor General","@id":"https:\/\/luchonoticias.com\/editor\/#\/schema\/person\/29217990ddf6f14e35912b2866d591fb"},"headline":"Capturaron al \u2018Chapo\u2019 del Ecuador, alias el Gato Farf\u00e1n","datePublished":"2023-02-10T19:56:59+00:00","dateModified":"2023-02-10T19:57:01+00:00","mainEntityOfPage":{"@id":"https:\/\/luchonoticias.com\/editor\/capturaron-al-chapo-del-ecuador-alias-el-gato-farfan\/"},"wordCount":234,"commentCount":0,"publisher":{"@id":"https:\/\/luchonoticias.com\/editor\/#\/schema\/person\/7a7fd911f58561fd056dbac7b55af9cd"},"articleSection":["Destacado","Judicial"],"inLanguage":"es","potentialAction":[{"@type":"CommentAction","name":"Comment","target":["https:\/\/luchonoticias.com\/editor\/capturaron-al-chapo-del-ecuador-alias-el-gato-farfan\/#respond"]}]},{"@type":"WebPage","@id":"https:\/\/luchonoticias.com\/editor\/capturaron-al-chapo-del-ecuador-alias-el-gato-farfan\/","url":"https:\/\/luchonoticias.com\/editor\/capturaron-al-chapo-del-ecuador-alias-el-gato-farfan\/","name":"Capturaron al \u2018Chapo\u2019 del Ecuador, alias el Gato Farf\u00e1n -","isPartOf":{"@id":"https:\/\/luchonoticias.com\/editor\/#website"},"datePublished":"2023-02-10T19:56:59+00:00","dateModified":"2023-02-10T19:57:01+00:00","breadcrumb":{"@id":"https:\/\/luchonoticias.com\/editor\/capturaron-al-chapo-del-ecuador-alias-el-gato-farfan\/#breadcrumb"},"inLanguage":"es","potentialAction":[{"@type":"ReadAction","target":["https:\/\/luchonoticias.com\/editor\/capturaron-al-chapo-del-ecuador-alias-el-gato-farfan\/"]}]},{"@type":"BreadcrumbList","@id":"https:\/\/luchonoticias.com\/editor\/capturaron-al-chapo-del-ecuador-alias-el-gato-farfan\/#breadcrumb","itemListElement":[{"@type":"ListItem","position":1,"name":"Portada","item":"https:\/\/luchonoticias.com\/editor\/"},{"@type":"ListItem","position":2,"name":"Capturaron al \u2018Chapo\u2019 del Ecuador, alias el Gato Farf\u00e1n"}]},{"@type":"WebSite","@id":"https:\/\/luchonoticias.com\/editor\/#website","url":"https:\/\/luchonoticias.com\/editor\/","name":"","description":"","publisher":{"@id":"https:\/\/luchonoticias.com\/editor\/#\/schema\/person\/7a7fd911f58561fd056dbac7b55af9cd"},"potentialAction":[{"@type":"SearchAction","target":{"@type":"EntryPoint","urlTemplate":"https:\/\/luchonoticias.com\/editor\/?s={search_term_string}"},"query-input":{"@type":"PropertyValueSpecification","valueRequired":true,"valueName":"search_term_string"}}],"inLanguage":"es"},{"@type":["Person","Organization"],"@id":"https:\/\/luchonoticias.com\/editor\/#\/schema\/person\/7a7fd911f58561fd056dbac7b55af9cd","name":"admin","image":{"@type":"ImageObject","inLanguage":"es","@id":"https:\/\/luchonoticias.com\/editor\/#\/schema\/person\/image\/","url":"https:\/\/luchonoticias.com\/editor\/wp-content\/uploads\/2024\/02\/cropped-cropped-logolu.webp","contentUrl":"https:\/\/luchonoticias.com\/editor\/wp-content\/uploads\/2024\/02\/cropped-cropped-logolu.webp","width":382,"height":170,"caption":"admin"},"logo":{"@id":"https:\/\/luchonoticias.com\/editor\/#\/schema\/person\/image\/"},"sameAs":["https:\/\/www.facebook.com\/luchonoticiasneiva"]},{"@type":"Person","@id":"https:\/\/luchonoticias.com\/editor\/#\/schema\/person\/29217990ddf6f14e35912b2866d591fb","name":"Editor General","image":{"@type":"ImageObject","inLanguage":"es","@id":"https:\/\/luchonoticias.com\/editor\/#\/schema\/person\/image\/","url":"https:\/\/luchonoticias.com\/editor\/wp-content\/uploads\/2024\/02\/cropped-cropped-logolu-150x150.webp","contentUrl":"https:\/\/luchonoticias.com\/editor\/wp-content\/uploads\/2024\/02\/cropped-cropped-logolu-150x150.webp","caption":"Editor General"},"sameAs":["https:\/\/luchonoticias.com\/"],"url":"https:\/\/luchonoticias.com\/editor\/author\/editor-general\/"}]}},"_links":{"self":[{"href":"https:\/\/luchonoticias.com\/editor\/wp-json\/wp\/v2\/posts\/45912","targetHints":{"allow":["GET"]}}],"collection":[{"href":"https:\/\/luchonoticias.com\/editor\/wp-json\/wp\/v2\/posts"}],"about":[{"href":"https:\/\/luchonoticias.com\/editor\/wp-json\/wp\/v2\/types\/post"}],"author":[{"embeddable":true,"href":"https:\/\/luchonoticias.com\/editor\/wp-json\/wp\/v2\/users\/2"}],"replies":[{"embeddable":true,"href":"https:\/\/luchonoticias.com\/editor\/wp-json\/wp\/v2\/comments?post=45912"}],"version-history":[{"count":0,"href":"https:\/\/luchonoticias.com\/editor\/wp-json\/wp\/v2\/posts\/45912\/revisions"}],"wp:attachment":[{"href":"https:\/\/luchonoticias.com\/editor\/wp-json\/wp\/v2\/media?parent=45912"}],"wp:term":[{"taxonomy":"category","embeddable":true,"href":"https:\/\/luchonoticias.com\/editor\/wp-json\/wp\/v2\/categories?post=45912"},{"taxonomy":"post_tag","embeddable":true,"href":"https:\/\/luchonoticias.com\/editor\/wp-json\/wp\/v2\/tags?post=45912"}],"curies":[{"name":"wp","href":"https:\/\/api.w.org\/{rel}","templated":true}]}}