{"id":45918,"date":"2023-02-10T15:12:54","date_gmt":"2023-02-10T20:12:54","guid":{"rendered":"https:\/\/luchonoticias.com\/?p=45918"},"modified":"2023-02-10T15:12:55","modified_gmt":"2023-02-10T20:12:55","slug":"huila-alista-segunda-feria-acuicola","status":"publish","type":"post","link":"https:\/\/luchonoticias.com\/editor\/huila-alista-segunda-feria-acuicola\/","title":{"rendered":"Huila alista segunda feria acu\u00edcola"},"content":{"rendered":"\n<p>Adem\u00e1s del caf\u00e9, la&nbsp;<strong>piscicultura es otro de los productos bandera del Huila,<\/strong>&nbsp;permitiendo desarrollar toda una din\u00e1mica econ\u00f3mica por el ingreso de divisas y la generaci\u00f3n de empleo en la regi\u00f3n, en torno a este importante encadenamiento productivo.<\/p>\n\n\n\n<p>De acuerdo a cifras del Ministerio de Agricultura y Desarrollo Rural, el&nbsp;<strong>departamento cerr\u00f3 el a\u00f1o 2021 con una producci\u00f3n de 73.048 toneladas<\/strong>&nbsp;principalmente de mojarra roja y plateada, que representan un 39% del total de la producci\u00f3n pisc\u00edcola nacional, y se estima que el a\u00f1o 2022 haya alcanzado una producci\u00f3n de alrededor de 80.000 toneladas.<\/p>\n\n\n\n<p>Gracias a este valioso aporte productivo&nbsp;<strong>se desarrollar\u00e1 este a\u00f1o la segunda versi\u00f3n de la Feria Auicola<\/strong>, programada para los d\u00edas 4, 5, y 6 de mayo del a\u00f1o en curso, y que tendr\u00e1 como pa\u00eds invitado a Per\u00fa, reconocido internacionalmente por su gastronom\u00eda adem\u00e1s de ser uno de los socios comerciales que compran tilapia huilense.<\/p>\n\n\n\n<p>Sin duda que este importante evento<strong>&nbsp;permite el encuentro de productores, compradores, socios inversionistas, y dem\u00e1s actores<\/strong>&nbsp;de este encadenamiento productivo, logrando adem\u00e1s la actualizaci\u00f3n en nuevas tecnolog\u00edas encaminadas a mejorar los sistemas productivos, gracias a los conocimientos aportados por conferencistas de talla internacional, como lo explica el secretario t\u00e9cnico de la cadena pisc\u00edcola Edison Javier Henao.<\/p>\n\n\n\n<p>Henao a\u00f1adi\u00f3 adem\u00e1s que \u201ccontaremos un componente acad\u00e9mico, un componente comercial, rueda de negocios, y todo el componente gastron\u00f3mico. Per\u00fa ha confirmado su participaci\u00f3n como pa\u00eds invitado y conquistar\u00e1 a los participantes de la feria con su exquisita cocina representada por chefs de talla internacional y platos reconocidos que vale la pena probar\u201d.<\/p>\n\n\n\n<p>Precisamente para contarle a las fuerzas vivas del pa\u00eds, y pa\u00edses alrededor del mundo sobre este importante acontecimiento, se har\u00e1 el lanzamiento de la feria en la ciudad de Bogot\u00e1.<\/p>\n\n\n\n<p>\u201cEstamos invitando al lanzamiento de este gran evento que se desarrollar\u00e1 el pr\u00f3ximo martes 21 de febrero a las 3:00 de la tarde en la casa fiscal del Huila, donde se dar\u00e1n a conocer los pormenores de esta importante feria, direccionada a que el sector acu\u00edcola del departamento se siga fortaleciendo, y siga creciendo\u201d concluy\u00f3 Henao Palacios<\/p>\n","protected":false},"excerpt":{"rendered":"<p>Adem\u00e1s del caf\u00e9, la&nbsp;piscicultura es otro de los productos bandera del Huila,&nbsp;permitiendo desarrollar toda una din\u00e1mica econ\u00f3mica por el ingreso de divisas y la generaci\u00f3n de empleo en la regi\u00f3n, en torno a este importante encadenamiento productivo. De acuerdo a cifras del Ministerio de Agricultura y Desarrollo Rural, el&nbsp;departamento cerr\u00f3 el a\u00f1o 2021 con una [&hellip;]<\/p>\n","protected":false},"author":2,"featured_media":0,"comment_status":"open","ping_status":"open","sticky":false,"template":"","format":"standard","meta":{"footnotes":""},"categories":[33],"tags":[],"class_list":["post-45918","post","type-post","status-publish","format-standard","hentry","category-huila"],"yoast_head":"<!-- This site is optimized with the Yoast SEO plugin v26.6 - https:\/\/yoast.com\/wordpress\/plugins\/seo\/ -->\n<title>Huila alista segunda feria acu\u00edcola -<\/title>\n<meta name=\"robots\" content=\"index, follow, max-snippet:-1, max-image-preview:large, max-video-preview:-1\" \/>\n<link rel=\"canonical\" href=\"https:\/\/luchonoticias.com\/editor\/huila-alista-segunda-feria-acuicola\/\" \/>\n<meta property=\"og:locale\" content=\"es_ES\" \/>\n<meta property=\"og:type\" content=\"article\" \/>\n<meta property=\"og:title\" content=\"Huila alista segunda feria acu\u00edcola -\" \/>\n<meta property=\"og:url\" content=\"https:\/\/luchonoticias.com\/editor\/huila-alista-segunda-feria-acuicola\/\" \/>\n<meta property=\"article:publisher\" content=\"https:\/\/www.facebook.com\/luchonoticiasneiva\" \/>\n<meta property=\"article:published_time\" content=\"2023-02-10T20:12:54+00:00\" \/>\n<meta property=\"article:modified_time\" content=\"2023-02-10T20:12:55+00:00\" \/>\n<meta name=\"author\" content=\"Editor General\" \/>\n<meta name=\"twitter:card\" content=\"summary_large_image\" \/>\n<meta name=\"twitter:label1\" content=\"Escrito por\" \/>\n\t<meta name=\"twitter:data1\" content=\"Editor General\" \/>\n\t<meta name=\"twitter:label2\" content=\"Tiempo de lectura\" \/>\n\t<meta name=\"twitter:data2\" content=\"2 minutos\" \/>\n<script type=\"application\/ld+json\" class=\"yoast-schema-graph\">{\"@context\":\"https:\/\/schema.org\",\"@graph\":[{\"@type\":\"Article\",\"@id\":\"https:\/\/luchonoticias.com\/editor\/huila-alista-segunda-feria-acuicola\/#article\",\"isPartOf\":{\"@id\":\"https:\/\/luchonoticias.com\/editor\/huila-alista-segunda-feria-acuicola\/\"},\"author\":{\"name\":\"Editor General\",\"@id\":\"https:\/\/luchonoticias.com\/editor\/#\/schema\/person\/29217990ddf6f14e35912b2866d591fb\"},\"headline\":\"Huila alista segunda feria acu\u00edcola\",\"datePublished\":\"2023-02-10T20:12:54+00:00\",\"dateModified\":\"2023-02-10T20:12:55+00:00\",\"mainEntityOfPage\":{\"@id\":\"https:\/\/luchonoticias.com\/editor\/huila-alista-segunda-feria-acuicola\/\"},\"wordCount\":386,\"commentCount\":0,\"publisher\":{\"@id\":\"https:\/\/luchonoticias.com\/editor\/#\/schema\/person\/7a7fd911f58561fd056dbac7b55af9cd\"},\"articleSection\":[\"Huila\"],\"inLanguage\":\"es\",\"potentialAction\":[{\"@type\":\"CommentAction\",\"name\":\"Comment\",\"target\":[\"https:\/\/luchonoticias.com\/editor\/huila-alista-segunda-feria-acuicola\/#respond\"]}]},{\"@type\":\"WebPage\",\"@id\":\"https:\/\/luchonoticias.com\/editor\/huila-alista-segunda-feria-acuicola\/\",\"url\":\"https:\/\/luchonoticias.com\/editor\/huila-alista-segunda-feria-acuicola\/\",\"name\":\"Huila alista segunda feria acu\u00edcola -\",\"isPartOf\":{\"@id\":\"https:\/\/luchonoticias.com\/editor\/#website\"},\"datePublished\":\"2023-02-10T20:12:54+00:00\",\"dateModified\":\"2023-02-10T20:12:55+00:00\",\"breadcrumb\":{\"@id\":\"https:\/\/luchonoticias.com\/editor\/huila-alista-segunda-feria-acuicola\/#breadcrumb\"},\"inLanguage\":\"es\",\"potentialAction\":[{\"@type\":\"ReadAction\",\"target\":[\"https:\/\/luchonoticias.com\/editor\/huila-alista-segunda-feria-acuicola\/\"]}]},{\"@type\":\"BreadcrumbList\",\"@id\":\"https:\/\/luchonoticias.com\/editor\/huila-alista-segunda-feria-acuicola\/#breadcrumb\",\"itemListElement\":[{\"@type\":\"ListItem\",\"position\":1,\"name\":\"Portada\",\"item\":\"https:\/\/luchonoticias.com\/editor\/\"},{\"@type\":\"ListItem\",\"position\":2,\"name\":\"Huila alista segunda feria acu\u00edcola\"}]},{\"@type\":\"WebSite\",\"@id\":\"https:\/\/luchonoticias.com\/editor\/#website\",\"url\":\"https:\/\/luchonoticias.com\/editor\/\",\"name\":\"\",\"description\":\"\",\"publisher\":{\"@id\":\"https:\/\/luchonoticias.com\/editor\/#\/schema\/person\/7a7fd911f58561fd056dbac7b55af9cd\"},\"potentialAction\":[{\"@type\":\"SearchAction\",\"target\":{\"@type\":\"EntryPoint\",\"urlTemplate\":\"https:\/\/luchonoticias.com\/editor\/?s={search_term_string}\"},\"query-input\":{\"@type\":\"PropertyValueSpecification\",\"valueRequired\":true,\"valueName\":\"search_term_string\"}}],\"inLanguage\":\"es\"},{\"@type\":[\"Person\",\"Organization\"],\"@id\":\"https:\/\/luchonoticias.com\/editor\/#\/schema\/person\/7a7fd911f58561fd056dbac7b55af9cd\",\"name\":\"admin\",\"image\":{\"@type\":\"ImageObject\",\"inLanguage\":\"es\",\"@id\":\"https:\/\/luchonoticias.com\/editor\/#\/schema\/person\/image\/\",\"url\":\"https:\/\/luchonoticias.com\/editor\/wp-content\/uploads\/2024\/02\/cropped-cropped-logolu.webp\",\"contentUrl\":\"https:\/\/luchonoticias.com\/editor\/wp-content\/uploads\/2024\/02\/cropped-cropped-logolu.webp\",\"width\":382,\"height\":170,\"caption\":\"admin\"},\"logo\":{\"@id\":\"https:\/\/luchonoticias.com\/editor\/#\/schema\/person\/image\/\"},\"sameAs\":[\"https:\/\/www.facebook.com\/luchonoticiasneiva\"]},{\"@type\":\"Person\",\"@id\":\"https:\/\/luchonoticias.com\/editor\/#\/schema\/person\/29217990ddf6f14e35912b2866d591fb\",\"name\":\"Editor General\",\"image\":{\"@type\":\"ImageObject\",\"inLanguage\":\"es\",\"@id\":\"https:\/\/luchonoticias.com\/editor\/#\/schema\/person\/image\/\",\"url\":\"https:\/\/luchonoticias.com\/editor\/wp-content\/uploads\/2024\/02\/cropped-cropped-logolu-150x150.webp\",\"contentUrl\":\"https:\/\/luchonoticias.com\/editor\/wp-content\/uploads\/2024\/02\/cropped-cropped-logolu-150x150.webp\",\"caption\":\"Editor General\"},\"sameAs\":[\"https:\/\/luchonoticias.com\/\"],\"url\":\"https:\/\/luchonoticias.com\/editor\/author\/editor-general\/\"}]}<\/script>\n<!-- \/ Yoast SEO plugin. -->","yoast_head_json":{"title":"Huila alista segunda feria acu\u00edcola -","robots":{"index":"index","follow":"follow","max-snippet":"max-snippet:-1","max-image-preview":"max-image-preview:large","max-video-preview":"max-video-preview:-1"},"canonical":"https:\/\/luchonoticias.com\/editor\/huila-alista-segunda-feria-acuicola\/","og_locale":"es_ES","og_type":"article","og_title":"Huila alista segunda feria acu\u00edcola -","og_url":"https:\/\/luchonoticias.com\/editor\/huila-alista-segunda-feria-acuicola\/","article_publisher":"https:\/\/www.facebook.com\/luchonoticiasneiva","article_published_time":"2023-02-10T20:12:54+00:00","article_modified_time":"2023-02-10T20:12:55+00:00","author":"Editor General","twitter_card":"summary_large_image","twitter_misc":{"Escrito por":"Editor General","Tiempo de lectura":"2 minutos"},"schema":{"@context":"https:\/\/schema.org","@graph":[{"@type":"Article","@id":"https:\/\/luchonoticias.com\/editor\/huila-alista-segunda-feria-acuicola\/#article","isPartOf":{"@id":"https:\/\/luchonoticias.com\/editor\/huila-alista-segunda-feria-acuicola\/"},"author":{"name":"Editor General","@id":"https:\/\/luchonoticias.com\/editor\/#\/schema\/person\/29217990ddf6f14e35912b2866d591fb"},"headline":"Huila alista segunda feria acu\u00edcola","datePublished":"2023-02-10T20:12:54+00:00","dateModified":"2023-02-10T20:12:55+00:00","mainEntityOfPage":{"@id":"https:\/\/luchonoticias.com\/editor\/huila-alista-segunda-feria-acuicola\/"},"wordCount":386,"commentCount":0,"publisher":{"@id":"https:\/\/luchonoticias.com\/editor\/#\/schema\/person\/7a7fd911f58561fd056dbac7b55af9cd"},"articleSection":["Huila"],"inLanguage":"es","potentialAction":[{"@type":"CommentAction","name":"Comment","target":["https:\/\/luchonoticias.com\/editor\/huila-alista-segunda-feria-acuicola\/#respond"]}]},{"@type":"WebPage","@id":"https:\/\/luchonoticias.com\/editor\/huila-alista-segunda-feria-acuicola\/","url":"https:\/\/luchonoticias.com\/editor\/huila-alista-segunda-feria-acuicola\/","name":"Huila alista segunda feria acu\u00edcola -","isPartOf":{"@id":"https:\/\/luchonoticias.com\/editor\/#website"},"datePublished":"2023-02-10T20:12:54+00:00","dateModified":"2023-02-10T20:12:55+00:00","breadcrumb":{"@id":"https:\/\/luchonoticias.com\/editor\/huila-alista-segunda-feria-acuicola\/#breadcrumb"},"inLanguage":"es","potentialAction":[{"@type":"ReadAction","target":["https:\/\/luchonoticias.com\/editor\/huila-alista-segunda-feria-acuicola\/"]}]},{"@type":"BreadcrumbList","@id":"https:\/\/luchonoticias.com\/editor\/huila-alista-segunda-feria-acuicola\/#breadcrumb","itemListElement":[{"@type":"ListItem","position":1,"name":"Portada","item":"https:\/\/luchonoticias.com\/editor\/"},{"@type":"ListItem","position":2,"name":"Huila alista segunda feria acu\u00edcola"}]},{"@type":"WebSite","@id":"https:\/\/luchonoticias.com\/editor\/#website","url":"https:\/\/luchonoticias.com\/editor\/","name":"","description":"","publisher":{"@id":"https:\/\/luchonoticias.com\/editor\/#\/schema\/person\/7a7fd911f58561fd056dbac7b55af9cd"},"potentialAction":[{"@type":"SearchAction","target":{"@type":"EntryPoint","urlTemplate":"https:\/\/luchonoticias.com\/editor\/?s={search_term_string}"},"query-input":{"@type":"PropertyValueSpecification","valueRequired":true,"valueName":"search_term_string"}}],"inLanguage":"es"},{"@type":["Person","Organization"],"@id":"https:\/\/luchonoticias.com\/editor\/#\/schema\/person\/7a7fd911f58561fd056dbac7b55af9cd","name":"admin","image":{"@type":"ImageObject","inLanguage":"es","@id":"https:\/\/luchonoticias.com\/editor\/#\/schema\/person\/image\/","url":"https:\/\/luchonoticias.com\/editor\/wp-content\/uploads\/2024\/02\/cropped-cropped-logolu.webp","contentUrl":"https:\/\/luchonoticias.com\/editor\/wp-content\/uploads\/2024\/02\/cropped-cropped-logolu.webp","width":382,"height":170,"caption":"admin"},"logo":{"@id":"https:\/\/luchonoticias.com\/editor\/#\/schema\/person\/image\/"},"sameAs":["https:\/\/www.facebook.com\/luchonoticiasneiva"]},{"@type":"Person","@id":"https:\/\/luchonoticias.com\/editor\/#\/schema\/person\/29217990ddf6f14e35912b2866d591fb","name":"Editor General","image":{"@type":"ImageObject","inLanguage":"es","@id":"https:\/\/luchonoticias.com\/editor\/#\/schema\/person\/image\/","url":"https:\/\/luchonoticias.com\/editor\/wp-content\/uploads\/2024\/02\/cropped-cropped-logolu-150x150.webp","contentUrl":"https:\/\/luchonoticias.com\/editor\/wp-content\/uploads\/2024\/02\/cropped-cropped-logolu-150x150.webp","caption":"Editor General"},"sameAs":["https:\/\/luchonoticias.com\/"],"url":"https:\/\/luchonoticias.com\/editor\/author\/editor-general\/"}]}},"_links":{"self":[{"href":"https:\/\/luchonoticias.com\/editor\/wp-json\/wp\/v2\/posts\/45918","targetHints":{"allow":["GET"]}}],"collection":[{"href":"https:\/\/luchonoticias.com\/editor\/wp-json\/wp\/v2\/posts"}],"about":[{"href":"https:\/\/luchonoticias.com\/editor\/wp-json\/wp\/v2\/types\/post"}],"author":[{"embeddable":true,"href":"https:\/\/luchonoticias.com\/editor\/wp-json\/wp\/v2\/users\/2"}],"replies":[{"embeddable":true,"href":"https:\/\/luchonoticias.com\/editor\/wp-json\/wp\/v2\/comments?post=45918"}],"version-history":[{"count":0,"href":"https:\/\/luchonoticias.com\/editor\/wp-json\/wp\/v2\/posts\/45918\/revisions"}],"wp:attachment":[{"href":"https:\/\/luchonoticias.com\/editor\/wp-json\/wp\/v2\/media?parent=45918"}],"wp:term":[{"taxonomy":"category","embeddable":true,"href":"https:\/\/luchonoticias.com\/editor\/wp-json\/wp\/v2\/categories?post=45918"},{"taxonomy":"post_tag","embeddable":true,"href":"https:\/\/luchonoticias.com\/editor\/wp-json\/wp\/v2\/tags?post=45918"}],"curies":[{"name":"wp","href":"https:\/\/api.w.org\/{rel}","templated":true}]}}