{"id":45924,"date":"2023-02-10T15:20:59","date_gmt":"2023-02-10T20:20:59","guid":{"rendered":"https:\/\/luchonoticias.com\/?p=45924"},"modified":"2023-02-10T15:21:00","modified_gmt":"2023-02-10T20:21:00","slug":"fiscalia-dicta-orden-de-captura-a-la-cupula-del-clan-del-golfo","status":"publish","type":"post","link":"https:\/\/luchonoticias.com\/editor\/fiscalia-dicta-orden-de-captura-a-la-cupula-del-clan-del-golfo\/","title":{"rendered":"Fiscal\u00eda dicta orden de captura a la c\u00fapula del Clan del Golfo"},"content":{"rendered":"\n<p>Por solicitud de la Fiscal\u00eda General de la Naci\u00f3n, un juez de control de garant\u00edas emiti\u00f3 orden de captura en contra de los se\u00f1alados m\u00e1ximos cabecillas del \u2018Clan del Golfo\u2019, como presuntos responsables de contactar e instrumentalizar menores de edad para realizar diversas conductas delictivas en el norte de Antioquia.<\/p>\n\n\n\n<p>Abundante material de prueba da cuenta de que, entre 2021 y 2023, la organizaci\u00f3n criminal ha contactado a ni\u00f1as, ni\u00f1os y adolescentes que se sometieron a procesos de resocializaci\u00f3n y reinserci\u00f3n a la vida civil; y los ha inducido para que se vinculen a la subestructura Julio Cesar Vargas.<\/p>\n\n\n\n<p>En el curso de la investigaci\u00f3n, realizada de manera articulada con la Polic\u00eda Nacional, la Gobernaci\u00f3n de Antioquia y el Instituto Colombiano de Bienestar Familiar (ICBF), han sido detectadas, por lo menos, 20 v\u00edctimas en Brice\u00f1o, Valdivia, Yarumal y Santa Rosa de Osos (Antioquia).<\/p>\n\n\n\n<p>Las \u00f3rdenes de captura son por el delito de uso de menores de edad para la comisi\u00f3n de delitos y afectan a: Jobanis de Jes\u00fas \u00c1vila Villadiego, alias Chiquito Malo; Wilmer Antonio Giraldo Quiroz, alias Siopas; y Jos\u00e9 Gonzalo S\u00e1nchez S\u00e1nchez, alias Gonzalito, integrantes del denominado estado mayor del \u2018Clan del Golfo\u2019; y a Jos\u00e9 Ram\u00f3n Zapata P\u00e9rez, alias Gabino, se\u00f1alado jefe de la subestructura Julio Cesar Vargas.<\/p>\n\n\n\n<p>Las evidencias obtenidas por un fiscal de la Direcci\u00f3n de Apoyo a la Investigaci\u00f3n y An\u00e1lisis contra la Criminalidad Organizada indican que la instrumentalizaci\u00f3n de menores por parte del grupo armado ilegal corresponder\u00eda a una decisi\u00f3n jer\u00e1rquica, planeada y ejecutada seg\u00fan los lineamientos definidos por los presuntos m\u00e1ximos cabecillas del \u2018Clan del Golfo\u2019.<\/p>\n","protected":false},"excerpt":{"rendered":"<p>Por solicitud de la Fiscal\u00eda General de la Naci\u00f3n, un juez de control de garant\u00edas emiti\u00f3 orden de captura en contra de los se\u00f1alados m\u00e1ximos cabecillas del \u2018Clan del Golfo\u2019, como presuntos responsables de contactar e instrumentalizar menores de edad para realizar diversas conductas delictivas en el norte de Antioquia. Abundante material de prueba da [&hellip;]<\/p>\n","protected":false},"author":2,"featured_media":0,"comment_status":"open","ping_status":"open","sticky":false,"template":"","format":"standard","meta":{"footnotes":""},"categories":[28,36],"tags":[],"class_list":["post-45924","post","type-post","status-publish","format-standard","hentry","category-actualidad","category-destacado"],"yoast_head":"<!-- This site is optimized with the Yoast SEO plugin v26.6 - https:\/\/yoast.com\/wordpress\/plugins\/seo\/ -->\n<title>Fiscal\u00eda dicta orden de captura a la c\u00fapula del Clan del Golfo -<\/title>\n<meta name=\"robots\" content=\"index, follow, max-snippet:-1, max-image-preview:large, max-video-preview:-1\" \/>\n<link rel=\"canonical\" href=\"https:\/\/luchonoticias.com\/editor\/fiscalia-dicta-orden-de-captura-a-la-cupula-del-clan-del-golfo\/\" \/>\n<meta property=\"og:locale\" content=\"es_ES\" \/>\n<meta property=\"og:type\" content=\"article\" \/>\n<meta property=\"og:title\" content=\"Fiscal\u00eda dicta orden de captura a la c\u00fapula del Clan del Golfo -\" \/>\n<meta property=\"og:url\" content=\"https:\/\/luchonoticias.com\/editor\/fiscalia-dicta-orden-de-captura-a-la-cupula-del-clan-del-golfo\/\" \/>\n<meta property=\"article:publisher\" content=\"https:\/\/www.facebook.com\/luchonoticiasneiva\" \/>\n<meta property=\"article:published_time\" content=\"2023-02-10T20:20:59+00:00\" \/>\n<meta property=\"article:modified_time\" content=\"2023-02-10T20:21:00+00:00\" \/>\n<meta name=\"author\" content=\"Editor General\" \/>\n<meta name=\"twitter:card\" content=\"summary_large_image\" \/>\n<meta name=\"twitter:label1\" content=\"Escrito por\" \/>\n\t<meta name=\"twitter:data1\" content=\"Editor General\" \/>\n\t<meta name=\"twitter:label2\" content=\"Tiempo de lectura\" \/>\n\t<meta name=\"twitter:data2\" content=\"1 minuto\" \/>\n<script type=\"application\/ld+json\" class=\"yoast-schema-graph\">{\"@context\":\"https:\/\/schema.org\",\"@graph\":[{\"@type\":\"Article\",\"@id\":\"https:\/\/luchonoticias.com\/editor\/fiscalia-dicta-orden-de-captura-a-la-cupula-del-clan-del-golfo\/#article\",\"isPartOf\":{\"@id\":\"https:\/\/luchonoticias.com\/editor\/fiscalia-dicta-orden-de-captura-a-la-cupula-del-clan-del-golfo\/\"},\"author\":{\"name\":\"Editor General\",\"@id\":\"https:\/\/luchonoticias.com\/editor\/#\/schema\/person\/29217990ddf6f14e35912b2866d591fb\"},\"headline\":\"Fiscal\u00eda dicta orden de captura a la c\u00fapula del Clan del Golfo\",\"datePublished\":\"2023-02-10T20:20:59+00:00\",\"dateModified\":\"2023-02-10T20:21:00+00:00\",\"mainEntityOfPage\":{\"@id\":\"https:\/\/luchonoticias.com\/editor\/fiscalia-dicta-orden-de-captura-a-la-cupula-del-clan-del-golfo\/\"},\"wordCount\":306,\"commentCount\":0,\"publisher\":{\"@id\":\"https:\/\/luchonoticias.com\/editor\/#\/schema\/person\/7a7fd911f58561fd056dbac7b55af9cd\"},\"articleSection\":[\"Actualidad\",\"Destacado\"],\"inLanguage\":\"es\",\"potentialAction\":[{\"@type\":\"CommentAction\",\"name\":\"Comment\",\"target\":[\"https:\/\/luchonoticias.com\/editor\/fiscalia-dicta-orden-de-captura-a-la-cupula-del-clan-del-golfo\/#respond\"]}]},{\"@type\":\"WebPage\",\"@id\":\"https:\/\/luchonoticias.com\/editor\/fiscalia-dicta-orden-de-captura-a-la-cupula-del-clan-del-golfo\/\",\"url\":\"https:\/\/luchonoticias.com\/editor\/fiscalia-dicta-orden-de-captura-a-la-cupula-del-clan-del-golfo\/\",\"name\":\"Fiscal\u00eda dicta orden de captura a la c\u00fapula del Clan del Golfo -\",\"isPartOf\":{\"@id\":\"https:\/\/luchonoticias.com\/editor\/#website\"},\"datePublished\":\"2023-02-10T20:20:59+00:00\",\"dateModified\":\"2023-02-10T20:21:00+00:00\",\"breadcrumb\":{\"@id\":\"https:\/\/luchonoticias.com\/editor\/fiscalia-dicta-orden-de-captura-a-la-cupula-del-clan-del-golfo\/#breadcrumb\"},\"inLanguage\":\"es\",\"potentialAction\":[{\"@type\":\"ReadAction\",\"target\":[\"https:\/\/luchonoticias.com\/editor\/fiscalia-dicta-orden-de-captura-a-la-cupula-del-clan-del-golfo\/\"]}]},{\"@type\":\"BreadcrumbList\",\"@id\":\"https:\/\/luchonoticias.com\/editor\/fiscalia-dicta-orden-de-captura-a-la-cupula-del-clan-del-golfo\/#breadcrumb\",\"itemListElement\":[{\"@type\":\"ListItem\",\"position\":1,\"name\":\"Portada\",\"item\":\"https:\/\/luchonoticias.com\/editor\/\"},{\"@type\":\"ListItem\",\"position\":2,\"name\":\"Fiscal\u00eda dicta orden de captura a la c\u00fapula del Clan del Golfo\"}]},{\"@type\":\"WebSite\",\"@id\":\"https:\/\/luchonoticias.com\/editor\/#website\",\"url\":\"https:\/\/luchonoticias.com\/editor\/\",\"name\":\"\",\"description\":\"\",\"publisher\":{\"@id\":\"https:\/\/luchonoticias.com\/editor\/#\/schema\/person\/7a7fd911f58561fd056dbac7b55af9cd\"},\"potentialAction\":[{\"@type\":\"SearchAction\",\"target\":{\"@type\":\"EntryPoint\",\"urlTemplate\":\"https:\/\/luchonoticias.com\/editor\/?s={search_term_string}\"},\"query-input\":{\"@type\":\"PropertyValueSpecification\",\"valueRequired\":true,\"valueName\":\"search_term_string\"}}],\"inLanguage\":\"es\"},{\"@type\":[\"Person\",\"Organization\"],\"@id\":\"https:\/\/luchonoticias.com\/editor\/#\/schema\/person\/7a7fd911f58561fd056dbac7b55af9cd\",\"name\":\"admin\",\"image\":{\"@type\":\"ImageObject\",\"inLanguage\":\"es\",\"@id\":\"https:\/\/luchonoticias.com\/editor\/#\/schema\/person\/image\/\",\"url\":\"https:\/\/luchonoticias.com\/editor\/wp-content\/uploads\/2024\/02\/cropped-cropped-logolu.webp\",\"contentUrl\":\"https:\/\/luchonoticias.com\/editor\/wp-content\/uploads\/2024\/02\/cropped-cropped-logolu.webp\",\"width\":382,\"height\":170,\"caption\":\"admin\"},\"logo\":{\"@id\":\"https:\/\/luchonoticias.com\/editor\/#\/schema\/person\/image\/\"},\"sameAs\":[\"https:\/\/www.facebook.com\/luchonoticiasneiva\"]},{\"@type\":\"Person\",\"@id\":\"https:\/\/luchonoticias.com\/editor\/#\/schema\/person\/29217990ddf6f14e35912b2866d591fb\",\"name\":\"Editor General\",\"image\":{\"@type\":\"ImageObject\",\"inLanguage\":\"es\",\"@id\":\"https:\/\/luchonoticias.com\/editor\/#\/schema\/person\/image\/\",\"url\":\"https:\/\/luchonoticias.com\/editor\/wp-content\/uploads\/2024\/02\/cropped-cropped-logolu-150x150.webp\",\"contentUrl\":\"https:\/\/luchonoticias.com\/editor\/wp-content\/uploads\/2024\/02\/cropped-cropped-logolu-150x150.webp\",\"caption\":\"Editor General\"},\"sameAs\":[\"https:\/\/luchonoticias.com\/\"],\"url\":\"https:\/\/luchonoticias.com\/editor\/author\/editor-general\/\"}]}<\/script>\n<!-- \/ Yoast SEO plugin. -->","yoast_head_json":{"title":"Fiscal\u00eda dicta orden de captura a la c\u00fapula del Clan del Golfo -","robots":{"index":"index","follow":"follow","max-snippet":"max-snippet:-1","max-image-preview":"max-image-preview:large","max-video-preview":"max-video-preview:-1"},"canonical":"https:\/\/luchonoticias.com\/editor\/fiscalia-dicta-orden-de-captura-a-la-cupula-del-clan-del-golfo\/","og_locale":"es_ES","og_type":"article","og_title":"Fiscal\u00eda dicta orden de captura a la c\u00fapula del Clan del Golfo -","og_url":"https:\/\/luchonoticias.com\/editor\/fiscalia-dicta-orden-de-captura-a-la-cupula-del-clan-del-golfo\/","article_publisher":"https:\/\/www.facebook.com\/luchonoticiasneiva","article_published_time":"2023-02-10T20:20:59+00:00","article_modified_time":"2023-02-10T20:21:00+00:00","author":"Editor General","twitter_card":"summary_large_image","twitter_misc":{"Escrito por":"Editor General","Tiempo de lectura":"1 minuto"},"schema":{"@context":"https:\/\/schema.org","@graph":[{"@type":"Article","@id":"https:\/\/luchonoticias.com\/editor\/fiscalia-dicta-orden-de-captura-a-la-cupula-del-clan-del-golfo\/#article","isPartOf":{"@id":"https:\/\/luchonoticias.com\/editor\/fiscalia-dicta-orden-de-captura-a-la-cupula-del-clan-del-golfo\/"},"author":{"name":"Editor General","@id":"https:\/\/luchonoticias.com\/editor\/#\/schema\/person\/29217990ddf6f14e35912b2866d591fb"},"headline":"Fiscal\u00eda dicta orden de captura a la c\u00fapula del Clan del Golfo","datePublished":"2023-02-10T20:20:59+00:00","dateModified":"2023-02-10T20:21:00+00:00","mainEntityOfPage":{"@id":"https:\/\/luchonoticias.com\/editor\/fiscalia-dicta-orden-de-captura-a-la-cupula-del-clan-del-golfo\/"},"wordCount":306,"commentCount":0,"publisher":{"@id":"https:\/\/luchonoticias.com\/editor\/#\/schema\/person\/7a7fd911f58561fd056dbac7b55af9cd"},"articleSection":["Actualidad","Destacado"],"inLanguage":"es","potentialAction":[{"@type":"CommentAction","name":"Comment","target":["https:\/\/luchonoticias.com\/editor\/fiscalia-dicta-orden-de-captura-a-la-cupula-del-clan-del-golfo\/#respond"]}]},{"@type":"WebPage","@id":"https:\/\/luchonoticias.com\/editor\/fiscalia-dicta-orden-de-captura-a-la-cupula-del-clan-del-golfo\/","url":"https:\/\/luchonoticias.com\/editor\/fiscalia-dicta-orden-de-captura-a-la-cupula-del-clan-del-golfo\/","name":"Fiscal\u00eda dicta orden de captura a la c\u00fapula del Clan del Golfo -","isPartOf":{"@id":"https:\/\/luchonoticias.com\/editor\/#website"},"datePublished":"2023-02-10T20:20:59+00:00","dateModified":"2023-02-10T20:21:00+00:00","breadcrumb":{"@id":"https:\/\/luchonoticias.com\/editor\/fiscalia-dicta-orden-de-captura-a-la-cupula-del-clan-del-golfo\/#breadcrumb"},"inLanguage":"es","potentialAction":[{"@type":"ReadAction","target":["https:\/\/luchonoticias.com\/editor\/fiscalia-dicta-orden-de-captura-a-la-cupula-del-clan-del-golfo\/"]}]},{"@type":"BreadcrumbList","@id":"https:\/\/luchonoticias.com\/editor\/fiscalia-dicta-orden-de-captura-a-la-cupula-del-clan-del-golfo\/#breadcrumb","itemListElement":[{"@type":"ListItem","position":1,"name":"Portada","item":"https:\/\/luchonoticias.com\/editor\/"},{"@type":"ListItem","position":2,"name":"Fiscal\u00eda dicta orden de captura a la c\u00fapula del Clan del Golfo"}]},{"@type":"WebSite","@id":"https:\/\/luchonoticias.com\/editor\/#website","url":"https:\/\/luchonoticias.com\/editor\/","name":"","description":"","publisher":{"@id":"https:\/\/luchonoticias.com\/editor\/#\/schema\/person\/7a7fd911f58561fd056dbac7b55af9cd"},"potentialAction":[{"@type":"SearchAction","target":{"@type":"EntryPoint","urlTemplate":"https:\/\/luchonoticias.com\/editor\/?s={search_term_string}"},"query-input":{"@type":"PropertyValueSpecification","valueRequired":true,"valueName":"search_term_string"}}],"inLanguage":"es"},{"@type":["Person","Organization"],"@id":"https:\/\/luchonoticias.com\/editor\/#\/schema\/person\/7a7fd911f58561fd056dbac7b55af9cd","name":"admin","image":{"@type":"ImageObject","inLanguage":"es","@id":"https:\/\/luchonoticias.com\/editor\/#\/schema\/person\/image\/","url":"https:\/\/luchonoticias.com\/editor\/wp-content\/uploads\/2024\/02\/cropped-cropped-logolu.webp","contentUrl":"https:\/\/luchonoticias.com\/editor\/wp-content\/uploads\/2024\/02\/cropped-cropped-logolu.webp","width":382,"height":170,"caption":"admin"},"logo":{"@id":"https:\/\/luchonoticias.com\/editor\/#\/schema\/person\/image\/"},"sameAs":["https:\/\/www.facebook.com\/luchonoticiasneiva"]},{"@type":"Person","@id":"https:\/\/luchonoticias.com\/editor\/#\/schema\/person\/29217990ddf6f14e35912b2866d591fb","name":"Editor General","image":{"@type":"ImageObject","inLanguage":"es","@id":"https:\/\/luchonoticias.com\/editor\/#\/schema\/person\/image\/","url":"https:\/\/luchonoticias.com\/editor\/wp-content\/uploads\/2024\/02\/cropped-cropped-logolu-150x150.webp","contentUrl":"https:\/\/luchonoticias.com\/editor\/wp-content\/uploads\/2024\/02\/cropped-cropped-logolu-150x150.webp","caption":"Editor General"},"sameAs":["https:\/\/luchonoticias.com\/"],"url":"https:\/\/luchonoticias.com\/editor\/author\/editor-general\/"}]}},"_links":{"self":[{"href":"https:\/\/luchonoticias.com\/editor\/wp-json\/wp\/v2\/posts\/45924","targetHints":{"allow":["GET"]}}],"collection":[{"href":"https:\/\/luchonoticias.com\/editor\/wp-json\/wp\/v2\/posts"}],"about":[{"href":"https:\/\/luchonoticias.com\/editor\/wp-json\/wp\/v2\/types\/post"}],"author":[{"embeddable":true,"href":"https:\/\/luchonoticias.com\/editor\/wp-json\/wp\/v2\/users\/2"}],"replies":[{"embeddable":true,"href":"https:\/\/luchonoticias.com\/editor\/wp-json\/wp\/v2\/comments?post=45924"}],"version-history":[{"count":0,"href":"https:\/\/luchonoticias.com\/editor\/wp-json\/wp\/v2\/posts\/45924\/revisions"}],"wp:attachment":[{"href":"https:\/\/luchonoticias.com\/editor\/wp-json\/wp\/v2\/media?parent=45924"}],"wp:term":[{"taxonomy":"category","embeddable":true,"href":"https:\/\/luchonoticias.com\/editor\/wp-json\/wp\/v2\/categories?post=45924"},{"taxonomy":"post_tag","embeddable":true,"href":"https:\/\/luchonoticias.com\/editor\/wp-json\/wp\/v2\/tags?post=45924"}],"curies":[{"name":"wp","href":"https:\/\/api.w.org\/{rel}","templated":true}]}}