{"id":45927,"date":"2023-02-10T20:08:43","date_gmt":"2023-02-11T01:08:43","guid":{"rendered":"https:\/\/luchonoticias.com\/?p=45927"},"modified":"2023-02-10T20:08:44","modified_gmt":"2023-02-11T01:08:44","slug":"cuarta-derrota-del-atletico-huila","status":"publish","type":"post","link":"https:\/\/luchonoticias.com\/editor\/cuarta-derrota-del-atletico-huila\/","title":{"rendered":"Cuarta derrota del Atl\u00e9tico Huila"},"content":{"rendered":"\n<p><strong>Atl\u00e9tico Huila<\/strong>&nbsp;sigue sin levantar cabeza en el campeonato de liga, el conjunto regional&nbsp;<strong>cay\u00f3 2:0 ante Alianza Petrolera<\/strong>&nbsp;en juego de apertura de la cuarta fecha.<\/p>\n\n\n\n<p>Solo un primer tiempo le bast\u00f3 a los santandereanos (que&nbsp;<strong>no tuvieron en sus filas a Leonardo Salda\u00f1a<\/strong>) para vencer a un Huila que dispuso de varias opciones pero&nbsp;<strong>la mala punter\u00eda y dos expulsiones<\/strong>, terminaron por dejarlo como perdedor.<\/p>\n\n\n\n<p>En lo que fue la primera parte el onceno regional tuvo que&nbsp;<strong>soportar la presi\u00f3n del cuadro local<\/strong>&nbsp;que tuvo varias opciones con nombres como Luciano Ospina, Pablo Bueno y Luis Miguel Angulo; siendo Bueno el que tuvo una clara opci\u00f3n al minuto 21 y que termin\u00f3 desviado.<\/p>\n\n\n\n<p>Por su parte&nbsp;<strong>el conjunto huilense tuvo dos opciones<\/strong>&nbsp;luego de la media hora de juego con Gustavo Britos (remate a ras de piso parado por su portero) y Blas D\u00edaz, no obstante lo m\u00e1s sobresaliente para los dirigidos por N\u00e9stor Craviotto fue la&nbsp;<strong>expulsi\u00f3n de George Saunders&nbsp;<\/strong>al minuto 30.<\/p>\n\n\n\n<p>Ya sobre el final\u00a0<strong>los locales apretaron con cinco incursiones<\/strong>\u00a0entre los minutos 38 y 43, no obstante esa insistencia se tradujo en los\u00a0<strong>goles santandereanos<\/strong>: al minuto 45 con\u00a0<strong>Ferlys Garc\u00eda<\/strong>\u00a0y en tiempo a\u00f1adido\u00a0<strong>Pedro Franco\u00a0<\/strong>puso la segunda diana, resultado con el que ambas escuadras se fueron al descanso.<\/p>\n\n\n\n<p><\/p>\n\n\n\n<figure class=\"wp-block-image size-full\"><img decoding=\"async\" src=\"https:\/\/luchonoticias.com\/wp-content\/uploads\/2023\/02\/Mesa-de-trabajo-5-50.jpg\" alt=\"\" class=\"wp-image-45929\"\/><\/figure>\n\n\n\n<p><\/p>\n\n\n\n<h5 class=\"wp-block-heading\">Huila intenta reaccionar<\/h5>\n\n\n\n<p>Para el&nbsp;<strong>periodo complementari<\/strong>o Huila comenz\u00f3 con la entrada de Ronaldo Tavera en detrimento de Sebasti\u00e1n Hern\u00e1ndez y al poco tiempo&nbsp;<strong>empez\u00f3 una t\u00edmida reacci\u00f3n<\/strong>&nbsp;con un remate fallido de Faber Gil al minuto del complemento.<\/p>\n\n\n\n<p>A los 53 minutos&nbsp;<strong>vuelven a insistir los opitas<\/strong>&nbsp;con&nbsp;<strong>Blas D\u00edaz<\/strong>&nbsp;mediante un remate rechazado de media distancia y al poco tiempo se&nbsp;<strong>Leonardo Escorcia<\/strong>&nbsp;se une a la causa, no obstante el marcador sigue sin moverse.<\/p>\n\n\n\n<p>La cosa adquiere\u00a0<strong>tintes dram\u00e1ticos<\/strong>\u00a0para el Huila cuando al minuto 57 una falta dentro del \u00e1rea de Pedro Franco se transforma en un\u00a0<strong>penal para los huilenses,<\/strong>\u00a0no obstante\u00a0<strong>Leonardo Escorcia falla en la ejecuci\u00f3n.<\/strong><\/p>\n\n\n\n<p><\/p>\n\n\n\n<figure class=\"wp-block-image size-full\"><img decoding=\"async\" src=\"https:\/\/luchonoticias.com\/wp-content\/uploads\/2023\/02\/Mesa-de-trabajo-2-50-1.jpg\" alt=\"\" class=\"wp-image-45930\"\/><\/figure>\n\n\n\n<p><\/p>\n\n\n\n<p>A la hora de partido lo intenta&nbsp;<strong>Faber Gil<\/strong>&nbsp;con un remate de larga distancia pero al poco tiempo&nbsp;<strong>los locales reanudan sus incursiones&nbsp;<\/strong>con Harrison Moj\u00edca y despu\u00e9s con Luis Miguel Angulo con un remate de media distancia.<\/p>\n\n\n\n<p>Luego de los 70 minutos el Huila intent\u00f3 de nuevo con tres incursiones m\u00e1s pero toda opci\u00f3n de, al menos conseguir el descuento se fue al traste al minuto 83 con la&nbsp;<strong>expulsi\u00f3n de Aldair Cantillo<\/strong>, triste escena con la que los huilenses se siguen hundiendo en la parte baja de la tabla.<\/p>\n","protected":false},"excerpt":{"rendered":"<p>Atl\u00e9tico Huila&nbsp;sigue sin levantar cabeza en el campeonato de liga, el conjunto regional&nbsp;cay\u00f3 2:0 ante Alianza Petrolera&nbsp;en juego de apertura de la cuarta fecha. Solo un primer tiempo le bast\u00f3 a los santandereanos (que&nbsp;no tuvieron en sus filas a Leonardo Salda\u00f1a) para vencer a un Huila que dispuso de varias opciones pero&nbsp;la mala punter\u00eda y [&hellip;]<\/p>\n","protected":false},"author":2,"featured_media":0,"comment_status":"open","ping_status":"open","sticky":false,"template":"","format":"standard","meta":{"footnotes":""},"categories":[34],"tags":[],"class_list":["post-45927","post","type-post","status-publish","format-standard","hentry","category-deportes"],"yoast_head":"<!-- This site is optimized with the Yoast SEO plugin v26.6 - https:\/\/yoast.com\/wordpress\/plugins\/seo\/ -->\n<title>Cuarta derrota del Atl\u00e9tico Huila -<\/title>\n<meta name=\"robots\" content=\"index, follow, max-snippet:-1, max-image-preview:large, max-video-preview:-1\" \/>\n<link rel=\"canonical\" href=\"https:\/\/luchonoticias.com\/editor\/cuarta-derrota-del-atletico-huila\/\" \/>\n<meta property=\"og:locale\" content=\"es_ES\" \/>\n<meta property=\"og:type\" content=\"article\" \/>\n<meta property=\"og:title\" content=\"Cuarta derrota del Atl\u00e9tico Huila -\" \/>\n<meta property=\"og:url\" content=\"https:\/\/luchonoticias.com\/editor\/cuarta-derrota-del-atletico-huila\/\" \/>\n<meta property=\"article:publisher\" content=\"https:\/\/www.facebook.com\/luchonoticiasneiva\" \/>\n<meta property=\"article:published_time\" content=\"2023-02-11T01:08:43+00:00\" \/>\n<meta property=\"article:modified_time\" content=\"2023-02-11T01:08:44+00:00\" \/>\n<meta property=\"og:image\" content=\"https:\/\/luchonoticias.com\/wp-content\/uploads\/2023\/02\/Mesa-de-trabajo-5-50.jpg\" \/>\n<meta name=\"author\" content=\"Editor General\" \/>\n<meta name=\"twitter:card\" content=\"summary_large_image\" \/>\n<meta name=\"twitter:label1\" content=\"Escrito por\" \/>\n\t<meta name=\"twitter:data1\" content=\"Editor General\" \/>\n\t<meta name=\"twitter:label2\" content=\"Tiempo de lectura\" \/>\n\t<meta name=\"twitter:data2\" content=\"2 minutos\" \/>\n<script type=\"application\/ld+json\" class=\"yoast-schema-graph\">{\"@context\":\"https:\/\/schema.org\",\"@graph\":[{\"@type\":\"Article\",\"@id\":\"https:\/\/luchonoticias.com\/editor\/cuarta-derrota-del-atletico-huila\/#article\",\"isPartOf\":{\"@id\":\"https:\/\/luchonoticias.com\/editor\/cuarta-derrota-del-atletico-huila\/\"},\"author\":{\"name\":\"Editor General\",\"@id\":\"https:\/\/luchonoticias.com\/editor\/#\/schema\/person\/29217990ddf6f14e35912b2866d591fb\"},\"headline\":\"Cuarta derrota del Atl\u00e9tico Huila\",\"datePublished\":\"2023-02-11T01:08:43+00:00\",\"dateModified\":\"2023-02-11T01:08:44+00:00\",\"mainEntityOfPage\":{\"@id\":\"https:\/\/luchonoticias.com\/editor\/cuarta-derrota-del-atletico-huila\/\"},\"wordCount\":467,\"commentCount\":0,\"publisher\":{\"@id\":\"https:\/\/luchonoticias.com\/editor\/#\/schema\/person\/7a7fd911f58561fd056dbac7b55af9cd\"},\"image\":{\"@id\":\"https:\/\/luchonoticias.com\/editor\/cuarta-derrota-del-atletico-huila\/#primaryimage\"},\"thumbnailUrl\":\"https:\/\/luchonoticias.com\/wp-content\/uploads\/2023\/02\/Mesa-de-trabajo-5-50.jpg\",\"articleSection\":[\"Deportes\"],\"inLanguage\":\"es\",\"potentialAction\":[{\"@type\":\"CommentAction\",\"name\":\"Comment\",\"target\":[\"https:\/\/luchonoticias.com\/editor\/cuarta-derrota-del-atletico-huila\/#respond\"]}]},{\"@type\":\"WebPage\",\"@id\":\"https:\/\/luchonoticias.com\/editor\/cuarta-derrota-del-atletico-huila\/\",\"url\":\"https:\/\/luchonoticias.com\/editor\/cuarta-derrota-del-atletico-huila\/\",\"name\":\"Cuarta derrota del Atl\u00e9tico Huila -\",\"isPartOf\":{\"@id\":\"https:\/\/luchonoticias.com\/editor\/#website\"},\"primaryImageOfPage\":{\"@id\":\"https:\/\/luchonoticias.com\/editor\/cuarta-derrota-del-atletico-huila\/#primaryimage\"},\"image\":{\"@id\":\"https:\/\/luchonoticias.com\/editor\/cuarta-derrota-del-atletico-huila\/#primaryimage\"},\"thumbnailUrl\":\"https:\/\/luchonoticias.com\/wp-content\/uploads\/2023\/02\/Mesa-de-trabajo-5-50.jpg\",\"datePublished\":\"2023-02-11T01:08:43+00:00\",\"dateModified\":\"2023-02-11T01:08:44+00:00\",\"breadcrumb\":{\"@id\":\"https:\/\/luchonoticias.com\/editor\/cuarta-derrota-del-atletico-huila\/#breadcrumb\"},\"inLanguage\":\"es\",\"potentialAction\":[{\"@type\":\"ReadAction\",\"target\":[\"https:\/\/luchonoticias.com\/editor\/cuarta-derrota-del-atletico-huila\/\"]}]},{\"@type\":\"ImageObject\",\"inLanguage\":\"es\",\"@id\":\"https:\/\/luchonoticias.com\/editor\/cuarta-derrota-del-atletico-huila\/#primaryimage\",\"url\":\"https:\/\/luchonoticias.com\/wp-content\/uploads\/2023\/02\/Mesa-de-trabajo-5-50.jpg\",\"contentUrl\":\"https:\/\/luchonoticias.com\/wp-content\/uploads\/2023\/02\/Mesa-de-trabajo-5-50.jpg\"},{\"@type\":\"BreadcrumbList\",\"@id\":\"https:\/\/luchonoticias.com\/editor\/cuarta-derrota-del-atletico-huila\/#breadcrumb\",\"itemListElement\":[{\"@type\":\"ListItem\",\"position\":1,\"name\":\"Portada\",\"item\":\"https:\/\/luchonoticias.com\/editor\/\"},{\"@type\":\"ListItem\",\"position\":2,\"name\":\"Cuarta derrota del Atl\u00e9tico Huila\"}]},{\"@type\":\"WebSite\",\"@id\":\"https:\/\/luchonoticias.com\/editor\/#website\",\"url\":\"https:\/\/luchonoticias.com\/editor\/\",\"name\":\"\",\"description\":\"\",\"publisher\":{\"@id\":\"https:\/\/luchonoticias.com\/editor\/#\/schema\/person\/7a7fd911f58561fd056dbac7b55af9cd\"},\"potentialAction\":[{\"@type\":\"SearchAction\",\"target\":{\"@type\":\"EntryPoint\",\"urlTemplate\":\"https:\/\/luchonoticias.com\/editor\/?s={search_term_string}\"},\"query-input\":{\"@type\":\"PropertyValueSpecification\",\"valueRequired\":true,\"valueName\":\"search_term_string\"}}],\"inLanguage\":\"es\"},{\"@type\":[\"Person\",\"Organization\"],\"@id\":\"https:\/\/luchonoticias.com\/editor\/#\/schema\/person\/7a7fd911f58561fd056dbac7b55af9cd\",\"name\":\"admin\",\"image\":{\"@type\":\"ImageObject\",\"inLanguage\":\"es\",\"@id\":\"https:\/\/luchonoticias.com\/editor\/#\/schema\/person\/image\/\",\"url\":\"https:\/\/luchonoticias.com\/editor\/wp-content\/uploads\/2024\/02\/cropped-cropped-logolu.webp\",\"contentUrl\":\"https:\/\/luchonoticias.com\/editor\/wp-content\/uploads\/2024\/02\/cropped-cropped-logolu.webp\",\"width\":382,\"height\":170,\"caption\":\"admin\"},\"logo\":{\"@id\":\"https:\/\/luchonoticias.com\/editor\/#\/schema\/person\/image\/\"},\"sameAs\":[\"https:\/\/www.facebook.com\/luchonoticiasneiva\"]},{\"@type\":\"Person\",\"@id\":\"https:\/\/luchonoticias.com\/editor\/#\/schema\/person\/29217990ddf6f14e35912b2866d591fb\",\"name\":\"Editor General\",\"image\":{\"@type\":\"ImageObject\",\"inLanguage\":\"es\",\"@id\":\"https:\/\/luchonoticias.com\/editor\/#\/schema\/person\/image\/\",\"url\":\"https:\/\/luchonoticias.com\/editor\/wp-content\/uploads\/2024\/02\/cropped-cropped-logolu-150x150.webp\",\"contentUrl\":\"https:\/\/luchonoticias.com\/editor\/wp-content\/uploads\/2024\/02\/cropped-cropped-logolu-150x150.webp\",\"caption\":\"Editor General\"},\"sameAs\":[\"https:\/\/luchonoticias.com\/\"],\"url\":\"https:\/\/luchonoticias.com\/editor\/author\/editor-general\/\"}]}<\/script>\n<!-- \/ Yoast SEO plugin. -->","yoast_head_json":{"title":"Cuarta derrota del Atl\u00e9tico Huila -","robots":{"index":"index","follow":"follow","max-snippet":"max-snippet:-1","max-image-preview":"max-image-preview:large","max-video-preview":"max-video-preview:-1"},"canonical":"https:\/\/luchonoticias.com\/editor\/cuarta-derrota-del-atletico-huila\/","og_locale":"es_ES","og_type":"article","og_title":"Cuarta derrota del Atl\u00e9tico Huila -","og_url":"https:\/\/luchonoticias.com\/editor\/cuarta-derrota-del-atletico-huila\/","article_publisher":"https:\/\/www.facebook.com\/luchonoticiasneiva","article_published_time":"2023-02-11T01:08:43+00:00","article_modified_time":"2023-02-11T01:08:44+00:00","og_image":[{"url":"https:\/\/luchonoticias.com\/wp-content\/uploads\/2023\/02\/Mesa-de-trabajo-5-50.jpg","type":"","width":"","height":""}],"author":"Editor General","twitter_card":"summary_large_image","twitter_misc":{"Escrito por":"Editor General","Tiempo de lectura":"2 minutos"},"schema":{"@context":"https:\/\/schema.org","@graph":[{"@type":"Article","@id":"https:\/\/luchonoticias.com\/editor\/cuarta-derrota-del-atletico-huila\/#article","isPartOf":{"@id":"https:\/\/luchonoticias.com\/editor\/cuarta-derrota-del-atletico-huila\/"},"author":{"name":"Editor General","@id":"https:\/\/luchonoticias.com\/editor\/#\/schema\/person\/29217990ddf6f14e35912b2866d591fb"},"headline":"Cuarta derrota del Atl\u00e9tico Huila","datePublished":"2023-02-11T01:08:43+00:00","dateModified":"2023-02-11T01:08:44+00:00","mainEntityOfPage":{"@id":"https:\/\/luchonoticias.com\/editor\/cuarta-derrota-del-atletico-huila\/"},"wordCount":467,"commentCount":0,"publisher":{"@id":"https:\/\/luchonoticias.com\/editor\/#\/schema\/person\/7a7fd911f58561fd056dbac7b55af9cd"},"image":{"@id":"https:\/\/luchonoticias.com\/editor\/cuarta-derrota-del-atletico-huila\/#primaryimage"},"thumbnailUrl":"https:\/\/luchonoticias.com\/wp-content\/uploads\/2023\/02\/Mesa-de-trabajo-5-50.jpg","articleSection":["Deportes"],"inLanguage":"es","potentialAction":[{"@type":"CommentAction","name":"Comment","target":["https:\/\/luchonoticias.com\/editor\/cuarta-derrota-del-atletico-huila\/#respond"]}]},{"@type":"WebPage","@id":"https:\/\/luchonoticias.com\/editor\/cuarta-derrota-del-atletico-huila\/","url":"https:\/\/luchonoticias.com\/editor\/cuarta-derrota-del-atletico-huila\/","name":"Cuarta derrota del Atl\u00e9tico Huila -","isPartOf":{"@id":"https:\/\/luchonoticias.com\/editor\/#website"},"primaryImageOfPage":{"@id":"https:\/\/luchonoticias.com\/editor\/cuarta-derrota-del-atletico-huila\/#primaryimage"},"image":{"@id":"https:\/\/luchonoticias.com\/editor\/cuarta-derrota-del-atletico-huila\/#primaryimage"},"thumbnailUrl":"https:\/\/luchonoticias.com\/wp-content\/uploads\/2023\/02\/Mesa-de-trabajo-5-50.jpg","datePublished":"2023-02-11T01:08:43+00:00","dateModified":"2023-02-11T01:08:44+00:00","breadcrumb":{"@id":"https:\/\/luchonoticias.com\/editor\/cuarta-derrota-del-atletico-huila\/#breadcrumb"},"inLanguage":"es","potentialAction":[{"@type":"ReadAction","target":["https:\/\/luchonoticias.com\/editor\/cuarta-derrota-del-atletico-huila\/"]}]},{"@type":"ImageObject","inLanguage":"es","@id":"https:\/\/luchonoticias.com\/editor\/cuarta-derrota-del-atletico-huila\/#primaryimage","url":"https:\/\/luchonoticias.com\/wp-content\/uploads\/2023\/02\/Mesa-de-trabajo-5-50.jpg","contentUrl":"https:\/\/luchonoticias.com\/wp-content\/uploads\/2023\/02\/Mesa-de-trabajo-5-50.jpg"},{"@type":"BreadcrumbList","@id":"https:\/\/luchonoticias.com\/editor\/cuarta-derrota-del-atletico-huila\/#breadcrumb","itemListElement":[{"@type":"ListItem","position":1,"name":"Portada","item":"https:\/\/luchonoticias.com\/editor\/"},{"@type":"ListItem","position":2,"name":"Cuarta derrota del Atl\u00e9tico Huila"}]},{"@type":"WebSite","@id":"https:\/\/luchonoticias.com\/editor\/#website","url":"https:\/\/luchonoticias.com\/editor\/","name":"","description":"","publisher":{"@id":"https:\/\/luchonoticias.com\/editor\/#\/schema\/person\/7a7fd911f58561fd056dbac7b55af9cd"},"potentialAction":[{"@type":"SearchAction","target":{"@type":"EntryPoint","urlTemplate":"https:\/\/luchonoticias.com\/editor\/?s={search_term_string}"},"query-input":{"@type":"PropertyValueSpecification","valueRequired":true,"valueName":"search_term_string"}}],"inLanguage":"es"},{"@type":["Person","Organization"],"@id":"https:\/\/luchonoticias.com\/editor\/#\/schema\/person\/7a7fd911f58561fd056dbac7b55af9cd","name":"admin","image":{"@type":"ImageObject","inLanguage":"es","@id":"https:\/\/luchonoticias.com\/editor\/#\/schema\/person\/image\/","url":"https:\/\/luchonoticias.com\/editor\/wp-content\/uploads\/2024\/02\/cropped-cropped-logolu.webp","contentUrl":"https:\/\/luchonoticias.com\/editor\/wp-content\/uploads\/2024\/02\/cropped-cropped-logolu.webp","width":382,"height":170,"caption":"admin"},"logo":{"@id":"https:\/\/luchonoticias.com\/editor\/#\/schema\/person\/image\/"},"sameAs":["https:\/\/www.facebook.com\/luchonoticiasneiva"]},{"@type":"Person","@id":"https:\/\/luchonoticias.com\/editor\/#\/schema\/person\/29217990ddf6f14e35912b2866d591fb","name":"Editor General","image":{"@type":"ImageObject","inLanguage":"es","@id":"https:\/\/luchonoticias.com\/editor\/#\/schema\/person\/image\/","url":"https:\/\/luchonoticias.com\/editor\/wp-content\/uploads\/2024\/02\/cropped-cropped-logolu-150x150.webp","contentUrl":"https:\/\/luchonoticias.com\/editor\/wp-content\/uploads\/2024\/02\/cropped-cropped-logolu-150x150.webp","caption":"Editor General"},"sameAs":["https:\/\/luchonoticias.com\/"],"url":"https:\/\/luchonoticias.com\/editor\/author\/editor-general\/"}]}},"_links":{"self":[{"href":"https:\/\/luchonoticias.com\/editor\/wp-json\/wp\/v2\/posts\/45927","targetHints":{"allow":["GET"]}}],"collection":[{"href":"https:\/\/luchonoticias.com\/editor\/wp-json\/wp\/v2\/posts"}],"about":[{"href":"https:\/\/luchonoticias.com\/editor\/wp-json\/wp\/v2\/types\/post"}],"author":[{"embeddable":true,"href":"https:\/\/luchonoticias.com\/editor\/wp-json\/wp\/v2\/users\/2"}],"replies":[{"embeddable":true,"href":"https:\/\/luchonoticias.com\/editor\/wp-json\/wp\/v2\/comments?post=45927"}],"version-history":[{"count":0,"href":"https:\/\/luchonoticias.com\/editor\/wp-json\/wp\/v2\/posts\/45927\/revisions"}],"wp:attachment":[{"href":"https:\/\/luchonoticias.com\/editor\/wp-json\/wp\/v2\/media?parent=45927"}],"wp:term":[{"taxonomy":"category","embeddable":true,"href":"https:\/\/luchonoticias.com\/editor\/wp-json\/wp\/v2\/categories?post=45927"},{"taxonomy":"post_tag","embeddable":true,"href":"https:\/\/luchonoticias.com\/editor\/wp-json\/wp\/v2\/tags?post=45927"}],"curies":[{"name":"wp","href":"https:\/\/api.w.org\/{rel}","templated":true}]}}