{"id":45946,"date":"2023-02-11T07:00:07","date_gmt":"2023-02-11T12:00:07","guid":{"rendered":"https:\/\/luchonoticias.com\/?p=45946"},"modified":"2023-02-11T07:00:07","modified_gmt":"2023-02-11T12:00:07","slug":"policia-de-neiva-hace-efectiva-orden-de-captura-por-el-delito-de-fuga-de-presos","status":"publish","type":"post","link":"https:\/\/luchonoticias.com\/editor\/policia-de-neiva-hace-efectiva-orden-de-captura-por-el-delito-de-fuga-de-presos\/","title":{"rendered":"Polic\u00eda de Neiva hace efectiva orden de captura por el delito de fuga de presos"},"content":{"rendered":"\n<p>Uniformados de la Seccional de Inteligencia Policial en coordinaci\u00f3n con personal del CTI de la Fiscal\u00eda, Ejercito Nacional y el cuadrante 24 del CAI Ipanema,&nbsp; lograron en las \u00faltimas horas en la calle 4 con carrera 3 del centro de la ciudad de Neiva, hicieron efectiva una orden de captura vigente con el fin de cumplir condena por el delito de Fuga de Presos, en contra de Brando Stevenson Bastidas Pe\u00f1a, &nbsp;m\u00e1s conocido como \u00abEl Taxista\u00bb de 26 a\u00f1os de edad.<\/p>\n\n\n\n<p>\u201cEste sujeto quien registra dos sentencias condenatorias, una de 4 a\u00f1os por el delito de Fuga de Presos y una m\u00e1s, de 21 meses de prisi\u00f3n por el delito de Lesiones Personales Dolosas, es se\u00f1alado adem\u00e1s por la comunidad, de ser un reconocido y recurrente actor delincuencial de la comuna 09, dinamizador del delito de hurto en todas sus modalidades especialmente, atraco con arma de fuego, aprovech\u00e1ndose, en algunas ocasiones, de su profesi\u00f3n como taxista para presuntamente hurtar a sus pasajeros\u201d, indicaron las fuentes oficiales.<\/p>\n\n\n\n<p>Finalmente, las autoridades neivanas revelaron que el implicado de acuerdo con las pesquisas adelantadas, se habr\u00eda fugado del beneficio de detenci\u00f3n domiciliaria por el delito de Hurto en el a\u00f1o 2019.<\/p>\n\n\n\n<p>\u201cEl capturado ser\u00e1 dejado a disposici\u00f3n de la autoridad requirente por el delito de Fuga de Presos con el fin de que contin\u00fae cumpliendo con la pena impuesta\u201d, concluyeron.<\/p>\n","protected":false},"excerpt":{"rendered":"<p>Uniformados de la Seccional de Inteligencia Policial en coordinaci\u00f3n con personal del CTI de la Fiscal\u00eda, Ejercito Nacional y el cuadrante 24 del CAI Ipanema,&nbsp; lograron en las \u00faltimas horas en la calle 4 con carrera 3 del centro de la ciudad de Neiva, hicieron efectiva una orden de captura vigente con el fin de [&hellip;]<\/p>\n","protected":false},"author":2,"featured_media":0,"comment_status":"open","ping_status":"open","sticky":false,"template":"","format":"standard","meta":{"footnotes":""},"categories":[36,29],"tags":[],"class_list":["post-45946","post","type-post","status-publish","format-standard","hentry","category-destacado","category-judicial"],"yoast_head":"<!-- This site is optimized with the Yoast SEO plugin v26.6 - https:\/\/yoast.com\/wordpress\/plugins\/seo\/ -->\n<title>Polic\u00eda de Neiva hace efectiva orden de captura por el delito de fuga de presos -<\/title>\n<meta name=\"robots\" content=\"index, follow, max-snippet:-1, max-image-preview:large, max-video-preview:-1\" \/>\n<link rel=\"canonical\" href=\"https:\/\/luchonoticias.com\/editor\/policia-de-neiva-hace-efectiva-orden-de-captura-por-el-delito-de-fuga-de-presos\/\" \/>\n<meta property=\"og:locale\" content=\"es_ES\" \/>\n<meta property=\"og:type\" content=\"article\" \/>\n<meta property=\"og:title\" content=\"Polic\u00eda de Neiva hace efectiva orden de captura por el delito de fuga de presos -\" \/>\n<meta property=\"og:url\" content=\"https:\/\/luchonoticias.com\/editor\/policia-de-neiva-hace-efectiva-orden-de-captura-por-el-delito-de-fuga-de-presos\/\" \/>\n<meta property=\"article:publisher\" content=\"https:\/\/www.facebook.com\/luchonoticiasneiva\" \/>\n<meta property=\"article:published_time\" content=\"2023-02-11T12:00:07+00:00\" \/>\n<meta name=\"author\" content=\"Editor General\" \/>\n<meta name=\"twitter:card\" content=\"summary_large_image\" \/>\n<meta name=\"twitter:label1\" content=\"Escrito por\" \/>\n\t<meta name=\"twitter:data1\" content=\"Editor General\" \/>\n\t<meta name=\"twitter:label2\" content=\"Tiempo de lectura\" \/>\n\t<meta name=\"twitter:data2\" content=\"1 minuto\" \/>\n<script type=\"application\/ld+json\" class=\"yoast-schema-graph\">{\"@context\":\"https:\/\/schema.org\",\"@graph\":[{\"@type\":\"Article\",\"@id\":\"https:\/\/luchonoticias.com\/editor\/policia-de-neiva-hace-efectiva-orden-de-captura-por-el-delito-de-fuga-de-presos\/#article\",\"isPartOf\":{\"@id\":\"https:\/\/luchonoticias.com\/editor\/policia-de-neiva-hace-efectiva-orden-de-captura-por-el-delito-de-fuga-de-presos\/\"},\"author\":{\"name\":\"Editor General\",\"@id\":\"https:\/\/luchonoticias.com\/editor\/#\/schema\/person\/29217990ddf6f14e35912b2866d591fb\"},\"headline\":\"Polic\u00eda de Neiva hace efectiva orden de captura por el delito de fuga de presos\",\"datePublished\":\"2023-02-11T12:00:07+00:00\",\"mainEntityOfPage\":{\"@id\":\"https:\/\/luchonoticias.com\/editor\/policia-de-neiva-hace-efectiva-orden-de-captura-por-el-delito-de-fuga-de-presos\/\"},\"wordCount\":253,\"commentCount\":0,\"publisher\":{\"@id\":\"https:\/\/luchonoticias.com\/editor\/#\/schema\/person\/7a7fd911f58561fd056dbac7b55af9cd\"},\"articleSection\":[\"Destacado\",\"Judicial\"],\"inLanguage\":\"es\",\"potentialAction\":[{\"@type\":\"CommentAction\",\"name\":\"Comment\",\"target\":[\"https:\/\/luchonoticias.com\/editor\/policia-de-neiva-hace-efectiva-orden-de-captura-por-el-delito-de-fuga-de-presos\/#respond\"]}]},{\"@type\":\"WebPage\",\"@id\":\"https:\/\/luchonoticias.com\/editor\/policia-de-neiva-hace-efectiva-orden-de-captura-por-el-delito-de-fuga-de-presos\/\",\"url\":\"https:\/\/luchonoticias.com\/editor\/policia-de-neiva-hace-efectiva-orden-de-captura-por-el-delito-de-fuga-de-presos\/\",\"name\":\"Polic\u00eda de Neiva hace efectiva orden de captura por el delito de fuga de presos -\",\"isPartOf\":{\"@id\":\"https:\/\/luchonoticias.com\/editor\/#website\"},\"datePublished\":\"2023-02-11T12:00:07+00:00\",\"breadcrumb\":{\"@id\":\"https:\/\/luchonoticias.com\/editor\/policia-de-neiva-hace-efectiva-orden-de-captura-por-el-delito-de-fuga-de-presos\/#breadcrumb\"},\"inLanguage\":\"es\",\"potentialAction\":[{\"@type\":\"ReadAction\",\"target\":[\"https:\/\/luchonoticias.com\/editor\/policia-de-neiva-hace-efectiva-orden-de-captura-por-el-delito-de-fuga-de-presos\/\"]}]},{\"@type\":\"BreadcrumbList\",\"@id\":\"https:\/\/luchonoticias.com\/editor\/policia-de-neiva-hace-efectiva-orden-de-captura-por-el-delito-de-fuga-de-presos\/#breadcrumb\",\"itemListElement\":[{\"@type\":\"ListItem\",\"position\":1,\"name\":\"Portada\",\"item\":\"https:\/\/luchonoticias.com\/editor\/\"},{\"@type\":\"ListItem\",\"position\":2,\"name\":\"Polic\u00eda de Neiva hace efectiva orden de captura por el delito de fuga de presos\"}]},{\"@type\":\"WebSite\",\"@id\":\"https:\/\/luchonoticias.com\/editor\/#website\",\"url\":\"https:\/\/luchonoticias.com\/editor\/\",\"name\":\"\",\"description\":\"\",\"publisher\":{\"@id\":\"https:\/\/luchonoticias.com\/editor\/#\/schema\/person\/7a7fd911f58561fd056dbac7b55af9cd\"},\"potentialAction\":[{\"@type\":\"SearchAction\",\"target\":{\"@type\":\"EntryPoint\",\"urlTemplate\":\"https:\/\/luchonoticias.com\/editor\/?s={search_term_string}\"},\"query-input\":{\"@type\":\"PropertyValueSpecification\",\"valueRequired\":true,\"valueName\":\"search_term_string\"}}],\"inLanguage\":\"es\"},{\"@type\":[\"Person\",\"Organization\"],\"@id\":\"https:\/\/luchonoticias.com\/editor\/#\/schema\/person\/7a7fd911f58561fd056dbac7b55af9cd\",\"name\":\"admin\",\"image\":{\"@type\":\"ImageObject\",\"inLanguage\":\"es\",\"@id\":\"https:\/\/luchonoticias.com\/editor\/#\/schema\/person\/image\/\",\"url\":\"https:\/\/luchonoticias.com\/editor\/wp-content\/uploads\/2024\/02\/cropped-cropped-logolu.webp\",\"contentUrl\":\"https:\/\/luchonoticias.com\/editor\/wp-content\/uploads\/2024\/02\/cropped-cropped-logolu.webp\",\"width\":382,\"height\":170,\"caption\":\"admin\"},\"logo\":{\"@id\":\"https:\/\/luchonoticias.com\/editor\/#\/schema\/person\/image\/\"},\"sameAs\":[\"https:\/\/www.facebook.com\/luchonoticiasneiva\"]},{\"@type\":\"Person\",\"@id\":\"https:\/\/luchonoticias.com\/editor\/#\/schema\/person\/29217990ddf6f14e35912b2866d591fb\",\"name\":\"Editor General\",\"image\":{\"@type\":\"ImageObject\",\"inLanguage\":\"es\",\"@id\":\"https:\/\/luchonoticias.com\/editor\/#\/schema\/person\/image\/\",\"url\":\"https:\/\/luchonoticias.com\/editor\/wp-content\/uploads\/2024\/02\/cropped-cropped-logolu-150x150.webp\",\"contentUrl\":\"https:\/\/luchonoticias.com\/editor\/wp-content\/uploads\/2024\/02\/cropped-cropped-logolu-150x150.webp\",\"caption\":\"Editor General\"},\"sameAs\":[\"https:\/\/luchonoticias.com\/\"],\"url\":\"https:\/\/luchonoticias.com\/editor\/author\/editor-general\/\"}]}<\/script>\n<!-- \/ Yoast SEO plugin. -->","yoast_head_json":{"title":"Polic\u00eda de Neiva hace efectiva orden de captura por el delito de fuga de presos -","robots":{"index":"index","follow":"follow","max-snippet":"max-snippet:-1","max-image-preview":"max-image-preview:large","max-video-preview":"max-video-preview:-1"},"canonical":"https:\/\/luchonoticias.com\/editor\/policia-de-neiva-hace-efectiva-orden-de-captura-por-el-delito-de-fuga-de-presos\/","og_locale":"es_ES","og_type":"article","og_title":"Polic\u00eda de Neiva hace efectiva orden de captura por el delito de fuga de presos -","og_url":"https:\/\/luchonoticias.com\/editor\/policia-de-neiva-hace-efectiva-orden-de-captura-por-el-delito-de-fuga-de-presos\/","article_publisher":"https:\/\/www.facebook.com\/luchonoticiasneiva","article_published_time":"2023-02-11T12:00:07+00:00","author":"Editor General","twitter_card":"summary_large_image","twitter_misc":{"Escrito por":"Editor General","Tiempo de lectura":"1 minuto"},"schema":{"@context":"https:\/\/schema.org","@graph":[{"@type":"Article","@id":"https:\/\/luchonoticias.com\/editor\/policia-de-neiva-hace-efectiva-orden-de-captura-por-el-delito-de-fuga-de-presos\/#article","isPartOf":{"@id":"https:\/\/luchonoticias.com\/editor\/policia-de-neiva-hace-efectiva-orden-de-captura-por-el-delito-de-fuga-de-presos\/"},"author":{"name":"Editor General","@id":"https:\/\/luchonoticias.com\/editor\/#\/schema\/person\/29217990ddf6f14e35912b2866d591fb"},"headline":"Polic\u00eda de Neiva hace efectiva orden de captura por el delito de fuga de presos","datePublished":"2023-02-11T12:00:07+00:00","mainEntityOfPage":{"@id":"https:\/\/luchonoticias.com\/editor\/policia-de-neiva-hace-efectiva-orden-de-captura-por-el-delito-de-fuga-de-presos\/"},"wordCount":253,"commentCount":0,"publisher":{"@id":"https:\/\/luchonoticias.com\/editor\/#\/schema\/person\/7a7fd911f58561fd056dbac7b55af9cd"},"articleSection":["Destacado","Judicial"],"inLanguage":"es","potentialAction":[{"@type":"CommentAction","name":"Comment","target":["https:\/\/luchonoticias.com\/editor\/policia-de-neiva-hace-efectiva-orden-de-captura-por-el-delito-de-fuga-de-presos\/#respond"]}]},{"@type":"WebPage","@id":"https:\/\/luchonoticias.com\/editor\/policia-de-neiva-hace-efectiva-orden-de-captura-por-el-delito-de-fuga-de-presos\/","url":"https:\/\/luchonoticias.com\/editor\/policia-de-neiva-hace-efectiva-orden-de-captura-por-el-delito-de-fuga-de-presos\/","name":"Polic\u00eda de Neiva hace efectiva orden de captura por el delito de fuga de presos -","isPartOf":{"@id":"https:\/\/luchonoticias.com\/editor\/#website"},"datePublished":"2023-02-11T12:00:07+00:00","breadcrumb":{"@id":"https:\/\/luchonoticias.com\/editor\/policia-de-neiva-hace-efectiva-orden-de-captura-por-el-delito-de-fuga-de-presos\/#breadcrumb"},"inLanguage":"es","potentialAction":[{"@type":"ReadAction","target":["https:\/\/luchonoticias.com\/editor\/policia-de-neiva-hace-efectiva-orden-de-captura-por-el-delito-de-fuga-de-presos\/"]}]},{"@type":"BreadcrumbList","@id":"https:\/\/luchonoticias.com\/editor\/policia-de-neiva-hace-efectiva-orden-de-captura-por-el-delito-de-fuga-de-presos\/#breadcrumb","itemListElement":[{"@type":"ListItem","position":1,"name":"Portada","item":"https:\/\/luchonoticias.com\/editor\/"},{"@type":"ListItem","position":2,"name":"Polic\u00eda de Neiva hace efectiva orden de captura por el delito de fuga de presos"}]},{"@type":"WebSite","@id":"https:\/\/luchonoticias.com\/editor\/#website","url":"https:\/\/luchonoticias.com\/editor\/","name":"","description":"","publisher":{"@id":"https:\/\/luchonoticias.com\/editor\/#\/schema\/person\/7a7fd911f58561fd056dbac7b55af9cd"},"potentialAction":[{"@type":"SearchAction","target":{"@type":"EntryPoint","urlTemplate":"https:\/\/luchonoticias.com\/editor\/?s={search_term_string}"},"query-input":{"@type":"PropertyValueSpecification","valueRequired":true,"valueName":"search_term_string"}}],"inLanguage":"es"},{"@type":["Person","Organization"],"@id":"https:\/\/luchonoticias.com\/editor\/#\/schema\/person\/7a7fd911f58561fd056dbac7b55af9cd","name":"admin","image":{"@type":"ImageObject","inLanguage":"es","@id":"https:\/\/luchonoticias.com\/editor\/#\/schema\/person\/image\/","url":"https:\/\/luchonoticias.com\/editor\/wp-content\/uploads\/2024\/02\/cropped-cropped-logolu.webp","contentUrl":"https:\/\/luchonoticias.com\/editor\/wp-content\/uploads\/2024\/02\/cropped-cropped-logolu.webp","width":382,"height":170,"caption":"admin"},"logo":{"@id":"https:\/\/luchonoticias.com\/editor\/#\/schema\/person\/image\/"},"sameAs":["https:\/\/www.facebook.com\/luchonoticiasneiva"]},{"@type":"Person","@id":"https:\/\/luchonoticias.com\/editor\/#\/schema\/person\/29217990ddf6f14e35912b2866d591fb","name":"Editor General","image":{"@type":"ImageObject","inLanguage":"es","@id":"https:\/\/luchonoticias.com\/editor\/#\/schema\/person\/image\/","url":"https:\/\/luchonoticias.com\/editor\/wp-content\/uploads\/2024\/02\/cropped-cropped-logolu-150x150.webp","contentUrl":"https:\/\/luchonoticias.com\/editor\/wp-content\/uploads\/2024\/02\/cropped-cropped-logolu-150x150.webp","caption":"Editor General"},"sameAs":["https:\/\/luchonoticias.com\/"],"url":"https:\/\/luchonoticias.com\/editor\/author\/editor-general\/"}]}},"_links":{"self":[{"href":"https:\/\/luchonoticias.com\/editor\/wp-json\/wp\/v2\/posts\/45946","targetHints":{"allow":["GET"]}}],"collection":[{"href":"https:\/\/luchonoticias.com\/editor\/wp-json\/wp\/v2\/posts"}],"about":[{"href":"https:\/\/luchonoticias.com\/editor\/wp-json\/wp\/v2\/types\/post"}],"author":[{"embeddable":true,"href":"https:\/\/luchonoticias.com\/editor\/wp-json\/wp\/v2\/users\/2"}],"replies":[{"embeddable":true,"href":"https:\/\/luchonoticias.com\/editor\/wp-json\/wp\/v2\/comments?post=45946"}],"version-history":[{"count":0,"href":"https:\/\/luchonoticias.com\/editor\/wp-json\/wp\/v2\/posts\/45946\/revisions"}],"wp:attachment":[{"href":"https:\/\/luchonoticias.com\/editor\/wp-json\/wp\/v2\/media?parent=45946"}],"wp:term":[{"taxonomy":"category","embeddable":true,"href":"https:\/\/luchonoticias.com\/editor\/wp-json\/wp\/v2\/categories?post=45946"},{"taxonomy":"post_tag","embeddable":true,"href":"https:\/\/luchonoticias.com\/editor\/wp-json\/wp\/v2\/tags?post=45946"}],"curies":[{"name":"wp","href":"https:\/\/api.w.org\/{rel}","templated":true}]}}