{"id":45952,"date":"2023-02-11T07:13:01","date_gmt":"2023-02-11T12:13:01","guid":{"rendered":"https:\/\/luchonoticias.com\/?p=45952"},"modified":"2023-02-11T07:13:02","modified_gmt":"2023-02-11T12:13:02","slug":"procuraduria-entrego-observaciones-al-proyecto-de-politica-penitenciaria-y-carcelaria-del-gobierno-nacional","status":"publish","type":"post","link":"https:\/\/luchonoticias.com\/editor\/procuraduria-entrego-observaciones-al-proyecto-de-politica-penitenciaria-y-carcelaria-del-gobierno-nacional\/","title":{"rendered":"Procuradur\u00eda entreg\u00f3 observaciones al proyecto de pol\u00edtica penitenciaria y carcelaria del Gobierno Nacional"},"content":{"rendered":"\n<p>La Procuradur\u00eda General de la Naci\u00f3n present\u00f3 en la audiencia p\u00fablica sobre el proyecto de Ley 336 de 2023C, que se realiz\u00f3 en el Sal\u00f3n Bolivar del Capitolio Nacional, observaciones tendientes a la&nbsp;<strong>generaci\u00f3n de soluciones que permitan resolver la crisis que se presenta en las c\u00e1rceles y centros de detenci\u00f3n transitoria<\/strong>&nbsp;del pa\u00eds.&nbsp;<\/p>\n\n\n\n<p>El Procurador Delegado para la Defensa de los Derechos Humanos, Javier Sarmiento Olarte, entreg\u00f3 un&nbsp;<strong>dec\u00e1logo en el que se sugiere al Gobierno Nacional incluir temas cruciales<\/strong>&nbsp;como lo dispuesto por la Corte Constitucional en la SU 122 de 2022 en relaci\u00f3n con las obligaciones de los entes territoriales en la ejecuci\u00f3n de la pol\u00edtica penitenciaria, los compromisos del Estado en materia de Derecho Internacional y la necesidad de recursos adicionales para el Inpec, la rama judicial y otras instituciones.<\/p>\n\n\n\n<p><strong><em>El dec\u00e1logo<\/em><\/strong><\/p>\n\n\n\n<p>\u200b1. <strong>Fortalecer a las autoridades judiciales<\/strong>\u00a0encargadas de resolver las solicitudes de prisi\u00f3n domiciliaria y otros subrogados.\u00a0<\/p>\n\n\n\n<p>2. \u200bIncluir la l\u00ednea jurisprudencial que fij\u00f3 la Corte Constitucional en la Sentencia de Unificaci\u00f3n 122 de 2022 respecto del\u00a0<strong>estado de cosas inconstitucionales al sistema penitenciario\u00a0<\/strong>extensivo a las Estaciones de Polic\u00eda.<\/p>\n\n\n\n<p>3. Dar cumplimiento a la Directiva Presidencial 06 de 2018\u00a0 y solicitar\u00a0<strong>concepto previo al Ministerio de Hacienda sobre los recursos necesarios<\/strong>\u00a0para implementar la reforma.<\/p>\n\n\n\n<p>4. Atender el llamado de la Corte Constitucional sobre incluir en el Plan Nacional de Desarrollo, los\u00a0<strong>recursos y medidas necesarios para superar la crisis carcelaria.<\/strong><\/p>\n\n\n\n<p>5. Tener en cuenta la tensi\u00f3n que existe entre los compromisos adquiridos internacionalmente por el Estado Colombiano en la lucha contra la corrupci\u00f3n, cr\u00edmenes internacionales y en especial protecci\u00f3n a los ni\u00f1os,\u00a0ni\u00f1as y el otorgamiento de subrogados penales a personas condenadas por estos delitos.<\/p>\n\n\n\n<p>6. Considera el ente de control que la\u00a0<strong>concesi\u00f3n de la prisi\u00f3n domiciliaria a personas condenadas por delitos\u00a0como cr\u00edmenes de lesa humanidad y de guerra podr\u00eda re\u00f1ir con el estatuto de roma<\/strong>\u00a0y la Corte Penal Internacional.<\/p>\n\n\n\n<p>7. No se comparte la posici\u00f3n del Gobierno en cuanto a la\u00a0<strong>prohibici\u00f3n de imputaciones por concierto para delinquir y terrorismo<\/strong>\u00a0cuando los hechos se presentan en el marco de manifestaciones.\u00a0<strong>La manifestaci\u00f3n o protesta social NO es delito, pero la limitaci\u00f3n constituye una clara e injustificada injerencia en la labor del ente acusador\u00a0<\/strong>y de los jueces, limitando el juicio razonable a la hora de realizar la subsunci\u00f3n de las conductas en tipos penales.<\/p>\n\n\n\n<p>8. No estamos de acuerdo con la\u00a0<strong>eliminaci\u00f3n del delito de inasistencia alimentaria,\u00a0<\/strong>ya que no se puede ignorar\u00a0el contexto social del pa\u00eds y sus efectos en la sociedad, este tipo penal defiende la perspectiva de g\u00e9nero y la protecci\u00f3n de la ni\u00f1ez .<\/p>\n\n\n\n<p>9. En aras de lograr que esta reforma funcione, se deben\u00a0<strong>asignar nuevos medios tecnol\u00f3gicos y recursos para modernizar establecimientos penitenciarios y carcelarios.<\/strong><\/p>\n\n\n\n<p>10. Se deben incluir medidas de\u00a0<strong>fortalecimiento al INPEC para la vigilancia de la prisi\u00f3n domiciliaria\u00a0<\/strong>y otras nuevas acciones a su cargo.<\/p>\n","protected":false},"excerpt":{"rendered":"<p>La Procuradur\u00eda General de la Naci\u00f3n present\u00f3 en la audiencia p\u00fablica sobre el proyecto de Ley 336 de 2023C, que se realiz\u00f3 en el Sal\u00f3n Bolivar del Capitolio Nacional, observaciones tendientes a la&nbsp;generaci\u00f3n de soluciones que permitan resolver la crisis que se presenta en las c\u00e1rceles y centros de detenci\u00f3n transitoria&nbsp;del pa\u00eds.&nbsp; El Procurador Delegado [&hellip;]<\/p>\n","protected":false},"author":2,"featured_media":0,"comment_status":"open","ping_status":"open","sticky":false,"template":"","format":"standard","meta":{"footnotes":""},"categories":[28,36],"tags":[],"class_list":["post-45952","post","type-post","status-publish","format-standard","hentry","category-actualidad","category-destacado"],"yoast_head":"<!-- This site is optimized with the Yoast SEO plugin v26.6 - https:\/\/yoast.com\/wordpress\/plugins\/seo\/ -->\n<title>Procuradur\u00eda entreg\u00f3 observaciones al proyecto de pol\u00edtica penitenciaria y carcelaria del Gobierno Nacional -<\/title>\n<meta name=\"robots\" content=\"index, follow, max-snippet:-1, max-image-preview:large, max-video-preview:-1\" \/>\n<link rel=\"canonical\" href=\"https:\/\/luchonoticias.com\/editor\/procuraduria-entrego-observaciones-al-proyecto-de-politica-penitenciaria-y-carcelaria-del-gobierno-nacional\/\" \/>\n<meta property=\"og:locale\" content=\"es_ES\" \/>\n<meta property=\"og:type\" content=\"article\" \/>\n<meta property=\"og:title\" content=\"Procuradur\u00eda entreg\u00f3 observaciones al proyecto de pol\u00edtica penitenciaria y carcelaria del Gobierno Nacional -\" \/>\n<meta property=\"og:url\" content=\"https:\/\/luchonoticias.com\/editor\/procuraduria-entrego-observaciones-al-proyecto-de-politica-penitenciaria-y-carcelaria-del-gobierno-nacional\/\" \/>\n<meta property=\"article:publisher\" content=\"https:\/\/www.facebook.com\/luchonoticiasneiva\" \/>\n<meta property=\"article:published_time\" content=\"2023-02-11T12:13:01+00:00\" \/>\n<meta property=\"article:modified_time\" content=\"2023-02-11T12:13:02+00:00\" \/>\n<meta name=\"author\" content=\"Editor General\" \/>\n<meta name=\"twitter:card\" content=\"summary_large_image\" \/>\n<meta name=\"twitter:label1\" content=\"Escrito por\" \/>\n\t<meta name=\"twitter:data1\" content=\"Editor General\" \/>\n\t<meta name=\"twitter:label2\" content=\"Tiempo de lectura\" \/>\n\t<meta name=\"twitter:data2\" content=\"3 minutos\" \/>\n<script type=\"application\/ld+json\" class=\"yoast-schema-graph\">{\"@context\":\"https:\/\/schema.org\",\"@graph\":[{\"@type\":\"Article\",\"@id\":\"https:\/\/luchonoticias.com\/editor\/procuraduria-entrego-observaciones-al-proyecto-de-politica-penitenciaria-y-carcelaria-del-gobierno-nacional\/#article\",\"isPartOf\":{\"@id\":\"https:\/\/luchonoticias.com\/editor\/procuraduria-entrego-observaciones-al-proyecto-de-politica-penitenciaria-y-carcelaria-del-gobierno-nacional\/\"},\"author\":{\"name\":\"Editor General\",\"@id\":\"https:\/\/luchonoticias.com\/editor\/#\/schema\/person\/29217990ddf6f14e35912b2866d591fb\"},\"headline\":\"Procuradur\u00eda entreg\u00f3 observaciones al proyecto de pol\u00edtica penitenciaria y carcelaria del Gobierno Nacional\",\"datePublished\":\"2023-02-11T12:13:01+00:00\",\"dateModified\":\"2023-02-11T12:13:02+00:00\",\"mainEntityOfPage\":{\"@id\":\"https:\/\/luchonoticias.com\/editor\/procuraduria-entrego-observaciones-al-proyecto-de-politica-penitenciaria-y-carcelaria-del-gobierno-nacional\/\"},\"wordCount\":529,\"commentCount\":0,\"publisher\":{\"@id\":\"https:\/\/luchonoticias.com\/editor\/#\/schema\/person\/7a7fd911f58561fd056dbac7b55af9cd\"},\"articleSection\":[\"Actualidad\",\"Destacado\"],\"inLanguage\":\"es\",\"potentialAction\":[{\"@type\":\"CommentAction\",\"name\":\"Comment\",\"target\":[\"https:\/\/luchonoticias.com\/editor\/procuraduria-entrego-observaciones-al-proyecto-de-politica-penitenciaria-y-carcelaria-del-gobierno-nacional\/#respond\"]}]},{\"@type\":\"WebPage\",\"@id\":\"https:\/\/luchonoticias.com\/editor\/procuraduria-entrego-observaciones-al-proyecto-de-politica-penitenciaria-y-carcelaria-del-gobierno-nacional\/\",\"url\":\"https:\/\/luchonoticias.com\/editor\/procuraduria-entrego-observaciones-al-proyecto-de-politica-penitenciaria-y-carcelaria-del-gobierno-nacional\/\",\"name\":\"Procuradur\u00eda entreg\u00f3 observaciones al proyecto de pol\u00edtica penitenciaria y carcelaria del Gobierno Nacional -\",\"isPartOf\":{\"@id\":\"https:\/\/luchonoticias.com\/editor\/#website\"},\"datePublished\":\"2023-02-11T12:13:01+00:00\",\"dateModified\":\"2023-02-11T12:13:02+00:00\",\"breadcrumb\":{\"@id\":\"https:\/\/luchonoticias.com\/editor\/procuraduria-entrego-observaciones-al-proyecto-de-politica-penitenciaria-y-carcelaria-del-gobierno-nacional\/#breadcrumb\"},\"inLanguage\":\"es\",\"potentialAction\":[{\"@type\":\"ReadAction\",\"target\":[\"https:\/\/luchonoticias.com\/editor\/procuraduria-entrego-observaciones-al-proyecto-de-politica-penitenciaria-y-carcelaria-del-gobierno-nacional\/\"]}]},{\"@type\":\"BreadcrumbList\",\"@id\":\"https:\/\/luchonoticias.com\/editor\/procuraduria-entrego-observaciones-al-proyecto-de-politica-penitenciaria-y-carcelaria-del-gobierno-nacional\/#breadcrumb\",\"itemListElement\":[{\"@type\":\"ListItem\",\"position\":1,\"name\":\"Portada\",\"item\":\"https:\/\/luchonoticias.com\/editor\/\"},{\"@type\":\"ListItem\",\"position\":2,\"name\":\"Procuradur\u00eda entreg\u00f3 observaciones al proyecto de pol\u00edtica penitenciaria y carcelaria del Gobierno Nacional\"}]},{\"@type\":\"WebSite\",\"@id\":\"https:\/\/luchonoticias.com\/editor\/#website\",\"url\":\"https:\/\/luchonoticias.com\/editor\/\",\"name\":\"\",\"description\":\"\",\"publisher\":{\"@id\":\"https:\/\/luchonoticias.com\/editor\/#\/schema\/person\/7a7fd911f58561fd056dbac7b55af9cd\"},\"potentialAction\":[{\"@type\":\"SearchAction\",\"target\":{\"@type\":\"EntryPoint\",\"urlTemplate\":\"https:\/\/luchonoticias.com\/editor\/?s={search_term_string}\"},\"query-input\":{\"@type\":\"PropertyValueSpecification\",\"valueRequired\":true,\"valueName\":\"search_term_string\"}}],\"inLanguage\":\"es\"},{\"@type\":[\"Person\",\"Organization\"],\"@id\":\"https:\/\/luchonoticias.com\/editor\/#\/schema\/person\/7a7fd911f58561fd056dbac7b55af9cd\",\"name\":\"admin\",\"image\":{\"@type\":\"ImageObject\",\"inLanguage\":\"es\",\"@id\":\"https:\/\/luchonoticias.com\/editor\/#\/schema\/person\/image\/\",\"url\":\"https:\/\/luchonoticias.com\/editor\/wp-content\/uploads\/2024\/02\/cropped-cropped-logolu.webp\",\"contentUrl\":\"https:\/\/luchonoticias.com\/editor\/wp-content\/uploads\/2024\/02\/cropped-cropped-logolu.webp\",\"width\":382,\"height\":170,\"caption\":\"admin\"},\"logo\":{\"@id\":\"https:\/\/luchonoticias.com\/editor\/#\/schema\/person\/image\/\"},\"sameAs\":[\"https:\/\/www.facebook.com\/luchonoticiasneiva\"]},{\"@type\":\"Person\",\"@id\":\"https:\/\/luchonoticias.com\/editor\/#\/schema\/person\/29217990ddf6f14e35912b2866d591fb\",\"name\":\"Editor General\",\"image\":{\"@type\":\"ImageObject\",\"inLanguage\":\"es\",\"@id\":\"https:\/\/luchonoticias.com\/editor\/#\/schema\/person\/image\/\",\"url\":\"https:\/\/luchonoticias.com\/editor\/wp-content\/uploads\/2024\/02\/cropped-cropped-logolu-150x150.webp\",\"contentUrl\":\"https:\/\/luchonoticias.com\/editor\/wp-content\/uploads\/2024\/02\/cropped-cropped-logolu-150x150.webp\",\"caption\":\"Editor General\"},\"sameAs\":[\"https:\/\/luchonoticias.com\/\"],\"url\":\"https:\/\/luchonoticias.com\/editor\/author\/editor-general\/\"}]}<\/script>\n<!-- \/ Yoast SEO plugin. -->","yoast_head_json":{"title":"Procuradur\u00eda entreg\u00f3 observaciones al proyecto de pol\u00edtica penitenciaria y carcelaria del Gobierno Nacional -","robots":{"index":"index","follow":"follow","max-snippet":"max-snippet:-1","max-image-preview":"max-image-preview:large","max-video-preview":"max-video-preview:-1"},"canonical":"https:\/\/luchonoticias.com\/editor\/procuraduria-entrego-observaciones-al-proyecto-de-politica-penitenciaria-y-carcelaria-del-gobierno-nacional\/","og_locale":"es_ES","og_type":"article","og_title":"Procuradur\u00eda entreg\u00f3 observaciones al proyecto de pol\u00edtica penitenciaria y carcelaria del Gobierno Nacional -","og_url":"https:\/\/luchonoticias.com\/editor\/procuraduria-entrego-observaciones-al-proyecto-de-politica-penitenciaria-y-carcelaria-del-gobierno-nacional\/","article_publisher":"https:\/\/www.facebook.com\/luchonoticiasneiva","article_published_time":"2023-02-11T12:13:01+00:00","article_modified_time":"2023-02-11T12:13:02+00:00","author":"Editor General","twitter_card":"summary_large_image","twitter_misc":{"Escrito por":"Editor General","Tiempo de lectura":"3 minutos"},"schema":{"@context":"https:\/\/schema.org","@graph":[{"@type":"Article","@id":"https:\/\/luchonoticias.com\/editor\/procuraduria-entrego-observaciones-al-proyecto-de-politica-penitenciaria-y-carcelaria-del-gobierno-nacional\/#article","isPartOf":{"@id":"https:\/\/luchonoticias.com\/editor\/procuraduria-entrego-observaciones-al-proyecto-de-politica-penitenciaria-y-carcelaria-del-gobierno-nacional\/"},"author":{"name":"Editor General","@id":"https:\/\/luchonoticias.com\/editor\/#\/schema\/person\/29217990ddf6f14e35912b2866d591fb"},"headline":"Procuradur\u00eda entreg\u00f3 observaciones al proyecto de pol\u00edtica penitenciaria y carcelaria del Gobierno Nacional","datePublished":"2023-02-11T12:13:01+00:00","dateModified":"2023-02-11T12:13:02+00:00","mainEntityOfPage":{"@id":"https:\/\/luchonoticias.com\/editor\/procuraduria-entrego-observaciones-al-proyecto-de-politica-penitenciaria-y-carcelaria-del-gobierno-nacional\/"},"wordCount":529,"commentCount":0,"publisher":{"@id":"https:\/\/luchonoticias.com\/editor\/#\/schema\/person\/7a7fd911f58561fd056dbac7b55af9cd"},"articleSection":["Actualidad","Destacado"],"inLanguage":"es","potentialAction":[{"@type":"CommentAction","name":"Comment","target":["https:\/\/luchonoticias.com\/editor\/procuraduria-entrego-observaciones-al-proyecto-de-politica-penitenciaria-y-carcelaria-del-gobierno-nacional\/#respond"]}]},{"@type":"WebPage","@id":"https:\/\/luchonoticias.com\/editor\/procuraduria-entrego-observaciones-al-proyecto-de-politica-penitenciaria-y-carcelaria-del-gobierno-nacional\/","url":"https:\/\/luchonoticias.com\/editor\/procuraduria-entrego-observaciones-al-proyecto-de-politica-penitenciaria-y-carcelaria-del-gobierno-nacional\/","name":"Procuradur\u00eda entreg\u00f3 observaciones al proyecto de pol\u00edtica penitenciaria y carcelaria del Gobierno Nacional -","isPartOf":{"@id":"https:\/\/luchonoticias.com\/editor\/#website"},"datePublished":"2023-02-11T12:13:01+00:00","dateModified":"2023-02-11T12:13:02+00:00","breadcrumb":{"@id":"https:\/\/luchonoticias.com\/editor\/procuraduria-entrego-observaciones-al-proyecto-de-politica-penitenciaria-y-carcelaria-del-gobierno-nacional\/#breadcrumb"},"inLanguage":"es","potentialAction":[{"@type":"ReadAction","target":["https:\/\/luchonoticias.com\/editor\/procuraduria-entrego-observaciones-al-proyecto-de-politica-penitenciaria-y-carcelaria-del-gobierno-nacional\/"]}]},{"@type":"BreadcrumbList","@id":"https:\/\/luchonoticias.com\/editor\/procuraduria-entrego-observaciones-al-proyecto-de-politica-penitenciaria-y-carcelaria-del-gobierno-nacional\/#breadcrumb","itemListElement":[{"@type":"ListItem","position":1,"name":"Portada","item":"https:\/\/luchonoticias.com\/editor\/"},{"@type":"ListItem","position":2,"name":"Procuradur\u00eda entreg\u00f3 observaciones al proyecto de pol\u00edtica penitenciaria y carcelaria del Gobierno Nacional"}]},{"@type":"WebSite","@id":"https:\/\/luchonoticias.com\/editor\/#website","url":"https:\/\/luchonoticias.com\/editor\/","name":"","description":"","publisher":{"@id":"https:\/\/luchonoticias.com\/editor\/#\/schema\/person\/7a7fd911f58561fd056dbac7b55af9cd"},"potentialAction":[{"@type":"SearchAction","target":{"@type":"EntryPoint","urlTemplate":"https:\/\/luchonoticias.com\/editor\/?s={search_term_string}"},"query-input":{"@type":"PropertyValueSpecification","valueRequired":true,"valueName":"search_term_string"}}],"inLanguage":"es"},{"@type":["Person","Organization"],"@id":"https:\/\/luchonoticias.com\/editor\/#\/schema\/person\/7a7fd911f58561fd056dbac7b55af9cd","name":"admin","image":{"@type":"ImageObject","inLanguage":"es","@id":"https:\/\/luchonoticias.com\/editor\/#\/schema\/person\/image\/","url":"https:\/\/luchonoticias.com\/editor\/wp-content\/uploads\/2024\/02\/cropped-cropped-logolu.webp","contentUrl":"https:\/\/luchonoticias.com\/editor\/wp-content\/uploads\/2024\/02\/cropped-cropped-logolu.webp","width":382,"height":170,"caption":"admin"},"logo":{"@id":"https:\/\/luchonoticias.com\/editor\/#\/schema\/person\/image\/"},"sameAs":["https:\/\/www.facebook.com\/luchonoticiasneiva"]},{"@type":"Person","@id":"https:\/\/luchonoticias.com\/editor\/#\/schema\/person\/29217990ddf6f14e35912b2866d591fb","name":"Editor General","image":{"@type":"ImageObject","inLanguage":"es","@id":"https:\/\/luchonoticias.com\/editor\/#\/schema\/person\/image\/","url":"https:\/\/luchonoticias.com\/editor\/wp-content\/uploads\/2024\/02\/cropped-cropped-logolu-150x150.webp","contentUrl":"https:\/\/luchonoticias.com\/editor\/wp-content\/uploads\/2024\/02\/cropped-cropped-logolu-150x150.webp","caption":"Editor General"},"sameAs":["https:\/\/luchonoticias.com\/"],"url":"https:\/\/luchonoticias.com\/editor\/author\/editor-general\/"}]}},"_links":{"self":[{"href":"https:\/\/luchonoticias.com\/editor\/wp-json\/wp\/v2\/posts\/45952","targetHints":{"allow":["GET"]}}],"collection":[{"href":"https:\/\/luchonoticias.com\/editor\/wp-json\/wp\/v2\/posts"}],"about":[{"href":"https:\/\/luchonoticias.com\/editor\/wp-json\/wp\/v2\/types\/post"}],"author":[{"embeddable":true,"href":"https:\/\/luchonoticias.com\/editor\/wp-json\/wp\/v2\/users\/2"}],"replies":[{"embeddable":true,"href":"https:\/\/luchonoticias.com\/editor\/wp-json\/wp\/v2\/comments?post=45952"}],"version-history":[{"count":0,"href":"https:\/\/luchonoticias.com\/editor\/wp-json\/wp\/v2\/posts\/45952\/revisions"}],"wp:attachment":[{"href":"https:\/\/luchonoticias.com\/editor\/wp-json\/wp\/v2\/media?parent=45952"}],"wp:term":[{"taxonomy":"category","embeddable":true,"href":"https:\/\/luchonoticias.com\/editor\/wp-json\/wp\/v2\/categories?post=45952"},{"taxonomy":"post_tag","embeddable":true,"href":"https:\/\/luchonoticias.com\/editor\/wp-json\/wp\/v2\/tags?post=45952"}],"curies":[{"name":"wp","href":"https:\/\/api.w.org\/{rel}","templated":true}]}}