{"id":45956,"date":"2023-02-11T07:57:21","date_gmt":"2023-02-11T12:57:21","guid":{"rendered":"https:\/\/luchonoticias.com\/?p=45956"},"modified":"2023-02-11T07:57:22","modified_gmt":"2023-02-11T12:57:22","slug":"no-es-posible-confirmar-o-desvirtuar-que-corresponda-a-un-panfleto-autentico-policia-de-neiva","status":"publish","type":"post","link":"https:\/\/luchonoticias.com\/editor\/no-es-posible-confirmar-o-desvirtuar-que-corresponda-a-un-panfleto-autentico-policia-de-neiva\/","title":{"rendered":"\u201cNo es posible confirmar o desvirtuar que corresponda a un panfleto aut\u00e9ntico\u201d: Polic\u00eda de Neiva"},"content":{"rendered":"\n<p>Tras la circulaci\u00f3n en redes sociales de un comunicado presuntamente de la Columna M\u00f3vil Dagoberto Ramos de las disidencias de Las Farc, donde intimidan a comerciantes de la capital huilense, la Polic\u00eda Metropolitana de Neiva dio a conocer que, de acuerdo con un an\u00e1lisis preliminar a la imagen, no ha sido posible confirmar o desvirtuar que corresponda a una comunicaci\u00f3n aut\u00e9ntica del Grupo Armado Ilegal Organizado Residual.<\/p>\n\n\n\n<p>\u201cCon relaci\u00f3n a una presunta imagen que circula en redes sociales en el que se nombra un comerciante del municipio de Neiva, la Polic\u00eda Metropolitana de Neiva se permite informar que a esta hora y en la fecha no se ha recibido denuncia formal por parte de la persona se\u00f1alada en citado comunicado. De acuerdo con un an\u00e1lisis preliminar a la imagen en menci\u00f3n, no es posible confirmar o desvirtuar que corresponda a una comunicaci\u00f3n aut\u00e9ntica de un Grupo Armado Ilegal Organizado Residual\u201d, indicaron las fuentes oficiales en un comunicado.<\/p>\n\n\n\n<p>Finalmente, el Coronel Juan Pablo Ruiz Rodr\u00edguez, Comandante de la Polic\u00eda Metropolitana de Neiva, revel\u00f3 que ha impartido instrucciones a las unidades policiales de todas las especialidades, en prevenci\u00f3n a cualquier riesgo.<\/p>\n\n\n\n<p>\u201c Invitamos a la comunidad a romper la cadena de la desinformaci\u00f3n,&nbsp; consultando fuentes oficiales y denunciando cualquier situaci\u00f3n delictiva de la que tenga conocimiento de manera formal y a trav\u00e9s de los canales legales establecidos. Sin embargo, una vez se genere una denuncia formal, se realizar\u00e1n las coordinaciones con la Fiscal\u00eda General de la Naci\u00f3n y la Seccional de Investigaci\u00f3n Criminal (SIJIN), y as\u00ed, adelantar las actividades de indagaci\u00f3n, que permitan determinar la procedencia de citada imagen. No obstante, la Polic\u00eda Metropolitana de Neiva, ha impartido instrucciones directas a nuestro personal, con el fin de continuar adelantando, actividades preventivas que permitan minimizar cualquier clase de riesgo\u201d, concluy\u00f3 el alto mando.<\/p>\n","protected":false},"excerpt":{"rendered":"<p>Tras la circulaci\u00f3n en redes sociales de un comunicado presuntamente de la Columna M\u00f3vil Dagoberto Ramos de las disidencias de Las Farc, donde intimidan a comerciantes de la capital huilense, la Polic\u00eda Metropolitana de Neiva dio a conocer que, de acuerdo con un an\u00e1lisis preliminar a la imagen, no ha sido posible confirmar o desvirtuar [&hellip;]<\/p>\n","protected":false},"author":2,"featured_media":0,"comment_status":"open","ping_status":"open","sticky":false,"template":"","format":"standard","meta":{"footnotes":""},"categories":[36,29],"tags":[],"class_list":["post-45956","post","type-post","status-publish","format-standard","hentry","category-destacado","category-judicial"],"yoast_head":"<!-- This site is optimized with the Yoast SEO plugin v26.6 - https:\/\/yoast.com\/wordpress\/plugins\/seo\/ -->\n<title>\u201cNo es posible confirmar o desvirtuar que corresponda a un panfleto aut\u00e9ntico\u201d: Polic\u00eda de Neiva -<\/title>\n<meta name=\"robots\" content=\"index, follow, max-snippet:-1, max-image-preview:large, max-video-preview:-1\" \/>\n<link rel=\"canonical\" href=\"https:\/\/luchonoticias.com\/editor\/no-es-posible-confirmar-o-desvirtuar-que-corresponda-a-un-panfleto-autentico-policia-de-neiva\/\" \/>\n<meta property=\"og:locale\" content=\"es_ES\" \/>\n<meta property=\"og:type\" content=\"article\" \/>\n<meta property=\"og:title\" content=\"\u201cNo es posible confirmar o desvirtuar que corresponda a un panfleto aut\u00e9ntico\u201d: Polic\u00eda de Neiva -\" \/>\n<meta property=\"og:url\" content=\"https:\/\/luchonoticias.com\/editor\/no-es-posible-confirmar-o-desvirtuar-que-corresponda-a-un-panfleto-autentico-policia-de-neiva\/\" \/>\n<meta property=\"article:publisher\" content=\"https:\/\/www.facebook.com\/luchonoticiasneiva\" \/>\n<meta property=\"article:published_time\" content=\"2023-02-11T12:57:21+00:00\" \/>\n<meta property=\"article:modified_time\" content=\"2023-02-11T12:57:22+00:00\" \/>\n<meta name=\"author\" content=\"Editor General\" \/>\n<meta name=\"twitter:card\" content=\"summary_large_image\" \/>\n<meta name=\"twitter:label1\" content=\"Escrito por\" \/>\n\t<meta name=\"twitter:data1\" content=\"Editor General\" \/>\n\t<meta name=\"twitter:label2\" content=\"Tiempo de lectura\" \/>\n\t<meta name=\"twitter:data2\" content=\"2 minutos\" \/>\n<script type=\"application\/ld+json\" class=\"yoast-schema-graph\">{\"@context\":\"https:\/\/schema.org\",\"@graph\":[{\"@type\":\"Article\",\"@id\":\"https:\/\/luchonoticias.com\/editor\/no-es-posible-confirmar-o-desvirtuar-que-corresponda-a-un-panfleto-autentico-policia-de-neiva\/#article\",\"isPartOf\":{\"@id\":\"https:\/\/luchonoticias.com\/editor\/no-es-posible-confirmar-o-desvirtuar-que-corresponda-a-un-panfleto-autentico-policia-de-neiva\/\"},\"author\":{\"name\":\"Editor General\",\"@id\":\"https:\/\/luchonoticias.com\/editor\/#\/schema\/person\/29217990ddf6f14e35912b2866d591fb\"},\"headline\":\"\u201cNo es posible confirmar o desvirtuar que corresponda a un panfleto aut\u00e9ntico\u201d: Polic\u00eda de Neiva\",\"datePublished\":\"2023-02-11T12:57:21+00:00\",\"dateModified\":\"2023-02-11T12:57:22+00:00\",\"mainEntityOfPage\":{\"@id\":\"https:\/\/luchonoticias.com\/editor\/no-es-posible-confirmar-o-desvirtuar-que-corresponda-a-un-panfleto-autentico-policia-de-neiva\/\"},\"wordCount\":342,\"commentCount\":0,\"publisher\":{\"@id\":\"https:\/\/luchonoticias.com\/editor\/#\/schema\/person\/7a7fd911f58561fd056dbac7b55af9cd\"},\"articleSection\":[\"Destacado\",\"Judicial\"],\"inLanguage\":\"es\",\"potentialAction\":[{\"@type\":\"CommentAction\",\"name\":\"Comment\",\"target\":[\"https:\/\/luchonoticias.com\/editor\/no-es-posible-confirmar-o-desvirtuar-que-corresponda-a-un-panfleto-autentico-policia-de-neiva\/#respond\"]}]},{\"@type\":\"WebPage\",\"@id\":\"https:\/\/luchonoticias.com\/editor\/no-es-posible-confirmar-o-desvirtuar-que-corresponda-a-un-panfleto-autentico-policia-de-neiva\/\",\"url\":\"https:\/\/luchonoticias.com\/editor\/no-es-posible-confirmar-o-desvirtuar-que-corresponda-a-un-panfleto-autentico-policia-de-neiva\/\",\"name\":\"\u201cNo es posible confirmar o desvirtuar que corresponda a un panfleto aut\u00e9ntico\u201d: Polic\u00eda de Neiva -\",\"isPartOf\":{\"@id\":\"https:\/\/luchonoticias.com\/editor\/#website\"},\"datePublished\":\"2023-02-11T12:57:21+00:00\",\"dateModified\":\"2023-02-11T12:57:22+00:00\",\"breadcrumb\":{\"@id\":\"https:\/\/luchonoticias.com\/editor\/no-es-posible-confirmar-o-desvirtuar-que-corresponda-a-un-panfleto-autentico-policia-de-neiva\/#breadcrumb\"},\"inLanguage\":\"es\",\"potentialAction\":[{\"@type\":\"ReadAction\",\"target\":[\"https:\/\/luchonoticias.com\/editor\/no-es-posible-confirmar-o-desvirtuar-que-corresponda-a-un-panfleto-autentico-policia-de-neiva\/\"]}]},{\"@type\":\"BreadcrumbList\",\"@id\":\"https:\/\/luchonoticias.com\/editor\/no-es-posible-confirmar-o-desvirtuar-que-corresponda-a-un-panfleto-autentico-policia-de-neiva\/#breadcrumb\",\"itemListElement\":[{\"@type\":\"ListItem\",\"position\":1,\"name\":\"Portada\",\"item\":\"https:\/\/luchonoticias.com\/editor\/\"},{\"@type\":\"ListItem\",\"position\":2,\"name\":\"\u201cNo es posible confirmar o desvirtuar que corresponda a un panfleto aut\u00e9ntico\u201d: Polic\u00eda de Neiva\"}]},{\"@type\":\"WebSite\",\"@id\":\"https:\/\/luchonoticias.com\/editor\/#website\",\"url\":\"https:\/\/luchonoticias.com\/editor\/\",\"name\":\"\",\"description\":\"\",\"publisher\":{\"@id\":\"https:\/\/luchonoticias.com\/editor\/#\/schema\/person\/7a7fd911f58561fd056dbac7b55af9cd\"},\"potentialAction\":[{\"@type\":\"SearchAction\",\"target\":{\"@type\":\"EntryPoint\",\"urlTemplate\":\"https:\/\/luchonoticias.com\/editor\/?s={search_term_string}\"},\"query-input\":{\"@type\":\"PropertyValueSpecification\",\"valueRequired\":true,\"valueName\":\"search_term_string\"}}],\"inLanguage\":\"es\"},{\"@type\":[\"Person\",\"Organization\"],\"@id\":\"https:\/\/luchonoticias.com\/editor\/#\/schema\/person\/7a7fd911f58561fd056dbac7b55af9cd\",\"name\":\"admin\",\"image\":{\"@type\":\"ImageObject\",\"inLanguage\":\"es\",\"@id\":\"https:\/\/luchonoticias.com\/editor\/#\/schema\/person\/image\/\",\"url\":\"https:\/\/luchonoticias.com\/editor\/wp-content\/uploads\/2024\/02\/cropped-cropped-logolu.webp\",\"contentUrl\":\"https:\/\/luchonoticias.com\/editor\/wp-content\/uploads\/2024\/02\/cropped-cropped-logolu.webp\",\"width\":382,\"height\":170,\"caption\":\"admin\"},\"logo\":{\"@id\":\"https:\/\/luchonoticias.com\/editor\/#\/schema\/person\/image\/\"},\"sameAs\":[\"https:\/\/www.facebook.com\/luchonoticiasneiva\"]},{\"@type\":\"Person\",\"@id\":\"https:\/\/luchonoticias.com\/editor\/#\/schema\/person\/29217990ddf6f14e35912b2866d591fb\",\"name\":\"Editor General\",\"image\":{\"@type\":\"ImageObject\",\"inLanguage\":\"es\",\"@id\":\"https:\/\/luchonoticias.com\/editor\/#\/schema\/person\/image\/\",\"url\":\"https:\/\/luchonoticias.com\/editor\/wp-content\/uploads\/2024\/02\/cropped-cropped-logolu-150x150.webp\",\"contentUrl\":\"https:\/\/luchonoticias.com\/editor\/wp-content\/uploads\/2024\/02\/cropped-cropped-logolu-150x150.webp\",\"caption\":\"Editor General\"},\"sameAs\":[\"https:\/\/luchonoticias.com\/\"],\"url\":\"https:\/\/luchonoticias.com\/editor\/author\/editor-general\/\"}]}<\/script>\n<!-- \/ Yoast SEO plugin. -->","yoast_head_json":{"title":"\u201cNo es posible confirmar o desvirtuar que corresponda a un panfleto aut\u00e9ntico\u201d: Polic\u00eda de Neiva -","robots":{"index":"index","follow":"follow","max-snippet":"max-snippet:-1","max-image-preview":"max-image-preview:large","max-video-preview":"max-video-preview:-1"},"canonical":"https:\/\/luchonoticias.com\/editor\/no-es-posible-confirmar-o-desvirtuar-que-corresponda-a-un-panfleto-autentico-policia-de-neiva\/","og_locale":"es_ES","og_type":"article","og_title":"\u201cNo es posible confirmar o desvirtuar que corresponda a un panfleto aut\u00e9ntico\u201d: Polic\u00eda de Neiva -","og_url":"https:\/\/luchonoticias.com\/editor\/no-es-posible-confirmar-o-desvirtuar-que-corresponda-a-un-panfleto-autentico-policia-de-neiva\/","article_publisher":"https:\/\/www.facebook.com\/luchonoticiasneiva","article_published_time":"2023-02-11T12:57:21+00:00","article_modified_time":"2023-02-11T12:57:22+00:00","author":"Editor General","twitter_card":"summary_large_image","twitter_misc":{"Escrito por":"Editor General","Tiempo de lectura":"2 minutos"},"schema":{"@context":"https:\/\/schema.org","@graph":[{"@type":"Article","@id":"https:\/\/luchonoticias.com\/editor\/no-es-posible-confirmar-o-desvirtuar-que-corresponda-a-un-panfleto-autentico-policia-de-neiva\/#article","isPartOf":{"@id":"https:\/\/luchonoticias.com\/editor\/no-es-posible-confirmar-o-desvirtuar-que-corresponda-a-un-panfleto-autentico-policia-de-neiva\/"},"author":{"name":"Editor General","@id":"https:\/\/luchonoticias.com\/editor\/#\/schema\/person\/29217990ddf6f14e35912b2866d591fb"},"headline":"\u201cNo es posible confirmar o desvirtuar que corresponda a un panfleto aut\u00e9ntico\u201d: Polic\u00eda de Neiva","datePublished":"2023-02-11T12:57:21+00:00","dateModified":"2023-02-11T12:57:22+00:00","mainEntityOfPage":{"@id":"https:\/\/luchonoticias.com\/editor\/no-es-posible-confirmar-o-desvirtuar-que-corresponda-a-un-panfleto-autentico-policia-de-neiva\/"},"wordCount":342,"commentCount":0,"publisher":{"@id":"https:\/\/luchonoticias.com\/editor\/#\/schema\/person\/7a7fd911f58561fd056dbac7b55af9cd"},"articleSection":["Destacado","Judicial"],"inLanguage":"es","potentialAction":[{"@type":"CommentAction","name":"Comment","target":["https:\/\/luchonoticias.com\/editor\/no-es-posible-confirmar-o-desvirtuar-que-corresponda-a-un-panfleto-autentico-policia-de-neiva\/#respond"]}]},{"@type":"WebPage","@id":"https:\/\/luchonoticias.com\/editor\/no-es-posible-confirmar-o-desvirtuar-que-corresponda-a-un-panfleto-autentico-policia-de-neiva\/","url":"https:\/\/luchonoticias.com\/editor\/no-es-posible-confirmar-o-desvirtuar-que-corresponda-a-un-panfleto-autentico-policia-de-neiva\/","name":"\u201cNo es posible confirmar o desvirtuar que corresponda a un panfleto aut\u00e9ntico\u201d: Polic\u00eda de Neiva -","isPartOf":{"@id":"https:\/\/luchonoticias.com\/editor\/#website"},"datePublished":"2023-02-11T12:57:21+00:00","dateModified":"2023-02-11T12:57:22+00:00","breadcrumb":{"@id":"https:\/\/luchonoticias.com\/editor\/no-es-posible-confirmar-o-desvirtuar-que-corresponda-a-un-panfleto-autentico-policia-de-neiva\/#breadcrumb"},"inLanguage":"es","potentialAction":[{"@type":"ReadAction","target":["https:\/\/luchonoticias.com\/editor\/no-es-posible-confirmar-o-desvirtuar-que-corresponda-a-un-panfleto-autentico-policia-de-neiva\/"]}]},{"@type":"BreadcrumbList","@id":"https:\/\/luchonoticias.com\/editor\/no-es-posible-confirmar-o-desvirtuar-que-corresponda-a-un-panfleto-autentico-policia-de-neiva\/#breadcrumb","itemListElement":[{"@type":"ListItem","position":1,"name":"Portada","item":"https:\/\/luchonoticias.com\/editor\/"},{"@type":"ListItem","position":2,"name":"\u201cNo es posible confirmar o desvirtuar que corresponda a un panfleto aut\u00e9ntico\u201d: Polic\u00eda de Neiva"}]},{"@type":"WebSite","@id":"https:\/\/luchonoticias.com\/editor\/#website","url":"https:\/\/luchonoticias.com\/editor\/","name":"","description":"","publisher":{"@id":"https:\/\/luchonoticias.com\/editor\/#\/schema\/person\/7a7fd911f58561fd056dbac7b55af9cd"},"potentialAction":[{"@type":"SearchAction","target":{"@type":"EntryPoint","urlTemplate":"https:\/\/luchonoticias.com\/editor\/?s={search_term_string}"},"query-input":{"@type":"PropertyValueSpecification","valueRequired":true,"valueName":"search_term_string"}}],"inLanguage":"es"},{"@type":["Person","Organization"],"@id":"https:\/\/luchonoticias.com\/editor\/#\/schema\/person\/7a7fd911f58561fd056dbac7b55af9cd","name":"admin","image":{"@type":"ImageObject","inLanguage":"es","@id":"https:\/\/luchonoticias.com\/editor\/#\/schema\/person\/image\/","url":"https:\/\/luchonoticias.com\/editor\/wp-content\/uploads\/2024\/02\/cropped-cropped-logolu.webp","contentUrl":"https:\/\/luchonoticias.com\/editor\/wp-content\/uploads\/2024\/02\/cropped-cropped-logolu.webp","width":382,"height":170,"caption":"admin"},"logo":{"@id":"https:\/\/luchonoticias.com\/editor\/#\/schema\/person\/image\/"},"sameAs":["https:\/\/www.facebook.com\/luchonoticiasneiva"]},{"@type":"Person","@id":"https:\/\/luchonoticias.com\/editor\/#\/schema\/person\/29217990ddf6f14e35912b2866d591fb","name":"Editor General","image":{"@type":"ImageObject","inLanguage":"es","@id":"https:\/\/luchonoticias.com\/editor\/#\/schema\/person\/image\/","url":"https:\/\/luchonoticias.com\/editor\/wp-content\/uploads\/2024\/02\/cropped-cropped-logolu-150x150.webp","contentUrl":"https:\/\/luchonoticias.com\/editor\/wp-content\/uploads\/2024\/02\/cropped-cropped-logolu-150x150.webp","caption":"Editor General"},"sameAs":["https:\/\/luchonoticias.com\/"],"url":"https:\/\/luchonoticias.com\/editor\/author\/editor-general\/"}]}},"_links":{"self":[{"href":"https:\/\/luchonoticias.com\/editor\/wp-json\/wp\/v2\/posts\/45956","targetHints":{"allow":["GET"]}}],"collection":[{"href":"https:\/\/luchonoticias.com\/editor\/wp-json\/wp\/v2\/posts"}],"about":[{"href":"https:\/\/luchonoticias.com\/editor\/wp-json\/wp\/v2\/types\/post"}],"author":[{"embeddable":true,"href":"https:\/\/luchonoticias.com\/editor\/wp-json\/wp\/v2\/users\/2"}],"replies":[{"embeddable":true,"href":"https:\/\/luchonoticias.com\/editor\/wp-json\/wp\/v2\/comments?post=45956"}],"version-history":[{"count":0,"href":"https:\/\/luchonoticias.com\/editor\/wp-json\/wp\/v2\/posts\/45956\/revisions"}],"wp:attachment":[{"href":"https:\/\/luchonoticias.com\/editor\/wp-json\/wp\/v2\/media?parent=45956"}],"wp:term":[{"taxonomy":"category","embeddable":true,"href":"https:\/\/luchonoticias.com\/editor\/wp-json\/wp\/v2\/categories?post=45956"},{"taxonomy":"post_tag","embeddable":true,"href":"https:\/\/luchonoticias.com\/editor\/wp-json\/wp\/v2\/tags?post=45956"}],"curies":[{"name":"wp","href":"https:\/\/api.w.org\/{rel}","templated":true}]}}