{"id":46048,"date":"2023-02-12T16:26:43","date_gmt":"2023-02-12T21:26:43","guid":{"rendered":"https:\/\/luchonoticias.com\/?p=46048"},"modified":"2023-02-12T16:26:44","modified_gmt":"2023-02-12T21:26:44","slug":"en-un-95-avanza-expansion-del-alumbrado-en-el-corregimiento-de-fortalecillas","status":"publish","type":"post","link":"https:\/\/luchonoticias.com\/editor\/en-un-95-avanza-expansion-del-alumbrado-en-el-corregimiento-de-fortalecillas\/","title":{"rendered":"En un 95% avanza expansi\u00f3n del alumbrado en el corregimiento de Fortalecillas"},"content":{"rendered":"\n<p>En una socializaci\u00f3n con l\u00edderes, ediles y presidentes de junta de Acci\u00f3n Comunal del corregimiento de Fortalecillas, el Gerente de la Empresa de Servicio de Iluminaci\u00f3n P\u00fablica, Diego P\u00e9rez Pineda rindi\u00f3 un informe de los cuatro proyectos de expansi\u00f3n del alumbrado p\u00fablico realizados en las veredas el Venado, la Jagua, La Mojarra y la Mata, en los cuales se han invertido aproximadamente 175 millones de pesos.<\/p>\n\n\n\n<figure class=\"wp-block-image size-large is-style-rounded\"><img decoding=\"async\" src=\"https:\/\/luchonoticias.com\/wp-content\/uploads\/2023\/02\/WhatsApp-Image-2023-02-12-at-1.44.26-PM-1024x682.jpeg\" alt=\"\" class=\"wp-image-46050\"\/><\/figure>\n\n\n\n<p>Diego P\u00e9rez, gerente de la empresa de alumbrado p\u00fablico de la ciudad, aclar\u00f3 que ha sido un avance del 95% de los cuatro proyectos veredales de expansi\u00f3n realizados en dicho sector, y agreg\u00f3 que \u201cse han instalado 85 luminarias\/reflectores, 22 postes, 670 metros de cable, adem\u00e1s de solicitar a Electrohuila la disponibilidad para ubicar un transformador y energizar el tramo de casi 2 km de cable y 35 luminarias que es en lo que se trabaja actualmente\u201d.<\/p>\n\n\n\n<p>Dado lo anterior, Jaime Fierro presidente de ASOJUNTAS de Fortalecillas confirm\u00f3 lo dicho por el Director de la ESIP, \u201cse ha culminado esta expansi\u00f3n del alumbrado p\u00fablico en el Venado, la Jagua, La Mojarra con un total de casi 700 familias beneficiadas y faltando la expansi\u00f3n de la vereda la Mata\u201d.<\/p>\n\n\n\n<p>A su vez, Rodrigo Mosquera l\u00edder de la vereda El Venado expres\u00f3 que, \u201cLa curva de Alberto Galindo ya se encuentra iluminada, sectores ya iluminados y seguros, agradecer la disponibilidad del Alcalde y de la ESIP por cumplir\u201d.<\/p>\n\n\n\n<figure class=\"wp-block-gallery has-nested-images columns-default is-cropped wp-block-gallery-1 is-layout-flex wp-block-gallery-is-layout-flex\">\n<figure class=\"wp-block-image size-large\"><img decoding=\"async\" data-id=\"46051\" src=\"https:\/\/luchonoticias.com\/wp-content\/uploads\/2023\/02\/WhatsApp-Image-2023-02-12-at-1.44.27-PM-1024x682.jpeg\" alt=\"\" class=\"wp-image-46051\"\/><\/figure>\n\n\n\n<figure class=\"wp-block-image size-large\"><img decoding=\"async\" data-id=\"46052\" src=\"https:\/\/luchonoticias.com\/wp-content\/uploads\/2023\/02\/WhatsApp-Image-2023-02-12-at-1.44.26-PM-1-1024x682.jpeg\" alt=\"\" class=\"wp-image-46052\"\/><\/figure>\n<\/figure>\n\n\n\n<p><strong>Trabajo de expansi\u00f3n de alumbrado de la mano con los l\u00edderes<\/strong><\/p>\n\n\n\n<p>Al igual que la Alcald\u00eda de Neiva ha priorizado el dialogo directo con las comunidades, el Gerente de la ESIP ha priorizado escuchar a los l\u00edderes del sector rural y acordar los alcances de los proyectos.<\/p>\n\n\n\n<p>Dado lo anterior, la socializaci\u00f3n del avance permiti\u00f3 al Gerente Diego P\u00e9rez Pineda hablar de las proyecciones para el a\u00f1o en curso y dijo, \u201cen La Vigencia 2022 y 2023 tenemos en total 182 proyectos en zona rural y urbana del municipio, de los cuales 51 ya se est\u00e1n ejecutando. Esperamos en marzo ir en la mitad y entregarlos en su totalidad en agosto de este a\u00f1o\u201d.<\/p>\n","protected":false},"excerpt":{"rendered":"<p>En una socializaci\u00f3n con l\u00edderes, ediles y presidentes de junta de Acci\u00f3n Comunal del corregimiento de Fortalecillas, el Gerente de la Empresa de Servicio de Iluminaci\u00f3n P\u00fablica, Diego P\u00e9rez Pineda rindi\u00f3 un informe de los cuatro proyectos de expansi\u00f3n del alumbrado p\u00fablico realizados en las veredas el Venado, la Jagua, La Mojarra y la Mata, [&hellip;]<\/p>\n","protected":false},"author":2,"featured_media":0,"comment_status":"open","ping_status":"open","sticky":false,"template":"","format":"standard","meta":{"footnotes":""},"categories":[36,31],"tags":[],"class_list":["post-46048","post","type-post","status-publish","format-standard","hentry","category-destacado","category-local"],"yoast_head":"<!-- This site is optimized with the Yoast SEO plugin v26.6 - https:\/\/yoast.com\/wordpress\/plugins\/seo\/ -->\n<title>En un 95% avanza expansi\u00f3n del alumbrado en el corregimiento de Fortalecillas -<\/title>\n<meta name=\"robots\" content=\"index, follow, max-snippet:-1, max-image-preview:large, max-video-preview:-1\" \/>\n<link rel=\"canonical\" href=\"https:\/\/luchonoticias.com\/editor\/en-un-95-avanza-expansion-del-alumbrado-en-el-corregimiento-de-fortalecillas\/\" \/>\n<meta property=\"og:locale\" content=\"es_ES\" \/>\n<meta property=\"og:type\" content=\"article\" \/>\n<meta property=\"og:title\" content=\"En un 95% avanza expansi\u00f3n del alumbrado en el corregimiento de Fortalecillas -\" \/>\n<meta property=\"og:url\" content=\"https:\/\/luchonoticias.com\/editor\/en-un-95-avanza-expansion-del-alumbrado-en-el-corregimiento-de-fortalecillas\/\" \/>\n<meta property=\"article:publisher\" content=\"https:\/\/www.facebook.com\/luchonoticiasneiva\" \/>\n<meta property=\"article:published_time\" content=\"2023-02-12T21:26:43+00:00\" \/>\n<meta property=\"article:modified_time\" content=\"2023-02-12T21:26:44+00:00\" \/>\n<meta property=\"og:image\" content=\"https:\/\/luchonoticias.com\/wp-content\/uploads\/2023\/02\/WhatsApp-Image-2023-02-12-at-1.44.26-PM-1024x682.jpeg\" \/>\n<meta name=\"author\" content=\"Editor General\" \/>\n<meta name=\"twitter:card\" content=\"summary_large_image\" \/>\n<meta name=\"twitter:label1\" content=\"Escrito por\" \/>\n\t<meta name=\"twitter:data1\" content=\"Editor General\" \/>\n\t<meta name=\"twitter:label2\" content=\"Tiempo de lectura\" \/>\n\t<meta name=\"twitter:data2\" content=\"2 minutos\" \/>\n<script type=\"application\/ld+json\" class=\"yoast-schema-graph\">{\"@context\":\"https:\/\/schema.org\",\"@graph\":[{\"@type\":\"Article\",\"@id\":\"https:\/\/luchonoticias.com\/editor\/en-un-95-avanza-expansion-del-alumbrado-en-el-corregimiento-de-fortalecillas\/#article\",\"isPartOf\":{\"@id\":\"https:\/\/luchonoticias.com\/editor\/en-un-95-avanza-expansion-del-alumbrado-en-el-corregimiento-de-fortalecillas\/\"},\"author\":{\"name\":\"Editor General\",\"@id\":\"https:\/\/luchonoticias.com\/editor\/#\/schema\/person\/29217990ddf6f14e35912b2866d591fb\"},\"headline\":\"En un 95% avanza expansi\u00f3n del alumbrado en el corregimiento de Fortalecillas\",\"datePublished\":\"2023-02-12T21:26:43+00:00\",\"dateModified\":\"2023-02-12T21:26:44+00:00\",\"mainEntityOfPage\":{\"@id\":\"https:\/\/luchonoticias.com\/editor\/en-un-95-avanza-expansion-del-alumbrado-en-el-corregimiento-de-fortalecillas\/\"},\"wordCount\":372,\"commentCount\":0,\"publisher\":{\"@id\":\"https:\/\/luchonoticias.com\/editor\/#\/schema\/person\/7a7fd911f58561fd056dbac7b55af9cd\"},\"image\":{\"@id\":\"https:\/\/luchonoticias.com\/editor\/en-un-95-avanza-expansion-del-alumbrado-en-el-corregimiento-de-fortalecillas\/#primaryimage\"},\"thumbnailUrl\":\"https:\/\/luchonoticias.com\/wp-content\/uploads\/2023\/02\/WhatsApp-Image-2023-02-12-at-1.44.26-PM-1024x682.jpeg\",\"articleSection\":[\"Destacado\",\"Local\"],\"inLanguage\":\"es\",\"potentialAction\":[{\"@type\":\"CommentAction\",\"name\":\"Comment\",\"target\":[\"https:\/\/luchonoticias.com\/editor\/en-un-95-avanza-expansion-del-alumbrado-en-el-corregimiento-de-fortalecillas\/#respond\"]}]},{\"@type\":\"WebPage\",\"@id\":\"https:\/\/luchonoticias.com\/editor\/en-un-95-avanza-expansion-del-alumbrado-en-el-corregimiento-de-fortalecillas\/\",\"url\":\"https:\/\/luchonoticias.com\/editor\/en-un-95-avanza-expansion-del-alumbrado-en-el-corregimiento-de-fortalecillas\/\",\"name\":\"En un 95% avanza expansi\u00f3n del alumbrado en el corregimiento de Fortalecillas -\",\"isPartOf\":{\"@id\":\"https:\/\/luchonoticias.com\/editor\/#website\"},\"primaryImageOfPage\":{\"@id\":\"https:\/\/luchonoticias.com\/editor\/en-un-95-avanza-expansion-del-alumbrado-en-el-corregimiento-de-fortalecillas\/#primaryimage\"},\"image\":{\"@id\":\"https:\/\/luchonoticias.com\/editor\/en-un-95-avanza-expansion-del-alumbrado-en-el-corregimiento-de-fortalecillas\/#primaryimage\"},\"thumbnailUrl\":\"https:\/\/luchonoticias.com\/wp-content\/uploads\/2023\/02\/WhatsApp-Image-2023-02-12-at-1.44.26-PM-1024x682.jpeg\",\"datePublished\":\"2023-02-12T21:26:43+00:00\",\"dateModified\":\"2023-02-12T21:26:44+00:00\",\"breadcrumb\":{\"@id\":\"https:\/\/luchonoticias.com\/editor\/en-un-95-avanza-expansion-del-alumbrado-en-el-corregimiento-de-fortalecillas\/#breadcrumb\"},\"inLanguage\":\"es\",\"potentialAction\":[{\"@type\":\"ReadAction\",\"target\":[\"https:\/\/luchonoticias.com\/editor\/en-un-95-avanza-expansion-del-alumbrado-en-el-corregimiento-de-fortalecillas\/\"]}]},{\"@type\":\"ImageObject\",\"inLanguage\":\"es\",\"@id\":\"https:\/\/luchonoticias.com\/editor\/en-un-95-avanza-expansion-del-alumbrado-en-el-corregimiento-de-fortalecillas\/#primaryimage\",\"url\":\"https:\/\/luchonoticias.com\/wp-content\/uploads\/2023\/02\/WhatsApp-Image-2023-02-12-at-1.44.26-PM-1024x682.jpeg\",\"contentUrl\":\"https:\/\/luchonoticias.com\/wp-content\/uploads\/2023\/02\/WhatsApp-Image-2023-02-12-at-1.44.26-PM-1024x682.jpeg\"},{\"@type\":\"BreadcrumbList\",\"@id\":\"https:\/\/luchonoticias.com\/editor\/en-un-95-avanza-expansion-del-alumbrado-en-el-corregimiento-de-fortalecillas\/#breadcrumb\",\"itemListElement\":[{\"@type\":\"ListItem\",\"position\":1,\"name\":\"Portada\",\"item\":\"https:\/\/luchonoticias.com\/editor\/\"},{\"@type\":\"ListItem\",\"position\":2,\"name\":\"En un 95% avanza expansi\u00f3n del alumbrado en el corregimiento de Fortalecillas\"}]},{\"@type\":\"WebSite\",\"@id\":\"https:\/\/luchonoticias.com\/editor\/#website\",\"url\":\"https:\/\/luchonoticias.com\/editor\/\",\"name\":\"\",\"description\":\"\",\"publisher\":{\"@id\":\"https:\/\/luchonoticias.com\/editor\/#\/schema\/person\/7a7fd911f58561fd056dbac7b55af9cd\"},\"potentialAction\":[{\"@type\":\"SearchAction\",\"target\":{\"@type\":\"EntryPoint\",\"urlTemplate\":\"https:\/\/luchonoticias.com\/editor\/?s={search_term_string}\"},\"query-input\":{\"@type\":\"PropertyValueSpecification\",\"valueRequired\":true,\"valueName\":\"search_term_string\"}}],\"inLanguage\":\"es\"},{\"@type\":[\"Person\",\"Organization\"],\"@id\":\"https:\/\/luchonoticias.com\/editor\/#\/schema\/person\/7a7fd911f58561fd056dbac7b55af9cd\",\"name\":\"admin\",\"image\":{\"@type\":\"ImageObject\",\"inLanguage\":\"es\",\"@id\":\"https:\/\/luchonoticias.com\/editor\/#\/schema\/person\/image\/\",\"url\":\"https:\/\/luchonoticias.com\/editor\/wp-content\/uploads\/2024\/02\/cropped-cropped-logolu.webp\",\"contentUrl\":\"https:\/\/luchonoticias.com\/editor\/wp-content\/uploads\/2024\/02\/cropped-cropped-logolu.webp\",\"width\":382,\"height\":170,\"caption\":\"admin\"},\"logo\":{\"@id\":\"https:\/\/luchonoticias.com\/editor\/#\/schema\/person\/image\/\"},\"sameAs\":[\"https:\/\/www.facebook.com\/luchonoticiasneiva\"]},{\"@type\":\"Person\",\"@id\":\"https:\/\/luchonoticias.com\/editor\/#\/schema\/person\/29217990ddf6f14e35912b2866d591fb\",\"name\":\"Editor General\",\"image\":{\"@type\":\"ImageObject\",\"inLanguage\":\"es\",\"@id\":\"https:\/\/luchonoticias.com\/editor\/#\/schema\/person\/image\/\",\"url\":\"https:\/\/luchonoticias.com\/editor\/wp-content\/uploads\/2024\/02\/cropped-cropped-logolu-150x150.webp\",\"contentUrl\":\"https:\/\/luchonoticias.com\/editor\/wp-content\/uploads\/2024\/02\/cropped-cropped-logolu-150x150.webp\",\"caption\":\"Editor General\"},\"sameAs\":[\"https:\/\/luchonoticias.com\/\"],\"url\":\"https:\/\/luchonoticias.com\/editor\/author\/editor-general\/\"}]}<\/script>\n<!-- \/ Yoast SEO plugin. -->","yoast_head_json":{"title":"En un 95% avanza expansi\u00f3n del alumbrado en el corregimiento de Fortalecillas -","robots":{"index":"index","follow":"follow","max-snippet":"max-snippet:-1","max-image-preview":"max-image-preview:large","max-video-preview":"max-video-preview:-1"},"canonical":"https:\/\/luchonoticias.com\/editor\/en-un-95-avanza-expansion-del-alumbrado-en-el-corregimiento-de-fortalecillas\/","og_locale":"es_ES","og_type":"article","og_title":"En un 95% avanza expansi\u00f3n del alumbrado en el corregimiento de Fortalecillas -","og_url":"https:\/\/luchonoticias.com\/editor\/en-un-95-avanza-expansion-del-alumbrado-en-el-corregimiento-de-fortalecillas\/","article_publisher":"https:\/\/www.facebook.com\/luchonoticiasneiva","article_published_time":"2023-02-12T21:26:43+00:00","article_modified_time":"2023-02-12T21:26:44+00:00","og_image":[{"url":"https:\/\/luchonoticias.com\/wp-content\/uploads\/2023\/02\/WhatsApp-Image-2023-02-12-at-1.44.26-PM-1024x682.jpeg","type":"","width":"","height":""}],"author":"Editor General","twitter_card":"summary_large_image","twitter_misc":{"Escrito por":"Editor General","Tiempo de lectura":"2 minutos"},"schema":{"@context":"https:\/\/schema.org","@graph":[{"@type":"Article","@id":"https:\/\/luchonoticias.com\/editor\/en-un-95-avanza-expansion-del-alumbrado-en-el-corregimiento-de-fortalecillas\/#article","isPartOf":{"@id":"https:\/\/luchonoticias.com\/editor\/en-un-95-avanza-expansion-del-alumbrado-en-el-corregimiento-de-fortalecillas\/"},"author":{"name":"Editor General","@id":"https:\/\/luchonoticias.com\/editor\/#\/schema\/person\/29217990ddf6f14e35912b2866d591fb"},"headline":"En un 95% avanza expansi\u00f3n del alumbrado en el corregimiento de Fortalecillas","datePublished":"2023-02-12T21:26:43+00:00","dateModified":"2023-02-12T21:26:44+00:00","mainEntityOfPage":{"@id":"https:\/\/luchonoticias.com\/editor\/en-un-95-avanza-expansion-del-alumbrado-en-el-corregimiento-de-fortalecillas\/"},"wordCount":372,"commentCount":0,"publisher":{"@id":"https:\/\/luchonoticias.com\/editor\/#\/schema\/person\/7a7fd911f58561fd056dbac7b55af9cd"},"image":{"@id":"https:\/\/luchonoticias.com\/editor\/en-un-95-avanza-expansion-del-alumbrado-en-el-corregimiento-de-fortalecillas\/#primaryimage"},"thumbnailUrl":"https:\/\/luchonoticias.com\/wp-content\/uploads\/2023\/02\/WhatsApp-Image-2023-02-12-at-1.44.26-PM-1024x682.jpeg","articleSection":["Destacado","Local"],"inLanguage":"es","potentialAction":[{"@type":"CommentAction","name":"Comment","target":["https:\/\/luchonoticias.com\/editor\/en-un-95-avanza-expansion-del-alumbrado-en-el-corregimiento-de-fortalecillas\/#respond"]}]},{"@type":"WebPage","@id":"https:\/\/luchonoticias.com\/editor\/en-un-95-avanza-expansion-del-alumbrado-en-el-corregimiento-de-fortalecillas\/","url":"https:\/\/luchonoticias.com\/editor\/en-un-95-avanza-expansion-del-alumbrado-en-el-corregimiento-de-fortalecillas\/","name":"En un 95% avanza expansi\u00f3n del alumbrado en el corregimiento de Fortalecillas -","isPartOf":{"@id":"https:\/\/luchonoticias.com\/editor\/#website"},"primaryImageOfPage":{"@id":"https:\/\/luchonoticias.com\/editor\/en-un-95-avanza-expansion-del-alumbrado-en-el-corregimiento-de-fortalecillas\/#primaryimage"},"image":{"@id":"https:\/\/luchonoticias.com\/editor\/en-un-95-avanza-expansion-del-alumbrado-en-el-corregimiento-de-fortalecillas\/#primaryimage"},"thumbnailUrl":"https:\/\/luchonoticias.com\/wp-content\/uploads\/2023\/02\/WhatsApp-Image-2023-02-12-at-1.44.26-PM-1024x682.jpeg","datePublished":"2023-02-12T21:26:43+00:00","dateModified":"2023-02-12T21:26:44+00:00","breadcrumb":{"@id":"https:\/\/luchonoticias.com\/editor\/en-un-95-avanza-expansion-del-alumbrado-en-el-corregimiento-de-fortalecillas\/#breadcrumb"},"inLanguage":"es","potentialAction":[{"@type":"ReadAction","target":["https:\/\/luchonoticias.com\/editor\/en-un-95-avanza-expansion-del-alumbrado-en-el-corregimiento-de-fortalecillas\/"]}]},{"@type":"ImageObject","inLanguage":"es","@id":"https:\/\/luchonoticias.com\/editor\/en-un-95-avanza-expansion-del-alumbrado-en-el-corregimiento-de-fortalecillas\/#primaryimage","url":"https:\/\/luchonoticias.com\/wp-content\/uploads\/2023\/02\/WhatsApp-Image-2023-02-12-at-1.44.26-PM-1024x682.jpeg","contentUrl":"https:\/\/luchonoticias.com\/wp-content\/uploads\/2023\/02\/WhatsApp-Image-2023-02-12-at-1.44.26-PM-1024x682.jpeg"},{"@type":"BreadcrumbList","@id":"https:\/\/luchonoticias.com\/editor\/en-un-95-avanza-expansion-del-alumbrado-en-el-corregimiento-de-fortalecillas\/#breadcrumb","itemListElement":[{"@type":"ListItem","position":1,"name":"Portada","item":"https:\/\/luchonoticias.com\/editor\/"},{"@type":"ListItem","position":2,"name":"En un 95% avanza expansi\u00f3n del alumbrado en el corregimiento de Fortalecillas"}]},{"@type":"WebSite","@id":"https:\/\/luchonoticias.com\/editor\/#website","url":"https:\/\/luchonoticias.com\/editor\/","name":"","description":"","publisher":{"@id":"https:\/\/luchonoticias.com\/editor\/#\/schema\/person\/7a7fd911f58561fd056dbac7b55af9cd"},"potentialAction":[{"@type":"SearchAction","target":{"@type":"EntryPoint","urlTemplate":"https:\/\/luchonoticias.com\/editor\/?s={search_term_string}"},"query-input":{"@type":"PropertyValueSpecification","valueRequired":true,"valueName":"search_term_string"}}],"inLanguage":"es"},{"@type":["Person","Organization"],"@id":"https:\/\/luchonoticias.com\/editor\/#\/schema\/person\/7a7fd911f58561fd056dbac7b55af9cd","name":"admin","image":{"@type":"ImageObject","inLanguage":"es","@id":"https:\/\/luchonoticias.com\/editor\/#\/schema\/person\/image\/","url":"https:\/\/luchonoticias.com\/editor\/wp-content\/uploads\/2024\/02\/cropped-cropped-logolu.webp","contentUrl":"https:\/\/luchonoticias.com\/editor\/wp-content\/uploads\/2024\/02\/cropped-cropped-logolu.webp","width":382,"height":170,"caption":"admin"},"logo":{"@id":"https:\/\/luchonoticias.com\/editor\/#\/schema\/person\/image\/"},"sameAs":["https:\/\/www.facebook.com\/luchonoticiasneiva"]},{"@type":"Person","@id":"https:\/\/luchonoticias.com\/editor\/#\/schema\/person\/29217990ddf6f14e35912b2866d591fb","name":"Editor General","image":{"@type":"ImageObject","inLanguage":"es","@id":"https:\/\/luchonoticias.com\/editor\/#\/schema\/person\/image\/","url":"https:\/\/luchonoticias.com\/editor\/wp-content\/uploads\/2024\/02\/cropped-cropped-logolu-150x150.webp","contentUrl":"https:\/\/luchonoticias.com\/editor\/wp-content\/uploads\/2024\/02\/cropped-cropped-logolu-150x150.webp","caption":"Editor General"},"sameAs":["https:\/\/luchonoticias.com\/"],"url":"https:\/\/luchonoticias.com\/editor\/author\/editor-general\/"}]}},"_links":{"self":[{"href":"https:\/\/luchonoticias.com\/editor\/wp-json\/wp\/v2\/posts\/46048","targetHints":{"allow":["GET"]}}],"collection":[{"href":"https:\/\/luchonoticias.com\/editor\/wp-json\/wp\/v2\/posts"}],"about":[{"href":"https:\/\/luchonoticias.com\/editor\/wp-json\/wp\/v2\/types\/post"}],"author":[{"embeddable":true,"href":"https:\/\/luchonoticias.com\/editor\/wp-json\/wp\/v2\/users\/2"}],"replies":[{"embeddable":true,"href":"https:\/\/luchonoticias.com\/editor\/wp-json\/wp\/v2\/comments?post=46048"}],"version-history":[{"count":0,"href":"https:\/\/luchonoticias.com\/editor\/wp-json\/wp\/v2\/posts\/46048\/revisions"}],"wp:attachment":[{"href":"https:\/\/luchonoticias.com\/editor\/wp-json\/wp\/v2\/media?parent=46048"}],"wp:term":[{"taxonomy":"category","embeddable":true,"href":"https:\/\/luchonoticias.com\/editor\/wp-json\/wp\/v2\/categories?post=46048"},{"taxonomy":"post_tag","embeddable":true,"href":"https:\/\/luchonoticias.com\/editor\/wp-json\/wp\/v2\/tags?post=46048"}],"curies":[{"name":"wp","href":"https:\/\/api.w.org\/{rel}","templated":true}]}}