{"id":46076,"date":"2023-02-13T07:22:43","date_gmt":"2023-02-13T12:22:43","guid":{"rendered":"https:\/\/luchonoticias.com\/?p=46076"},"modified":"2023-02-13T07:22:44","modified_gmt":"2023-02-13T12:22:44","slug":"judicializados-presuntos-integrantes-del-eln-al-parecer-traficaban-armas-desde-zonas-fronterizas-venezolanas","status":"publish","type":"post","link":"https:\/\/luchonoticias.com\/editor\/judicializados-presuntos-integrantes-del-eln-al-parecer-traficaban-armas-desde-zonas-fronterizas-venezolanas\/","title":{"rendered":"Judicializados presuntos integrantes del ELN, al parecer traficaban armas desde zonas fronterizas Venezolanas"},"content":{"rendered":"\n<p>La Fiscal\u00eda General de la Naci\u00f3n, en un trabajo coordinado con la DIJIN de la Polic\u00eda Nacional, identific\u00f3 la ruta que cumplir\u00edan dos presuntos integrantes del denominado Frente de Guerra Urbano del ELN, quienes habr\u00edan viajado a zona de frontera con Venezuela para recoger armas y munici\u00f3n para una estructura de este grupo ilegal.<\/p>\n\n\n\n<p>\u201cLos dos hombres fueron interceptados y capturados en Tabio (Cundinamarca), luego de que intentaran escapar del dispositivo organizado en su contra. En la inspecci\u00f3n al veh\u00edculo en el que se movilizaban se encontraron 2 pistolas calibre 9mm, 8 proveedores, 120 cartuchos 9mm, 3 celulares, 4.900 d\u00f3lares y 724.000 pesos en efectivo\u201d, indicaron las autoridades en un informe oficial.<\/p>\n\n\n\n<figure class=\"wp-block-gallery has-nested-images columns-default is-cropped wp-block-gallery-1 is-layout-flex wp-block-gallery-is-layout-flex\">\n<figure class=\"wp-block-image size-large\"><img decoding=\"async\" data-id=\"46078\" src=\"https:\/\/luchonoticias.com\/wp-content\/uploads\/2023\/02\/WhatsApp-Image-2023-02-12-at-3.12.37-PM-2-1024x512.jpeg\" alt=\"\" class=\"wp-image-46078\"\/><\/figure>\n\n\n\n<figure class=\"wp-block-image size-large\"><img decoding=\"async\" data-id=\"46079\" src=\"https:\/\/luchonoticias.com\/wp-content\/uploads\/2023\/02\/WhatsApp-Image-2023-02-12-at-3.12.37-PM-1024x768.jpeg\" alt=\"\" class=\"wp-image-46079\"\/><\/figure>\n<\/figure>\n\n\n\n<p>Asimismo, el ente acusador revel\u00f3 que el material y el dinero estaban camuflados entre aires acondicionados y envueltos en papel vinipel.<\/p>\n\n\n\n<p>\u201cLos elementos de prueba indican que, al parecer, iban a ser entregados a una estructura del ELN que se ha estado rearmando en Tolima y el centro del pa\u00eds.\u00a0 Adicionalmente, se conoci\u00f3 que una de las pistolas halladas perteneci\u00f3 y le fue hurtada al patrullero Jorge Alexander Riveros Pati\u00f1o, quien fue asesinado durante un ataque del ELN en contra de un grupo de la Polic\u00eda Nacional y del Ej\u00e9rcito Nacional que acompa\u00f1aba a una comisi\u00f3n que trasladaba varias tarjetas electorales. La acci\u00f3n criminal ocurri\u00f3 el 26 de octubre de 2015, en zona rural de G\u00fcican de la Sierra (Boyac\u00e1), y en la misma tambi\u00e9n murieron 11 militares\u201d, agreg\u00f3 la Fiscal\u00eda.<\/p>\n\n\n\n<figure class=\"wp-block-video\"><video controls src=\"https:\/\/luchonoticias.com\/wp-content\/uploads\/2023\/02\/WhatsApp-Video-2023-02-12-at-3.12.37-PM.mp4\"><\/video><\/figure>\n\n\n\n<p>Finalmente, el ente acusador dio a conocer que una fiscal de la Direcci\u00f3n Especializada contra las Organizaciones Criminales imput\u00f3 a los dos capturados los delitos de fabricaci\u00f3n, tr\u00e1fico y porte de armas de fuego o municiones; y fabricaci\u00f3n, tr\u00e1fico y porte de armas y municiones de uso privativo de las Fuerzas Armadas. Los procesados no aceptaron cargos y deber\u00e1n cumplir medida de aseguramiento privativa de la libertad en centro carcelario.<\/p>\n\n\n\n<p>\u201cLos afectados con la decisi\u00f3n son los hermanos Hern\u00e1n Mauricio y Christian Leonardo Arias Calero, conocidos con los alias de Mat\u00edas y Andr\u00e9s, respectivamente\u201d, concluyeron.<\/p>\n","protected":false},"excerpt":{"rendered":"<p>La Fiscal\u00eda General de la Naci\u00f3n, en un trabajo coordinado con la DIJIN de la Polic\u00eda Nacional, identific\u00f3 la ruta que cumplir\u00edan dos presuntos integrantes del denominado Frente de Guerra Urbano del ELN, quienes habr\u00edan viajado a zona de frontera con Venezuela para recoger armas y munici\u00f3n para una estructura de este grupo ilegal. \u201cLos [&hellip;]<\/p>\n","protected":false},"author":2,"featured_media":0,"comment_status":"open","ping_status":"open","sticky":false,"template":"","format":"standard","meta":{"footnotes":""},"categories":[28,36,3962],"tags":[],"class_list":["post-46076","post","type-post","status-publish","format-standard","hentry","category-actualidad","category-destacado","category-videos"],"yoast_head":"<!-- This site is optimized with the Yoast SEO plugin v26.6 - https:\/\/yoast.com\/wordpress\/plugins\/seo\/ -->\n<title>Judicializados presuntos integrantes del ELN, al parecer traficaban armas desde zonas fronterizas Venezolanas -<\/title>\n<meta name=\"robots\" content=\"index, follow, max-snippet:-1, max-image-preview:large, max-video-preview:-1\" \/>\n<link rel=\"canonical\" href=\"https:\/\/luchonoticias.com\/editor\/judicializados-presuntos-integrantes-del-eln-al-parecer-traficaban-armas-desde-zonas-fronterizas-venezolanas\/\" \/>\n<meta property=\"og:locale\" content=\"es_ES\" \/>\n<meta property=\"og:type\" content=\"article\" \/>\n<meta property=\"og:title\" content=\"Judicializados presuntos integrantes del ELN, al parecer traficaban armas desde zonas fronterizas Venezolanas -\" \/>\n<meta property=\"og:url\" content=\"https:\/\/luchonoticias.com\/editor\/judicializados-presuntos-integrantes-del-eln-al-parecer-traficaban-armas-desde-zonas-fronterizas-venezolanas\/\" \/>\n<meta property=\"article:publisher\" content=\"https:\/\/www.facebook.com\/luchonoticiasneiva\" \/>\n<meta property=\"article:published_time\" content=\"2023-02-13T12:22:43+00:00\" \/>\n<meta property=\"article:modified_time\" content=\"2023-02-13T12:22:44+00:00\" \/>\n<meta property=\"og:image\" content=\"https:\/\/luchonoticias.com\/wp-content\/uploads\/2023\/02\/WhatsApp-Image-2023-02-12-at-3.12.37-PM-2-1024x512.jpeg\" \/>\n<meta name=\"author\" content=\"Editor General\" \/>\n<meta name=\"twitter:card\" content=\"summary_large_image\" \/>\n<meta name=\"twitter:label1\" content=\"Escrito por\" \/>\n\t<meta name=\"twitter:data1\" content=\"Editor General\" \/>\n\t<meta name=\"twitter:label2\" content=\"Tiempo de lectura\" \/>\n\t<meta name=\"twitter:data2\" content=\"2 minutos\" \/>\n<script type=\"application\/ld+json\" class=\"yoast-schema-graph\">{\"@context\":\"https:\/\/schema.org\",\"@graph\":[{\"@type\":\"Article\",\"@id\":\"https:\/\/luchonoticias.com\/editor\/judicializados-presuntos-integrantes-del-eln-al-parecer-traficaban-armas-desde-zonas-fronterizas-venezolanas\/#article\",\"isPartOf\":{\"@id\":\"https:\/\/luchonoticias.com\/editor\/judicializados-presuntos-integrantes-del-eln-al-parecer-traficaban-armas-desde-zonas-fronterizas-venezolanas\/\"},\"author\":{\"name\":\"Editor General\",\"@id\":\"https:\/\/luchonoticias.com\/editor\/#\/schema\/person\/29217990ddf6f14e35912b2866d591fb\"},\"headline\":\"Judicializados presuntos integrantes del ELN, al parecer traficaban armas desde zonas fronterizas Venezolanas\",\"datePublished\":\"2023-02-13T12:22:43+00:00\",\"dateModified\":\"2023-02-13T12:22:44+00:00\",\"mainEntityOfPage\":{\"@id\":\"https:\/\/luchonoticias.com\/editor\/judicializados-presuntos-integrantes-del-eln-al-parecer-traficaban-armas-desde-zonas-fronterizas-venezolanas\/\"},\"wordCount\":371,\"commentCount\":0,\"publisher\":{\"@id\":\"https:\/\/luchonoticias.com\/editor\/#\/schema\/person\/7a7fd911f58561fd056dbac7b55af9cd\"},\"image\":{\"@id\":\"https:\/\/luchonoticias.com\/editor\/judicializados-presuntos-integrantes-del-eln-al-parecer-traficaban-armas-desde-zonas-fronterizas-venezolanas\/#primaryimage\"},\"thumbnailUrl\":\"https:\/\/luchonoticias.com\/wp-content\/uploads\/2023\/02\/WhatsApp-Image-2023-02-12-at-3.12.37-PM-2-1024x512.jpeg\",\"articleSection\":[\"Actualidad\",\"Destacado\",\"Videos\"],\"inLanguage\":\"es\",\"potentialAction\":[{\"@type\":\"CommentAction\",\"name\":\"Comment\",\"target\":[\"https:\/\/luchonoticias.com\/editor\/judicializados-presuntos-integrantes-del-eln-al-parecer-traficaban-armas-desde-zonas-fronterizas-venezolanas\/#respond\"]}]},{\"@type\":\"WebPage\",\"@id\":\"https:\/\/luchonoticias.com\/editor\/judicializados-presuntos-integrantes-del-eln-al-parecer-traficaban-armas-desde-zonas-fronterizas-venezolanas\/\",\"url\":\"https:\/\/luchonoticias.com\/editor\/judicializados-presuntos-integrantes-del-eln-al-parecer-traficaban-armas-desde-zonas-fronterizas-venezolanas\/\",\"name\":\"Judicializados presuntos integrantes del ELN, al parecer traficaban armas desde zonas fronterizas Venezolanas -\",\"isPartOf\":{\"@id\":\"https:\/\/luchonoticias.com\/editor\/#website\"},\"primaryImageOfPage\":{\"@id\":\"https:\/\/luchonoticias.com\/editor\/judicializados-presuntos-integrantes-del-eln-al-parecer-traficaban-armas-desde-zonas-fronterizas-venezolanas\/#primaryimage\"},\"image\":{\"@id\":\"https:\/\/luchonoticias.com\/editor\/judicializados-presuntos-integrantes-del-eln-al-parecer-traficaban-armas-desde-zonas-fronterizas-venezolanas\/#primaryimage\"},\"thumbnailUrl\":\"https:\/\/luchonoticias.com\/wp-content\/uploads\/2023\/02\/WhatsApp-Image-2023-02-12-at-3.12.37-PM-2-1024x512.jpeg\",\"datePublished\":\"2023-02-13T12:22:43+00:00\",\"dateModified\":\"2023-02-13T12:22:44+00:00\",\"breadcrumb\":{\"@id\":\"https:\/\/luchonoticias.com\/editor\/judicializados-presuntos-integrantes-del-eln-al-parecer-traficaban-armas-desde-zonas-fronterizas-venezolanas\/#breadcrumb\"},\"inLanguage\":\"es\",\"potentialAction\":[{\"@type\":\"ReadAction\",\"target\":[\"https:\/\/luchonoticias.com\/editor\/judicializados-presuntos-integrantes-del-eln-al-parecer-traficaban-armas-desde-zonas-fronterizas-venezolanas\/\"]}]},{\"@type\":\"ImageObject\",\"inLanguage\":\"es\",\"@id\":\"https:\/\/luchonoticias.com\/editor\/judicializados-presuntos-integrantes-del-eln-al-parecer-traficaban-armas-desde-zonas-fronterizas-venezolanas\/#primaryimage\",\"url\":\"https:\/\/luchonoticias.com\/wp-content\/uploads\/2023\/02\/WhatsApp-Image-2023-02-12-at-3.12.37-PM-2-1024x512.jpeg\",\"contentUrl\":\"https:\/\/luchonoticias.com\/wp-content\/uploads\/2023\/02\/WhatsApp-Image-2023-02-12-at-3.12.37-PM-2-1024x512.jpeg\"},{\"@type\":\"BreadcrumbList\",\"@id\":\"https:\/\/luchonoticias.com\/editor\/judicializados-presuntos-integrantes-del-eln-al-parecer-traficaban-armas-desde-zonas-fronterizas-venezolanas\/#breadcrumb\",\"itemListElement\":[{\"@type\":\"ListItem\",\"position\":1,\"name\":\"Portada\",\"item\":\"https:\/\/luchonoticias.com\/editor\/\"},{\"@type\":\"ListItem\",\"position\":2,\"name\":\"Judicializados presuntos integrantes del ELN, al parecer traficaban armas desde zonas fronterizas Venezolanas\"}]},{\"@type\":\"WebSite\",\"@id\":\"https:\/\/luchonoticias.com\/editor\/#website\",\"url\":\"https:\/\/luchonoticias.com\/editor\/\",\"name\":\"\",\"description\":\"\",\"publisher\":{\"@id\":\"https:\/\/luchonoticias.com\/editor\/#\/schema\/person\/7a7fd911f58561fd056dbac7b55af9cd\"},\"potentialAction\":[{\"@type\":\"SearchAction\",\"target\":{\"@type\":\"EntryPoint\",\"urlTemplate\":\"https:\/\/luchonoticias.com\/editor\/?s={search_term_string}\"},\"query-input\":{\"@type\":\"PropertyValueSpecification\",\"valueRequired\":true,\"valueName\":\"search_term_string\"}}],\"inLanguage\":\"es\"},{\"@type\":[\"Person\",\"Organization\"],\"@id\":\"https:\/\/luchonoticias.com\/editor\/#\/schema\/person\/7a7fd911f58561fd056dbac7b55af9cd\",\"name\":\"admin\",\"image\":{\"@type\":\"ImageObject\",\"inLanguage\":\"es\",\"@id\":\"https:\/\/luchonoticias.com\/editor\/#\/schema\/person\/image\/\",\"url\":\"https:\/\/luchonoticias.com\/editor\/wp-content\/uploads\/2024\/02\/cropped-cropped-logolu.webp\",\"contentUrl\":\"https:\/\/luchonoticias.com\/editor\/wp-content\/uploads\/2024\/02\/cropped-cropped-logolu.webp\",\"width\":382,\"height\":170,\"caption\":\"admin\"},\"logo\":{\"@id\":\"https:\/\/luchonoticias.com\/editor\/#\/schema\/person\/image\/\"},\"sameAs\":[\"https:\/\/www.facebook.com\/luchonoticiasneiva\"]},{\"@type\":\"Person\",\"@id\":\"https:\/\/luchonoticias.com\/editor\/#\/schema\/person\/29217990ddf6f14e35912b2866d591fb\",\"name\":\"Editor General\",\"image\":{\"@type\":\"ImageObject\",\"inLanguage\":\"es\",\"@id\":\"https:\/\/luchonoticias.com\/editor\/#\/schema\/person\/image\/\",\"url\":\"https:\/\/luchonoticias.com\/editor\/wp-content\/uploads\/2024\/02\/cropped-cropped-logolu-150x150.webp\",\"contentUrl\":\"https:\/\/luchonoticias.com\/editor\/wp-content\/uploads\/2024\/02\/cropped-cropped-logolu-150x150.webp\",\"caption\":\"Editor General\"},\"sameAs\":[\"https:\/\/luchonoticias.com\/\"],\"url\":\"https:\/\/luchonoticias.com\/editor\/author\/editor-general\/\"}]}<\/script>\n<!-- \/ Yoast SEO plugin. -->","yoast_head_json":{"title":"Judicializados presuntos integrantes del ELN, al parecer traficaban armas desde zonas fronterizas Venezolanas -","robots":{"index":"index","follow":"follow","max-snippet":"max-snippet:-1","max-image-preview":"max-image-preview:large","max-video-preview":"max-video-preview:-1"},"canonical":"https:\/\/luchonoticias.com\/editor\/judicializados-presuntos-integrantes-del-eln-al-parecer-traficaban-armas-desde-zonas-fronterizas-venezolanas\/","og_locale":"es_ES","og_type":"article","og_title":"Judicializados presuntos integrantes del ELN, al parecer traficaban armas desde zonas fronterizas Venezolanas -","og_url":"https:\/\/luchonoticias.com\/editor\/judicializados-presuntos-integrantes-del-eln-al-parecer-traficaban-armas-desde-zonas-fronterizas-venezolanas\/","article_publisher":"https:\/\/www.facebook.com\/luchonoticiasneiva","article_published_time":"2023-02-13T12:22:43+00:00","article_modified_time":"2023-02-13T12:22:44+00:00","og_image":[{"url":"https:\/\/luchonoticias.com\/wp-content\/uploads\/2023\/02\/WhatsApp-Image-2023-02-12-at-3.12.37-PM-2-1024x512.jpeg","type":"","width":"","height":""}],"author":"Editor General","twitter_card":"summary_large_image","twitter_misc":{"Escrito por":"Editor General","Tiempo de lectura":"2 minutos"},"schema":{"@context":"https:\/\/schema.org","@graph":[{"@type":"Article","@id":"https:\/\/luchonoticias.com\/editor\/judicializados-presuntos-integrantes-del-eln-al-parecer-traficaban-armas-desde-zonas-fronterizas-venezolanas\/#article","isPartOf":{"@id":"https:\/\/luchonoticias.com\/editor\/judicializados-presuntos-integrantes-del-eln-al-parecer-traficaban-armas-desde-zonas-fronterizas-venezolanas\/"},"author":{"name":"Editor General","@id":"https:\/\/luchonoticias.com\/editor\/#\/schema\/person\/29217990ddf6f14e35912b2866d591fb"},"headline":"Judicializados presuntos integrantes del ELN, al parecer traficaban armas desde zonas fronterizas Venezolanas","datePublished":"2023-02-13T12:22:43+00:00","dateModified":"2023-02-13T12:22:44+00:00","mainEntityOfPage":{"@id":"https:\/\/luchonoticias.com\/editor\/judicializados-presuntos-integrantes-del-eln-al-parecer-traficaban-armas-desde-zonas-fronterizas-venezolanas\/"},"wordCount":371,"commentCount":0,"publisher":{"@id":"https:\/\/luchonoticias.com\/editor\/#\/schema\/person\/7a7fd911f58561fd056dbac7b55af9cd"},"image":{"@id":"https:\/\/luchonoticias.com\/editor\/judicializados-presuntos-integrantes-del-eln-al-parecer-traficaban-armas-desde-zonas-fronterizas-venezolanas\/#primaryimage"},"thumbnailUrl":"https:\/\/luchonoticias.com\/wp-content\/uploads\/2023\/02\/WhatsApp-Image-2023-02-12-at-3.12.37-PM-2-1024x512.jpeg","articleSection":["Actualidad","Destacado","Videos"],"inLanguage":"es","potentialAction":[{"@type":"CommentAction","name":"Comment","target":["https:\/\/luchonoticias.com\/editor\/judicializados-presuntos-integrantes-del-eln-al-parecer-traficaban-armas-desde-zonas-fronterizas-venezolanas\/#respond"]}]},{"@type":"WebPage","@id":"https:\/\/luchonoticias.com\/editor\/judicializados-presuntos-integrantes-del-eln-al-parecer-traficaban-armas-desde-zonas-fronterizas-venezolanas\/","url":"https:\/\/luchonoticias.com\/editor\/judicializados-presuntos-integrantes-del-eln-al-parecer-traficaban-armas-desde-zonas-fronterizas-venezolanas\/","name":"Judicializados presuntos integrantes del ELN, al parecer traficaban armas desde zonas fronterizas Venezolanas -","isPartOf":{"@id":"https:\/\/luchonoticias.com\/editor\/#website"},"primaryImageOfPage":{"@id":"https:\/\/luchonoticias.com\/editor\/judicializados-presuntos-integrantes-del-eln-al-parecer-traficaban-armas-desde-zonas-fronterizas-venezolanas\/#primaryimage"},"image":{"@id":"https:\/\/luchonoticias.com\/editor\/judicializados-presuntos-integrantes-del-eln-al-parecer-traficaban-armas-desde-zonas-fronterizas-venezolanas\/#primaryimage"},"thumbnailUrl":"https:\/\/luchonoticias.com\/wp-content\/uploads\/2023\/02\/WhatsApp-Image-2023-02-12-at-3.12.37-PM-2-1024x512.jpeg","datePublished":"2023-02-13T12:22:43+00:00","dateModified":"2023-02-13T12:22:44+00:00","breadcrumb":{"@id":"https:\/\/luchonoticias.com\/editor\/judicializados-presuntos-integrantes-del-eln-al-parecer-traficaban-armas-desde-zonas-fronterizas-venezolanas\/#breadcrumb"},"inLanguage":"es","potentialAction":[{"@type":"ReadAction","target":["https:\/\/luchonoticias.com\/editor\/judicializados-presuntos-integrantes-del-eln-al-parecer-traficaban-armas-desde-zonas-fronterizas-venezolanas\/"]}]},{"@type":"ImageObject","inLanguage":"es","@id":"https:\/\/luchonoticias.com\/editor\/judicializados-presuntos-integrantes-del-eln-al-parecer-traficaban-armas-desde-zonas-fronterizas-venezolanas\/#primaryimage","url":"https:\/\/luchonoticias.com\/wp-content\/uploads\/2023\/02\/WhatsApp-Image-2023-02-12-at-3.12.37-PM-2-1024x512.jpeg","contentUrl":"https:\/\/luchonoticias.com\/wp-content\/uploads\/2023\/02\/WhatsApp-Image-2023-02-12-at-3.12.37-PM-2-1024x512.jpeg"},{"@type":"BreadcrumbList","@id":"https:\/\/luchonoticias.com\/editor\/judicializados-presuntos-integrantes-del-eln-al-parecer-traficaban-armas-desde-zonas-fronterizas-venezolanas\/#breadcrumb","itemListElement":[{"@type":"ListItem","position":1,"name":"Portada","item":"https:\/\/luchonoticias.com\/editor\/"},{"@type":"ListItem","position":2,"name":"Judicializados presuntos integrantes del ELN, al parecer traficaban armas desde zonas fronterizas Venezolanas"}]},{"@type":"WebSite","@id":"https:\/\/luchonoticias.com\/editor\/#website","url":"https:\/\/luchonoticias.com\/editor\/","name":"","description":"","publisher":{"@id":"https:\/\/luchonoticias.com\/editor\/#\/schema\/person\/7a7fd911f58561fd056dbac7b55af9cd"},"potentialAction":[{"@type":"SearchAction","target":{"@type":"EntryPoint","urlTemplate":"https:\/\/luchonoticias.com\/editor\/?s={search_term_string}"},"query-input":{"@type":"PropertyValueSpecification","valueRequired":true,"valueName":"search_term_string"}}],"inLanguage":"es"},{"@type":["Person","Organization"],"@id":"https:\/\/luchonoticias.com\/editor\/#\/schema\/person\/7a7fd911f58561fd056dbac7b55af9cd","name":"admin","image":{"@type":"ImageObject","inLanguage":"es","@id":"https:\/\/luchonoticias.com\/editor\/#\/schema\/person\/image\/","url":"https:\/\/luchonoticias.com\/editor\/wp-content\/uploads\/2024\/02\/cropped-cropped-logolu.webp","contentUrl":"https:\/\/luchonoticias.com\/editor\/wp-content\/uploads\/2024\/02\/cropped-cropped-logolu.webp","width":382,"height":170,"caption":"admin"},"logo":{"@id":"https:\/\/luchonoticias.com\/editor\/#\/schema\/person\/image\/"},"sameAs":["https:\/\/www.facebook.com\/luchonoticiasneiva"]},{"@type":"Person","@id":"https:\/\/luchonoticias.com\/editor\/#\/schema\/person\/29217990ddf6f14e35912b2866d591fb","name":"Editor General","image":{"@type":"ImageObject","inLanguage":"es","@id":"https:\/\/luchonoticias.com\/editor\/#\/schema\/person\/image\/","url":"https:\/\/luchonoticias.com\/editor\/wp-content\/uploads\/2024\/02\/cropped-cropped-logolu-150x150.webp","contentUrl":"https:\/\/luchonoticias.com\/editor\/wp-content\/uploads\/2024\/02\/cropped-cropped-logolu-150x150.webp","caption":"Editor General"},"sameAs":["https:\/\/luchonoticias.com\/"],"url":"https:\/\/luchonoticias.com\/editor\/author\/editor-general\/"}]}},"_links":{"self":[{"href":"https:\/\/luchonoticias.com\/editor\/wp-json\/wp\/v2\/posts\/46076","targetHints":{"allow":["GET"]}}],"collection":[{"href":"https:\/\/luchonoticias.com\/editor\/wp-json\/wp\/v2\/posts"}],"about":[{"href":"https:\/\/luchonoticias.com\/editor\/wp-json\/wp\/v2\/types\/post"}],"author":[{"embeddable":true,"href":"https:\/\/luchonoticias.com\/editor\/wp-json\/wp\/v2\/users\/2"}],"replies":[{"embeddable":true,"href":"https:\/\/luchonoticias.com\/editor\/wp-json\/wp\/v2\/comments?post=46076"}],"version-history":[{"count":0,"href":"https:\/\/luchonoticias.com\/editor\/wp-json\/wp\/v2\/posts\/46076\/revisions"}],"wp:attachment":[{"href":"https:\/\/luchonoticias.com\/editor\/wp-json\/wp\/v2\/media?parent=46076"}],"wp:term":[{"taxonomy":"category","embeddable":true,"href":"https:\/\/luchonoticias.com\/editor\/wp-json\/wp\/v2\/categories?post=46076"},{"taxonomy":"post_tag","embeddable":true,"href":"https:\/\/luchonoticias.com\/editor\/wp-json\/wp\/v2\/tags?post=46076"}],"curies":[{"name":"wp","href":"https:\/\/api.w.org\/{rel}","templated":true}]}}