{"id":46092,"date":"2023-02-13T10:08:43","date_gmt":"2023-02-13T15:08:43","guid":{"rendered":"https:\/\/luchonoticias.com\/?p=46092"},"modified":"2023-02-13T10:09:55","modified_gmt":"2023-02-13T15:09:55","slug":"alcaldia-de-neiva-incide-positivamente-en-la-generacion-de-oportunidades-laborales-en-la-ciudad","status":"publish","type":"post","link":"https:\/\/luchonoticias.com\/editor\/alcaldia-de-neiva-incide-positivamente-en-la-generacion-de-oportunidades-laborales-en-la-ciudad\/","title":{"rendered":"Alcald\u00eda de Neiva, incide positivamente en la generaci\u00f3n de oportunidades laborales en la ciudad"},"content":{"rendered":"\n<p>Como una importante fuente de empleo para la ciudad, as\u00ed fue calificada la Administraci\u00f3n Municipal, seg\u00fan el Alcalde de Neiva Gorky Mu\u00f1oz Calder\u00f3n. Sus declaraciones se dieron luego de conocer el informe que entreg\u00f3 la Procuradur\u00eda General de la Naci\u00f3n donde se solicita evaluar el n\u00famero y la necesidad de los contratos que se han adelantado entre el a\u00f1o 2020 y el 17 de septiembre de 2022.<\/p>\n\n\n\n<p>Al respecto, el Secretario de Hacienda de Neiva, Jaime Ram\u00edrez Plazas tambi\u00e9n se manifest\u00f3, se\u00f1alando que el Gobierno Municipal se encuentra tranquilo y dispuesto a responder a cada una de las exigencias del \u00f3rgano de control.<\/p>\n\n\n\n<figure class=\"wp-block-image size-large is-style-rounded\"><img decoding=\"async\" src=\"https:\/\/luchonoticias.com\/wp-content\/uploads\/2023\/02\/WhatsApp-Image-2023-02-13-at-9.36.19-AM-3-1024x683.jpeg\" alt=\"\" class=\"wp-image-46095\"\/><\/figure>\n\n\n\n<p>\u201cEl Gobierno para el desarrollo de las funciones misionales que es adquirir o enajenar bienes y servicios, lo debe realizar con base en el estatuto de contrataci\u00f3n de la Administraci\u00f3n P\u00fablica y en \u00e9l existen cuatro figuras: la licitaci\u00f3n p\u00fablica para bienes; el concurso de m\u00e9ritos para servicios; la selecci\u00f3n abreviada cuando existe poca pluralidad de oferentes y la contrataci\u00f3n directa cuando la caracter\u00edstica del bien adquirido a enajenar as\u00ed lo determina\u201d, asegur\u00f3 el funcionario dejando en claro, que esta Administraci\u00f3n ha cumplido, sin salirse del marco jur\u00eddico.<\/p>\n\n\n\n<p>Por su parte, el Alcalde Mu\u00f1oz se\u00f1al\u00f3 que una de sus preocupaciones es que el informe tiene inconsistencias que ya que la Procuradur\u00eda relaciona en el mismo miles de contratos que pertenecen al Hospital Universitario, que opera en la ciudad, pero que est\u00e1 adscrito a la Gobernaci\u00f3n del Huila, es decir, no tienen nada qu\u00e9 ver con su Administraci\u00f3n. Seg\u00fan \u00e9l mandatario, esto ha distorsionado la informaci\u00f3n hacia la opini\u00f3n p\u00fablica.<\/p>\n\n\n\n<figure class=\"wp-block-image size-large is-style-rounded\"><img decoding=\"async\" src=\"https:\/\/luchonoticias.com\/wp-content\/uploads\/2023\/02\/WhatsApp-Image-2023-02-13-at-9.36.19-AM-1-1024x683.jpeg\" alt=\"\" class=\"wp-image-46097\"\/><\/figure>\n\n\n\n<p>Por otro lado, el mandatario est\u00e1 convencido que los contratos que se han adjudicado durante su periodo, han permitido brindar mejores oportunidades a la poblaci\u00f3n neivana, en diferentes profesiones y oficios, especialmente en una ciudad que sufri\u00f3 un gran golpe a nivel econ\u00f3mico con la pandemia y cuya cifra de desempleo lleg\u00f3 al 40%.&nbsp;<\/p>\n\n\n\n<p>As\u00ed mismo, han significado una opci\u00f3n para que las familias tengan una fuente de ingreso, que garantice la alimentaci\u00f3n, la educaci\u00f3n y bienestar en general. Seg\u00fan el Alcalde de Neiva, quienes trabajan o han trabajado en su Administraci\u00f3n, son personas que han demostrado su \u00edmpetu e idoneidad para cada uno de los cargos, que adem\u00e1s necesarios para el cumplimiento de las actividades que se lideran desde la Alcald\u00eda.<\/p>\n","protected":false},"excerpt":{"rendered":"<p>Como una importante fuente de empleo para la ciudad, as\u00ed fue calificada la Administraci\u00f3n Municipal, seg\u00fan el Alcalde de Neiva Gorky Mu\u00f1oz Calder\u00f3n. Sus declaraciones se dieron luego de conocer el informe que entreg\u00f3 la Procuradur\u00eda General de la Naci\u00f3n donde se solicita evaluar el n\u00famero y la necesidad de los contratos que se han [&hellip;]<\/p>\n","protected":false},"author":2,"featured_media":0,"comment_status":"open","ping_status":"open","sticky":false,"template":"","format":"standard","meta":{"footnotes":""},"categories":[36,53],"tags":[],"class_list":["post-46092","post","type-post","status-publish","format-standard","hentry","category-destacado","category-neiva"],"yoast_head":"<!-- This site is optimized with the Yoast SEO plugin v26.6 - https:\/\/yoast.com\/wordpress\/plugins\/seo\/ -->\n<title>Alcald\u00eda de Neiva, incide positivamente en la generaci\u00f3n de oportunidades laborales en la ciudad -<\/title>\n<meta name=\"robots\" content=\"index, follow, max-snippet:-1, max-image-preview:large, max-video-preview:-1\" \/>\n<link rel=\"canonical\" href=\"https:\/\/luchonoticias.com\/editor\/alcaldia-de-neiva-incide-positivamente-en-la-generacion-de-oportunidades-laborales-en-la-ciudad\/\" \/>\n<meta property=\"og:locale\" content=\"es_ES\" \/>\n<meta property=\"og:type\" content=\"article\" \/>\n<meta property=\"og:title\" content=\"Alcald\u00eda de Neiva, incide positivamente en la generaci\u00f3n de oportunidades laborales en la ciudad -\" \/>\n<meta property=\"og:url\" content=\"https:\/\/luchonoticias.com\/editor\/alcaldia-de-neiva-incide-positivamente-en-la-generacion-de-oportunidades-laborales-en-la-ciudad\/\" \/>\n<meta property=\"article:publisher\" content=\"https:\/\/www.facebook.com\/luchonoticiasneiva\" \/>\n<meta property=\"article:published_time\" content=\"2023-02-13T15:08:43+00:00\" \/>\n<meta property=\"article:modified_time\" content=\"2023-02-13T15:09:55+00:00\" \/>\n<meta property=\"og:image\" content=\"https:\/\/luchonoticias.com\/wp-content\/uploads\/2023\/02\/WhatsApp-Image-2023-02-13-at-9.36.19-AM-3-1024x683.jpeg\" \/>\n<meta name=\"author\" content=\"Editor General\" \/>\n<meta name=\"twitter:card\" content=\"summary_large_image\" \/>\n<meta name=\"twitter:label1\" content=\"Escrito por\" \/>\n\t<meta name=\"twitter:data1\" content=\"Editor General\" \/>\n\t<meta name=\"twitter:label2\" content=\"Tiempo de lectura\" \/>\n\t<meta name=\"twitter:data2\" content=\"2 minutos\" \/>\n<script type=\"application\/ld+json\" class=\"yoast-schema-graph\">{\"@context\":\"https:\/\/schema.org\",\"@graph\":[{\"@type\":\"Article\",\"@id\":\"https:\/\/luchonoticias.com\/editor\/alcaldia-de-neiva-incide-positivamente-en-la-generacion-de-oportunidades-laborales-en-la-ciudad\/#article\",\"isPartOf\":{\"@id\":\"https:\/\/luchonoticias.com\/editor\/alcaldia-de-neiva-incide-positivamente-en-la-generacion-de-oportunidades-laborales-en-la-ciudad\/\"},\"author\":{\"name\":\"Editor General\",\"@id\":\"https:\/\/luchonoticias.com\/editor\/#\/schema\/person\/29217990ddf6f14e35912b2866d591fb\"},\"headline\":\"Alcald\u00eda de Neiva, incide positivamente en la generaci\u00f3n de oportunidades laborales en la ciudad\",\"datePublished\":\"2023-02-13T15:08:43+00:00\",\"dateModified\":\"2023-02-13T15:09:55+00:00\",\"mainEntityOfPage\":{\"@id\":\"https:\/\/luchonoticias.com\/editor\/alcaldia-de-neiva-incide-positivamente-en-la-generacion-de-oportunidades-laborales-en-la-ciudad\/\"},\"wordCount\":437,\"commentCount\":0,\"publisher\":{\"@id\":\"https:\/\/luchonoticias.com\/editor\/#\/schema\/person\/7a7fd911f58561fd056dbac7b55af9cd\"},\"image\":{\"@id\":\"https:\/\/luchonoticias.com\/editor\/alcaldia-de-neiva-incide-positivamente-en-la-generacion-de-oportunidades-laborales-en-la-ciudad\/#primaryimage\"},\"thumbnailUrl\":\"https:\/\/luchonoticias.com\/wp-content\/uploads\/2023\/02\/WhatsApp-Image-2023-02-13-at-9.36.19-AM-3-1024x683.jpeg\",\"articleSection\":[\"Destacado\",\"Neiva\"],\"inLanguage\":\"es\",\"potentialAction\":[{\"@type\":\"CommentAction\",\"name\":\"Comment\",\"target\":[\"https:\/\/luchonoticias.com\/editor\/alcaldia-de-neiva-incide-positivamente-en-la-generacion-de-oportunidades-laborales-en-la-ciudad\/#respond\"]}]},{\"@type\":\"WebPage\",\"@id\":\"https:\/\/luchonoticias.com\/editor\/alcaldia-de-neiva-incide-positivamente-en-la-generacion-de-oportunidades-laborales-en-la-ciudad\/\",\"url\":\"https:\/\/luchonoticias.com\/editor\/alcaldia-de-neiva-incide-positivamente-en-la-generacion-de-oportunidades-laborales-en-la-ciudad\/\",\"name\":\"Alcald\u00eda de Neiva, incide positivamente en la generaci\u00f3n de oportunidades laborales en la ciudad -\",\"isPartOf\":{\"@id\":\"https:\/\/luchonoticias.com\/editor\/#website\"},\"primaryImageOfPage\":{\"@id\":\"https:\/\/luchonoticias.com\/editor\/alcaldia-de-neiva-incide-positivamente-en-la-generacion-de-oportunidades-laborales-en-la-ciudad\/#primaryimage\"},\"image\":{\"@id\":\"https:\/\/luchonoticias.com\/editor\/alcaldia-de-neiva-incide-positivamente-en-la-generacion-de-oportunidades-laborales-en-la-ciudad\/#primaryimage\"},\"thumbnailUrl\":\"https:\/\/luchonoticias.com\/wp-content\/uploads\/2023\/02\/WhatsApp-Image-2023-02-13-at-9.36.19-AM-3-1024x683.jpeg\",\"datePublished\":\"2023-02-13T15:08:43+00:00\",\"dateModified\":\"2023-02-13T15:09:55+00:00\",\"breadcrumb\":{\"@id\":\"https:\/\/luchonoticias.com\/editor\/alcaldia-de-neiva-incide-positivamente-en-la-generacion-de-oportunidades-laborales-en-la-ciudad\/#breadcrumb\"},\"inLanguage\":\"es\",\"potentialAction\":[{\"@type\":\"ReadAction\",\"target\":[\"https:\/\/luchonoticias.com\/editor\/alcaldia-de-neiva-incide-positivamente-en-la-generacion-de-oportunidades-laborales-en-la-ciudad\/\"]}]},{\"@type\":\"ImageObject\",\"inLanguage\":\"es\",\"@id\":\"https:\/\/luchonoticias.com\/editor\/alcaldia-de-neiva-incide-positivamente-en-la-generacion-de-oportunidades-laborales-en-la-ciudad\/#primaryimage\",\"url\":\"https:\/\/luchonoticias.com\/wp-content\/uploads\/2023\/02\/WhatsApp-Image-2023-02-13-at-9.36.19-AM-3-1024x683.jpeg\",\"contentUrl\":\"https:\/\/luchonoticias.com\/wp-content\/uploads\/2023\/02\/WhatsApp-Image-2023-02-13-at-9.36.19-AM-3-1024x683.jpeg\"},{\"@type\":\"BreadcrumbList\",\"@id\":\"https:\/\/luchonoticias.com\/editor\/alcaldia-de-neiva-incide-positivamente-en-la-generacion-de-oportunidades-laborales-en-la-ciudad\/#breadcrumb\",\"itemListElement\":[{\"@type\":\"ListItem\",\"position\":1,\"name\":\"Portada\",\"item\":\"https:\/\/luchonoticias.com\/editor\/\"},{\"@type\":\"ListItem\",\"position\":2,\"name\":\"Alcald\u00eda de Neiva, incide positivamente en la generaci\u00f3n de oportunidades laborales en la ciudad\"}]},{\"@type\":\"WebSite\",\"@id\":\"https:\/\/luchonoticias.com\/editor\/#website\",\"url\":\"https:\/\/luchonoticias.com\/editor\/\",\"name\":\"\",\"description\":\"\",\"publisher\":{\"@id\":\"https:\/\/luchonoticias.com\/editor\/#\/schema\/person\/7a7fd911f58561fd056dbac7b55af9cd\"},\"potentialAction\":[{\"@type\":\"SearchAction\",\"target\":{\"@type\":\"EntryPoint\",\"urlTemplate\":\"https:\/\/luchonoticias.com\/editor\/?s={search_term_string}\"},\"query-input\":{\"@type\":\"PropertyValueSpecification\",\"valueRequired\":true,\"valueName\":\"search_term_string\"}}],\"inLanguage\":\"es\"},{\"@type\":[\"Person\",\"Organization\"],\"@id\":\"https:\/\/luchonoticias.com\/editor\/#\/schema\/person\/7a7fd911f58561fd056dbac7b55af9cd\",\"name\":\"admin\",\"image\":{\"@type\":\"ImageObject\",\"inLanguage\":\"es\",\"@id\":\"https:\/\/luchonoticias.com\/editor\/#\/schema\/person\/image\/\",\"url\":\"https:\/\/luchonoticias.com\/editor\/wp-content\/uploads\/2024\/02\/cropped-cropped-logolu.webp\",\"contentUrl\":\"https:\/\/luchonoticias.com\/editor\/wp-content\/uploads\/2024\/02\/cropped-cropped-logolu.webp\",\"width\":382,\"height\":170,\"caption\":\"admin\"},\"logo\":{\"@id\":\"https:\/\/luchonoticias.com\/editor\/#\/schema\/person\/image\/\"},\"sameAs\":[\"https:\/\/www.facebook.com\/luchonoticiasneiva\"]},{\"@type\":\"Person\",\"@id\":\"https:\/\/luchonoticias.com\/editor\/#\/schema\/person\/29217990ddf6f14e35912b2866d591fb\",\"name\":\"Editor General\",\"image\":{\"@type\":\"ImageObject\",\"inLanguage\":\"es\",\"@id\":\"https:\/\/luchonoticias.com\/editor\/#\/schema\/person\/image\/\",\"url\":\"https:\/\/luchonoticias.com\/editor\/wp-content\/uploads\/2024\/02\/cropped-cropped-logolu-150x150.webp\",\"contentUrl\":\"https:\/\/luchonoticias.com\/editor\/wp-content\/uploads\/2024\/02\/cropped-cropped-logolu-150x150.webp\",\"caption\":\"Editor General\"},\"sameAs\":[\"https:\/\/luchonoticias.com\/\"],\"url\":\"https:\/\/luchonoticias.com\/editor\/author\/editor-general\/\"}]}<\/script>\n<!-- \/ Yoast SEO plugin. -->","yoast_head_json":{"title":"Alcald\u00eda de Neiva, incide positivamente en la generaci\u00f3n de oportunidades laborales en la ciudad -","robots":{"index":"index","follow":"follow","max-snippet":"max-snippet:-1","max-image-preview":"max-image-preview:large","max-video-preview":"max-video-preview:-1"},"canonical":"https:\/\/luchonoticias.com\/editor\/alcaldia-de-neiva-incide-positivamente-en-la-generacion-de-oportunidades-laborales-en-la-ciudad\/","og_locale":"es_ES","og_type":"article","og_title":"Alcald\u00eda de Neiva, incide positivamente en la generaci\u00f3n de oportunidades laborales en la ciudad -","og_url":"https:\/\/luchonoticias.com\/editor\/alcaldia-de-neiva-incide-positivamente-en-la-generacion-de-oportunidades-laborales-en-la-ciudad\/","article_publisher":"https:\/\/www.facebook.com\/luchonoticiasneiva","article_published_time":"2023-02-13T15:08:43+00:00","article_modified_time":"2023-02-13T15:09:55+00:00","og_image":[{"url":"https:\/\/luchonoticias.com\/wp-content\/uploads\/2023\/02\/WhatsApp-Image-2023-02-13-at-9.36.19-AM-3-1024x683.jpeg","type":"","width":"","height":""}],"author":"Editor General","twitter_card":"summary_large_image","twitter_misc":{"Escrito por":"Editor General","Tiempo de lectura":"2 minutos"},"schema":{"@context":"https:\/\/schema.org","@graph":[{"@type":"Article","@id":"https:\/\/luchonoticias.com\/editor\/alcaldia-de-neiva-incide-positivamente-en-la-generacion-de-oportunidades-laborales-en-la-ciudad\/#article","isPartOf":{"@id":"https:\/\/luchonoticias.com\/editor\/alcaldia-de-neiva-incide-positivamente-en-la-generacion-de-oportunidades-laborales-en-la-ciudad\/"},"author":{"name":"Editor General","@id":"https:\/\/luchonoticias.com\/editor\/#\/schema\/person\/29217990ddf6f14e35912b2866d591fb"},"headline":"Alcald\u00eda de Neiva, incide positivamente en la generaci\u00f3n de oportunidades laborales en la ciudad","datePublished":"2023-02-13T15:08:43+00:00","dateModified":"2023-02-13T15:09:55+00:00","mainEntityOfPage":{"@id":"https:\/\/luchonoticias.com\/editor\/alcaldia-de-neiva-incide-positivamente-en-la-generacion-de-oportunidades-laborales-en-la-ciudad\/"},"wordCount":437,"commentCount":0,"publisher":{"@id":"https:\/\/luchonoticias.com\/editor\/#\/schema\/person\/7a7fd911f58561fd056dbac7b55af9cd"},"image":{"@id":"https:\/\/luchonoticias.com\/editor\/alcaldia-de-neiva-incide-positivamente-en-la-generacion-de-oportunidades-laborales-en-la-ciudad\/#primaryimage"},"thumbnailUrl":"https:\/\/luchonoticias.com\/wp-content\/uploads\/2023\/02\/WhatsApp-Image-2023-02-13-at-9.36.19-AM-3-1024x683.jpeg","articleSection":["Destacado","Neiva"],"inLanguage":"es","potentialAction":[{"@type":"CommentAction","name":"Comment","target":["https:\/\/luchonoticias.com\/editor\/alcaldia-de-neiva-incide-positivamente-en-la-generacion-de-oportunidades-laborales-en-la-ciudad\/#respond"]}]},{"@type":"WebPage","@id":"https:\/\/luchonoticias.com\/editor\/alcaldia-de-neiva-incide-positivamente-en-la-generacion-de-oportunidades-laborales-en-la-ciudad\/","url":"https:\/\/luchonoticias.com\/editor\/alcaldia-de-neiva-incide-positivamente-en-la-generacion-de-oportunidades-laborales-en-la-ciudad\/","name":"Alcald\u00eda de Neiva, incide positivamente en la generaci\u00f3n de oportunidades laborales en la ciudad -","isPartOf":{"@id":"https:\/\/luchonoticias.com\/editor\/#website"},"primaryImageOfPage":{"@id":"https:\/\/luchonoticias.com\/editor\/alcaldia-de-neiva-incide-positivamente-en-la-generacion-de-oportunidades-laborales-en-la-ciudad\/#primaryimage"},"image":{"@id":"https:\/\/luchonoticias.com\/editor\/alcaldia-de-neiva-incide-positivamente-en-la-generacion-de-oportunidades-laborales-en-la-ciudad\/#primaryimage"},"thumbnailUrl":"https:\/\/luchonoticias.com\/wp-content\/uploads\/2023\/02\/WhatsApp-Image-2023-02-13-at-9.36.19-AM-3-1024x683.jpeg","datePublished":"2023-02-13T15:08:43+00:00","dateModified":"2023-02-13T15:09:55+00:00","breadcrumb":{"@id":"https:\/\/luchonoticias.com\/editor\/alcaldia-de-neiva-incide-positivamente-en-la-generacion-de-oportunidades-laborales-en-la-ciudad\/#breadcrumb"},"inLanguage":"es","potentialAction":[{"@type":"ReadAction","target":["https:\/\/luchonoticias.com\/editor\/alcaldia-de-neiva-incide-positivamente-en-la-generacion-de-oportunidades-laborales-en-la-ciudad\/"]}]},{"@type":"ImageObject","inLanguage":"es","@id":"https:\/\/luchonoticias.com\/editor\/alcaldia-de-neiva-incide-positivamente-en-la-generacion-de-oportunidades-laborales-en-la-ciudad\/#primaryimage","url":"https:\/\/luchonoticias.com\/wp-content\/uploads\/2023\/02\/WhatsApp-Image-2023-02-13-at-9.36.19-AM-3-1024x683.jpeg","contentUrl":"https:\/\/luchonoticias.com\/wp-content\/uploads\/2023\/02\/WhatsApp-Image-2023-02-13-at-9.36.19-AM-3-1024x683.jpeg"},{"@type":"BreadcrumbList","@id":"https:\/\/luchonoticias.com\/editor\/alcaldia-de-neiva-incide-positivamente-en-la-generacion-de-oportunidades-laborales-en-la-ciudad\/#breadcrumb","itemListElement":[{"@type":"ListItem","position":1,"name":"Portada","item":"https:\/\/luchonoticias.com\/editor\/"},{"@type":"ListItem","position":2,"name":"Alcald\u00eda de Neiva, incide positivamente en la generaci\u00f3n de oportunidades laborales en la ciudad"}]},{"@type":"WebSite","@id":"https:\/\/luchonoticias.com\/editor\/#website","url":"https:\/\/luchonoticias.com\/editor\/","name":"","description":"","publisher":{"@id":"https:\/\/luchonoticias.com\/editor\/#\/schema\/person\/7a7fd911f58561fd056dbac7b55af9cd"},"potentialAction":[{"@type":"SearchAction","target":{"@type":"EntryPoint","urlTemplate":"https:\/\/luchonoticias.com\/editor\/?s={search_term_string}"},"query-input":{"@type":"PropertyValueSpecification","valueRequired":true,"valueName":"search_term_string"}}],"inLanguage":"es"},{"@type":["Person","Organization"],"@id":"https:\/\/luchonoticias.com\/editor\/#\/schema\/person\/7a7fd911f58561fd056dbac7b55af9cd","name":"admin","image":{"@type":"ImageObject","inLanguage":"es","@id":"https:\/\/luchonoticias.com\/editor\/#\/schema\/person\/image\/","url":"https:\/\/luchonoticias.com\/editor\/wp-content\/uploads\/2024\/02\/cropped-cropped-logolu.webp","contentUrl":"https:\/\/luchonoticias.com\/editor\/wp-content\/uploads\/2024\/02\/cropped-cropped-logolu.webp","width":382,"height":170,"caption":"admin"},"logo":{"@id":"https:\/\/luchonoticias.com\/editor\/#\/schema\/person\/image\/"},"sameAs":["https:\/\/www.facebook.com\/luchonoticiasneiva"]},{"@type":"Person","@id":"https:\/\/luchonoticias.com\/editor\/#\/schema\/person\/29217990ddf6f14e35912b2866d591fb","name":"Editor General","image":{"@type":"ImageObject","inLanguage":"es","@id":"https:\/\/luchonoticias.com\/editor\/#\/schema\/person\/image\/","url":"https:\/\/luchonoticias.com\/editor\/wp-content\/uploads\/2024\/02\/cropped-cropped-logolu-150x150.webp","contentUrl":"https:\/\/luchonoticias.com\/editor\/wp-content\/uploads\/2024\/02\/cropped-cropped-logolu-150x150.webp","caption":"Editor General"},"sameAs":["https:\/\/luchonoticias.com\/"],"url":"https:\/\/luchonoticias.com\/editor\/author\/editor-general\/"}]}},"_links":{"self":[{"href":"https:\/\/luchonoticias.com\/editor\/wp-json\/wp\/v2\/posts\/46092","targetHints":{"allow":["GET"]}}],"collection":[{"href":"https:\/\/luchonoticias.com\/editor\/wp-json\/wp\/v2\/posts"}],"about":[{"href":"https:\/\/luchonoticias.com\/editor\/wp-json\/wp\/v2\/types\/post"}],"author":[{"embeddable":true,"href":"https:\/\/luchonoticias.com\/editor\/wp-json\/wp\/v2\/users\/2"}],"replies":[{"embeddable":true,"href":"https:\/\/luchonoticias.com\/editor\/wp-json\/wp\/v2\/comments?post=46092"}],"version-history":[{"count":0,"href":"https:\/\/luchonoticias.com\/editor\/wp-json\/wp\/v2\/posts\/46092\/revisions"}],"wp:attachment":[{"href":"https:\/\/luchonoticias.com\/editor\/wp-json\/wp\/v2\/media?parent=46092"}],"wp:term":[{"taxonomy":"category","embeddable":true,"href":"https:\/\/luchonoticias.com\/editor\/wp-json\/wp\/v2\/categories?post=46092"},{"taxonomy":"post_tag","embeddable":true,"href":"https:\/\/luchonoticias.com\/editor\/wp-json\/wp\/v2\/tags?post=46092"}],"curies":[{"name":"wp","href":"https:\/\/api.w.org\/{rel}","templated":true}]}}