{"id":46099,"date":"2023-02-13T10:14:52","date_gmt":"2023-02-13T15:14:52","guid":{"rendered":"https:\/\/luchonoticias.com\/?p=46099"},"modified":"2023-02-13T10:14:53","modified_gmt":"2023-02-13T15:14:53","slug":"presidente-petro-abrira-las-puertas-de-la-casa-de-narino-para-socializar-la-reforma-a-la-salud","status":"publish","type":"post","link":"https:\/\/luchonoticias.com\/editor\/presidente-petro-abrira-las-puertas-de-la-casa-de-narino-para-socializar-la-reforma-a-la-salud\/","title":{"rendered":"Presidente Petro abrir\u00e1 las puertas de la Casa de Nari\u00f1o para socializar la Reforma a la Salud"},"content":{"rendered":"\n<p>El Mandatario de los Colombianos Gustavo Petro abrir\u00e1 las puertas de la Casa de Nari\u00f1o para que la ciudadan\u00eda participe, este martes 14 de febrero, en la socializaci\u00f3n y pedagog\u00eda de la reforma estructural al sistema de salud, cuyo objetivo es el mejoramiento de la calidad en la prestaci\u00f3n de los servicios.<\/p>\n\n\n\n<p>Frente a la Plaza de Armas y la plaza N\u00fa\u00f1ez, desde el balc\u00f3n de la casa presidencial, el Jefe de Estado compartir\u00e1 los pilares de la reforma, entre los cuales se incluyen la atenci\u00f3n preventiva y atenci\u00f3n primaria tanto en las ciudades como en las regiones m\u00e1s apartadas del pa\u00eds.<\/p>\n\n\n\n<p>Uno de los objetivos de la Reforma a la Salud es el cierre de brechas sociales y territoriales para lograr un sistema de salud que beneficie a toda la ciudadan\u00eda, sin distinciones sociales, econ\u00f3micas, culturales, regionales o de cualquier otra \u00edndole.<\/p>\n\n\n\n<p>\u201cViva usted en Quibd\u00f3, viva usted en Leticia, viva usted en San Jos\u00e9 del Guaviare a ver qu\u00e9 pasa y lo que tenemos son problemas, problemas de la pobreza; no hay un sistema de salud (&#8230;). Vamos a tener una salud territorializada y, entonces, la familia tendr\u00e1 el mismo sistema de salud para todos sus miembros y el territorio. En el sistema entramos por el Centro de Atenci\u00f3n Primaria (CAP). Esa es la puerta de entrada al sistema\u201d, indic\u00f3 el Presidente el pasado 9 de febrero desde San Jos\u00e9 del Guaviare.<\/p>\n\n\n\n<p>Explic\u00f3 que los CAP tienen una funci\u00f3n que no es solamente atender a los pacientes, \u201csino que organizan un territorio en un promedio de 20.000 personas para que equipos m\u00e9dicos visiten, de manera permanente, rutinaria, constante, a las familias de ese territorio, est\u00e9n donde est\u00e9n, para disminuir las causales de la enfermedad, eliminarla si es posible o atenderla a\u00fan en un estado primario en donde a\u00fan sea posible salvar la vida\u201d.<\/p>\n\n\n\n<p>Otro de los pilares es el fortalecimiento del sistema de atenci\u00f3n primaria en salud, como fundamento de un modelo preventivo y predictivo, pero que, adem\u00e1s, permita la atenci\u00f3n de los pacientes en los niveles de complejidad de las redes integrales e integradas de servicios en salud.<\/p>\n\n\n\n<p>A su vez, la iniciativa del Gobierno tambi\u00e9n le apuesta al fortalecimiento de los hospitales p\u00fablicos, no como empresas sino como instituciones de salud del Estado, cuyo objetivo no es la rentabilidad financiera sino la rentabilidad social.<\/p>\n\n\n\n<p>Con este nuevo modelo, ha asegurado el Presidente Petro, se pretende poner fin a \u201cla competencia entre lo p\u00fablico y lo privado; esto es un modelo mixto, complementario, no competitivo\u201d.<\/p>\n\n\n\n<p>El proyecto tambi\u00e9n plantea la dignificaci\u00f3n de las y los trabajadores de la salud, con la recuperaci\u00f3n de la autonom\u00eda m\u00e9dica y la autorregulaci\u00f3n, con \u00e9tica y evidencia cient\u00edfica.<\/p>\n\n\n\n<p>Finalmente, el Ministerio de Salud ha insistido en que este nuevo modelo busca recuperar la administraci\u00f3n p\u00fablica del erario, para que este sea un sistema eficaz, \u00e1gil, equitativo y sostenible en sus finanzas.<\/p>\n\n\n\n<p>De manera previa a la convocatoria p\u00fablica de este martes a las 3 de la tarde, el Presidente Gustavo Petro y la Ministra de Salud, Carolina Corcho \u2013junto con representantes de la sociedad civil y otros funcionarios del Gobierno Nacional\u2013, asistir\u00e1n este lunes al acto de radicaci\u00f3n en el Congreso de la Rep\u00fablica del proyecto de ley de Reforma Estructural al Sistema de Salud.<\/p>\n","protected":false},"excerpt":{"rendered":"<p>El Mandatario de los Colombianos Gustavo Petro abrir\u00e1 las puertas de la Casa de Nari\u00f1o para que la ciudadan\u00eda participe, este martes 14 de febrero, en la socializaci\u00f3n y pedagog\u00eda de la reforma estructural al sistema de salud, cuyo objetivo es el mejoramiento de la calidad en la prestaci\u00f3n de los servicios. Frente a la [&hellip;]<\/p>\n","protected":false},"author":2,"featured_media":0,"comment_status":"open","ping_status":"open","sticky":false,"template":"","format":"standard","meta":{"footnotes":""},"categories":[36,32],"tags":[],"class_list":["post-46099","post","type-post","status-publish","format-standard","hentry","category-destacado","category-nacional"],"yoast_head":"<!-- This site is optimized with the Yoast SEO plugin v26.6 - https:\/\/yoast.com\/wordpress\/plugins\/seo\/ -->\n<title>Presidente Petro abrir\u00e1 las puertas de la Casa de Nari\u00f1o para socializar la Reforma a la Salud -<\/title>\n<meta name=\"robots\" content=\"index, follow, max-snippet:-1, max-image-preview:large, max-video-preview:-1\" \/>\n<link rel=\"canonical\" href=\"https:\/\/luchonoticias.com\/editor\/presidente-petro-abrira-las-puertas-de-la-casa-de-narino-para-socializar-la-reforma-a-la-salud\/\" \/>\n<meta property=\"og:locale\" content=\"es_ES\" \/>\n<meta property=\"og:type\" content=\"article\" \/>\n<meta property=\"og:title\" content=\"Presidente Petro abrir\u00e1 las puertas de la Casa de Nari\u00f1o para socializar la Reforma a la Salud -\" \/>\n<meta property=\"og:url\" content=\"https:\/\/luchonoticias.com\/editor\/presidente-petro-abrira-las-puertas-de-la-casa-de-narino-para-socializar-la-reforma-a-la-salud\/\" \/>\n<meta property=\"article:publisher\" content=\"https:\/\/www.facebook.com\/luchonoticiasneiva\" \/>\n<meta property=\"article:published_time\" content=\"2023-02-13T15:14:52+00:00\" \/>\n<meta property=\"article:modified_time\" content=\"2023-02-13T15:14:53+00:00\" \/>\n<meta name=\"author\" content=\"Editor General\" \/>\n<meta name=\"twitter:card\" content=\"summary_large_image\" \/>\n<meta name=\"twitter:label1\" content=\"Escrito por\" \/>\n\t<meta name=\"twitter:data1\" content=\"Editor General\" \/>\n\t<meta name=\"twitter:label2\" content=\"Tiempo de lectura\" \/>\n\t<meta name=\"twitter:data2\" content=\"3 minutos\" \/>\n<script type=\"application\/ld+json\" class=\"yoast-schema-graph\">{\"@context\":\"https:\/\/schema.org\",\"@graph\":[{\"@type\":\"Article\",\"@id\":\"https:\/\/luchonoticias.com\/editor\/presidente-petro-abrira-las-puertas-de-la-casa-de-narino-para-socializar-la-reforma-a-la-salud\/#article\",\"isPartOf\":{\"@id\":\"https:\/\/luchonoticias.com\/editor\/presidente-petro-abrira-las-puertas-de-la-casa-de-narino-para-socializar-la-reforma-a-la-salud\/\"},\"author\":{\"name\":\"Editor General\",\"@id\":\"https:\/\/luchonoticias.com\/editor\/#\/schema\/person\/29217990ddf6f14e35912b2866d591fb\"},\"headline\":\"Presidente Petro abrir\u00e1 las puertas de la Casa de Nari\u00f1o para socializar la Reforma a la Salud\",\"datePublished\":\"2023-02-13T15:14:52+00:00\",\"dateModified\":\"2023-02-13T15:14:53+00:00\",\"mainEntityOfPage\":{\"@id\":\"https:\/\/luchonoticias.com\/editor\/presidente-petro-abrira-las-puertas-de-la-casa-de-narino-para-socializar-la-reforma-a-la-salud\/\"},\"wordCount\":596,\"commentCount\":0,\"publisher\":{\"@id\":\"https:\/\/luchonoticias.com\/editor\/#\/schema\/person\/7a7fd911f58561fd056dbac7b55af9cd\"},\"articleSection\":[\"Destacado\",\"Nacional\"],\"inLanguage\":\"es\",\"potentialAction\":[{\"@type\":\"CommentAction\",\"name\":\"Comment\",\"target\":[\"https:\/\/luchonoticias.com\/editor\/presidente-petro-abrira-las-puertas-de-la-casa-de-narino-para-socializar-la-reforma-a-la-salud\/#respond\"]}]},{\"@type\":\"WebPage\",\"@id\":\"https:\/\/luchonoticias.com\/editor\/presidente-petro-abrira-las-puertas-de-la-casa-de-narino-para-socializar-la-reforma-a-la-salud\/\",\"url\":\"https:\/\/luchonoticias.com\/editor\/presidente-petro-abrira-las-puertas-de-la-casa-de-narino-para-socializar-la-reforma-a-la-salud\/\",\"name\":\"Presidente Petro abrir\u00e1 las puertas de la Casa de Nari\u00f1o para socializar la Reforma a la Salud -\",\"isPartOf\":{\"@id\":\"https:\/\/luchonoticias.com\/editor\/#website\"},\"datePublished\":\"2023-02-13T15:14:52+00:00\",\"dateModified\":\"2023-02-13T15:14:53+00:00\",\"breadcrumb\":{\"@id\":\"https:\/\/luchonoticias.com\/editor\/presidente-petro-abrira-las-puertas-de-la-casa-de-narino-para-socializar-la-reforma-a-la-salud\/#breadcrumb\"},\"inLanguage\":\"es\",\"potentialAction\":[{\"@type\":\"ReadAction\",\"target\":[\"https:\/\/luchonoticias.com\/editor\/presidente-petro-abrira-las-puertas-de-la-casa-de-narino-para-socializar-la-reforma-a-la-salud\/\"]}]},{\"@type\":\"BreadcrumbList\",\"@id\":\"https:\/\/luchonoticias.com\/editor\/presidente-petro-abrira-las-puertas-de-la-casa-de-narino-para-socializar-la-reforma-a-la-salud\/#breadcrumb\",\"itemListElement\":[{\"@type\":\"ListItem\",\"position\":1,\"name\":\"Portada\",\"item\":\"https:\/\/luchonoticias.com\/editor\/\"},{\"@type\":\"ListItem\",\"position\":2,\"name\":\"Presidente Petro abrir\u00e1 las puertas de la Casa de Nari\u00f1o para socializar la Reforma a la Salud\"}]},{\"@type\":\"WebSite\",\"@id\":\"https:\/\/luchonoticias.com\/editor\/#website\",\"url\":\"https:\/\/luchonoticias.com\/editor\/\",\"name\":\"\",\"description\":\"\",\"publisher\":{\"@id\":\"https:\/\/luchonoticias.com\/editor\/#\/schema\/person\/7a7fd911f58561fd056dbac7b55af9cd\"},\"potentialAction\":[{\"@type\":\"SearchAction\",\"target\":{\"@type\":\"EntryPoint\",\"urlTemplate\":\"https:\/\/luchonoticias.com\/editor\/?s={search_term_string}\"},\"query-input\":{\"@type\":\"PropertyValueSpecification\",\"valueRequired\":true,\"valueName\":\"search_term_string\"}}],\"inLanguage\":\"es\"},{\"@type\":[\"Person\",\"Organization\"],\"@id\":\"https:\/\/luchonoticias.com\/editor\/#\/schema\/person\/7a7fd911f58561fd056dbac7b55af9cd\",\"name\":\"admin\",\"image\":{\"@type\":\"ImageObject\",\"inLanguage\":\"es\",\"@id\":\"https:\/\/luchonoticias.com\/editor\/#\/schema\/person\/image\/\",\"url\":\"https:\/\/luchonoticias.com\/editor\/wp-content\/uploads\/2024\/02\/cropped-cropped-logolu.webp\",\"contentUrl\":\"https:\/\/luchonoticias.com\/editor\/wp-content\/uploads\/2024\/02\/cropped-cropped-logolu.webp\",\"width\":382,\"height\":170,\"caption\":\"admin\"},\"logo\":{\"@id\":\"https:\/\/luchonoticias.com\/editor\/#\/schema\/person\/image\/\"},\"sameAs\":[\"https:\/\/www.facebook.com\/luchonoticiasneiva\"]},{\"@type\":\"Person\",\"@id\":\"https:\/\/luchonoticias.com\/editor\/#\/schema\/person\/29217990ddf6f14e35912b2866d591fb\",\"name\":\"Editor General\",\"image\":{\"@type\":\"ImageObject\",\"inLanguage\":\"es\",\"@id\":\"https:\/\/luchonoticias.com\/editor\/#\/schema\/person\/image\/\",\"url\":\"https:\/\/luchonoticias.com\/editor\/wp-content\/uploads\/2024\/02\/cropped-cropped-logolu-150x150.webp\",\"contentUrl\":\"https:\/\/luchonoticias.com\/editor\/wp-content\/uploads\/2024\/02\/cropped-cropped-logolu-150x150.webp\",\"caption\":\"Editor General\"},\"sameAs\":[\"https:\/\/luchonoticias.com\/\"],\"url\":\"https:\/\/luchonoticias.com\/editor\/author\/editor-general\/\"}]}<\/script>\n<!-- \/ Yoast SEO plugin. -->","yoast_head_json":{"title":"Presidente Petro abrir\u00e1 las puertas de la Casa de Nari\u00f1o para socializar la Reforma a la Salud -","robots":{"index":"index","follow":"follow","max-snippet":"max-snippet:-1","max-image-preview":"max-image-preview:large","max-video-preview":"max-video-preview:-1"},"canonical":"https:\/\/luchonoticias.com\/editor\/presidente-petro-abrira-las-puertas-de-la-casa-de-narino-para-socializar-la-reforma-a-la-salud\/","og_locale":"es_ES","og_type":"article","og_title":"Presidente Petro abrir\u00e1 las puertas de la Casa de Nari\u00f1o para socializar la Reforma a la Salud -","og_url":"https:\/\/luchonoticias.com\/editor\/presidente-petro-abrira-las-puertas-de-la-casa-de-narino-para-socializar-la-reforma-a-la-salud\/","article_publisher":"https:\/\/www.facebook.com\/luchonoticiasneiva","article_published_time":"2023-02-13T15:14:52+00:00","article_modified_time":"2023-02-13T15:14:53+00:00","author":"Editor General","twitter_card":"summary_large_image","twitter_misc":{"Escrito por":"Editor General","Tiempo de lectura":"3 minutos"},"schema":{"@context":"https:\/\/schema.org","@graph":[{"@type":"Article","@id":"https:\/\/luchonoticias.com\/editor\/presidente-petro-abrira-las-puertas-de-la-casa-de-narino-para-socializar-la-reforma-a-la-salud\/#article","isPartOf":{"@id":"https:\/\/luchonoticias.com\/editor\/presidente-petro-abrira-las-puertas-de-la-casa-de-narino-para-socializar-la-reforma-a-la-salud\/"},"author":{"name":"Editor General","@id":"https:\/\/luchonoticias.com\/editor\/#\/schema\/person\/29217990ddf6f14e35912b2866d591fb"},"headline":"Presidente Petro abrir\u00e1 las puertas de la Casa de Nari\u00f1o para socializar la Reforma a la Salud","datePublished":"2023-02-13T15:14:52+00:00","dateModified":"2023-02-13T15:14:53+00:00","mainEntityOfPage":{"@id":"https:\/\/luchonoticias.com\/editor\/presidente-petro-abrira-las-puertas-de-la-casa-de-narino-para-socializar-la-reforma-a-la-salud\/"},"wordCount":596,"commentCount":0,"publisher":{"@id":"https:\/\/luchonoticias.com\/editor\/#\/schema\/person\/7a7fd911f58561fd056dbac7b55af9cd"},"articleSection":["Destacado","Nacional"],"inLanguage":"es","potentialAction":[{"@type":"CommentAction","name":"Comment","target":["https:\/\/luchonoticias.com\/editor\/presidente-petro-abrira-las-puertas-de-la-casa-de-narino-para-socializar-la-reforma-a-la-salud\/#respond"]}]},{"@type":"WebPage","@id":"https:\/\/luchonoticias.com\/editor\/presidente-petro-abrira-las-puertas-de-la-casa-de-narino-para-socializar-la-reforma-a-la-salud\/","url":"https:\/\/luchonoticias.com\/editor\/presidente-petro-abrira-las-puertas-de-la-casa-de-narino-para-socializar-la-reforma-a-la-salud\/","name":"Presidente Petro abrir\u00e1 las puertas de la Casa de Nari\u00f1o para socializar la Reforma a la Salud -","isPartOf":{"@id":"https:\/\/luchonoticias.com\/editor\/#website"},"datePublished":"2023-02-13T15:14:52+00:00","dateModified":"2023-02-13T15:14:53+00:00","breadcrumb":{"@id":"https:\/\/luchonoticias.com\/editor\/presidente-petro-abrira-las-puertas-de-la-casa-de-narino-para-socializar-la-reforma-a-la-salud\/#breadcrumb"},"inLanguage":"es","potentialAction":[{"@type":"ReadAction","target":["https:\/\/luchonoticias.com\/editor\/presidente-petro-abrira-las-puertas-de-la-casa-de-narino-para-socializar-la-reforma-a-la-salud\/"]}]},{"@type":"BreadcrumbList","@id":"https:\/\/luchonoticias.com\/editor\/presidente-petro-abrira-las-puertas-de-la-casa-de-narino-para-socializar-la-reforma-a-la-salud\/#breadcrumb","itemListElement":[{"@type":"ListItem","position":1,"name":"Portada","item":"https:\/\/luchonoticias.com\/editor\/"},{"@type":"ListItem","position":2,"name":"Presidente Petro abrir\u00e1 las puertas de la Casa de Nari\u00f1o para socializar la Reforma a la Salud"}]},{"@type":"WebSite","@id":"https:\/\/luchonoticias.com\/editor\/#website","url":"https:\/\/luchonoticias.com\/editor\/","name":"","description":"","publisher":{"@id":"https:\/\/luchonoticias.com\/editor\/#\/schema\/person\/7a7fd911f58561fd056dbac7b55af9cd"},"potentialAction":[{"@type":"SearchAction","target":{"@type":"EntryPoint","urlTemplate":"https:\/\/luchonoticias.com\/editor\/?s={search_term_string}"},"query-input":{"@type":"PropertyValueSpecification","valueRequired":true,"valueName":"search_term_string"}}],"inLanguage":"es"},{"@type":["Person","Organization"],"@id":"https:\/\/luchonoticias.com\/editor\/#\/schema\/person\/7a7fd911f58561fd056dbac7b55af9cd","name":"admin","image":{"@type":"ImageObject","inLanguage":"es","@id":"https:\/\/luchonoticias.com\/editor\/#\/schema\/person\/image\/","url":"https:\/\/luchonoticias.com\/editor\/wp-content\/uploads\/2024\/02\/cropped-cropped-logolu.webp","contentUrl":"https:\/\/luchonoticias.com\/editor\/wp-content\/uploads\/2024\/02\/cropped-cropped-logolu.webp","width":382,"height":170,"caption":"admin"},"logo":{"@id":"https:\/\/luchonoticias.com\/editor\/#\/schema\/person\/image\/"},"sameAs":["https:\/\/www.facebook.com\/luchonoticiasneiva"]},{"@type":"Person","@id":"https:\/\/luchonoticias.com\/editor\/#\/schema\/person\/29217990ddf6f14e35912b2866d591fb","name":"Editor General","image":{"@type":"ImageObject","inLanguage":"es","@id":"https:\/\/luchonoticias.com\/editor\/#\/schema\/person\/image\/","url":"https:\/\/luchonoticias.com\/editor\/wp-content\/uploads\/2024\/02\/cropped-cropped-logolu-150x150.webp","contentUrl":"https:\/\/luchonoticias.com\/editor\/wp-content\/uploads\/2024\/02\/cropped-cropped-logolu-150x150.webp","caption":"Editor General"},"sameAs":["https:\/\/luchonoticias.com\/"],"url":"https:\/\/luchonoticias.com\/editor\/author\/editor-general\/"}]}},"_links":{"self":[{"href":"https:\/\/luchonoticias.com\/editor\/wp-json\/wp\/v2\/posts\/46099","targetHints":{"allow":["GET"]}}],"collection":[{"href":"https:\/\/luchonoticias.com\/editor\/wp-json\/wp\/v2\/posts"}],"about":[{"href":"https:\/\/luchonoticias.com\/editor\/wp-json\/wp\/v2\/types\/post"}],"author":[{"embeddable":true,"href":"https:\/\/luchonoticias.com\/editor\/wp-json\/wp\/v2\/users\/2"}],"replies":[{"embeddable":true,"href":"https:\/\/luchonoticias.com\/editor\/wp-json\/wp\/v2\/comments?post=46099"}],"version-history":[{"count":0,"href":"https:\/\/luchonoticias.com\/editor\/wp-json\/wp\/v2\/posts\/46099\/revisions"}],"wp:attachment":[{"href":"https:\/\/luchonoticias.com\/editor\/wp-json\/wp\/v2\/media?parent=46099"}],"wp:term":[{"taxonomy":"category","embeddable":true,"href":"https:\/\/luchonoticias.com\/editor\/wp-json\/wp\/v2\/categories?post=46099"},{"taxonomy":"post_tag","embeddable":true,"href":"https:\/\/luchonoticias.com\/editor\/wp-json\/wp\/v2\/tags?post=46099"}],"curies":[{"name":"wp","href":"https:\/\/api.w.org\/{rel}","templated":true}]}}