{"id":46102,"date":"2023-02-13T10:18:07","date_gmt":"2023-02-13T15:18:07","guid":{"rendered":"https:\/\/luchonoticias.com\/?p=46102"},"modified":"2023-02-13T10:18:08","modified_gmt":"2023-02-13T15:18:08","slug":"2-900-millones-seran-destinados-para-fortalecer-las-radios-comunitarias","status":"publish","type":"post","link":"https:\/\/luchonoticias.com\/editor\/2-900-millones-seran-destinados-para-fortalecer-las-radios-comunitarias\/","title":{"rendered":"2.900 millones ser\u00e1n destinados para fortalecer las radios comunitarias"},"content":{"rendered":"\n<p>La Ministra de Tecnolog\u00edas de la Informaci\u00f3n y las Comunicaciones (TIC), Sandra Urrutia, confirm\u00f3 en primicia para \u2018Colombia Hoy Radio\u2019, el informativo de la Presidencia de la Rep\u00fablica, que se destinar\u00e1n $2.900 millones para fortalecer las radios comunitarias a nivel nacional.<\/p>\n\n\n\n<p>Los recursos ser\u00e1n asignados a trav\u00e9s de \u201cuna convocatoria en la que tenemos $2.900 millones, destinados al fortalecimiento del contenido de la radio comunitaria. Lo trabajaremos de com\u00fan acuerdo con el Ministerio de Cultura para nutrir esas parrillas tan importantes de los que comunican y promueven el tejido en la regi\u00f3n\u201d, dijo la titular de la cartera de las TIC.<\/p>\n\n\n\n<p>Dicha convocatoria, asegur\u00f3, se dar\u00e1 a conocer antes de abril y ratifica el compromiso del Gobierno del Cambio con los espacios que llegan a todos los rincones del pa\u00eds.<\/p>\n\n\n\n<p>\u201cEs un mandato del se\u00f1or Presidente Gustavo Petro, y es que trabajemos de la mano de la radio comunitaria\u201d, enfatiz\u00f3 la Ministra.<\/p>\n\n\n\n<p>El anuncio se da a conocer en el marco del D\u00eda Mundial de la Radio y de la apertura de los micr\u00f3fonos de \u2018Colombia Hoy Radio\u2019, el nuevo espacio informativo y digital de la Presidencia de la Rep\u00fablica, que tiene como objetivo ser el canal directo de comunicaci\u00f3n con los y las colombianas en todo el pa\u00eds.<\/p>\n\n\n\n<p>Finalmente, la Ministra reiter\u00f3 que una de las prioridades del Gobierno del Cambio ser\u00e1 la alfabetizaci\u00f3n digital, bajo el lema \u201cconectar para la productividad\u201d, como una tarea encomendada por el Presidente Petro, que busca no solo se va a llevar la infraestructura digital a las regiones, sino conocimiento.<\/p>\n","protected":false},"excerpt":{"rendered":"<p>La Ministra de Tecnolog\u00edas de la Informaci\u00f3n y las Comunicaciones (TIC), Sandra Urrutia, confirm\u00f3 en primicia para \u2018Colombia Hoy Radio\u2019, el informativo de la Presidencia de la Rep\u00fablica, que se destinar\u00e1n $2.900 millones para fortalecer las radios comunitarias a nivel nacional. Los recursos ser\u00e1n asignados a trav\u00e9s de \u201cuna convocatoria en la que tenemos $2.900 [&hellip;]<\/p>\n","protected":false},"author":2,"featured_media":0,"comment_status":"open","ping_status":"open","sticky":false,"template":"","format":"standard","meta":{"footnotes":""},"categories":[28,36],"tags":[],"class_list":["post-46102","post","type-post","status-publish","format-standard","hentry","category-actualidad","category-destacado"],"yoast_head":"<!-- This site is optimized with the Yoast SEO plugin v26.6 - https:\/\/yoast.com\/wordpress\/plugins\/seo\/ -->\n<title>2.900 millones ser\u00e1n destinados para fortalecer las radios comunitarias -<\/title>\n<meta name=\"robots\" content=\"index, follow, max-snippet:-1, max-image-preview:large, max-video-preview:-1\" \/>\n<link rel=\"canonical\" href=\"https:\/\/luchonoticias.com\/editor\/2-900-millones-seran-destinados-para-fortalecer-las-radios-comunitarias\/\" \/>\n<meta property=\"og:locale\" content=\"es_ES\" \/>\n<meta property=\"og:type\" content=\"article\" \/>\n<meta property=\"og:title\" content=\"2.900 millones ser\u00e1n destinados para fortalecer las radios comunitarias -\" \/>\n<meta property=\"og:url\" content=\"https:\/\/luchonoticias.com\/editor\/2-900-millones-seran-destinados-para-fortalecer-las-radios-comunitarias\/\" \/>\n<meta property=\"article:publisher\" content=\"https:\/\/www.facebook.com\/luchonoticiasneiva\" \/>\n<meta property=\"article:published_time\" content=\"2023-02-13T15:18:07+00:00\" \/>\n<meta property=\"article:modified_time\" content=\"2023-02-13T15:18:08+00:00\" \/>\n<meta name=\"author\" content=\"Editor General\" \/>\n<meta name=\"twitter:card\" content=\"summary_large_image\" \/>\n<meta name=\"twitter:label1\" content=\"Escrito por\" \/>\n\t<meta name=\"twitter:data1\" content=\"Editor General\" \/>\n\t<meta name=\"twitter:label2\" content=\"Tiempo de lectura\" \/>\n\t<meta name=\"twitter:data2\" content=\"1 minuto\" \/>\n<script type=\"application\/ld+json\" class=\"yoast-schema-graph\">{\"@context\":\"https:\/\/schema.org\",\"@graph\":[{\"@type\":\"Article\",\"@id\":\"https:\/\/luchonoticias.com\/editor\/2-900-millones-seran-destinados-para-fortalecer-las-radios-comunitarias\/#article\",\"isPartOf\":{\"@id\":\"https:\/\/luchonoticias.com\/editor\/2-900-millones-seran-destinados-para-fortalecer-las-radios-comunitarias\/\"},\"author\":{\"name\":\"Editor General\",\"@id\":\"https:\/\/luchonoticias.com\/editor\/#\/schema\/person\/29217990ddf6f14e35912b2866d591fb\"},\"headline\":\"2.900 millones ser\u00e1n destinados para fortalecer las radios comunitarias\",\"datePublished\":\"2023-02-13T15:18:07+00:00\",\"dateModified\":\"2023-02-13T15:18:08+00:00\",\"mainEntityOfPage\":{\"@id\":\"https:\/\/luchonoticias.com\/editor\/2-900-millones-seran-destinados-para-fortalecer-las-radios-comunitarias\/\"},\"wordCount\":280,\"commentCount\":0,\"publisher\":{\"@id\":\"https:\/\/luchonoticias.com\/editor\/#\/schema\/person\/7a7fd911f58561fd056dbac7b55af9cd\"},\"articleSection\":[\"Actualidad\",\"Destacado\"],\"inLanguage\":\"es\",\"potentialAction\":[{\"@type\":\"CommentAction\",\"name\":\"Comment\",\"target\":[\"https:\/\/luchonoticias.com\/editor\/2-900-millones-seran-destinados-para-fortalecer-las-radios-comunitarias\/#respond\"]}]},{\"@type\":\"WebPage\",\"@id\":\"https:\/\/luchonoticias.com\/editor\/2-900-millones-seran-destinados-para-fortalecer-las-radios-comunitarias\/\",\"url\":\"https:\/\/luchonoticias.com\/editor\/2-900-millones-seran-destinados-para-fortalecer-las-radios-comunitarias\/\",\"name\":\"2.900 millones ser\u00e1n destinados para fortalecer las radios comunitarias -\",\"isPartOf\":{\"@id\":\"https:\/\/luchonoticias.com\/editor\/#website\"},\"datePublished\":\"2023-02-13T15:18:07+00:00\",\"dateModified\":\"2023-02-13T15:18:08+00:00\",\"breadcrumb\":{\"@id\":\"https:\/\/luchonoticias.com\/editor\/2-900-millones-seran-destinados-para-fortalecer-las-radios-comunitarias\/#breadcrumb\"},\"inLanguage\":\"es\",\"potentialAction\":[{\"@type\":\"ReadAction\",\"target\":[\"https:\/\/luchonoticias.com\/editor\/2-900-millones-seran-destinados-para-fortalecer-las-radios-comunitarias\/\"]}]},{\"@type\":\"BreadcrumbList\",\"@id\":\"https:\/\/luchonoticias.com\/editor\/2-900-millones-seran-destinados-para-fortalecer-las-radios-comunitarias\/#breadcrumb\",\"itemListElement\":[{\"@type\":\"ListItem\",\"position\":1,\"name\":\"Portada\",\"item\":\"https:\/\/luchonoticias.com\/editor\/\"},{\"@type\":\"ListItem\",\"position\":2,\"name\":\"2.900 millones ser\u00e1n destinados para fortalecer las radios comunitarias\"}]},{\"@type\":\"WebSite\",\"@id\":\"https:\/\/luchonoticias.com\/editor\/#website\",\"url\":\"https:\/\/luchonoticias.com\/editor\/\",\"name\":\"\",\"description\":\"\",\"publisher\":{\"@id\":\"https:\/\/luchonoticias.com\/editor\/#\/schema\/person\/7a7fd911f58561fd056dbac7b55af9cd\"},\"potentialAction\":[{\"@type\":\"SearchAction\",\"target\":{\"@type\":\"EntryPoint\",\"urlTemplate\":\"https:\/\/luchonoticias.com\/editor\/?s={search_term_string}\"},\"query-input\":{\"@type\":\"PropertyValueSpecification\",\"valueRequired\":true,\"valueName\":\"search_term_string\"}}],\"inLanguage\":\"es\"},{\"@type\":[\"Person\",\"Organization\"],\"@id\":\"https:\/\/luchonoticias.com\/editor\/#\/schema\/person\/7a7fd911f58561fd056dbac7b55af9cd\",\"name\":\"admin\",\"image\":{\"@type\":\"ImageObject\",\"inLanguage\":\"es\",\"@id\":\"https:\/\/luchonoticias.com\/editor\/#\/schema\/person\/image\/\",\"url\":\"https:\/\/luchonoticias.com\/editor\/wp-content\/uploads\/2024\/02\/cropped-cropped-logolu.webp\",\"contentUrl\":\"https:\/\/luchonoticias.com\/editor\/wp-content\/uploads\/2024\/02\/cropped-cropped-logolu.webp\",\"width\":382,\"height\":170,\"caption\":\"admin\"},\"logo\":{\"@id\":\"https:\/\/luchonoticias.com\/editor\/#\/schema\/person\/image\/\"},\"sameAs\":[\"https:\/\/www.facebook.com\/luchonoticiasneiva\"]},{\"@type\":\"Person\",\"@id\":\"https:\/\/luchonoticias.com\/editor\/#\/schema\/person\/29217990ddf6f14e35912b2866d591fb\",\"name\":\"Editor General\",\"image\":{\"@type\":\"ImageObject\",\"inLanguage\":\"es\",\"@id\":\"https:\/\/luchonoticias.com\/editor\/#\/schema\/person\/image\/\",\"url\":\"https:\/\/luchonoticias.com\/editor\/wp-content\/uploads\/2024\/02\/cropped-cropped-logolu-150x150.webp\",\"contentUrl\":\"https:\/\/luchonoticias.com\/editor\/wp-content\/uploads\/2024\/02\/cropped-cropped-logolu-150x150.webp\",\"caption\":\"Editor General\"},\"sameAs\":[\"https:\/\/luchonoticias.com\/\"],\"url\":\"https:\/\/luchonoticias.com\/editor\/author\/editor-general\/\"}]}<\/script>\n<!-- \/ Yoast SEO plugin. -->","yoast_head_json":{"title":"2.900 millones ser\u00e1n destinados para fortalecer las radios comunitarias -","robots":{"index":"index","follow":"follow","max-snippet":"max-snippet:-1","max-image-preview":"max-image-preview:large","max-video-preview":"max-video-preview:-1"},"canonical":"https:\/\/luchonoticias.com\/editor\/2-900-millones-seran-destinados-para-fortalecer-las-radios-comunitarias\/","og_locale":"es_ES","og_type":"article","og_title":"2.900 millones ser\u00e1n destinados para fortalecer las radios comunitarias -","og_url":"https:\/\/luchonoticias.com\/editor\/2-900-millones-seran-destinados-para-fortalecer-las-radios-comunitarias\/","article_publisher":"https:\/\/www.facebook.com\/luchonoticiasneiva","article_published_time":"2023-02-13T15:18:07+00:00","article_modified_time":"2023-02-13T15:18:08+00:00","author":"Editor General","twitter_card":"summary_large_image","twitter_misc":{"Escrito por":"Editor General","Tiempo de lectura":"1 minuto"},"schema":{"@context":"https:\/\/schema.org","@graph":[{"@type":"Article","@id":"https:\/\/luchonoticias.com\/editor\/2-900-millones-seran-destinados-para-fortalecer-las-radios-comunitarias\/#article","isPartOf":{"@id":"https:\/\/luchonoticias.com\/editor\/2-900-millones-seran-destinados-para-fortalecer-las-radios-comunitarias\/"},"author":{"name":"Editor General","@id":"https:\/\/luchonoticias.com\/editor\/#\/schema\/person\/29217990ddf6f14e35912b2866d591fb"},"headline":"2.900 millones ser\u00e1n destinados para fortalecer las radios comunitarias","datePublished":"2023-02-13T15:18:07+00:00","dateModified":"2023-02-13T15:18:08+00:00","mainEntityOfPage":{"@id":"https:\/\/luchonoticias.com\/editor\/2-900-millones-seran-destinados-para-fortalecer-las-radios-comunitarias\/"},"wordCount":280,"commentCount":0,"publisher":{"@id":"https:\/\/luchonoticias.com\/editor\/#\/schema\/person\/7a7fd911f58561fd056dbac7b55af9cd"},"articleSection":["Actualidad","Destacado"],"inLanguage":"es","potentialAction":[{"@type":"CommentAction","name":"Comment","target":["https:\/\/luchonoticias.com\/editor\/2-900-millones-seran-destinados-para-fortalecer-las-radios-comunitarias\/#respond"]}]},{"@type":"WebPage","@id":"https:\/\/luchonoticias.com\/editor\/2-900-millones-seran-destinados-para-fortalecer-las-radios-comunitarias\/","url":"https:\/\/luchonoticias.com\/editor\/2-900-millones-seran-destinados-para-fortalecer-las-radios-comunitarias\/","name":"2.900 millones ser\u00e1n destinados para fortalecer las radios comunitarias -","isPartOf":{"@id":"https:\/\/luchonoticias.com\/editor\/#website"},"datePublished":"2023-02-13T15:18:07+00:00","dateModified":"2023-02-13T15:18:08+00:00","breadcrumb":{"@id":"https:\/\/luchonoticias.com\/editor\/2-900-millones-seran-destinados-para-fortalecer-las-radios-comunitarias\/#breadcrumb"},"inLanguage":"es","potentialAction":[{"@type":"ReadAction","target":["https:\/\/luchonoticias.com\/editor\/2-900-millones-seran-destinados-para-fortalecer-las-radios-comunitarias\/"]}]},{"@type":"BreadcrumbList","@id":"https:\/\/luchonoticias.com\/editor\/2-900-millones-seran-destinados-para-fortalecer-las-radios-comunitarias\/#breadcrumb","itemListElement":[{"@type":"ListItem","position":1,"name":"Portada","item":"https:\/\/luchonoticias.com\/editor\/"},{"@type":"ListItem","position":2,"name":"2.900 millones ser\u00e1n destinados para fortalecer las radios comunitarias"}]},{"@type":"WebSite","@id":"https:\/\/luchonoticias.com\/editor\/#website","url":"https:\/\/luchonoticias.com\/editor\/","name":"","description":"","publisher":{"@id":"https:\/\/luchonoticias.com\/editor\/#\/schema\/person\/7a7fd911f58561fd056dbac7b55af9cd"},"potentialAction":[{"@type":"SearchAction","target":{"@type":"EntryPoint","urlTemplate":"https:\/\/luchonoticias.com\/editor\/?s={search_term_string}"},"query-input":{"@type":"PropertyValueSpecification","valueRequired":true,"valueName":"search_term_string"}}],"inLanguage":"es"},{"@type":["Person","Organization"],"@id":"https:\/\/luchonoticias.com\/editor\/#\/schema\/person\/7a7fd911f58561fd056dbac7b55af9cd","name":"admin","image":{"@type":"ImageObject","inLanguage":"es","@id":"https:\/\/luchonoticias.com\/editor\/#\/schema\/person\/image\/","url":"https:\/\/luchonoticias.com\/editor\/wp-content\/uploads\/2024\/02\/cropped-cropped-logolu.webp","contentUrl":"https:\/\/luchonoticias.com\/editor\/wp-content\/uploads\/2024\/02\/cropped-cropped-logolu.webp","width":382,"height":170,"caption":"admin"},"logo":{"@id":"https:\/\/luchonoticias.com\/editor\/#\/schema\/person\/image\/"},"sameAs":["https:\/\/www.facebook.com\/luchonoticiasneiva"]},{"@type":"Person","@id":"https:\/\/luchonoticias.com\/editor\/#\/schema\/person\/29217990ddf6f14e35912b2866d591fb","name":"Editor General","image":{"@type":"ImageObject","inLanguage":"es","@id":"https:\/\/luchonoticias.com\/editor\/#\/schema\/person\/image\/","url":"https:\/\/luchonoticias.com\/editor\/wp-content\/uploads\/2024\/02\/cropped-cropped-logolu-150x150.webp","contentUrl":"https:\/\/luchonoticias.com\/editor\/wp-content\/uploads\/2024\/02\/cropped-cropped-logolu-150x150.webp","caption":"Editor General"},"sameAs":["https:\/\/luchonoticias.com\/"],"url":"https:\/\/luchonoticias.com\/editor\/author\/editor-general\/"}]}},"_links":{"self":[{"href":"https:\/\/luchonoticias.com\/editor\/wp-json\/wp\/v2\/posts\/46102","targetHints":{"allow":["GET"]}}],"collection":[{"href":"https:\/\/luchonoticias.com\/editor\/wp-json\/wp\/v2\/posts"}],"about":[{"href":"https:\/\/luchonoticias.com\/editor\/wp-json\/wp\/v2\/types\/post"}],"author":[{"embeddable":true,"href":"https:\/\/luchonoticias.com\/editor\/wp-json\/wp\/v2\/users\/2"}],"replies":[{"embeddable":true,"href":"https:\/\/luchonoticias.com\/editor\/wp-json\/wp\/v2\/comments?post=46102"}],"version-history":[{"count":0,"href":"https:\/\/luchonoticias.com\/editor\/wp-json\/wp\/v2\/posts\/46102\/revisions"}],"wp:attachment":[{"href":"https:\/\/luchonoticias.com\/editor\/wp-json\/wp\/v2\/media?parent=46102"}],"wp:term":[{"taxonomy":"category","embeddable":true,"href":"https:\/\/luchonoticias.com\/editor\/wp-json\/wp\/v2\/categories?post=46102"},{"taxonomy":"post_tag","embeddable":true,"href":"https:\/\/luchonoticias.com\/editor\/wp-json\/wp\/v2\/tags?post=46102"}],"curies":[{"name":"wp","href":"https:\/\/api.w.org\/{rel}","templated":true}]}}