{"id":46105,"date":"2023-02-13T14:06:53","date_gmt":"2023-02-13T19:06:53","guid":{"rendered":"https:\/\/luchonoticias.com\/?p=46105"},"modified":"2023-02-13T14:06:54","modified_gmt":"2023-02-13T19:06:54","slug":"aqui-vamos-a-construir-sobre-lo-construido-ministra-carolina-corcho-sobre-reforma-al-sistema-de-salud-en-colombia","status":"publish","type":"post","link":"https:\/\/luchonoticias.com\/editor\/aqui-vamos-a-construir-sobre-lo-construido-ministra-carolina-corcho-sobre-reforma-al-sistema-de-salud-en-colombia\/","title":{"rendered":"\u2018Aqu\u00ed vamos a construir sobre lo construido\u2019, Ministra Carolina Corcho sobre reforma al sistema de salud en Colombia"},"content":{"rendered":"\n<p>\u201cAqu\u00ed vamos a construir sobre lo construido\u201d y \u201cvamos a coger lo mejor que tenga el sistema de salud\u201d, afirm\u00f3 este lunes la Ministra del sector, Carolina Corcho, en declaraciones a \u2018Colombia Hoy Radio\u2019, el informativo de la Presidencia de la Rep\u00fablica.<\/p>\n\n\n\n<p>La Ministra se refiri\u00f3 al tema con motivo de la radicaci\u00f3n este lunes en el Congreso de la Rep\u00fablica del proyecto de ley \u2018Cambio hacia una salud para la vida\u2019.<\/p>\n\n\n\n<p>De acuerdo con el Ministerio de Salud, la reforma incluye \u2013entre otros aspectos\u2013 el impulso al modelo de prevenci\u00f3n en salud, la dignificaci\u00f3n de los trabajadores del sector, el fortalecimiento de los hospitales p\u00fablicos y la recuperaci\u00f3n de la administraci\u00f3n p\u00fablica de los recursos, para que el sistema de salud en Colombia sea eficaz, \u00e1gil, equitativo y sostenible en sus finanzas.<\/p>\n\n\n\n<p>En este sentido, la titular de la cartera de Salud destac\u00f3 que en todo momento el Gobierno mantendr\u00e1 la financiaci\u00f3n de los tratamientos de alto costo y que el proyecto garantiza la prestaci\u00f3n de estos servicios.<\/p>\n\n\n\n<p>Carolina Corcho llam\u00f3 la atenci\u00f3n sobre la importancia del personal de la salud en la sociedad, por lo cual el proyecto de ley busca que los trabajadores de este sector cuenten con \u00f3ptimas condiciones laborales y las prestaciones de ley, como las primas y las cesant\u00edas.<\/p>\n\n\n\n<p>\u201cLa mayor\u00eda de trabajadores de la salud en Colombia est\u00e1n bajo forma de contrataci\u00f3n de explotaci\u00f3n laboral, de tercerizaci\u00f3n, de intermediaci\u00f3n laboral. Este proyecto de ley aboga por crear un r\u00e9gimen laboral especial\u201d, sostuvo.<\/p>\n\n\n\n<p>De otro lado, la Ministra de Salud se refiri\u00f3 a un aspecto importante del proyecto, relacionado con la b\u00fasqueda de equidad y con el cierre de brechas sociales, econ\u00f3micas y regionales.<\/p>\n\n\n\n<p>\u201cAh\u00ed tenemos unas dificultades\u201d, dijo y consider\u00f3 que nuestro sistema de salud es \u201cmuy inequitativo\u201d, porque, aunque \u201chay una oferta de servicios importante y avanzamos mucho en eso\u201d, esa \u201coferta de servicios se da, sobre todo, en las grandes ciudades\u201d.<\/p>\n\n\n\n<p>Al respecto cit\u00f3 el caso de Bogot\u00e1, donde la prestaci\u00f3n \u201cest\u00e1 concentrada en el norte y en el oriente de la ciudad, pero en el sur de la ciudad, no\u201d.<\/p>\n\n\n\n<p>Se\u00f1al\u00f3 que si se mira la situaci\u00f3n de todo el territorio nacional, \u201ccasi que en m\u00e1s de la mitad del pa\u00eds, en la zona dispersa, rural, en los barrios populares, hay muy poca oferta de servicios de salud\u201d.<\/p>\n\n\n\n<p>El proyecto, precisamente, busca corregir estas inequidades que se presentan en el pa\u00eds desde tiempo atr\u00e1s.<\/p>\n\n\n\n<p><strong>Mensaje de tranquilidad<\/strong><\/p>\n\n\n\n<p>En sus declaraciones a \u2018Colombia Hoy Radio\u2019, la Ministra Corcho envi\u00f3 un mensaje de tranquilidad a la ciudadan\u00eda y al sector privado.<\/p>\n\n\n\n<p>En este sentido, reiter\u00f3: \u201cAqu\u00ed se van a requerir las capacidades del sector privado en la prestaci\u00f3n de servicios de salud, en sus cl\u00ednicas, en sus hospitales. Lo que pasa es que, inclusive, deben mejorar las condiciones del sector privado, pero se les va a pagar de manera directa para que puedan hacer mejor su atenci\u00f3n en salud\u201d.<\/p>\n\n\n\n<p>De acuerdo con la titular de la cartera, \u201clas evoluciones de los sistemas de salud son normales y no tienen por qu\u00e9 afectar la prestaci\u00f3n de servicios\u201d.<\/p>\n\n\n\n<p>Puntualiz\u00f3 que \u201cson cambios graduales\u201d y que el proyecto de ley establece un \u201cperiodo de transici\u00f3n para ir haciendo los cambios de manera gradual, de tal manera que no se afecte a los colombianos y colombianas\u201d.<\/p>\n\n\n\n<p><strong>Di\u00e1logo abierto y construcci\u00f3n colectiva<\/strong><\/p>\n\n\n\n<p>Cabe indicar que el proyecto de ley contiene el articulado y la exposici\u00f3n de motivos que fundamentan este proceso de transformaci\u00f3n del sistema a la salud en Colombia, y que ha sido fruto del consenso entre diversas organizaciones sociales, sindicales y los gremios de la salud.<\/p>\n\n\n\n<p>La iniciativa se ha presentado, debatido y consultado en 9 audiencias regionales, 12 mesas tem\u00e1ticas, 35 di\u00e1logos por la salud, un Acuerdo por la Prosperidad en Salud, y m\u00faltiples reuniones con los actores del sistema.<\/p>\n\n\n\n<p>El debate legislativo del proyecto de ley se iniciar\u00e1, luego de su radicaci\u00f3n, en las comisiones s\u00e9ptimas de C\u00e1mara y Senado.<\/p>\n\n\n\n<p>A su vez, el Ministerio de Salud ha invitado a la ciudadan\u00eda y a los gremios m\u00e9dicos, acad\u00e9micos, sociales, administrativos y de profesionales a participar en las audiencias p\u00fablicas y en los di\u00e1logos regionales, foros y dem\u00e1s actividades abiertas, dise\u00f1adas para dialogar y construir de manera colectiva un modelo de salud incluyente, que escuche, evolucione y brinde respuestas oportunas orientadas siempre al cuidado de la vida.<\/p>\n","protected":false},"excerpt":{"rendered":"<p>\u201cAqu\u00ed vamos a construir sobre lo construido\u201d y \u201cvamos a coger lo mejor que tenga el sistema de salud\u201d, afirm\u00f3 este lunes la Ministra del sector, Carolina Corcho, en declaraciones a \u2018Colombia Hoy Radio\u2019, el informativo de la Presidencia de la Rep\u00fablica. La Ministra se refiri\u00f3 al tema con motivo de la radicaci\u00f3n este lunes [&hellip;]<\/p>\n","protected":false},"author":2,"featured_media":0,"comment_status":"open","ping_status":"open","sticky":false,"template":"","format":"standard","meta":{"footnotes":""},"categories":[28,36],"tags":[],"class_list":["post-46105","post","type-post","status-publish","format-standard","hentry","category-actualidad","category-destacado"],"yoast_head":"<!-- This site is optimized with the Yoast SEO plugin v26.6 - https:\/\/yoast.com\/wordpress\/plugins\/seo\/ -->\n<title>\u2018Aqu\u00ed vamos a construir sobre lo construido\u2019, Ministra Carolina Corcho sobre reforma al sistema de salud en Colombia -<\/title>\n<meta name=\"robots\" content=\"index, follow, max-snippet:-1, max-image-preview:large, max-video-preview:-1\" \/>\n<link rel=\"canonical\" href=\"https:\/\/luchonoticias.com\/editor\/aqui-vamos-a-construir-sobre-lo-construido-ministra-carolina-corcho-sobre-reforma-al-sistema-de-salud-en-colombia\/\" \/>\n<meta property=\"og:locale\" content=\"es_ES\" \/>\n<meta property=\"og:type\" content=\"article\" \/>\n<meta property=\"og:title\" content=\"\u2018Aqu\u00ed vamos a construir sobre lo construido\u2019, Ministra Carolina Corcho sobre reforma al sistema de salud en Colombia -\" \/>\n<meta property=\"og:url\" content=\"https:\/\/luchonoticias.com\/editor\/aqui-vamos-a-construir-sobre-lo-construido-ministra-carolina-corcho-sobre-reforma-al-sistema-de-salud-en-colombia\/\" \/>\n<meta property=\"article:publisher\" content=\"https:\/\/www.facebook.com\/luchonoticiasneiva\" \/>\n<meta property=\"article:published_time\" content=\"2023-02-13T19:06:53+00:00\" \/>\n<meta property=\"article:modified_time\" content=\"2023-02-13T19:06:54+00:00\" \/>\n<meta name=\"author\" content=\"Editor General\" \/>\n<meta name=\"twitter:card\" content=\"summary_large_image\" \/>\n<meta name=\"twitter:label1\" content=\"Escrito por\" \/>\n\t<meta name=\"twitter:data1\" content=\"Editor General\" \/>\n\t<meta name=\"twitter:label2\" content=\"Tiempo de lectura\" \/>\n\t<meta name=\"twitter:data2\" content=\"4 minutos\" \/>\n<script type=\"application\/ld+json\" class=\"yoast-schema-graph\">{\"@context\":\"https:\/\/schema.org\",\"@graph\":[{\"@type\":\"Article\",\"@id\":\"https:\/\/luchonoticias.com\/editor\/aqui-vamos-a-construir-sobre-lo-construido-ministra-carolina-corcho-sobre-reforma-al-sistema-de-salud-en-colombia\/#article\",\"isPartOf\":{\"@id\":\"https:\/\/luchonoticias.com\/editor\/aqui-vamos-a-construir-sobre-lo-construido-ministra-carolina-corcho-sobre-reforma-al-sistema-de-salud-en-colombia\/\"},\"author\":{\"name\":\"Editor General\",\"@id\":\"https:\/\/luchonoticias.com\/editor\/#\/schema\/person\/29217990ddf6f14e35912b2866d591fb\"},\"headline\":\"\u2018Aqu\u00ed vamos a construir sobre lo construido\u2019, Ministra Carolina Corcho sobre reforma al sistema de salud en Colombia\",\"datePublished\":\"2023-02-13T19:06:53+00:00\",\"dateModified\":\"2023-02-13T19:06:54+00:00\",\"mainEntityOfPage\":{\"@id\":\"https:\/\/luchonoticias.com\/editor\/aqui-vamos-a-construir-sobre-lo-construido-ministra-carolina-corcho-sobre-reforma-al-sistema-de-salud-en-colombia\/\"},\"wordCount\":790,\"commentCount\":0,\"publisher\":{\"@id\":\"https:\/\/luchonoticias.com\/editor\/#\/schema\/person\/7a7fd911f58561fd056dbac7b55af9cd\"},\"articleSection\":[\"Actualidad\",\"Destacado\"],\"inLanguage\":\"es\",\"potentialAction\":[{\"@type\":\"CommentAction\",\"name\":\"Comment\",\"target\":[\"https:\/\/luchonoticias.com\/editor\/aqui-vamos-a-construir-sobre-lo-construido-ministra-carolina-corcho-sobre-reforma-al-sistema-de-salud-en-colombia\/#respond\"]}]},{\"@type\":\"WebPage\",\"@id\":\"https:\/\/luchonoticias.com\/editor\/aqui-vamos-a-construir-sobre-lo-construido-ministra-carolina-corcho-sobre-reforma-al-sistema-de-salud-en-colombia\/\",\"url\":\"https:\/\/luchonoticias.com\/editor\/aqui-vamos-a-construir-sobre-lo-construido-ministra-carolina-corcho-sobre-reforma-al-sistema-de-salud-en-colombia\/\",\"name\":\"\u2018Aqu\u00ed vamos a construir sobre lo construido\u2019, Ministra Carolina Corcho sobre reforma al sistema de salud en Colombia -\",\"isPartOf\":{\"@id\":\"https:\/\/luchonoticias.com\/editor\/#website\"},\"datePublished\":\"2023-02-13T19:06:53+00:00\",\"dateModified\":\"2023-02-13T19:06:54+00:00\",\"breadcrumb\":{\"@id\":\"https:\/\/luchonoticias.com\/editor\/aqui-vamos-a-construir-sobre-lo-construido-ministra-carolina-corcho-sobre-reforma-al-sistema-de-salud-en-colombia\/#breadcrumb\"},\"inLanguage\":\"es\",\"potentialAction\":[{\"@type\":\"ReadAction\",\"target\":[\"https:\/\/luchonoticias.com\/editor\/aqui-vamos-a-construir-sobre-lo-construido-ministra-carolina-corcho-sobre-reforma-al-sistema-de-salud-en-colombia\/\"]}]},{\"@type\":\"BreadcrumbList\",\"@id\":\"https:\/\/luchonoticias.com\/editor\/aqui-vamos-a-construir-sobre-lo-construido-ministra-carolina-corcho-sobre-reforma-al-sistema-de-salud-en-colombia\/#breadcrumb\",\"itemListElement\":[{\"@type\":\"ListItem\",\"position\":1,\"name\":\"Portada\",\"item\":\"https:\/\/luchonoticias.com\/editor\/\"},{\"@type\":\"ListItem\",\"position\":2,\"name\":\"\u2018Aqu\u00ed vamos a construir sobre lo construido\u2019, Ministra Carolina Corcho sobre reforma al sistema de salud en Colombia\"}]},{\"@type\":\"WebSite\",\"@id\":\"https:\/\/luchonoticias.com\/editor\/#website\",\"url\":\"https:\/\/luchonoticias.com\/editor\/\",\"name\":\"\",\"description\":\"\",\"publisher\":{\"@id\":\"https:\/\/luchonoticias.com\/editor\/#\/schema\/person\/7a7fd911f58561fd056dbac7b55af9cd\"},\"potentialAction\":[{\"@type\":\"SearchAction\",\"target\":{\"@type\":\"EntryPoint\",\"urlTemplate\":\"https:\/\/luchonoticias.com\/editor\/?s={search_term_string}\"},\"query-input\":{\"@type\":\"PropertyValueSpecification\",\"valueRequired\":true,\"valueName\":\"search_term_string\"}}],\"inLanguage\":\"es\"},{\"@type\":[\"Person\",\"Organization\"],\"@id\":\"https:\/\/luchonoticias.com\/editor\/#\/schema\/person\/7a7fd911f58561fd056dbac7b55af9cd\",\"name\":\"admin\",\"image\":{\"@type\":\"ImageObject\",\"inLanguage\":\"es\",\"@id\":\"https:\/\/luchonoticias.com\/editor\/#\/schema\/person\/image\/\",\"url\":\"https:\/\/luchonoticias.com\/editor\/wp-content\/uploads\/2024\/02\/cropped-cropped-logolu.webp\",\"contentUrl\":\"https:\/\/luchonoticias.com\/editor\/wp-content\/uploads\/2024\/02\/cropped-cropped-logolu.webp\",\"width\":382,\"height\":170,\"caption\":\"admin\"},\"logo\":{\"@id\":\"https:\/\/luchonoticias.com\/editor\/#\/schema\/person\/image\/\"},\"sameAs\":[\"https:\/\/www.facebook.com\/luchonoticiasneiva\"]},{\"@type\":\"Person\",\"@id\":\"https:\/\/luchonoticias.com\/editor\/#\/schema\/person\/29217990ddf6f14e35912b2866d591fb\",\"name\":\"Editor General\",\"image\":{\"@type\":\"ImageObject\",\"inLanguage\":\"es\",\"@id\":\"https:\/\/luchonoticias.com\/editor\/#\/schema\/person\/image\/\",\"url\":\"https:\/\/luchonoticias.com\/editor\/wp-content\/uploads\/2024\/02\/cropped-cropped-logolu-150x150.webp\",\"contentUrl\":\"https:\/\/luchonoticias.com\/editor\/wp-content\/uploads\/2024\/02\/cropped-cropped-logolu-150x150.webp\",\"caption\":\"Editor General\"},\"sameAs\":[\"https:\/\/luchonoticias.com\/\"],\"url\":\"https:\/\/luchonoticias.com\/editor\/author\/editor-general\/\"}]}<\/script>\n<!-- \/ Yoast SEO plugin. -->","yoast_head_json":{"title":"\u2018Aqu\u00ed vamos a construir sobre lo construido\u2019, Ministra Carolina Corcho sobre reforma al sistema de salud en Colombia -","robots":{"index":"index","follow":"follow","max-snippet":"max-snippet:-1","max-image-preview":"max-image-preview:large","max-video-preview":"max-video-preview:-1"},"canonical":"https:\/\/luchonoticias.com\/editor\/aqui-vamos-a-construir-sobre-lo-construido-ministra-carolina-corcho-sobre-reforma-al-sistema-de-salud-en-colombia\/","og_locale":"es_ES","og_type":"article","og_title":"\u2018Aqu\u00ed vamos a construir sobre lo construido\u2019, Ministra Carolina Corcho sobre reforma al sistema de salud en Colombia -","og_url":"https:\/\/luchonoticias.com\/editor\/aqui-vamos-a-construir-sobre-lo-construido-ministra-carolina-corcho-sobre-reforma-al-sistema-de-salud-en-colombia\/","article_publisher":"https:\/\/www.facebook.com\/luchonoticiasneiva","article_published_time":"2023-02-13T19:06:53+00:00","article_modified_time":"2023-02-13T19:06:54+00:00","author":"Editor General","twitter_card":"summary_large_image","twitter_misc":{"Escrito por":"Editor General","Tiempo de lectura":"4 minutos"},"schema":{"@context":"https:\/\/schema.org","@graph":[{"@type":"Article","@id":"https:\/\/luchonoticias.com\/editor\/aqui-vamos-a-construir-sobre-lo-construido-ministra-carolina-corcho-sobre-reforma-al-sistema-de-salud-en-colombia\/#article","isPartOf":{"@id":"https:\/\/luchonoticias.com\/editor\/aqui-vamos-a-construir-sobre-lo-construido-ministra-carolina-corcho-sobre-reforma-al-sistema-de-salud-en-colombia\/"},"author":{"name":"Editor General","@id":"https:\/\/luchonoticias.com\/editor\/#\/schema\/person\/29217990ddf6f14e35912b2866d591fb"},"headline":"\u2018Aqu\u00ed vamos a construir sobre lo construido\u2019, Ministra Carolina Corcho sobre reforma al sistema de salud en Colombia","datePublished":"2023-02-13T19:06:53+00:00","dateModified":"2023-02-13T19:06:54+00:00","mainEntityOfPage":{"@id":"https:\/\/luchonoticias.com\/editor\/aqui-vamos-a-construir-sobre-lo-construido-ministra-carolina-corcho-sobre-reforma-al-sistema-de-salud-en-colombia\/"},"wordCount":790,"commentCount":0,"publisher":{"@id":"https:\/\/luchonoticias.com\/editor\/#\/schema\/person\/7a7fd911f58561fd056dbac7b55af9cd"},"articleSection":["Actualidad","Destacado"],"inLanguage":"es","potentialAction":[{"@type":"CommentAction","name":"Comment","target":["https:\/\/luchonoticias.com\/editor\/aqui-vamos-a-construir-sobre-lo-construido-ministra-carolina-corcho-sobre-reforma-al-sistema-de-salud-en-colombia\/#respond"]}]},{"@type":"WebPage","@id":"https:\/\/luchonoticias.com\/editor\/aqui-vamos-a-construir-sobre-lo-construido-ministra-carolina-corcho-sobre-reforma-al-sistema-de-salud-en-colombia\/","url":"https:\/\/luchonoticias.com\/editor\/aqui-vamos-a-construir-sobre-lo-construido-ministra-carolina-corcho-sobre-reforma-al-sistema-de-salud-en-colombia\/","name":"\u2018Aqu\u00ed vamos a construir sobre lo construido\u2019, Ministra Carolina Corcho sobre reforma al sistema de salud en Colombia -","isPartOf":{"@id":"https:\/\/luchonoticias.com\/editor\/#website"},"datePublished":"2023-02-13T19:06:53+00:00","dateModified":"2023-02-13T19:06:54+00:00","breadcrumb":{"@id":"https:\/\/luchonoticias.com\/editor\/aqui-vamos-a-construir-sobre-lo-construido-ministra-carolina-corcho-sobre-reforma-al-sistema-de-salud-en-colombia\/#breadcrumb"},"inLanguage":"es","potentialAction":[{"@type":"ReadAction","target":["https:\/\/luchonoticias.com\/editor\/aqui-vamos-a-construir-sobre-lo-construido-ministra-carolina-corcho-sobre-reforma-al-sistema-de-salud-en-colombia\/"]}]},{"@type":"BreadcrumbList","@id":"https:\/\/luchonoticias.com\/editor\/aqui-vamos-a-construir-sobre-lo-construido-ministra-carolina-corcho-sobre-reforma-al-sistema-de-salud-en-colombia\/#breadcrumb","itemListElement":[{"@type":"ListItem","position":1,"name":"Portada","item":"https:\/\/luchonoticias.com\/editor\/"},{"@type":"ListItem","position":2,"name":"\u2018Aqu\u00ed vamos a construir sobre lo construido\u2019, Ministra Carolina Corcho sobre reforma al sistema de salud en Colombia"}]},{"@type":"WebSite","@id":"https:\/\/luchonoticias.com\/editor\/#website","url":"https:\/\/luchonoticias.com\/editor\/","name":"","description":"","publisher":{"@id":"https:\/\/luchonoticias.com\/editor\/#\/schema\/person\/7a7fd911f58561fd056dbac7b55af9cd"},"potentialAction":[{"@type":"SearchAction","target":{"@type":"EntryPoint","urlTemplate":"https:\/\/luchonoticias.com\/editor\/?s={search_term_string}"},"query-input":{"@type":"PropertyValueSpecification","valueRequired":true,"valueName":"search_term_string"}}],"inLanguage":"es"},{"@type":["Person","Organization"],"@id":"https:\/\/luchonoticias.com\/editor\/#\/schema\/person\/7a7fd911f58561fd056dbac7b55af9cd","name":"admin","image":{"@type":"ImageObject","inLanguage":"es","@id":"https:\/\/luchonoticias.com\/editor\/#\/schema\/person\/image\/","url":"https:\/\/luchonoticias.com\/editor\/wp-content\/uploads\/2024\/02\/cropped-cropped-logolu.webp","contentUrl":"https:\/\/luchonoticias.com\/editor\/wp-content\/uploads\/2024\/02\/cropped-cropped-logolu.webp","width":382,"height":170,"caption":"admin"},"logo":{"@id":"https:\/\/luchonoticias.com\/editor\/#\/schema\/person\/image\/"},"sameAs":["https:\/\/www.facebook.com\/luchonoticiasneiva"]},{"@type":"Person","@id":"https:\/\/luchonoticias.com\/editor\/#\/schema\/person\/29217990ddf6f14e35912b2866d591fb","name":"Editor General","image":{"@type":"ImageObject","inLanguage":"es","@id":"https:\/\/luchonoticias.com\/editor\/#\/schema\/person\/image\/","url":"https:\/\/luchonoticias.com\/editor\/wp-content\/uploads\/2024\/02\/cropped-cropped-logolu-150x150.webp","contentUrl":"https:\/\/luchonoticias.com\/editor\/wp-content\/uploads\/2024\/02\/cropped-cropped-logolu-150x150.webp","caption":"Editor General"},"sameAs":["https:\/\/luchonoticias.com\/"],"url":"https:\/\/luchonoticias.com\/editor\/author\/editor-general\/"}]}},"_links":{"self":[{"href":"https:\/\/luchonoticias.com\/editor\/wp-json\/wp\/v2\/posts\/46105","targetHints":{"allow":["GET"]}}],"collection":[{"href":"https:\/\/luchonoticias.com\/editor\/wp-json\/wp\/v2\/posts"}],"about":[{"href":"https:\/\/luchonoticias.com\/editor\/wp-json\/wp\/v2\/types\/post"}],"author":[{"embeddable":true,"href":"https:\/\/luchonoticias.com\/editor\/wp-json\/wp\/v2\/users\/2"}],"replies":[{"embeddable":true,"href":"https:\/\/luchonoticias.com\/editor\/wp-json\/wp\/v2\/comments?post=46105"}],"version-history":[{"count":0,"href":"https:\/\/luchonoticias.com\/editor\/wp-json\/wp\/v2\/posts\/46105\/revisions"}],"wp:attachment":[{"href":"https:\/\/luchonoticias.com\/editor\/wp-json\/wp\/v2\/media?parent=46105"}],"wp:term":[{"taxonomy":"category","embeddable":true,"href":"https:\/\/luchonoticias.com\/editor\/wp-json\/wp\/v2\/categories?post=46105"},{"taxonomy":"post_tag","embeddable":true,"href":"https:\/\/luchonoticias.com\/editor\/wp-json\/wp\/v2\/tags?post=46105"}],"curies":[{"name":"wp","href":"https:\/\/api.w.org\/{rel}","templated":true}]}}