{"id":46114,"date":"2023-02-13T15:11:14","date_gmt":"2023-02-13T20:11:14","guid":{"rendered":"https:\/\/luchonoticias.com\/?p=46114"},"modified":"2023-02-13T15:11:15","modified_gmt":"2023-02-13T20:11:15","slug":"entes-regionales-definen-prioridades-en-ciencia-y-tecnologia","status":"publish","type":"post","link":"https:\/\/luchonoticias.com\/editor\/entes-regionales-definen-prioridades-en-ciencia-y-tecnologia\/","title":{"rendered":"Entes regionales definen prioridades en ciencia y tecnolog\u00eda"},"content":{"rendered":"\n<p>Con la participaci\u00f3n de distintas entidades como el Sena, la Universidad Cooperativa, Universidad Surcolombiana, gestores de investigaci\u00f3n, sector empresarial y miembros del Consejo Departamental de Ciencia, Tecnolog\u00eda e Innovaci\u00f3n se realiz\u00f3 el \u201c<strong>Taller de Planeaci\u00f3n<\/strong>&nbsp;que oriente las&nbsp;<strong>inversiones de la asignaci\u00f3n para la Ciencia, Tecnolog\u00eda e Innovaci\u00f3n&nbsp;<\/strong>para el Bienio 2023-2024\u201d evento coordinado por la Gobernaci\u00f3n del Huila y Minciencias.<\/p>\n\n\n\n<p>Con base en los&nbsp;<strong>6 retos propuestos por el Gobierno Nacional&nbsp;<\/strong>se trabaj\u00f3 en la estructuraci\u00f3n y definici\u00f3n de las demandas de inversi\u00f3n para el Huila en ciencia, tecnolog\u00eda e innovaci\u00f3n, taller al que participaron m\u00e1s de ochenta personas quienes participaron activamente.<\/p>\n\n\n\n<p>\u201cLa Gobernaci\u00f3n del Huila y el Ministerio de Ciencia y Tecnolog\u00eda estamos&nbsp;<strong>desarrollando un taller donde se definir\u00e1n las demandas territoriales para las inversiones que vamos a hacer en ciencia y tecnolog\u00eda<\/strong>, entendiendo la potencialidad del territorio que es agropecuario y tur\u00edstico, estamos orientando en conjunto con las redes de universidades con todos los actores de la ciencia y tecnolog\u00eda para que prioricemos de acuerdo a nuestro potencial, soy se definir\u00e1n doce demandas, dos demandas por cada reto que ha establecido el gobierno nacional, donde de estas demandas van a surgir todos los proyectos que van a impactar positivamente en los pr\u00f3ximos a\u00f1os al departamento del Huila\u201d, explic\u00f3 Milton Mu\u00f1oz, Director del Departamento Administrativo de Planeaci\u00f3n de la Gobernaci\u00f3n del Huila.<\/p>\n\n\n\n<p>Los&nbsp;<strong>retos propuestos por el Gobierno Nacional<\/strong>&nbsp;para las formulaci\u00f3n de las demandas territoriales de ciencia, tecnolog\u00eda e innovaci\u00f3n son el garantizar la soberan\u00eda alimentaria y el derecho a la alimentaci\u00f3n, garantizar la seguridad sanitaria, a la salud y el bienestar de la poblaci\u00f3n en el territorio nacional, asegurar la generaci\u00f3n, acceso y uso de energ\u00edas sostenibles para todos los Colombianos, aprovechar el conocimiento, conservaci\u00f3n, y uso sostenible de la biodiversidad, bienes y servicios ecosist\u00e9micos, poner fin a todas las formas de violencia en Colombia y asegurar la convergencia regional y el ordenamiento del territorio.<\/p>\n\n\n\n<p>Con cada uno de estos retos&nbsp;<strong>se organizaron 6 mesas de trabajo para la priorizaci\u00f3n de las inversiones en los pr\u00f3ximos dos a\u00f1os<\/strong>, \u201ceste taller tiene como objetivo hacer algo que es muy importante para el departamento y es definir las demandas territoriales que ban a ser la base para la asignaci\u00f3n de los recursos del fondo de ciencia, tecnolog\u00eda e innovaci\u00f3n del sistema general de regal\u00edas, lo que aqu\u00ed&nbsp;<strong>se delfina va a ser lo que nosotros vamos a tener en cuenta como ministerio con nuestros socios<\/strong>&nbsp;que trabajan con nosotros en ese contexto, lo vamos a tener en consideraci\u00f3n para hacer el dise\u00f1o de las convocatorias que se enmarcan en el plan final de convocatorias 2023- 2024\u201d, resalt\u00f3 Claudia Tinjac\u00e1, Asesora del Ministerio de Ciencia, Tecnolog\u00eda e Innovaci\u00f3n.<\/p>\n\n\n\n<p>De esta manera el departamento del Huila define las demandas para las inversiones para los pr\u00f3ximos dos a\u00f1os en materia de Ciencia, Tecnolog\u00eda e innovaci\u00f3n teniendo en cuenta las potencialidades y necesidades principales del territorio y siguiendo los retos propuestos por el Gobierno Nacional.<\/p>\n","protected":false},"excerpt":{"rendered":"<p>Con la participaci\u00f3n de distintas entidades como el Sena, la Universidad Cooperativa, Universidad Surcolombiana, gestores de investigaci\u00f3n, sector empresarial y miembros del Consejo Departamental de Ciencia, Tecnolog\u00eda e Innovaci\u00f3n se realiz\u00f3 el \u201cTaller de Planeaci\u00f3n&nbsp;que oriente las&nbsp;inversiones de la asignaci\u00f3n para la Ciencia, Tecnolog\u00eda e Innovaci\u00f3n&nbsp;para el Bienio 2023-2024\u201d evento coordinado por la Gobernaci\u00f3n del [&hellip;]<\/p>\n","protected":false},"author":2,"featured_media":0,"comment_status":"open","ping_status":"open","sticky":false,"template":"","format":"standard","meta":{"footnotes":""},"categories":[33],"tags":[],"class_list":["post-46114","post","type-post","status-publish","format-standard","hentry","category-huila"],"yoast_head":"<!-- This site is optimized with the Yoast SEO plugin v26.6 - https:\/\/yoast.com\/wordpress\/plugins\/seo\/ -->\n<title>Entes regionales definen prioridades en ciencia y tecnolog\u00eda -<\/title>\n<meta name=\"robots\" content=\"index, follow, max-snippet:-1, max-image-preview:large, max-video-preview:-1\" \/>\n<link rel=\"canonical\" href=\"https:\/\/luchonoticias.com\/editor\/entes-regionales-definen-prioridades-en-ciencia-y-tecnologia\/\" \/>\n<meta property=\"og:locale\" content=\"es_ES\" \/>\n<meta property=\"og:type\" content=\"article\" \/>\n<meta property=\"og:title\" content=\"Entes regionales definen prioridades en ciencia y tecnolog\u00eda -\" \/>\n<meta property=\"og:url\" content=\"https:\/\/luchonoticias.com\/editor\/entes-regionales-definen-prioridades-en-ciencia-y-tecnologia\/\" \/>\n<meta property=\"article:publisher\" content=\"https:\/\/www.facebook.com\/luchonoticiasneiva\" \/>\n<meta property=\"article:published_time\" content=\"2023-02-13T20:11:14+00:00\" \/>\n<meta property=\"article:modified_time\" content=\"2023-02-13T20:11:15+00:00\" \/>\n<meta name=\"author\" content=\"Editor General\" \/>\n<meta name=\"twitter:card\" content=\"summary_large_image\" \/>\n<meta name=\"twitter:label1\" content=\"Escrito por\" \/>\n\t<meta name=\"twitter:data1\" content=\"Editor General\" \/>\n\t<meta name=\"twitter:label2\" content=\"Tiempo de lectura\" \/>\n\t<meta name=\"twitter:data2\" content=\"3 minutos\" \/>\n<script type=\"application\/ld+json\" class=\"yoast-schema-graph\">{\"@context\":\"https:\/\/schema.org\",\"@graph\":[{\"@type\":\"Article\",\"@id\":\"https:\/\/luchonoticias.com\/editor\/entes-regionales-definen-prioridades-en-ciencia-y-tecnologia\/#article\",\"isPartOf\":{\"@id\":\"https:\/\/luchonoticias.com\/editor\/entes-regionales-definen-prioridades-en-ciencia-y-tecnologia\/\"},\"author\":{\"name\":\"Editor General\",\"@id\":\"https:\/\/luchonoticias.com\/editor\/#\/schema\/person\/29217990ddf6f14e35912b2866d591fb\"},\"headline\":\"Entes regionales definen prioridades en ciencia y tecnolog\u00eda\",\"datePublished\":\"2023-02-13T20:11:14+00:00\",\"dateModified\":\"2023-02-13T20:11:15+00:00\",\"mainEntityOfPage\":{\"@id\":\"https:\/\/luchonoticias.com\/editor\/entes-regionales-definen-prioridades-en-ciencia-y-tecnologia\/\"},\"wordCount\":562,\"commentCount\":0,\"publisher\":{\"@id\":\"https:\/\/luchonoticias.com\/editor\/#\/schema\/person\/7a7fd911f58561fd056dbac7b55af9cd\"},\"articleSection\":[\"Huila\"],\"inLanguage\":\"es\",\"potentialAction\":[{\"@type\":\"CommentAction\",\"name\":\"Comment\",\"target\":[\"https:\/\/luchonoticias.com\/editor\/entes-regionales-definen-prioridades-en-ciencia-y-tecnologia\/#respond\"]}]},{\"@type\":\"WebPage\",\"@id\":\"https:\/\/luchonoticias.com\/editor\/entes-regionales-definen-prioridades-en-ciencia-y-tecnologia\/\",\"url\":\"https:\/\/luchonoticias.com\/editor\/entes-regionales-definen-prioridades-en-ciencia-y-tecnologia\/\",\"name\":\"Entes regionales definen prioridades en ciencia y tecnolog\u00eda -\",\"isPartOf\":{\"@id\":\"https:\/\/luchonoticias.com\/editor\/#website\"},\"datePublished\":\"2023-02-13T20:11:14+00:00\",\"dateModified\":\"2023-02-13T20:11:15+00:00\",\"breadcrumb\":{\"@id\":\"https:\/\/luchonoticias.com\/editor\/entes-regionales-definen-prioridades-en-ciencia-y-tecnologia\/#breadcrumb\"},\"inLanguage\":\"es\",\"potentialAction\":[{\"@type\":\"ReadAction\",\"target\":[\"https:\/\/luchonoticias.com\/editor\/entes-regionales-definen-prioridades-en-ciencia-y-tecnologia\/\"]}]},{\"@type\":\"BreadcrumbList\",\"@id\":\"https:\/\/luchonoticias.com\/editor\/entes-regionales-definen-prioridades-en-ciencia-y-tecnologia\/#breadcrumb\",\"itemListElement\":[{\"@type\":\"ListItem\",\"position\":1,\"name\":\"Portada\",\"item\":\"https:\/\/luchonoticias.com\/editor\/\"},{\"@type\":\"ListItem\",\"position\":2,\"name\":\"Entes regionales definen prioridades en ciencia y tecnolog\u00eda\"}]},{\"@type\":\"WebSite\",\"@id\":\"https:\/\/luchonoticias.com\/editor\/#website\",\"url\":\"https:\/\/luchonoticias.com\/editor\/\",\"name\":\"\",\"description\":\"\",\"publisher\":{\"@id\":\"https:\/\/luchonoticias.com\/editor\/#\/schema\/person\/7a7fd911f58561fd056dbac7b55af9cd\"},\"potentialAction\":[{\"@type\":\"SearchAction\",\"target\":{\"@type\":\"EntryPoint\",\"urlTemplate\":\"https:\/\/luchonoticias.com\/editor\/?s={search_term_string}\"},\"query-input\":{\"@type\":\"PropertyValueSpecification\",\"valueRequired\":true,\"valueName\":\"search_term_string\"}}],\"inLanguage\":\"es\"},{\"@type\":[\"Person\",\"Organization\"],\"@id\":\"https:\/\/luchonoticias.com\/editor\/#\/schema\/person\/7a7fd911f58561fd056dbac7b55af9cd\",\"name\":\"admin\",\"image\":{\"@type\":\"ImageObject\",\"inLanguage\":\"es\",\"@id\":\"https:\/\/luchonoticias.com\/editor\/#\/schema\/person\/image\/\",\"url\":\"https:\/\/luchonoticias.com\/editor\/wp-content\/uploads\/2024\/02\/cropped-cropped-logolu.webp\",\"contentUrl\":\"https:\/\/luchonoticias.com\/editor\/wp-content\/uploads\/2024\/02\/cropped-cropped-logolu.webp\",\"width\":382,\"height\":170,\"caption\":\"admin\"},\"logo\":{\"@id\":\"https:\/\/luchonoticias.com\/editor\/#\/schema\/person\/image\/\"},\"sameAs\":[\"https:\/\/www.facebook.com\/luchonoticiasneiva\"]},{\"@type\":\"Person\",\"@id\":\"https:\/\/luchonoticias.com\/editor\/#\/schema\/person\/29217990ddf6f14e35912b2866d591fb\",\"name\":\"Editor General\",\"image\":{\"@type\":\"ImageObject\",\"inLanguage\":\"es\",\"@id\":\"https:\/\/luchonoticias.com\/editor\/#\/schema\/person\/image\/\",\"url\":\"https:\/\/luchonoticias.com\/editor\/wp-content\/uploads\/2024\/02\/cropped-cropped-logolu-150x150.webp\",\"contentUrl\":\"https:\/\/luchonoticias.com\/editor\/wp-content\/uploads\/2024\/02\/cropped-cropped-logolu-150x150.webp\",\"caption\":\"Editor General\"},\"sameAs\":[\"https:\/\/luchonoticias.com\/\"],\"url\":\"https:\/\/luchonoticias.com\/editor\/author\/editor-general\/\"}]}<\/script>\n<!-- \/ Yoast SEO plugin. -->","yoast_head_json":{"title":"Entes regionales definen prioridades en ciencia y tecnolog\u00eda -","robots":{"index":"index","follow":"follow","max-snippet":"max-snippet:-1","max-image-preview":"max-image-preview:large","max-video-preview":"max-video-preview:-1"},"canonical":"https:\/\/luchonoticias.com\/editor\/entes-regionales-definen-prioridades-en-ciencia-y-tecnologia\/","og_locale":"es_ES","og_type":"article","og_title":"Entes regionales definen prioridades en ciencia y tecnolog\u00eda -","og_url":"https:\/\/luchonoticias.com\/editor\/entes-regionales-definen-prioridades-en-ciencia-y-tecnologia\/","article_publisher":"https:\/\/www.facebook.com\/luchonoticiasneiva","article_published_time":"2023-02-13T20:11:14+00:00","article_modified_time":"2023-02-13T20:11:15+00:00","author":"Editor General","twitter_card":"summary_large_image","twitter_misc":{"Escrito por":"Editor General","Tiempo de lectura":"3 minutos"},"schema":{"@context":"https:\/\/schema.org","@graph":[{"@type":"Article","@id":"https:\/\/luchonoticias.com\/editor\/entes-regionales-definen-prioridades-en-ciencia-y-tecnologia\/#article","isPartOf":{"@id":"https:\/\/luchonoticias.com\/editor\/entes-regionales-definen-prioridades-en-ciencia-y-tecnologia\/"},"author":{"name":"Editor General","@id":"https:\/\/luchonoticias.com\/editor\/#\/schema\/person\/29217990ddf6f14e35912b2866d591fb"},"headline":"Entes regionales definen prioridades en ciencia y tecnolog\u00eda","datePublished":"2023-02-13T20:11:14+00:00","dateModified":"2023-02-13T20:11:15+00:00","mainEntityOfPage":{"@id":"https:\/\/luchonoticias.com\/editor\/entes-regionales-definen-prioridades-en-ciencia-y-tecnologia\/"},"wordCount":562,"commentCount":0,"publisher":{"@id":"https:\/\/luchonoticias.com\/editor\/#\/schema\/person\/7a7fd911f58561fd056dbac7b55af9cd"},"articleSection":["Huila"],"inLanguage":"es","potentialAction":[{"@type":"CommentAction","name":"Comment","target":["https:\/\/luchonoticias.com\/editor\/entes-regionales-definen-prioridades-en-ciencia-y-tecnologia\/#respond"]}]},{"@type":"WebPage","@id":"https:\/\/luchonoticias.com\/editor\/entes-regionales-definen-prioridades-en-ciencia-y-tecnologia\/","url":"https:\/\/luchonoticias.com\/editor\/entes-regionales-definen-prioridades-en-ciencia-y-tecnologia\/","name":"Entes regionales definen prioridades en ciencia y tecnolog\u00eda -","isPartOf":{"@id":"https:\/\/luchonoticias.com\/editor\/#website"},"datePublished":"2023-02-13T20:11:14+00:00","dateModified":"2023-02-13T20:11:15+00:00","breadcrumb":{"@id":"https:\/\/luchonoticias.com\/editor\/entes-regionales-definen-prioridades-en-ciencia-y-tecnologia\/#breadcrumb"},"inLanguage":"es","potentialAction":[{"@type":"ReadAction","target":["https:\/\/luchonoticias.com\/editor\/entes-regionales-definen-prioridades-en-ciencia-y-tecnologia\/"]}]},{"@type":"BreadcrumbList","@id":"https:\/\/luchonoticias.com\/editor\/entes-regionales-definen-prioridades-en-ciencia-y-tecnologia\/#breadcrumb","itemListElement":[{"@type":"ListItem","position":1,"name":"Portada","item":"https:\/\/luchonoticias.com\/editor\/"},{"@type":"ListItem","position":2,"name":"Entes regionales definen prioridades en ciencia y tecnolog\u00eda"}]},{"@type":"WebSite","@id":"https:\/\/luchonoticias.com\/editor\/#website","url":"https:\/\/luchonoticias.com\/editor\/","name":"","description":"","publisher":{"@id":"https:\/\/luchonoticias.com\/editor\/#\/schema\/person\/7a7fd911f58561fd056dbac7b55af9cd"},"potentialAction":[{"@type":"SearchAction","target":{"@type":"EntryPoint","urlTemplate":"https:\/\/luchonoticias.com\/editor\/?s={search_term_string}"},"query-input":{"@type":"PropertyValueSpecification","valueRequired":true,"valueName":"search_term_string"}}],"inLanguage":"es"},{"@type":["Person","Organization"],"@id":"https:\/\/luchonoticias.com\/editor\/#\/schema\/person\/7a7fd911f58561fd056dbac7b55af9cd","name":"admin","image":{"@type":"ImageObject","inLanguage":"es","@id":"https:\/\/luchonoticias.com\/editor\/#\/schema\/person\/image\/","url":"https:\/\/luchonoticias.com\/editor\/wp-content\/uploads\/2024\/02\/cropped-cropped-logolu.webp","contentUrl":"https:\/\/luchonoticias.com\/editor\/wp-content\/uploads\/2024\/02\/cropped-cropped-logolu.webp","width":382,"height":170,"caption":"admin"},"logo":{"@id":"https:\/\/luchonoticias.com\/editor\/#\/schema\/person\/image\/"},"sameAs":["https:\/\/www.facebook.com\/luchonoticiasneiva"]},{"@type":"Person","@id":"https:\/\/luchonoticias.com\/editor\/#\/schema\/person\/29217990ddf6f14e35912b2866d591fb","name":"Editor General","image":{"@type":"ImageObject","inLanguage":"es","@id":"https:\/\/luchonoticias.com\/editor\/#\/schema\/person\/image\/","url":"https:\/\/luchonoticias.com\/editor\/wp-content\/uploads\/2024\/02\/cropped-cropped-logolu-150x150.webp","contentUrl":"https:\/\/luchonoticias.com\/editor\/wp-content\/uploads\/2024\/02\/cropped-cropped-logolu-150x150.webp","caption":"Editor General"},"sameAs":["https:\/\/luchonoticias.com\/"],"url":"https:\/\/luchonoticias.com\/editor\/author\/editor-general\/"}]}},"_links":{"self":[{"href":"https:\/\/luchonoticias.com\/editor\/wp-json\/wp\/v2\/posts\/46114","targetHints":{"allow":["GET"]}}],"collection":[{"href":"https:\/\/luchonoticias.com\/editor\/wp-json\/wp\/v2\/posts"}],"about":[{"href":"https:\/\/luchonoticias.com\/editor\/wp-json\/wp\/v2\/types\/post"}],"author":[{"embeddable":true,"href":"https:\/\/luchonoticias.com\/editor\/wp-json\/wp\/v2\/users\/2"}],"replies":[{"embeddable":true,"href":"https:\/\/luchonoticias.com\/editor\/wp-json\/wp\/v2\/comments?post=46114"}],"version-history":[{"count":0,"href":"https:\/\/luchonoticias.com\/editor\/wp-json\/wp\/v2\/posts\/46114\/revisions"}],"wp:attachment":[{"href":"https:\/\/luchonoticias.com\/editor\/wp-json\/wp\/v2\/media?parent=46114"}],"wp:term":[{"taxonomy":"category","embeddable":true,"href":"https:\/\/luchonoticias.com\/editor\/wp-json\/wp\/v2\/categories?post=46114"},{"taxonomy":"post_tag","embeddable":true,"href":"https:\/\/luchonoticias.com\/editor\/wp-json\/wp\/v2\/tags?post=46114"}],"curies":[{"name":"wp","href":"https:\/\/api.w.org\/{rel}","templated":true}]}}