{"id":46117,"date":"2023-02-13T17:02:40","date_gmt":"2023-02-13T22:02:40","guid":{"rendered":"https:\/\/luchonoticias.com\/?p=46117"},"modified":"2023-02-13T17:02:41","modified_gmt":"2023-02-13T22:02:41","slug":"apoyo-del-gobierno-departamental-a-los-mejores-en-las-pruebas-saber-de-2022","status":"publish","type":"post","link":"https:\/\/luchonoticias.com\/editor\/apoyo-del-gobierno-departamental-a-los-mejores-en-las-pruebas-saber-de-2022\/","title":{"rendered":"Apoyo del Gobierno Departamental a los mejores en las Pruebas Saber de 2022"},"content":{"rendered":"\n<p>El Fondo Jenaro D\u00edaz Jord\u00e1n que dirige gobernador de los huilenses, Luis Enrique Duss\u00e1n L\u00f3pez, y que es coordinado por la Secretar\u00eda de Educaci\u00f3n Departamental,\u00a0<strong>apoya y estimula el esfuerzo acad\u00e9mico<\/strong>\u00a0de los primeros puestos de\u00a0<strong>estudiantes en las pruebas Saber 11 del a\u00f1o pasado.<\/strong><\/p>\n\n\n\n<p>As\u00ed lo se\u00f1al\u00f3 Milena Oliveros, secretaria de Educaci\u00f3n del Huila, quien hizo<strong>&nbsp;un llamado a los estudiantes que sacaron los tres mejores resultados en cada uno de los municipios<\/strong>, especialmente de Algeciras, Acevedo, Altamira, El Agrado, Suaza, Tello, Rivera, Timan\u00e1, Villavieja, Yaguar\u00e1, Palestina, Guadalupe, Isnos y Campoalegre.<\/p>\n\n\n\n<p>\u201cEste es un llamado a esos j\u00f3venes que terminaron su bachillerato, a que&nbsp;<strong>sigan pensando en su futuro estudiando en cualquier universidad del pa\u00eds con recursos del Departamento.<\/strong>&nbsp;A los estudiantes que ocuparon esos tres primeros puestos en las pruebas de Estado del a\u00f1o 2022, decirles que ya pueden aplicar al Plan Excelencia del Fondo Jenaro D\u00edaz Jord\u00e1n, que es una l\u00ednea de cr\u00e9dito condonable que cubre hasta 10 SMLMV, para la matr\u00edcula, y 2,5 SMLMV para sostenimiento\u201d, afirm\u00f3 la secretaria.<\/p>\n\n\n\n<p>\u201cEs sabido que&nbsp;<strong>muchos estudiantes optan por buscar trabajo luego de terminar su bachillerato abandonando sus estudios superiores por falta de recursos.<\/strong>&nbsp;Pues para aquellos que lograron estar entre esos tres primeros lugares en los Icfes del a\u00f1o pasado, deben estar preparando la documentaci\u00f3n para aplicar a esta oportunidad con el Fondo que, con recursos del Gobierno Departamental, les financia sus estudios y pueden con buen rendimiento acad\u00e9mico, condonar la deuda\u201d, a\u00f1adi\u00f3 Oliveros.<\/p>\n\n\n\n<h5 class=\"wp-block-heading\">Documentaci\u00f3n solicitada<\/h5>\n\n\n\n<p>Los documentos necesarios para aplicar al Plan Excelencia, y que deben ser radicados en la oficina de Atenci\u00f3n al Ciudadano primer piso de la gobernaci\u00f3n, son:<\/p>\n\n\n\n<p>\u2022 Carta de aceptaci\u00f3n del cr\u00e9dito Plan Excelencia del Fondo Jenaro D\u00edaz Jord\u00e1n<\/p>\n\n\n\n<p>\u2022 Certificado de admisi\u00f3n o matr\u00edcula de la universidad p\u00fablica o privada, dentro o fuera del departamento, donde ya haya sido aceptado el estudiante para el semestre 2023-1<\/p>\n\n\n\n<p>\u2022 Copia de los resultados de las pruebas Saber 11<\/p>\n\n\n\n<p>\u2022 Copia del documento de identidad<\/p>\n\n\n\n<p>\u2022 Copia del Acta de grado de bachillerato<\/p>\n\n\n\n<h5 class=\"wp-block-heading\">Cr\u00e9dito condonable<\/h5>\n\n\n\n<p>\u201cEl gobierno Huila Crece de este modo contribuye a cerrar brechas de educaci\u00f3n superior a trav\u00e9s de estos esfuerzos que se hacen desde el Fondo de Cr\u00e9dito Educativo Jenaro D\u00edaz Jord\u00e1n. A quienes logren obtener un rendimiento acad\u00e9mico de promedio o superior a 4.0 en la universidad, y luego de prestar una pasant\u00eda no remunerada en la Gobernaci\u00f3n del Huila no inferior a 6 meses y no mayor a 1 a\u00f1o, se le condona el cr\u00e9dito Plan Excelencia\u201d, dijo la secretaria de Educaci\u00f3n Departamental.<\/p>\n\n\n\n<h5 class=\"wp-block-heading\">Convocatoria abierta desde marzo<\/h5>\n\n\n\n<p><strong>Desde el 6 de marzo y hasta el 24 de abril<\/strong>&nbsp;del presente a\u00f1o se tiene programado abrir la convocatoria por la plataforma Icetex para quienes quieran aplicar a esta&nbsp;<strong>l\u00ednea de cr\u00e9dito condonable Plan Excelencia del Fondo Jenaro D\u00edaz.<\/strong><\/p>\n\n\n\n<p>Seg\u00fan explic\u00f3 la secretaria, primero se abre una cuenta de usuario y contrase\u00f1a para inscribirse en la plataforma Icetex, luego se diligencian unos formularios. Este proceso se explicar\u00e1 en detalle a quienes hayan hecho la solicitud de aceptaci\u00f3n del cr\u00e9dito con los documentos anteriormente se\u00f1alados.<\/p>\n\n\n\n<p>Luego de estos tr\u00e1mites, se recomienda&nbsp;<strong>estar muy pendientes de las plataformas del Icetex y la Gobernaci\u00f3n del Huila,<\/strong>&nbsp;para que inicien el proceso y tr\u00e1mite de pre inscripci\u00f3n y selecci\u00f3n de los potenciales beneficiarios del plan Excelencia.<\/p>\n","protected":false},"excerpt":{"rendered":"<p>El Fondo Jenaro D\u00edaz Jord\u00e1n que dirige gobernador de los huilenses, Luis Enrique Duss\u00e1n L\u00f3pez, y que es coordinado por la Secretar\u00eda de Educaci\u00f3n Departamental,\u00a0apoya y estimula el esfuerzo acad\u00e9mico\u00a0de los primeros puestos de\u00a0estudiantes en las pruebas Saber 11 del a\u00f1o pasado. As\u00ed lo se\u00f1al\u00f3 Milena Oliveros, secretaria de Educaci\u00f3n del Huila, quien hizo&nbsp;un llamado [&hellip;]<\/p>\n","protected":false},"author":2,"featured_media":0,"comment_status":"open","ping_status":"open","sticky":false,"template":"","format":"standard","meta":{"footnotes":""},"categories":[33],"tags":[],"class_list":["post-46117","post","type-post","status-publish","format-standard","hentry","category-huila"],"yoast_head":"<!-- This site is optimized with the Yoast SEO plugin v26.6 - https:\/\/yoast.com\/wordpress\/plugins\/seo\/ -->\n<title>Apoyo del Gobierno Departamental a los mejores en las Pruebas Saber de 2022 -<\/title>\n<meta name=\"robots\" content=\"index, follow, max-snippet:-1, max-image-preview:large, max-video-preview:-1\" \/>\n<link rel=\"canonical\" href=\"https:\/\/luchonoticias.com\/editor\/apoyo-del-gobierno-departamental-a-los-mejores-en-las-pruebas-saber-de-2022\/\" \/>\n<meta property=\"og:locale\" content=\"es_ES\" \/>\n<meta property=\"og:type\" content=\"article\" \/>\n<meta property=\"og:title\" content=\"Apoyo del Gobierno Departamental a los mejores en las Pruebas Saber de 2022 -\" \/>\n<meta property=\"og:url\" content=\"https:\/\/luchonoticias.com\/editor\/apoyo-del-gobierno-departamental-a-los-mejores-en-las-pruebas-saber-de-2022\/\" \/>\n<meta property=\"article:publisher\" content=\"https:\/\/www.facebook.com\/luchonoticiasneiva\" \/>\n<meta property=\"article:published_time\" content=\"2023-02-13T22:02:40+00:00\" \/>\n<meta property=\"article:modified_time\" content=\"2023-02-13T22:02:41+00:00\" \/>\n<meta name=\"author\" content=\"Editor General\" \/>\n<meta name=\"twitter:card\" content=\"summary_large_image\" \/>\n<meta name=\"twitter:label1\" content=\"Escrito por\" \/>\n\t<meta name=\"twitter:data1\" content=\"Editor General\" \/>\n\t<meta name=\"twitter:label2\" content=\"Tiempo de lectura\" \/>\n\t<meta name=\"twitter:data2\" content=\"3 minutos\" \/>\n<script type=\"application\/ld+json\" class=\"yoast-schema-graph\">{\"@context\":\"https:\/\/schema.org\",\"@graph\":[{\"@type\":\"Article\",\"@id\":\"https:\/\/luchonoticias.com\/editor\/apoyo-del-gobierno-departamental-a-los-mejores-en-las-pruebas-saber-de-2022\/#article\",\"isPartOf\":{\"@id\":\"https:\/\/luchonoticias.com\/editor\/apoyo-del-gobierno-departamental-a-los-mejores-en-las-pruebas-saber-de-2022\/\"},\"author\":{\"name\":\"Editor General\",\"@id\":\"https:\/\/luchonoticias.com\/editor\/#\/schema\/person\/29217990ddf6f14e35912b2866d591fb\"},\"headline\":\"Apoyo del Gobierno Departamental a los mejores en las Pruebas Saber de 2022\",\"datePublished\":\"2023-02-13T22:02:40+00:00\",\"dateModified\":\"2023-02-13T22:02:41+00:00\",\"mainEntityOfPage\":{\"@id\":\"https:\/\/luchonoticias.com\/editor\/apoyo-del-gobierno-departamental-a-los-mejores-en-las-pruebas-saber-de-2022\/\"},\"wordCount\":616,\"commentCount\":0,\"publisher\":{\"@id\":\"https:\/\/luchonoticias.com\/editor\/#\/schema\/person\/7a7fd911f58561fd056dbac7b55af9cd\"},\"articleSection\":[\"Huila\"],\"inLanguage\":\"es\",\"potentialAction\":[{\"@type\":\"CommentAction\",\"name\":\"Comment\",\"target\":[\"https:\/\/luchonoticias.com\/editor\/apoyo-del-gobierno-departamental-a-los-mejores-en-las-pruebas-saber-de-2022\/#respond\"]}]},{\"@type\":\"WebPage\",\"@id\":\"https:\/\/luchonoticias.com\/editor\/apoyo-del-gobierno-departamental-a-los-mejores-en-las-pruebas-saber-de-2022\/\",\"url\":\"https:\/\/luchonoticias.com\/editor\/apoyo-del-gobierno-departamental-a-los-mejores-en-las-pruebas-saber-de-2022\/\",\"name\":\"Apoyo del Gobierno Departamental a los mejores en las Pruebas Saber de 2022 -\",\"isPartOf\":{\"@id\":\"https:\/\/luchonoticias.com\/editor\/#website\"},\"datePublished\":\"2023-02-13T22:02:40+00:00\",\"dateModified\":\"2023-02-13T22:02:41+00:00\",\"breadcrumb\":{\"@id\":\"https:\/\/luchonoticias.com\/editor\/apoyo-del-gobierno-departamental-a-los-mejores-en-las-pruebas-saber-de-2022\/#breadcrumb\"},\"inLanguage\":\"es\",\"potentialAction\":[{\"@type\":\"ReadAction\",\"target\":[\"https:\/\/luchonoticias.com\/editor\/apoyo-del-gobierno-departamental-a-los-mejores-en-las-pruebas-saber-de-2022\/\"]}]},{\"@type\":\"BreadcrumbList\",\"@id\":\"https:\/\/luchonoticias.com\/editor\/apoyo-del-gobierno-departamental-a-los-mejores-en-las-pruebas-saber-de-2022\/#breadcrumb\",\"itemListElement\":[{\"@type\":\"ListItem\",\"position\":1,\"name\":\"Portada\",\"item\":\"https:\/\/luchonoticias.com\/editor\/\"},{\"@type\":\"ListItem\",\"position\":2,\"name\":\"Apoyo del Gobierno Departamental a los mejores en las Pruebas Saber de 2022\"}]},{\"@type\":\"WebSite\",\"@id\":\"https:\/\/luchonoticias.com\/editor\/#website\",\"url\":\"https:\/\/luchonoticias.com\/editor\/\",\"name\":\"\",\"description\":\"\",\"publisher\":{\"@id\":\"https:\/\/luchonoticias.com\/editor\/#\/schema\/person\/7a7fd911f58561fd056dbac7b55af9cd\"},\"potentialAction\":[{\"@type\":\"SearchAction\",\"target\":{\"@type\":\"EntryPoint\",\"urlTemplate\":\"https:\/\/luchonoticias.com\/editor\/?s={search_term_string}\"},\"query-input\":{\"@type\":\"PropertyValueSpecification\",\"valueRequired\":true,\"valueName\":\"search_term_string\"}}],\"inLanguage\":\"es\"},{\"@type\":[\"Person\",\"Organization\"],\"@id\":\"https:\/\/luchonoticias.com\/editor\/#\/schema\/person\/7a7fd911f58561fd056dbac7b55af9cd\",\"name\":\"admin\",\"image\":{\"@type\":\"ImageObject\",\"inLanguage\":\"es\",\"@id\":\"https:\/\/luchonoticias.com\/editor\/#\/schema\/person\/image\/\",\"url\":\"https:\/\/luchonoticias.com\/editor\/wp-content\/uploads\/2024\/02\/cropped-cropped-logolu.webp\",\"contentUrl\":\"https:\/\/luchonoticias.com\/editor\/wp-content\/uploads\/2024\/02\/cropped-cropped-logolu.webp\",\"width\":382,\"height\":170,\"caption\":\"admin\"},\"logo\":{\"@id\":\"https:\/\/luchonoticias.com\/editor\/#\/schema\/person\/image\/\"},\"sameAs\":[\"https:\/\/www.facebook.com\/luchonoticiasneiva\"]},{\"@type\":\"Person\",\"@id\":\"https:\/\/luchonoticias.com\/editor\/#\/schema\/person\/29217990ddf6f14e35912b2866d591fb\",\"name\":\"Editor General\",\"image\":{\"@type\":\"ImageObject\",\"inLanguage\":\"es\",\"@id\":\"https:\/\/luchonoticias.com\/editor\/#\/schema\/person\/image\/\",\"url\":\"https:\/\/luchonoticias.com\/editor\/wp-content\/uploads\/2024\/02\/cropped-cropped-logolu-150x150.webp\",\"contentUrl\":\"https:\/\/luchonoticias.com\/editor\/wp-content\/uploads\/2024\/02\/cropped-cropped-logolu-150x150.webp\",\"caption\":\"Editor General\"},\"sameAs\":[\"https:\/\/luchonoticias.com\/\"],\"url\":\"https:\/\/luchonoticias.com\/editor\/author\/editor-general\/\"}]}<\/script>\n<!-- \/ Yoast SEO plugin. -->","yoast_head_json":{"title":"Apoyo del Gobierno Departamental a los mejores en las Pruebas Saber de 2022 -","robots":{"index":"index","follow":"follow","max-snippet":"max-snippet:-1","max-image-preview":"max-image-preview:large","max-video-preview":"max-video-preview:-1"},"canonical":"https:\/\/luchonoticias.com\/editor\/apoyo-del-gobierno-departamental-a-los-mejores-en-las-pruebas-saber-de-2022\/","og_locale":"es_ES","og_type":"article","og_title":"Apoyo del Gobierno Departamental a los mejores en las Pruebas Saber de 2022 -","og_url":"https:\/\/luchonoticias.com\/editor\/apoyo-del-gobierno-departamental-a-los-mejores-en-las-pruebas-saber-de-2022\/","article_publisher":"https:\/\/www.facebook.com\/luchonoticiasneiva","article_published_time":"2023-02-13T22:02:40+00:00","article_modified_time":"2023-02-13T22:02:41+00:00","author":"Editor General","twitter_card":"summary_large_image","twitter_misc":{"Escrito por":"Editor General","Tiempo de lectura":"3 minutos"},"schema":{"@context":"https:\/\/schema.org","@graph":[{"@type":"Article","@id":"https:\/\/luchonoticias.com\/editor\/apoyo-del-gobierno-departamental-a-los-mejores-en-las-pruebas-saber-de-2022\/#article","isPartOf":{"@id":"https:\/\/luchonoticias.com\/editor\/apoyo-del-gobierno-departamental-a-los-mejores-en-las-pruebas-saber-de-2022\/"},"author":{"name":"Editor General","@id":"https:\/\/luchonoticias.com\/editor\/#\/schema\/person\/29217990ddf6f14e35912b2866d591fb"},"headline":"Apoyo del Gobierno Departamental a los mejores en las Pruebas Saber de 2022","datePublished":"2023-02-13T22:02:40+00:00","dateModified":"2023-02-13T22:02:41+00:00","mainEntityOfPage":{"@id":"https:\/\/luchonoticias.com\/editor\/apoyo-del-gobierno-departamental-a-los-mejores-en-las-pruebas-saber-de-2022\/"},"wordCount":616,"commentCount":0,"publisher":{"@id":"https:\/\/luchonoticias.com\/editor\/#\/schema\/person\/7a7fd911f58561fd056dbac7b55af9cd"},"articleSection":["Huila"],"inLanguage":"es","potentialAction":[{"@type":"CommentAction","name":"Comment","target":["https:\/\/luchonoticias.com\/editor\/apoyo-del-gobierno-departamental-a-los-mejores-en-las-pruebas-saber-de-2022\/#respond"]}]},{"@type":"WebPage","@id":"https:\/\/luchonoticias.com\/editor\/apoyo-del-gobierno-departamental-a-los-mejores-en-las-pruebas-saber-de-2022\/","url":"https:\/\/luchonoticias.com\/editor\/apoyo-del-gobierno-departamental-a-los-mejores-en-las-pruebas-saber-de-2022\/","name":"Apoyo del Gobierno Departamental a los mejores en las Pruebas Saber de 2022 -","isPartOf":{"@id":"https:\/\/luchonoticias.com\/editor\/#website"},"datePublished":"2023-02-13T22:02:40+00:00","dateModified":"2023-02-13T22:02:41+00:00","breadcrumb":{"@id":"https:\/\/luchonoticias.com\/editor\/apoyo-del-gobierno-departamental-a-los-mejores-en-las-pruebas-saber-de-2022\/#breadcrumb"},"inLanguage":"es","potentialAction":[{"@type":"ReadAction","target":["https:\/\/luchonoticias.com\/editor\/apoyo-del-gobierno-departamental-a-los-mejores-en-las-pruebas-saber-de-2022\/"]}]},{"@type":"BreadcrumbList","@id":"https:\/\/luchonoticias.com\/editor\/apoyo-del-gobierno-departamental-a-los-mejores-en-las-pruebas-saber-de-2022\/#breadcrumb","itemListElement":[{"@type":"ListItem","position":1,"name":"Portada","item":"https:\/\/luchonoticias.com\/editor\/"},{"@type":"ListItem","position":2,"name":"Apoyo del Gobierno Departamental a los mejores en las Pruebas Saber de 2022"}]},{"@type":"WebSite","@id":"https:\/\/luchonoticias.com\/editor\/#website","url":"https:\/\/luchonoticias.com\/editor\/","name":"","description":"","publisher":{"@id":"https:\/\/luchonoticias.com\/editor\/#\/schema\/person\/7a7fd911f58561fd056dbac7b55af9cd"},"potentialAction":[{"@type":"SearchAction","target":{"@type":"EntryPoint","urlTemplate":"https:\/\/luchonoticias.com\/editor\/?s={search_term_string}"},"query-input":{"@type":"PropertyValueSpecification","valueRequired":true,"valueName":"search_term_string"}}],"inLanguage":"es"},{"@type":["Person","Organization"],"@id":"https:\/\/luchonoticias.com\/editor\/#\/schema\/person\/7a7fd911f58561fd056dbac7b55af9cd","name":"admin","image":{"@type":"ImageObject","inLanguage":"es","@id":"https:\/\/luchonoticias.com\/editor\/#\/schema\/person\/image\/","url":"https:\/\/luchonoticias.com\/editor\/wp-content\/uploads\/2024\/02\/cropped-cropped-logolu.webp","contentUrl":"https:\/\/luchonoticias.com\/editor\/wp-content\/uploads\/2024\/02\/cropped-cropped-logolu.webp","width":382,"height":170,"caption":"admin"},"logo":{"@id":"https:\/\/luchonoticias.com\/editor\/#\/schema\/person\/image\/"},"sameAs":["https:\/\/www.facebook.com\/luchonoticiasneiva"]},{"@type":"Person","@id":"https:\/\/luchonoticias.com\/editor\/#\/schema\/person\/29217990ddf6f14e35912b2866d591fb","name":"Editor General","image":{"@type":"ImageObject","inLanguage":"es","@id":"https:\/\/luchonoticias.com\/editor\/#\/schema\/person\/image\/","url":"https:\/\/luchonoticias.com\/editor\/wp-content\/uploads\/2024\/02\/cropped-cropped-logolu-150x150.webp","contentUrl":"https:\/\/luchonoticias.com\/editor\/wp-content\/uploads\/2024\/02\/cropped-cropped-logolu-150x150.webp","caption":"Editor General"},"sameAs":["https:\/\/luchonoticias.com\/"],"url":"https:\/\/luchonoticias.com\/editor\/author\/editor-general\/"}]}},"_links":{"self":[{"href":"https:\/\/luchonoticias.com\/editor\/wp-json\/wp\/v2\/posts\/46117","targetHints":{"allow":["GET"]}}],"collection":[{"href":"https:\/\/luchonoticias.com\/editor\/wp-json\/wp\/v2\/posts"}],"about":[{"href":"https:\/\/luchonoticias.com\/editor\/wp-json\/wp\/v2\/types\/post"}],"author":[{"embeddable":true,"href":"https:\/\/luchonoticias.com\/editor\/wp-json\/wp\/v2\/users\/2"}],"replies":[{"embeddable":true,"href":"https:\/\/luchonoticias.com\/editor\/wp-json\/wp\/v2\/comments?post=46117"}],"version-history":[{"count":0,"href":"https:\/\/luchonoticias.com\/editor\/wp-json\/wp\/v2\/posts\/46117\/revisions"}],"wp:attachment":[{"href":"https:\/\/luchonoticias.com\/editor\/wp-json\/wp\/v2\/media?parent=46117"}],"wp:term":[{"taxonomy":"category","embeddable":true,"href":"https:\/\/luchonoticias.com\/editor\/wp-json\/wp\/v2\/categories?post=46117"},{"taxonomy":"post_tag","embeddable":true,"href":"https:\/\/luchonoticias.com\/editor\/wp-json\/wp\/v2\/tags?post=46117"}],"curies":[{"name":"wp","href":"https:\/\/api.w.org\/{rel}","templated":true}]}}