{"id":46120,"date":"2023-02-13T17:15:55","date_gmt":"2023-02-13T22:15:55","guid":{"rendered":"https:\/\/luchonoticias.com\/?p=46120"},"modified":"2023-02-13T17:15:56","modified_gmt":"2023-02-13T22:15:56","slug":"ministerio-del-deporte-rechaza-actos-ocurridos-en-ibague","status":"publish","type":"post","link":"https:\/\/luchonoticias.com\/editor\/ministerio-del-deporte-rechaza-actos-ocurridos-en-ibague\/","title":{"rendered":"Ministerio del Deporte rechaza actos ocurridos en Ibagu\u00e9"},"content":{"rendered":"\n<p>Mediante comunicado el&nbsp;<strong>Ministerio del Deporte<\/strong>&nbsp;manifest\u00f3 su&nbsp;<strong>rechazo a cualquier acto o situaci\u00f3n que atente contra la seguridad y convivencia en el f\u00fatbol<\/strong>&nbsp;e invita a todos los actores y a la ciudadan\u00eda, en general, esto a ra\u00edz de lo incidentes que originaron la&nbsp;<strong>suspensi\u00f3n del partido Tolima \u2013 Millonarios.<br><\/strong><br>En consecuencia, como&nbsp;<strong>integrantes de la Comisi\u00f3n T\u00e9cnica Nacional para la Seguridad, Comodidad y Convivencia en el F\u00fatbol<\/strong>, el ministerio ser\u00e1 participe en la toma de decisiones a las que haya lugar en el marco de la normatividad vigente, articulando acciones junto con las autoridades locales para&nbsp;<strong>prevenir que este tipo de hechos se repitan<\/strong>.<br><br>Desde el Ministerio del Deporte se trabaja para&nbsp;<strong>establecer mecanismos de seguridad<\/strong>&nbsp;que aporten a la sana convivencia de los actores involucrados en el espect\u00e1culo del f\u00fatbol profesional.<\/p>\n\n\n\n<p>Finalmente se ha conocido que el futbolista&nbsp;<strong>Daniel Cata\u00f1o ha denunciado penalmente al seguidor del Tolima<\/strong>&nbsp;que lo golpe\u00f3 antes del inicio del compromiso, se rumora que el aficionado (identificado como Alejandro Montenegro) ser\u00e1 vetado de por vida para acceder a partidos de f\u00fatbol como espectador.<\/p>\n\n\n\n<p>Con informaci\u00f3n del Ministerio del Deporte.<\/p>\n","protected":false},"excerpt":{"rendered":"<p>Mediante comunicado el&nbsp;Ministerio del Deporte&nbsp;manifest\u00f3 su&nbsp;rechazo a cualquier acto o situaci\u00f3n que atente contra la seguridad y convivencia en el f\u00fatbol&nbsp;e invita a todos los actores y a la ciudadan\u00eda, en general, esto a ra\u00edz de lo incidentes que originaron la&nbsp;suspensi\u00f3n del partido Tolima \u2013 Millonarios.En consecuencia, como&nbsp;integrantes de la Comisi\u00f3n T\u00e9cnica Nacional para la [&hellip;]<\/p>\n","protected":false},"author":2,"featured_media":0,"comment_status":"open","ping_status":"open","sticky":false,"template":"","format":"standard","meta":{"footnotes":""},"categories":[34],"tags":[],"class_list":["post-46120","post","type-post","status-publish","format-standard","hentry","category-deportes"],"yoast_head":"<!-- This site is optimized with the Yoast SEO plugin v26.6 - https:\/\/yoast.com\/wordpress\/plugins\/seo\/ -->\n<title>Ministerio del Deporte rechaza actos ocurridos en Ibagu\u00e9 -<\/title>\n<meta name=\"robots\" content=\"index, follow, max-snippet:-1, max-image-preview:large, max-video-preview:-1\" \/>\n<link rel=\"canonical\" href=\"https:\/\/luchonoticias.com\/editor\/ministerio-del-deporte-rechaza-actos-ocurridos-en-ibague\/\" \/>\n<meta property=\"og:locale\" content=\"es_ES\" \/>\n<meta property=\"og:type\" content=\"article\" \/>\n<meta property=\"og:title\" content=\"Ministerio del Deporte rechaza actos ocurridos en Ibagu\u00e9 -\" \/>\n<meta property=\"og:url\" content=\"https:\/\/luchonoticias.com\/editor\/ministerio-del-deporte-rechaza-actos-ocurridos-en-ibague\/\" \/>\n<meta property=\"article:publisher\" content=\"https:\/\/www.facebook.com\/luchonoticiasneiva\" \/>\n<meta property=\"article:published_time\" content=\"2023-02-13T22:15:55+00:00\" \/>\n<meta property=\"article:modified_time\" content=\"2023-02-13T22:15:56+00:00\" \/>\n<meta name=\"author\" content=\"Editor General\" \/>\n<meta name=\"twitter:card\" content=\"summary_large_image\" \/>\n<meta name=\"twitter:label1\" content=\"Escrito por\" \/>\n\t<meta name=\"twitter:data1\" content=\"Editor General\" \/>\n\t<meta name=\"twitter:label2\" content=\"Tiempo de lectura\" \/>\n\t<meta name=\"twitter:data2\" content=\"1 minuto\" \/>\n<script type=\"application\/ld+json\" class=\"yoast-schema-graph\">{\"@context\":\"https:\/\/schema.org\",\"@graph\":[{\"@type\":\"Article\",\"@id\":\"https:\/\/luchonoticias.com\/editor\/ministerio-del-deporte-rechaza-actos-ocurridos-en-ibague\/#article\",\"isPartOf\":{\"@id\":\"https:\/\/luchonoticias.com\/editor\/ministerio-del-deporte-rechaza-actos-ocurridos-en-ibague\/\"},\"author\":{\"name\":\"Editor General\",\"@id\":\"https:\/\/luchonoticias.com\/editor\/#\/schema\/person\/29217990ddf6f14e35912b2866d591fb\"},\"headline\":\"Ministerio del Deporte rechaza actos ocurridos en Ibagu\u00e9\",\"datePublished\":\"2023-02-13T22:15:55+00:00\",\"dateModified\":\"2023-02-13T22:15:56+00:00\",\"mainEntityOfPage\":{\"@id\":\"https:\/\/luchonoticias.com\/editor\/ministerio-del-deporte-rechaza-actos-ocurridos-en-ibague\/\"},\"wordCount\":217,\"commentCount\":0,\"publisher\":{\"@id\":\"https:\/\/luchonoticias.com\/editor\/#\/schema\/person\/7a7fd911f58561fd056dbac7b55af9cd\"},\"articleSection\":[\"Deportes\"],\"inLanguage\":\"es\",\"potentialAction\":[{\"@type\":\"CommentAction\",\"name\":\"Comment\",\"target\":[\"https:\/\/luchonoticias.com\/editor\/ministerio-del-deporte-rechaza-actos-ocurridos-en-ibague\/#respond\"]}]},{\"@type\":\"WebPage\",\"@id\":\"https:\/\/luchonoticias.com\/editor\/ministerio-del-deporte-rechaza-actos-ocurridos-en-ibague\/\",\"url\":\"https:\/\/luchonoticias.com\/editor\/ministerio-del-deporte-rechaza-actos-ocurridos-en-ibague\/\",\"name\":\"Ministerio del Deporte rechaza actos ocurridos en Ibagu\u00e9 -\",\"isPartOf\":{\"@id\":\"https:\/\/luchonoticias.com\/editor\/#website\"},\"datePublished\":\"2023-02-13T22:15:55+00:00\",\"dateModified\":\"2023-02-13T22:15:56+00:00\",\"breadcrumb\":{\"@id\":\"https:\/\/luchonoticias.com\/editor\/ministerio-del-deporte-rechaza-actos-ocurridos-en-ibague\/#breadcrumb\"},\"inLanguage\":\"es\",\"potentialAction\":[{\"@type\":\"ReadAction\",\"target\":[\"https:\/\/luchonoticias.com\/editor\/ministerio-del-deporte-rechaza-actos-ocurridos-en-ibague\/\"]}]},{\"@type\":\"BreadcrumbList\",\"@id\":\"https:\/\/luchonoticias.com\/editor\/ministerio-del-deporte-rechaza-actos-ocurridos-en-ibague\/#breadcrumb\",\"itemListElement\":[{\"@type\":\"ListItem\",\"position\":1,\"name\":\"Portada\",\"item\":\"https:\/\/luchonoticias.com\/editor\/\"},{\"@type\":\"ListItem\",\"position\":2,\"name\":\"Ministerio del Deporte rechaza actos ocurridos en Ibagu\u00e9\"}]},{\"@type\":\"WebSite\",\"@id\":\"https:\/\/luchonoticias.com\/editor\/#website\",\"url\":\"https:\/\/luchonoticias.com\/editor\/\",\"name\":\"\",\"description\":\"\",\"publisher\":{\"@id\":\"https:\/\/luchonoticias.com\/editor\/#\/schema\/person\/7a7fd911f58561fd056dbac7b55af9cd\"},\"potentialAction\":[{\"@type\":\"SearchAction\",\"target\":{\"@type\":\"EntryPoint\",\"urlTemplate\":\"https:\/\/luchonoticias.com\/editor\/?s={search_term_string}\"},\"query-input\":{\"@type\":\"PropertyValueSpecification\",\"valueRequired\":true,\"valueName\":\"search_term_string\"}}],\"inLanguage\":\"es\"},{\"@type\":[\"Person\",\"Organization\"],\"@id\":\"https:\/\/luchonoticias.com\/editor\/#\/schema\/person\/7a7fd911f58561fd056dbac7b55af9cd\",\"name\":\"admin\",\"image\":{\"@type\":\"ImageObject\",\"inLanguage\":\"es\",\"@id\":\"https:\/\/luchonoticias.com\/editor\/#\/schema\/person\/image\/\",\"url\":\"https:\/\/luchonoticias.com\/editor\/wp-content\/uploads\/2024\/02\/cropped-cropped-logolu.webp\",\"contentUrl\":\"https:\/\/luchonoticias.com\/editor\/wp-content\/uploads\/2024\/02\/cropped-cropped-logolu.webp\",\"width\":382,\"height\":170,\"caption\":\"admin\"},\"logo\":{\"@id\":\"https:\/\/luchonoticias.com\/editor\/#\/schema\/person\/image\/\"},\"sameAs\":[\"https:\/\/www.facebook.com\/luchonoticiasneiva\"]},{\"@type\":\"Person\",\"@id\":\"https:\/\/luchonoticias.com\/editor\/#\/schema\/person\/29217990ddf6f14e35912b2866d591fb\",\"name\":\"Editor General\",\"image\":{\"@type\":\"ImageObject\",\"inLanguage\":\"es\",\"@id\":\"https:\/\/luchonoticias.com\/editor\/#\/schema\/person\/image\/\",\"url\":\"https:\/\/luchonoticias.com\/editor\/wp-content\/uploads\/2024\/02\/cropped-cropped-logolu-150x150.webp\",\"contentUrl\":\"https:\/\/luchonoticias.com\/editor\/wp-content\/uploads\/2024\/02\/cropped-cropped-logolu-150x150.webp\",\"caption\":\"Editor General\"},\"sameAs\":[\"https:\/\/luchonoticias.com\/\"],\"url\":\"https:\/\/luchonoticias.com\/editor\/author\/editor-general\/\"}]}<\/script>\n<!-- \/ Yoast SEO plugin. -->","yoast_head_json":{"title":"Ministerio del Deporte rechaza actos ocurridos en Ibagu\u00e9 -","robots":{"index":"index","follow":"follow","max-snippet":"max-snippet:-1","max-image-preview":"max-image-preview:large","max-video-preview":"max-video-preview:-1"},"canonical":"https:\/\/luchonoticias.com\/editor\/ministerio-del-deporte-rechaza-actos-ocurridos-en-ibague\/","og_locale":"es_ES","og_type":"article","og_title":"Ministerio del Deporte rechaza actos ocurridos en Ibagu\u00e9 -","og_url":"https:\/\/luchonoticias.com\/editor\/ministerio-del-deporte-rechaza-actos-ocurridos-en-ibague\/","article_publisher":"https:\/\/www.facebook.com\/luchonoticiasneiva","article_published_time":"2023-02-13T22:15:55+00:00","article_modified_time":"2023-02-13T22:15:56+00:00","author":"Editor General","twitter_card":"summary_large_image","twitter_misc":{"Escrito por":"Editor General","Tiempo de lectura":"1 minuto"},"schema":{"@context":"https:\/\/schema.org","@graph":[{"@type":"Article","@id":"https:\/\/luchonoticias.com\/editor\/ministerio-del-deporte-rechaza-actos-ocurridos-en-ibague\/#article","isPartOf":{"@id":"https:\/\/luchonoticias.com\/editor\/ministerio-del-deporte-rechaza-actos-ocurridos-en-ibague\/"},"author":{"name":"Editor General","@id":"https:\/\/luchonoticias.com\/editor\/#\/schema\/person\/29217990ddf6f14e35912b2866d591fb"},"headline":"Ministerio del Deporte rechaza actos ocurridos en Ibagu\u00e9","datePublished":"2023-02-13T22:15:55+00:00","dateModified":"2023-02-13T22:15:56+00:00","mainEntityOfPage":{"@id":"https:\/\/luchonoticias.com\/editor\/ministerio-del-deporte-rechaza-actos-ocurridos-en-ibague\/"},"wordCount":217,"commentCount":0,"publisher":{"@id":"https:\/\/luchonoticias.com\/editor\/#\/schema\/person\/7a7fd911f58561fd056dbac7b55af9cd"},"articleSection":["Deportes"],"inLanguage":"es","potentialAction":[{"@type":"CommentAction","name":"Comment","target":["https:\/\/luchonoticias.com\/editor\/ministerio-del-deporte-rechaza-actos-ocurridos-en-ibague\/#respond"]}]},{"@type":"WebPage","@id":"https:\/\/luchonoticias.com\/editor\/ministerio-del-deporte-rechaza-actos-ocurridos-en-ibague\/","url":"https:\/\/luchonoticias.com\/editor\/ministerio-del-deporte-rechaza-actos-ocurridos-en-ibague\/","name":"Ministerio del Deporte rechaza actos ocurridos en Ibagu\u00e9 -","isPartOf":{"@id":"https:\/\/luchonoticias.com\/editor\/#website"},"datePublished":"2023-02-13T22:15:55+00:00","dateModified":"2023-02-13T22:15:56+00:00","breadcrumb":{"@id":"https:\/\/luchonoticias.com\/editor\/ministerio-del-deporte-rechaza-actos-ocurridos-en-ibague\/#breadcrumb"},"inLanguage":"es","potentialAction":[{"@type":"ReadAction","target":["https:\/\/luchonoticias.com\/editor\/ministerio-del-deporte-rechaza-actos-ocurridos-en-ibague\/"]}]},{"@type":"BreadcrumbList","@id":"https:\/\/luchonoticias.com\/editor\/ministerio-del-deporte-rechaza-actos-ocurridos-en-ibague\/#breadcrumb","itemListElement":[{"@type":"ListItem","position":1,"name":"Portada","item":"https:\/\/luchonoticias.com\/editor\/"},{"@type":"ListItem","position":2,"name":"Ministerio del Deporte rechaza actos ocurridos en Ibagu\u00e9"}]},{"@type":"WebSite","@id":"https:\/\/luchonoticias.com\/editor\/#website","url":"https:\/\/luchonoticias.com\/editor\/","name":"","description":"","publisher":{"@id":"https:\/\/luchonoticias.com\/editor\/#\/schema\/person\/7a7fd911f58561fd056dbac7b55af9cd"},"potentialAction":[{"@type":"SearchAction","target":{"@type":"EntryPoint","urlTemplate":"https:\/\/luchonoticias.com\/editor\/?s={search_term_string}"},"query-input":{"@type":"PropertyValueSpecification","valueRequired":true,"valueName":"search_term_string"}}],"inLanguage":"es"},{"@type":["Person","Organization"],"@id":"https:\/\/luchonoticias.com\/editor\/#\/schema\/person\/7a7fd911f58561fd056dbac7b55af9cd","name":"admin","image":{"@type":"ImageObject","inLanguage":"es","@id":"https:\/\/luchonoticias.com\/editor\/#\/schema\/person\/image\/","url":"https:\/\/luchonoticias.com\/editor\/wp-content\/uploads\/2024\/02\/cropped-cropped-logolu.webp","contentUrl":"https:\/\/luchonoticias.com\/editor\/wp-content\/uploads\/2024\/02\/cropped-cropped-logolu.webp","width":382,"height":170,"caption":"admin"},"logo":{"@id":"https:\/\/luchonoticias.com\/editor\/#\/schema\/person\/image\/"},"sameAs":["https:\/\/www.facebook.com\/luchonoticiasneiva"]},{"@type":"Person","@id":"https:\/\/luchonoticias.com\/editor\/#\/schema\/person\/29217990ddf6f14e35912b2866d591fb","name":"Editor General","image":{"@type":"ImageObject","inLanguage":"es","@id":"https:\/\/luchonoticias.com\/editor\/#\/schema\/person\/image\/","url":"https:\/\/luchonoticias.com\/editor\/wp-content\/uploads\/2024\/02\/cropped-cropped-logolu-150x150.webp","contentUrl":"https:\/\/luchonoticias.com\/editor\/wp-content\/uploads\/2024\/02\/cropped-cropped-logolu-150x150.webp","caption":"Editor General"},"sameAs":["https:\/\/luchonoticias.com\/"],"url":"https:\/\/luchonoticias.com\/editor\/author\/editor-general\/"}]}},"_links":{"self":[{"href":"https:\/\/luchonoticias.com\/editor\/wp-json\/wp\/v2\/posts\/46120","targetHints":{"allow":["GET"]}}],"collection":[{"href":"https:\/\/luchonoticias.com\/editor\/wp-json\/wp\/v2\/posts"}],"about":[{"href":"https:\/\/luchonoticias.com\/editor\/wp-json\/wp\/v2\/types\/post"}],"author":[{"embeddable":true,"href":"https:\/\/luchonoticias.com\/editor\/wp-json\/wp\/v2\/users\/2"}],"replies":[{"embeddable":true,"href":"https:\/\/luchonoticias.com\/editor\/wp-json\/wp\/v2\/comments?post=46120"}],"version-history":[{"count":0,"href":"https:\/\/luchonoticias.com\/editor\/wp-json\/wp\/v2\/posts\/46120\/revisions"}],"wp:attachment":[{"href":"https:\/\/luchonoticias.com\/editor\/wp-json\/wp\/v2\/media?parent=46120"}],"wp:term":[{"taxonomy":"category","embeddable":true,"href":"https:\/\/luchonoticias.com\/editor\/wp-json\/wp\/v2\/categories?post=46120"},{"taxonomy":"post_tag","embeddable":true,"href":"https:\/\/luchonoticias.com\/editor\/wp-json\/wp\/v2\/tags?post=46120"}],"curies":[{"name":"wp","href":"https:\/\/api.w.org\/{rel}","templated":true}]}}