{"id":46132,"date":"2023-02-13T18:24:15","date_gmt":"2023-02-13T23:24:15","guid":{"rendered":"https:\/\/luchonoticias.com\/?p=46132"},"modified":"2023-02-13T18:24:16","modified_gmt":"2023-02-13T23:24:16","slug":"abc-del-proyecto-de-reforma-a-la-salud","status":"publish","type":"post","link":"https:\/\/luchonoticias.com\/editor\/abc-del-proyecto-de-reforma-a-la-salud\/","title":{"rendered":"ABC del proyecto de reforma a la salud"},"content":{"rendered":"\n<p>LUCHO NOTICOAS le presenta el ABC del proyecto que revel\u00f3 hace pocos minutos el mandatario.<\/p>\n\n\n\n<p>\u25cf El Cambio hacia una Salud para la vida se rige por el principio de universalidad.<\/p>\n\n\n\n<p>Vamos a transformar el sistema para cubrir todo el territorio nacional, sin excepciones, e incluir a todos los ciudadanos sin necesidad de tener un carnet de afiliaci\u00f3n. La salud es un derecho y no debe ser un privilegio o un negocio.<\/p>\n\n\n\n<p>\u25cf El Cambio hacia una Salud para la vida propone un sistema preventivo y predictivo. Eso implica garantizar la calidad de vida de los colombianos para cubrir de manera integral todos los factores que influyen en su salud. Desde la satisfacci\u00f3n de sus derechos b\u00e1sicos, pasando por la atenci\u00f3n en salud mental, hasta el monitoreo y oportuno diagn\u00f3stico de enfermedades.<\/p>\n\n\n\n<p>\u25cf Vamos a tener una salud territorializada en la que la familia tendr\u00e1 el mismo sistema para todos sus miembros. Uno de los objetivos del Cambio hacia una Salud para la vida es el cierre de brechas sociales y territoriales para lograr un sistema que beneficie a toda la ciudadan\u00eda, sin distinciones sociales, econ\u00f3micas, culturales, regionales o de cualquier otra \u00edndole. El punto de entrada ser\u00e1n los Centros de Atenci\u00f3n Primaria (CAP), cuya funci\u00f3n no ser\u00e1 solamente atender a los pacientes, sino organizar el territorio en un promedio de 25.000 personas por cada uno y distribuidos seg\u00fan el lugar de vivienda o trabajo. De esta forma, los equipos m\u00e9dicos visitar\u00e1n de manera permanente, rutinaria y constante a las familias de dicho territorio, est\u00e9n donde est\u00e9n, para disminuir las causales de la enfermedad, eliminarla si es posible o atenderla a\u00fan en un estado primario en donde todav\u00eda sea posible salvar la vida.<\/p>\n\n\n\n<p>\u25cf Para lograr la transici\u00f3n a este sistema, el ADRES (Administradora de los Recursos del Sistema General de Seguridad Social en Salud) se fortalecer\u00e1 para convertirse en un pagador \u00fanico. Mientras tanto, las EPS que hoy se encuentren en liquidaci\u00f3n ser\u00e1n eliminadas y las EPS con estados financieros \u00f3ptimos acoger\u00e1n, de manera progresiva y ordenada, a sus pacientes para que no queden sin cobertura. As\u00ed mismo, se fortalecer\u00e1 la Nueva EPS para cubrir los territorios que por la liquidaci\u00f3n de algunas EPS queden sin dicho aseguramiento. Una vez termine la transici\u00f3n, que se mantendr\u00e1 el tiempo que sea necesario, las EPS que se acondicionen y crean que pueden convivir dentro del nuevo sistema de prevenci\u00f3n y atenci\u00f3n primaria van a tener todas las posibilidades de desarrollar su objeto social como IPS y\/o auditoras del cobro al ADRES.<\/p>\n\n\n\n<p>\u25cf De esta manera, el Cambio hacia una Salud para la vida propone un modelo mixto de funcionamiento en el que los CAP, centros especializados del servicio y las redes integrales e integradas de salud (ambulatorios, hospitalizaci\u00f3n, urgencias m\u00e9dicas y odontol\u00f3gicas, rehabilitaci\u00f3n, laboratorios, vigilancia en salud p\u00fablica, Secretar\u00eda para las Comunicaciones Y Prensa servicios diagn\u00f3sticos, farmac\u00e9uticas, ambulancias, entre otros), estar\u00e1n conformados por entidades p\u00fablicas, privadas y de orden mixto.<\/p>\n\n\n\n<p>\u25cf El proyecto tambi\u00e9n plantea la dignificaci\u00f3n de las y los trabajadores de la salud con la recuperaci\u00f3n de la autonom\u00eda m\u00e9dica y la autorregulaci\u00f3n, con \u00e9tica y evidencia cient\u00edfica. Adem\u00e1s, contempla incluir criterios para mejorar las condiciones laborales justas y dignas, con estabilidad y facilidad para incrementar sus conocimientos y garantizar la educaci\u00f3n continua y de actualizaci\u00f3n a todo el personal, especialmente a quienes est\u00e1n en territorios. Adem\u00e1s, establecer\u00e1 los lineamientos para la recertificaci\u00f3n de todos los trabajadores de la salud y as\u00ed garantizar un servicio actualizado y de calidad siempre.<\/p>\n\n\n\n<p>\u25cf El proyecto presentado por el Gobierno del Cambio cuenta con el acompa\u00f1amiento t\u00e9cnico de la comisi\u00f3n OMS &#8211; OPS (Organizaci\u00f3n Mundial de la Salud y Organizaci\u00f3n Panamericana de la Salud) desde agosto de 2022. Este acompa\u00f1amiento tuvo como principal objetivo el desarrollo de un di\u00e1logo t\u00e9cnico y estrat\u00e9gico sobre la propuesta y el periodo de transici\u00f3n, as\u00ed como compartir experiencias de otros pa\u00edses. El Cambio hacia una Salud para la vida est\u00e1 inspirado en sistemas de salud exitosos y de reconocimiento internacional como el de Corea del Sur y complementa sus oportunidades de mejora desde la realidad colombiana.<\/p>\n\n\n\n<p>\u25cf Los planes complementarios, medicina prepagada o p\u00f3lizas de salud seguir\u00e1n funcionando con normalidad y no ser\u00e1n afectados por el proyecto.<\/p>\n\n\n\n<p>\u25cf El Cambio hacia una Salud para la vida construye sobre lo construido. Tomaremos lo mejor que hoy tiene nuestro sistema de salud, requeriremos las capacidades del sector privado en la prestaci\u00f3n del servicio, en sus cl\u00ednicas y hospitales. Durante la transici\u00f3n, ning\u00fan paciente que hoy est\u00e9 siendo atendido o en un tratamiento de alta complejidad quedar\u00e1 sin cubrimiento: as\u00ed lo contempla el proyecto.<\/p>\n","protected":false},"excerpt":{"rendered":"<p>LUCHO NOTICOAS le presenta el ABC del proyecto que revel\u00f3 hace pocos minutos el mandatario. \u25cf El Cambio hacia una Salud para la vida se rige por el principio de universalidad. Vamos a transformar el sistema para cubrir todo el territorio nacional, sin excepciones, e incluir a todos los ciudadanos sin necesidad de tener un [&hellip;]<\/p>\n","protected":false},"author":2,"featured_media":0,"comment_status":"open","ping_status":"open","sticky":false,"template":"","format":"standard","meta":{"footnotes":""},"categories":[28,36],"tags":[],"class_list":["post-46132","post","type-post","status-publish","format-standard","hentry","category-actualidad","category-destacado"],"yoast_head":"<!-- This site is optimized with the Yoast SEO plugin v26.6 - https:\/\/yoast.com\/wordpress\/plugins\/seo\/ -->\n<title>ABC del proyecto de reforma a la salud -<\/title>\n<meta name=\"robots\" content=\"index, follow, max-snippet:-1, max-image-preview:large, max-video-preview:-1\" \/>\n<link rel=\"canonical\" href=\"https:\/\/luchonoticias.com\/editor\/abc-del-proyecto-de-reforma-a-la-salud\/\" \/>\n<meta property=\"og:locale\" content=\"es_ES\" \/>\n<meta property=\"og:type\" content=\"article\" \/>\n<meta property=\"og:title\" content=\"ABC del proyecto de reforma a la salud -\" \/>\n<meta property=\"og:url\" content=\"https:\/\/luchonoticias.com\/editor\/abc-del-proyecto-de-reforma-a-la-salud\/\" \/>\n<meta property=\"article:publisher\" content=\"https:\/\/www.facebook.com\/luchonoticiasneiva\" \/>\n<meta property=\"article:published_time\" content=\"2023-02-13T23:24:15+00:00\" \/>\n<meta property=\"article:modified_time\" content=\"2023-02-13T23:24:16+00:00\" \/>\n<meta name=\"author\" content=\"Editor General\" \/>\n<meta name=\"twitter:card\" content=\"summary_large_image\" \/>\n<meta name=\"twitter:label1\" content=\"Escrito por\" \/>\n\t<meta name=\"twitter:data1\" content=\"Editor General\" \/>\n\t<meta name=\"twitter:label2\" content=\"Tiempo de lectura\" \/>\n\t<meta name=\"twitter:data2\" content=\"4 minutos\" \/>\n<script type=\"application\/ld+json\" class=\"yoast-schema-graph\">{\"@context\":\"https:\/\/schema.org\",\"@graph\":[{\"@type\":\"Article\",\"@id\":\"https:\/\/luchonoticias.com\/editor\/abc-del-proyecto-de-reforma-a-la-salud\/#article\",\"isPartOf\":{\"@id\":\"https:\/\/luchonoticias.com\/editor\/abc-del-proyecto-de-reforma-a-la-salud\/\"},\"author\":{\"name\":\"Editor General\",\"@id\":\"https:\/\/luchonoticias.com\/editor\/#\/schema\/person\/29217990ddf6f14e35912b2866d591fb\"},\"headline\":\"ABC del proyecto de reforma a la salud\",\"datePublished\":\"2023-02-13T23:24:15+00:00\",\"dateModified\":\"2023-02-13T23:24:16+00:00\",\"mainEntityOfPage\":{\"@id\":\"https:\/\/luchonoticias.com\/editor\/abc-del-proyecto-de-reforma-a-la-salud\/\"},\"wordCount\":829,\"commentCount\":0,\"publisher\":{\"@id\":\"https:\/\/luchonoticias.com\/editor\/#\/schema\/person\/7a7fd911f58561fd056dbac7b55af9cd\"},\"articleSection\":[\"Actualidad\",\"Destacado\"],\"inLanguage\":\"es\",\"potentialAction\":[{\"@type\":\"CommentAction\",\"name\":\"Comment\",\"target\":[\"https:\/\/luchonoticias.com\/editor\/abc-del-proyecto-de-reforma-a-la-salud\/#respond\"]}]},{\"@type\":\"WebPage\",\"@id\":\"https:\/\/luchonoticias.com\/editor\/abc-del-proyecto-de-reforma-a-la-salud\/\",\"url\":\"https:\/\/luchonoticias.com\/editor\/abc-del-proyecto-de-reforma-a-la-salud\/\",\"name\":\"ABC del proyecto de reforma a la salud -\",\"isPartOf\":{\"@id\":\"https:\/\/luchonoticias.com\/editor\/#website\"},\"datePublished\":\"2023-02-13T23:24:15+00:00\",\"dateModified\":\"2023-02-13T23:24:16+00:00\",\"breadcrumb\":{\"@id\":\"https:\/\/luchonoticias.com\/editor\/abc-del-proyecto-de-reforma-a-la-salud\/#breadcrumb\"},\"inLanguage\":\"es\",\"potentialAction\":[{\"@type\":\"ReadAction\",\"target\":[\"https:\/\/luchonoticias.com\/editor\/abc-del-proyecto-de-reforma-a-la-salud\/\"]}]},{\"@type\":\"BreadcrumbList\",\"@id\":\"https:\/\/luchonoticias.com\/editor\/abc-del-proyecto-de-reforma-a-la-salud\/#breadcrumb\",\"itemListElement\":[{\"@type\":\"ListItem\",\"position\":1,\"name\":\"Portada\",\"item\":\"https:\/\/luchonoticias.com\/editor\/\"},{\"@type\":\"ListItem\",\"position\":2,\"name\":\"ABC del proyecto de reforma a la salud\"}]},{\"@type\":\"WebSite\",\"@id\":\"https:\/\/luchonoticias.com\/editor\/#website\",\"url\":\"https:\/\/luchonoticias.com\/editor\/\",\"name\":\"\",\"description\":\"\",\"publisher\":{\"@id\":\"https:\/\/luchonoticias.com\/editor\/#\/schema\/person\/7a7fd911f58561fd056dbac7b55af9cd\"},\"potentialAction\":[{\"@type\":\"SearchAction\",\"target\":{\"@type\":\"EntryPoint\",\"urlTemplate\":\"https:\/\/luchonoticias.com\/editor\/?s={search_term_string}\"},\"query-input\":{\"@type\":\"PropertyValueSpecification\",\"valueRequired\":true,\"valueName\":\"search_term_string\"}}],\"inLanguage\":\"es\"},{\"@type\":[\"Person\",\"Organization\"],\"@id\":\"https:\/\/luchonoticias.com\/editor\/#\/schema\/person\/7a7fd911f58561fd056dbac7b55af9cd\",\"name\":\"admin\",\"image\":{\"@type\":\"ImageObject\",\"inLanguage\":\"es\",\"@id\":\"https:\/\/luchonoticias.com\/editor\/#\/schema\/person\/image\/\",\"url\":\"https:\/\/luchonoticias.com\/editor\/wp-content\/uploads\/2024\/02\/cropped-cropped-logolu.webp\",\"contentUrl\":\"https:\/\/luchonoticias.com\/editor\/wp-content\/uploads\/2024\/02\/cropped-cropped-logolu.webp\",\"width\":382,\"height\":170,\"caption\":\"admin\"},\"logo\":{\"@id\":\"https:\/\/luchonoticias.com\/editor\/#\/schema\/person\/image\/\"},\"sameAs\":[\"https:\/\/www.facebook.com\/luchonoticiasneiva\"]},{\"@type\":\"Person\",\"@id\":\"https:\/\/luchonoticias.com\/editor\/#\/schema\/person\/29217990ddf6f14e35912b2866d591fb\",\"name\":\"Editor General\",\"image\":{\"@type\":\"ImageObject\",\"inLanguage\":\"es\",\"@id\":\"https:\/\/luchonoticias.com\/editor\/#\/schema\/person\/image\/\",\"url\":\"https:\/\/luchonoticias.com\/editor\/wp-content\/uploads\/2024\/02\/cropped-cropped-logolu-150x150.webp\",\"contentUrl\":\"https:\/\/luchonoticias.com\/editor\/wp-content\/uploads\/2024\/02\/cropped-cropped-logolu-150x150.webp\",\"caption\":\"Editor General\"},\"sameAs\":[\"https:\/\/luchonoticias.com\/\"],\"url\":\"https:\/\/luchonoticias.com\/editor\/author\/editor-general\/\"}]}<\/script>\n<!-- \/ Yoast SEO plugin. -->","yoast_head_json":{"title":"ABC del proyecto de reforma a la salud -","robots":{"index":"index","follow":"follow","max-snippet":"max-snippet:-1","max-image-preview":"max-image-preview:large","max-video-preview":"max-video-preview:-1"},"canonical":"https:\/\/luchonoticias.com\/editor\/abc-del-proyecto-de-reforma-a-la-salud\/","og_locale":"es_ES","og_type":"article","og_title":"ABC del proyecto de reforma a la salud -","og_url":"https:\/\/luchonoticias.com\/editor\/abc-del-proyecto-de-reforma-a-la-salud\/","article_publisher":"https:\/\/www.facebook.com\/luchonoticiasneiva","article_published_time":"2023-02-13T23:24:15+00:00","article_modified_time":"2023-02-13T23:24:16+00:00","author":"Editor General","twitter_card":"summary_large_image","twitter_misc":{"Escrito por":"Editor General","Tiempo de lectura":"4 minutos"},"schema":{"@context":"https:\/\/schema.org","@graph":[{"@type":"Article","@id":"https:\/\/luchonoticias.com\/editor\/abc-del-proyecto-de-reforma-a-la-salud\/#article","isPartOf":{"@id":"https:\/\/luchonoticias.com\/editor\/abc-del-proyecto-de-reforma-a-la-salud\/"},"author":{"name":"Editor General","@id":"https:\/\/luchonoticias.com\/editor\/#\/schema\/person\/29217990ddf6f14e35912b2866d591fb"},"headline":"ABC del proyecto de reforma a la salud","datePublished":"2023-02-13T23:24:15+00:00","dateModified":"2023-02-13T23:24:16+00:00","mainEntityOfPage":{"@id":"https:\/\/luchonoticias.com\/editor\/abc-del-proyecto-de-reforma-a-la-salud\/"},"wordCount":829,"commentCount":0,"publisher":{"@id":"https:\/\/luchonoticias.com\/editor\/#\/schema\/person\/7a7fd911f58561fd056dbac7b55af9cd"},"articleSection":["Actualidad","Destacado"],"inLanguage":"es","potentialAction":[{"@type":"CommentAction","name":"Comment","target":["https:\/\/luchonoticias.com\/editor\/abc-del-proyecto-de-reforma-a-la-salud\/#respond"]}]},{"@type":"WebPage","@id":"https:\/\/luchonoticias.com\/editor\/abc-del-proyecto-de-reforma-a-la-salud\/","url":"https:\/\/luchonoticias.com\/editor\/abc-del-proyecto-de-reforma-a-la-salud\/","name":"ABC del proyecto de reforma a la salud -","isPartOf":{"@id":"https:\/\/luchonoticias.com\/editor\/#website"},"datePublished":"2023-02-13T23:24:15+00:00","dateModified":"2023-02-13T23:24:16+00:00","breadcrumb":{"@id":"https:\/\/luchonoticias.com\/editor\/abc-del-proyecto-de-reforma-a-la-salud\/#breadcrumb"},"inLanguage":"es","potentialAction":[{"@type":"ReadAction","target":["https:\/\/luchonoticias.com\/editor\/abc-del-proyecto-de-reforma-a-la-salud\/"]}]},{"@type":"BreadcrumbList","@id":"https:\/\/luchonoticias.com\/editor\/abc-del-proyecto-de-reforma-a-la-salud\/#breadcrumb","itemListElement":[{"@type":"ListItem","position":1,"name":"Portada","item":"https:\/\/luchonoticias.com\/editor\/"},{"@type":"ListItem","position":2,"name":"ABC del proyecto de reforma a la salud"}]},{"@type":"WebSite","@id":"https:\/\/luchonoticias.com\/editor\/#website","url":"https:\/\/luchonoticias.com\/editor\/","name":"","description":"","publisher":{"@id":"https:\/\/luchonoticias.com\/editor\/#\/schema\/person\/7a7fd911f58561fd056dbac7b55af9cd"},"potentialAction":[{"@type":"SearchAction","target":{"@type":"EntryPoint","urlTemplate":"https:\/\/luchonoticias.com\/editor\/?s={search_term_string}"},"query-input":{"@type":"PropertyValueSpecification","valueRequired":true,"valueName":"search_term_string"}}],"inLanguage":"es"},{"@type":["Person","Organization"],"@id":"https:\/\/luchonoticias.com\/editor\/#\/schema\/person\/7a7fd911f58561fd056dbac7b55af9cd","name":"admin","image":{"@type":"ImageObject","inLanguage":"es","@id":"https:\/\/luchonoticias.com\/editor\/#\/schema\/person\/image\/","url":"https:\/\/luchonoticias.com\/editor\/wp-content\/uploads\/2024\/02\/cropped-cropped-logolu.webp","contentUrl":"https:\/\/luchonoticias.com\/editor\/wp-content\/uploads\/2024\/02\/cropped-cropped-logolu.webp","width":382,"height":170,"caption":"admin"},"logo":{"@id":"https:\/\/luchonoticias.com\/editor\/#\/schema\/person\/image\/"},"sameAs":["https:\/\/www.facebook.com\/luchonoticiasneiva"]},{"@type":"Person","@id":"https:\/\/luchonoticias.com\/editor\/#\/schema\/person\/29217990ddf6f14e35912b2866d591fb","name":"Editor General","image":{"@type":"ImageObject","inLanguage":"es","@id":"https:\/\/luchonoticias.com\/editor\/#\/schema\/person\/image\/","url":"https:\/\/luchonoticias.com\/editor\/wp-content\/uploads\/2024\/02\/cropped-cropped-logolu-150x150.webp","contentUrl":"https:\/\/luchonoticias.com\/editor\/wp-content\/uploads\/2024\/02\/cropped-cropped-logolu-150x150.webp","caption":"Editor General"},"sameAs":["https:\/\/luchonoticias.com\/"],"url":"https:\/\/luchonoticias.com\/editor\/author\/editor-general\/"}]}},"_links":{"self":[{"href":"https:\/\/luchonoticias.com\/editor\/wp-json\/wp\/v2\/posts\/46132","targetHints":{"allow":["GET"]}}],"collection":[{"href":"https:\/\/luchonoticias.com\/editor\/wp-json\/wp\/v2\/posts"}],"about":[{"href":"https:\/\/luchonoticias.com\/editor\/wp-json\/wp\/v2\/types\/post"}],"author":[{"embeddable":true,"href":"https:\/\/luchonoticias.com\/editor\/wp-json\/wp\/v2\/users\/2"}],"replies":[{"embeddable":true,"href":"https:\/\/luchonoticias.com\/editor\/wp-json\/wp\/v2\/comments?post=46132"}],"version-history":[{"count":0,"href":"https:\/\/luchonoticias.com\/editor\/wp-json\/wp\/v2\/posts\/46132\/revisions"}],"wp:attachment":[{"href":"https:\/\/luchonoticias.com\/editor\/wp-json\/wp\/v2\/media?parent=46132"}],"wp:term":[{"taxonomy":"category","embeddable":true,"href":"https:\/\/luchonoticias.com\/editor\/wp-json\/wp\/v2\/categories?post=46132"},{"taxonomy":"post_tag","embeddable":true,"href":"https:\/\/luchonoticias.com\/editor\/wp-json\/wp\/v2\/tags?post=46132"}],"curies":[{"name":"wp","href":"https:\/\/api.w.org\/{rel}","templated":true}]}}