{"id":46136,"date":"2023-02-14T05:14:06","date_gmt":"2023-02-14T10:14:06","guid":{"rendered":"https:\/\/luchonoticias.com\/?p=46136"},"modified":"2023-02-14T05:14:07","modified_gmt":"2023-02-14T10:14:07","slug":"si-hay-un-derecho-universal-a-la-salud-es-posible-la-paz-total-y-colombia-se-puede-constituir-en-potencia-mundial-de-la-vida-petro","status":"publish","type":"post","link":"https:\/\/luchonoticias.com\/editor\/si-hay-un-derecho-universal-a-la-salud-es-posible-la-paz-total-y-colombia-se-puede-constituir-en-potencia-mundial-de-la-vida-petro\/","title":{"rendered":"Si hay un derecho universal a la salud, es posible la Paz Total y Colombia se puede constituir en potencia mundial de la vida: Petro"},"content":{"rendered":"\n<p>Si hay un derecho universal a la salud es posible la Paz Total y Colombia se puede constituir en potencia mundial de la vida, manifest\u00f3 este lunes el Presidente de la Rep\u00fablica, Gustavo Petro, poco antes de que el Gobierno Nacional radicara ante el Congreso el proyecto legislativo Cambio hacia una Salud para la Vida.<\/p>\n\n\n\n<p>El Mandatario recibi\u00f3 el texto del proyecto de ley, de 152 art\u00edculos, de manos de representantes de la sociedad civil, asociaciones de m\u00e9dicos, organizaciones sindicales y gremios de la salud, en un acto efectuado en la Plaza de Armas de la Casa de Nari\u00f1o.<\/p>\n\n\n\n<figure class=\"wp-block-gallery has-nested-images columns-default is-cropped wp-block-gallery-1 is-layout-flex wp-block-gallery-is-layout-flex\">\n<figure class=\"wp-block-image size-large\"><img decoding=\"async\" data-id=\"46138\" src=\"https:\/\/luchonoticias.com\/wp-content\/uploads\/2023\/02\/WhatsApp-Image-2023-02-13-at-5.56.46-PM-1-1024x682.jpeg\" alt=\"\" class=\"wp-image-46138\"\/><\/figure>\n\n\n\n<figure class=\"wp-block-image size-large\"><img decoding=\"async\" data-id=\"46139\" src=\"https:\/\/luchonoticias.com\/wp-content\/uploads\/2023\/02\/WhatsApp-Image-2023-02-13-at-6.28.25-PM-1024x682.jpeg\" alt=\"\" class=\"wp-image-46139\"\/><\/figure>\n<\/figure>\n\n\n\n<p>Le acompa\u00f1aron la Primera Dama de la Naci\u00f3n, Ver\u00f3nica Alcocer; la Vicepresidenta de la Rep\u00fablica, Francia M\u00e1rquez; los presidentes del Senado, Roy Barreras, y de la C\u00e1mara de Representantes, David Racero; la Ministra de Salud, Carolina Corcho, y el Presidente de la Federaci\u00f3n M\u00e9dica Colombiana, Sergio Isaza Villa, entre otros.<\/p>\n\n\n\n<p>\u201cSi hay un derecho universal a la salud es posible la Paz Total. Si hay unos derechos garantizados es posible la Paz Total y Colombia se puede constituir en potencia mundial de la vida\u201d, expres\u00f3 el Jefe de Estado.<\/p>\n\n\n\n<p>Destac\u00f3 que el sistema que se propone est\u00e1 basado en la salud preventiva por medio del Centro de Atenci\u00f3n Primaria (CAP), que \u201cno es una casa, una simple instalaci\u00f3n donde unas personas atienden\u201d, sino espacios de aproximadamente 25 mil personas, cada uno, distribuidos por el territorio nacional.<\/p>\n\n\n\n<p><strong>Las reformas<\/strong><\/p>\n\n\n\n<p>El Presidente Petro recalc\u00f3 que este proyecto de ley se suma a otros presentados por el Gobierno Nacional, como el de Reforma Tributaria, que ya es ley, y se\u00f1al\u00f3 que este demostr\u00f3 que \u201cera posible tener un r\u00e9gimen de tributaci\u00f3n y de impuestos m\u00e1s justo\u201d.<\/p>\n\n\n\n<figure class=\"wp-block-gallery has-nested-images columns-default is-cropped wp-block-gallery-2 is-layout-flex wp-block-gallery-is-layout-flex\">\n<figure class=\"wp-block-image size-large\"><img decoding=\"async\" data-id=\"46140\" src=\"https:\/\/luchonoticias.com\/wp-content\/uploads\/2023\/02\/WhatsApp-Image-2023-02-13-at-6.17.33-PM-1024x682.jpeg\" alt=\"\" class=\"wp-image-46140\"\/><\/figure>\n\n\n\n<figure class=\"wp-block-image size-large\"><img decoding=\"async\" data-id=\"46142\" src=\"https:\/\/luchonoticias.com\/wp-content\/uploads\/2023\/02\/WhatsApp-Image-2023-02-13-at-6.17.37-PM-1-1024x682.jpeg\" alt=\"\" class=\"wp-image-46142\"\/><\/figure>\n\n\n\n<figure class=\"wp-block-image size-large\"><img decoding=\"async\" data-id=\"46141\" src=\"https:\/\/luchonoticias.com\/wp-content\/uploads\/2023\/02\/WhatsApp-Image-2023-02-13-at-6.17.42-PM-1-1024x682.jpeg\" alt=\"\" class=\"wp-image-46141\"\/><\/figure>\n<\/figure>\n\n\n\n<p>Se refiri\u00f3, asimismo, a las reformas que el Gobierno presentar\u00e1 al Congreso en otras \u00e1reas, e indic\u00f3 que con ellas se busca que mejore el diario vivir de todos los colombianos y colombianas.<\/p>\n\n\n\n<p>\u201cSon reformas universales, es decir, para todos y para todas, que no quede nadie excluido del impacto, que esperamos sea positivo\u201d, dijo.<\/p>\n\n\n\n<p>En ese orden de ideas, sobre la reforma pensional, el Mandatario manifest\u00f3: \u201cQueremos que una pensi\u00f3n le llegue a cualquier viejo y a cualquier vieja en cualquier lugar del territorio de Colombia\u201d.<\/p>\n\n\n\n<p>Acerca de la reforma laboral sostuvo: \u201cLo que queremos es que cualquiera que vaya a pedir un puesto de trabajo, fundamentalmente una mujer, no le digan que es solo para tres meses \u2014si es que lo consigue\u2014 y que cada dos meses tenga que hacer pleites\u00edas y quedar vulnerable al acoso laboral o sexual\u201d.<\/p>\n\n\n\n<p>\u201cLo que queremos es que ese contrato de trabajo sea indefinido y que pueda permitir dignidad laboral\u201d, agreg\u00f3 el Presidente Petro.<\/p>\n\n\n\n<p>En cuanto a la reforma a la salud dijo: \u201cQueremos que el m\u00e9dico pueda ir a cualquier lugar del territorio nacional y atender a cualquier persona\u201d, y que \u201clos habitantes puedan ser atendidos de manera permanente por un equipo de salud de profesionales\u201d, en cualquier lugar del pa\u00eds.<\/p>\n\n\n\n<p>Tambi\u00e9n que \u201cque una mujer embarazada pueda ser digna del cuidado y del tratamiento m\u00e9dico, y que no muera, como est\u00e1 sucediendo actualmente, simplemente porque no hubo nadie que le pudiera tomar la tensi\u00f3n, porque no hubo qui\u00e9n protegiera su vida y la de su hijo\u201d, precis\u00f3 el Jefe de Estado.<\/p>\n\n\n\n<p>El Presidente Petro indic\u00f3 que \u201cestas reformas al final lo que traen y concretan es una sociedad diferente, una sociedad m\u00e1s democr\u00e1tica, una sociedad que sea de derechos universales, como lo piensa la Constituci\u00f3n Nacional, y no de exclusiones, como la realidad nos ha hecho vivir\u201d.<\/p>\n\n\n\n<p>Y enfatiz\u00f3 que \u201cestos proyectos de ley que van a ser discutidos lo que le proponen a la sociedad colombiana es salir del neoliberalismo\u201d, que defini\u00f3 como una ideolog\u00eda que ha gobernado el mundo desde hace aproximadamente cuarenta a\u00f1os.<\/p>\n\n\n\n<p>Por \u00faltimo, afirm\u00f3 que con la reforma \u201cno habr\u00e1 m\u00e1s clientes en la salud p\u00fablica\u201d.<\/p>\n\n\n\n<p>\u201cAhora entregamos el proyecto de ley que ser\u00e1 uno de los pilares para transformar&nbsp;&nbsp; a Colombia en una potencia de la vida, Presidente del Congreso. Tienen ustedes ahora la palabra\u201d, puntualiz\u00f3.<\/p>\n","protected":false},"excerpt":{"rendered":"<p>Si hay un derecho universal a la salud es posible la Paz Total y Colombia se puede constituir en potencia mundial de la vida, manifest\u00f3 este lunes el Presidente de la Rep\u00fablica, Gustavo Petro, poco antes de que el Gobierno Nacional radicara ante el Congreso el proyecto legislativo Cambio hacia una Salud para la Vida. [&hellip;]<\/p>\n","protected":false},"author":2,"featured_media":0,"comment_status":"open","ping_status":"open","sticky":false,"template":"","format":"standard","meta":{"footnotes":""},"categories":[36,32],"tags":[],"class_list":["post-46136","post","type-post","status-publish","format-standard","hentry","category-destacado","category-nacional"],"yoast_head":"<!-- This site is optimized with the Yoast SEO plugin v26.6 - https:\/\/yoast.com\/wordpress\/plugins\/seo\/ -->\n<title>Si hay un derecho universal a la salud, es posible la Paz Total y Colombia se puede constituir en potencia mundial de la vida: Petro -<\/title>\n<meta name=\"robots\" content=\"index, follow, max-snippet:-1, max-image-preview:large, max-video-preview:-1\" \/>\n<link rel=\"canonical\" href=\"https:\/\/luchonoticias.com\/editor\/si-hay-un-derecho-universal-a-la-salud-es-posible-la-paz-total-y-colombia-se-puede-constituir-en-potencia-mundial-de-la-vida-petro\/\" \/>\n<meta property=\"og:locale\" content=\"es_ES\" \/>\n<meta property=\"og:type\" content=\"article\" \/>\n<meta property=\"og:title\" content=\"Si hay un derecho universal a la salud, es posible la Paz Total y Colombia se puede constituir en potencia mundial de la vida: Petro -\" \/>\n<meta property=\"og:url\" content=\"https:\/\/luchonoticias.com\/editor\/si-hay-un-derecho-universal-a-la-salud-es-posible-la-paz-total-y-colombia-se-puede-constituir-en-potencia-mundial-de-la-vida-petro\/\" \/>\n<meta property=\"article:publisher\" content=\"https:\/\/www.facebook.com\/luchonoticiasneiva\" \/>\n<meta property=\"article:published_time\" content=\"2023-02-14T10:14:06+00:00\" \/>\n<meta property=\"article:modified_time\" content=\"2023-02-14T10:14:07+00:00\" \/>\n<meta property=\"og:image\" content=\"https:\/\/luchonoticias.com\/wp-content\/uploads\/2023\/02\/WhatsApp-Image-2023-02-13-at-5.56.46-PM-1-1024x682.jpeg\" \/>\n<meta name=\"author\" content=\"Editor General\" \/>\n<meta name=\"twitter:card\" content=\"summary_large_image\" \/>\n<meta name=\"twitter:label1\" content=\"Escrito por\" \/>\n\t<meta name=\"twitter:data1\" content=\"Editor General\" \/>\n\t<meta name=\"twitter:label2\" content=\"Tiempo de lectura\" \/>\n\t<meta name=\"twitter:data2\" content=\"4 minutos\" \/>\n<script type=\"application\/ld+json\" class=\"yoast-schema-graph\">{\"@context\":\"https:\/\/schema.org\",\"@graph\":[{\"@type\":\"Article\",\"@id\":\"https:\/\/luchonoticias.com\/editor\/si-hay-un-derecho-universal-a-la-salud-es-posible-la-paz-total-y-colombia-se-puede-constituir-en-potencia-mundial-de-la-vida-petro\/#article\",\"isPartOf\":{\"@id\":\"https:\/\/luchonoticias.com\/editor\/si-hay-un-derecho-universal-a-la-salud-es-posible-la-paz-total-y-colombia-se-puede-constituir-en-potencia-mundial-de-la-vida-petro\/\"},\"author\":{\"name\":\"Editor General\",\"@id\":\"https:\/\/luchonoticias.com\/editor\/#\/schema\/person\/29217990ddf6f14e35912b2866d591fb\"},\"headline\":\"Si hay un derecho universal a la salud, es posible la Paz Total y Colombia se puede constituir en potencia mundial de la vida: Petro\",\"datePublished\":\"2023-02-14T10:14:06+00:00\",\"dateModified\":\"2023-02-14T10:14:07+00:00\",\"mainEntityOfPage\":{\"@id\":\"https:\/\/luchonoticias.com\/editor\/si-hay-un-derecho-universal-a-la-salud-es-posible-la-paz-total-y-colombia-se-puede-constituir-en-potencia-mundial-de-la-vida-petro\/\"},\"wordCount\":732,\"commentCount\":0,\"publisher\":{\"@id\":\"https:\/\/luchonoticias.com\/editor\/#\/schema\/person\/7a7fd911f58561fd056dbac7b55af9cd\"},\"image\":{\"@id\":\"https:\/\/luchonoticias.com\/editor\/si-hay-un-derecho-universal-a-la-salud-es-posible-la-paz-total-y-colombia-se-puede-constituir-en-potencia-mundial-de-la-vida-petro\/#primaryimage\"},\"thumbnailUrl\":\"https:\/\/luchonoticias.com\/wp-content\/uploads\/2023\/02\/WhatsApp-Image-2023-02-13-at-5.56.46-PM-1-1024x682.jpeg\",\"articleSection\":[\"Destacado\",\"Nacional\"],\"inLanguage\":\"es\",\"potentialAction\":[{\"@type\":\"CommentAction\",\"name\":\"Comment\",\"target\":[\"https:\/\/luchonoticias.com\/editor\/si-hay-un-derecho-universal-a-la-salud-es-posible-la-paz-total-y-colombia-se-puede-constituir-en-potencia-mundial-de-la-vida-petro\/#respond\"]}]},{\"@type\":\"WebPage\",\"@id\":\"https:\/\/luchonoticias.com\/editor\/si-hay-un-derecho-universal-a-la-salud-es-posible-la-paz-total-y-colombia-se-puede-constituir-en-potencia-mundial-de-la-vida-petro\/\",\"url\":\"https:\/\/luchonoticias.com\/editor\/si-hay-un-derecho-universal-a-la-salud-es-posible-la-paz-total-y-colombia-se-puede-constituir-en-potencia-mundial-de-la-vida-petro\/\",\"name\":\"Si hay un derecho universal a la salud, es posible la Paz Total y Colombia se puede constituir en potencia mundial de la vida: Petro -\",\"isPartOf\":{\"@id\":\"https:\/\/luchonoticias.com\/editor\/#website\"},\"primaryImageOfPage\":{\"@id\":\"https:\/\/luchonoticias.com\/editor\/si-hay-un-derecho-universal-a-la-salud-es-posible-la-paz-total-y-colombia-se-puede-constituir-en-potencia-mundial-de-la-vida-petro\/#primaryimage\"},\"image\":{\"@id\":\"https:\/\/luchonoticias.com\/editor\/si-hay-un-derecho-universal-a-la-salud-es-posible-la-paz-total-y-colombia-se-puede-constituir-en-potencia-mundial-de-la-vida-petro\/#primaryimage\"},\"thumbnailUrl\":\"https:\/\/luchonoticias.com\/wp-content\/uploads\/2023\/02\/WhatsApp-Image-2023-02-13-at-5.56.46-PM-1-1024x682.jpeg\",\"datePublished\":\"2023-02-14T10:14:06+00:00\",\"dateModified\":\"2023-02-14T10:14:07+00:00\",\"breadcrumb\":{\"@id\":\"https:\/\/luchonoticias.com\/editor\/si-hay-un-derecho-universal-a-la-salud-es-posible-la-paz-total-y-colombia-se-puede-constituir-en-potencia-mundial-de-la-vida-petro\/#breadcrumb\"},\"inLanguage\":\"es\",\"potentialAction\":[{\"@type\":\"ReadAction\",\"target\":[\"https:\/\/luchonoticias.com\/editor\/si-hay-un-derecho-universal-a-la-salud-es-posible-la-paz-total-y-colombia-se-puede-constituir-en-potencia-mundial-de-la-vida-petro\/\"]}]},{\"@type\":\"ImageObject\",\"inLanguage\":\"es\",\"@id\":\"https:\/\/luchonoticias.com\/editor\/si-hay-un-derecho-universal-a-la-salud-es-posible-la-paz-total-y-colombia-se-puede-constituir-en-potencia-mundial-de-la-vida-petro\/#primaryimage\",\"url\":\"https:\/\/luchonoticias.com\/wp-content\/uploads\/2023\/02\/WhatsApp-Image-2023-02-13-at-5.56.46-PM-1-1024x682.jpeg\",\"contentUrl\":\"https:\/\/luchonoticias.com\/wp-content\/uploads\/2023\/02\/WhatsApp-Image-2023-02-13-at-5.56.46-PM-1-1024x682.jpeg\"},{\"@type\":\"BreadcrumbList\",\"@id\":\"https:\/\/luchonoticias.com\/editor\/si-hay-un-derecho-universal-a-la-salud-es-posible-la-paz-total-y-colombia-se-puede-constituir-en-potencia-mundial-de-la-vida-petro\/#breadcrumb\",\"itemListElement\":[{\"@type\":\"ListItem\",\"position\":1,\"name\":\"Portada\",\"item\":\"https:\/\/luchonoticias.com\/editor\/\"},{\"@type\":\"ListItem\",\"position\":2,\"name\":\"Si hay un derecho universal a la salud, es posible la Paz Total y Colombia se puede constituir en potencia mundial de la vida: Petro\"}]},{\"@type\":\"WebSite\",\"@id\":\"https:\/\/luchonoticias.com\/editor\/#website\",\"url\":\"https:\/\/luchonoticias.com\/editor\/\",\"name\":\"\",\"description\":\"\",\"publisher\":{\"@id\":\"https:\/\/luchonoticias.com\/editor\/#\/schema\/person\/7a7fd911f58561fd056dbac7b55af9cd\"},\"potentialAction\":[{\"@type\":\"SearchAction\",\"target\":{\"@type\":\"EntryPoint\",\"urlTemplate\":\"https:\/\/luchonoticias.com\/editor\/?s={search_term_string}\"},\"query-input\":{\"@type\":\"PropertyValueSpecification\",\"valueRequired\":true,\"valueName\":\"search_term_string\"}}],\"inLanguage\":\"es\"},{\"@type\":[\"Person\",\"Organization\"],\"@id\":\"https:\/\/luchonoticias.com\/editor\/#\/schema\/person\/7a7fd911f58561fd056dbac7b55af9cd\",\"name\":\"admin\",\"image\":{\"@type\":\"ImageObject\",\"inLanguage\":\"es\",\"@id\":\"https:\/\/luchonoticias.com\/editor\/#\/schema\/person\/image\/\",\"url\":\"https:\/\/luchonoticias.com\/editor\/wp-content\/uploads\/2024\/02\/cropped-cropped-logolu.webp\",\"contentUrl\":\"https:\/\/luchonoticias.com\/editor\/wp-content\/uploads\/2024\/02\/cropped-cropped-logolu.webp\",\"width\":382,\"height\":170,\"caption\":\"admin\"},\"logo\":{\"@id\":\"https:\/\/luchonoticias.com\/editor\/#\/schema\/person\/image\/\"},\"sameAs\":[\"https:\/\/www.facebook.com\/luchonoticiasneiva\"]},{\"@type\":\"Person\",\"@id\":\"https:\/\/luchonoticias.com\/editor\/#\/schema\/person\/29217990ddf6f14e35912b2866d591fb\",\"name\":\"Editor General\",\"image\":{\"@type\":\"ImageObject\",\"inLanguage\":\"es\",\"@id\":\"https:\/\/luchonoticias.com\/editor\/#\/schema\/person\/image\/\",\"url\":\"https:\/\/luchonoticias.com\/editor\/wp-content\/uploads\/2024\/02\/cropped-cropped-logolu-150x150.webp\",\"contentUrl\":\"https:\/\/luchonoticias.com\/editor\/wp-content\/uploads\/2024\/02\/cropped-cropped-logolu-150x150.webp\",\"caption\":\"Editor General\"},\"sameAs\":[\"https:\/\/luchonoticias.com\/\"],\"url\":\"https:\/\/luchonoticias.com\/editor\/author\/editor-general\/\"}]}<\/script>\n<!-- \/ Yoast SEO plugin. -->","yoast_head_json":{"title":"Si hay un derecho universal a la salud, es posible la Paz Total y Colombia se puede constituir en potencia mundial de la vida: Petro -","robots":{"index":"index","follow":"follow","max-snippet":"max-snippet:-1","max-image-preview":"max-image-preview:large","max-video-preview":"max-video-preview:-1"},"canonical":"https:\/\/luchonoticias.com\/editor\/si-hay-un-derecho-universal-a-la-salud-es-posible-la-paz-total-y-colombia-se-puede-constituir-en-potencia-mundial-de-la-vida-petro\/","og_locale":"es_ES","og_type":"article","og_title":"Si hay un derecho universal a la salud, es posible la Paz Total y Colombia se puede constituir en potencia mundial de la vida: Petro -","og_url":"https:\/\/luchonoticias.com\/editor\/si-hay-un-derecho-universal-a-la-salud-es-posible-la-paz-total-y-colombia-se-puede-constituir-en-potencia-mundial-de-la-vida-petro\/","article_publisher":"https:\/\/www.facebook.com\/luchonoticiasneiva","article_published_time":"2023-02-14T10:14:06+00:00","article_modified_time":"2023-02-14T10:14:07+00:00","og_image":[{"url":"https:\/\/luchonoticias.com\/wp-content\/uploads\/2023\/02\/WhatsApp-Image-2023-02-13-at-5.56.46-PM-1-1024x682.jpeg","type":"","width":"","height":""}],"author":"Editor General","twitter_card":"summary_large_image","twitter_misc":{"Escrito por":"Editor General","Tiempo de lectura":"4 minutos"},"schema":{"@context":"https:\/\/schema.org","@graph":[{"@type":"Article","@id":"https:\/\/luchonoticias.com\/editor\/si-hay-un-derecho-universal-a-la-salud-es-posible-la-paz-total-y-colombia-se-puede-constituir-en-potencia-mundial-de-la-vida-petro\/#article","isPartOf":{"@id":"https:\/\/luchonoticias.com\/editor\/si-hay-un-derecho-universal-a-la-salud-es-posible-la-paz-total-y-colombia-se-puede-constituir-en-potencia-mundial-de-la-vida-petro\/"},"author":{"name":"Editor General","@id":"https:\/\/luchonoticias.com\/editor\/#\/schema\/person\/29217990ddf6f14e35912b2866d591fb"},"headline":"Si hay un derecho universal a la salud, es posible la Paz Total y Colombia se puede constituir en potencia mundial de la vida: Petro","datePublished":"2023-02-14T10:14:06+00:00","dateModified":"2023-02-14T10:14:07+00:00","mainEntityOfPage":{"@id":"https:\/\/luchonoticias.com\/editor\/si-hay-un-derecho-universal-a-la-salud-es-posible-la-paz-total-y-colombia-se-puede-constituir-en-potencia-mundial-de-la-vida-petro\/"},"wordCount":732,"commentCount":0,"publisher":{"@id":"https:\/\/luchonoticias.com\/editor\/#\/schema\/person\/7a7fd911f58561fd056dbac7b55af9cd"},"image":{"@id":"https:\/\/luchonoticias.com\/editor\/si-hay-un-derecho-universal-a-la-salud-es-posible-la-paz-total-y-colombia-se-puede-constituir-en-potencia-mundial-de-la-vida-petro\/#primaryimage"},"thumbnailUrl":"https:\/\/luchonoticias.com\/wp-content\/uploads\/2023\/02\/WhatsApp-Image-2023-02-13-at-5.56.46-PM-1-1024x682.jpeg","articleSection":["Destacado","Nacional"],"inLanguage":"es","potentialAction":[{"@type":"CommentAction","name":"Comment","target":["https:\/\/luchonoticias.com\/editor\/si-hay-un-derecho-universal-a-la-salud-es-posible-la-paz-total-y-colombia-se-puede-constituir-en-potencia-mundial-de-la-vida-petro\/#respond"]}]},{"@type":"WebPage","@id":"https:\/\/luchonoticias.com\/editor\/si-hay-un-derecho-universal-a-la-salud-es-posible-la-paz-total-y-colombia-se-puede-constituir-en-potencia-mundial-de-la-vida-petro\/","url":"https:\/\/luchonoticias.com\/editor\/si-hay-un-derecho-universal-a-la-salud-es-posible-la-paz-total-y-colombia-se-puede-constituir-en-potencia-mundial-de-la-vida-petro\/","name":"Si hay un derecho universal a la salud, es posible la Paz Total y Colombia se puede constituir en potencia mundial de la vida: Petro -","isPartOf":{"@id":"https:\/\/luchonoticias.com\/editor\/#website"},"primaryImageOfPage":{"@id":"https:\/\/luchonoticias.com\/editor\/si-hay-un-derecho-universal-a-la-salud-es-posible-la-paz-total-y-colombia-se-puede-constituir-en-potencia-mundial-de-la-vida-petro\/#primaryimage"},"image":{"@id":"https:\/\/luchonoticias.com\/editor\/si-hay-un-derecho-universal-a-la-salud-es-posible-la-paz-total-y-colombia-se-puede-constituir-en-potencia-mundial-de-la-vida-petro\/#primaryimage"},"thumbnailUrl":"https:\/\/luchonoticias.com\/wp-content\/uploads\/2023\/02\/WhatsApp-Image-2023-02-13-at-5.56.46-PM-1-1024x682.jpeg","datePublished":"2023-02-14T10:14:06+00:00","dateModified":"2023-02-14T10:14:07+00:00","breadcrumb":{"@id":"https:\/\/luchonoticias.com\/editor\/si-hay-un-derecho-universal-a-la-salud-es-posible-la-paz-total-y-colombia-se-puede-constituir-en-potencia-mundial-de-la-vida-petro\/#breadcrumb"},"inLanguage":"es","potentialAction":[{"@type":"ReadAction","target":["https:\/\/luchonoticias.com\/editor\/si-hay-un-derecho-universal-a-la-salud-es-posible-la-paz-total-y-colombia-se-puede-constituir-en-potencia-mundial-de-la-vida-petro\/"]}]},{"@type":"ImageObject","inLanguage":"es","@id":"https:\/\/luchonoticias.com\/editor\/si-hay-un-derecho-universal-a-la-salud-es-posible-la-paz-total-y-colombia-se-puede-constituir-en-potencia-mundial-de-la-vida-petro\/#primaryimage","url":"https:\/\/luchonoticias.com\/wp-content\/uploads\/2023\/02\/WhatsApp-Image-2023-02-13-at-5.56.46-PM-1-1024x682.jpeg","contentUrl":"https:\/\/luchonoticias.com\/wp-content\/uploads\/2023\/02\/WhatsApp-Image-2023-02-13-at-5.56.46-PM-1-1024x682.jpeg"},{"@type":"BreadcrumbList","@id":"https:\/\/luchonoticias.com\/editor\/si-hay-un-derecho-universal-a-la-salud-es-posible-la-paz-total-y-colombia-se-puede-constituir-en-potencia-mundial-de-la-vida-petro\/#breadcrumb","itemListElement":[{"@type":"ListItem","position":1,"name":"Portada","item":"https:\/\/luchonoticias.com\/editor\/"},{"@type":"ListItem","position":2,"name":"Si hay un derecho universal a la salud, es posible la Paz Total y Colombia se puede constituir en potencia mundial de la vida: Petro"}]},{"@type":"WebSite","@id":"https:\/\/luchonoticias.com\/editor\/#website","url":"https:\/\/luchonoticias.com\/editor\/","name":"","description":"","publisher":{"@id":"https:\/\/luchonoticias.com\/editor\/#\/schema\/person\/7a7fd911f58561fd056dbac7b55af9cd"},"potentialAction":[{"@type":"SearchAction","target":{"@type":"EntryPoint","urlTemplate":"https:\/\/luchonoticias.com\/editor\/?s={search_term_string}"},"query-input":{"@type":"PropertyValueSpecification","valueRequired":true,"valueName":"search_term_string"}}],"inLanguage":"es"},{"@type":["Person","Organization"],"@id":"https:\/\/luchonoticias.com\/editor\/#\/schema\/person\/7a7fd911f58561fd056dbac7b55af9cd","name":"admin","image":{"@type":"ImageObject","inLanguage":"es","@id":"https:\/\/luchonoticias.com\/editor\/#\/schema\/person\/image\/","url":"https:\/\/luchonoticias.com\/editor\/wp-content\/uploads\/2024\/02\/cropped-cropped-logolu.webp","contentUrl":"https:\/\/luchonoticias.com\/editor\/wp-content\/uploads\/2024\/02\/cropped-cropped-logolu.webp","width":382,"height":170,"caption":"admin"},"logo":{"@id":"https:\/\/luchonoticias.com\/editor\/#\/schema\/person\/image\/"},"sameAs":["https:\/\/www.facebook.com\/luchonoticiasneiva"]},{"@type":"Person","@id":"https:\/\/luchonoticias.com\/editor\/#\/schema\/person\/29217990ddf6f14e35912b2866d591fb","name":"Editor General","image":{"@type":"ImageObject","inLanguage":"es","@id":"https:\/\/luchonoticias.com\/editor\/#\/schema\/person\/image\/","url":"https:\/\/luchonoticias.com\/editor\/wp-content\/uploads\/2024\/02\/cropped-cropped-logolu-150x150.webp","contentUrl":"https:\/\/luchonoticias.com\/editor\/wp-content\/uploads\/2024\/02\/cropped-cropped-logolu-150x150.webp","caption":"Editor General"},"sameAs":["https:\/\/luchonoticias.com\/"],"url":"https:\/\/luchonoticias.com\/editor\/author\/editor-general\/"}]}},"_links":{"self":[{"href":"https:\/\/luchonoticias.com\/editor\/wp-json\/wp\/v2\/posts\/46136","targetHints":{"allow":["GET"]}}],"collection":[{"href":"https:\/\/luchonoticias.com\/editor\/wp-json\/wp\/v2\/posts"}],"about":[{"href":"https:\/\/luchonoticias.com\/editor\/wp-json\/wp\/v2\/types\/post"}],"author":[{"embeddable":true,"href":"https:\/\/luchonoticias.com\/editor\/wp-json\/wp\/v2\/users\/2"}],"replies":[{"embeddable":true,"href":"https:\/\/luchonoticias.com\/editor\/wp-json\/wp\/v2\/comments?post=46136"}],"version-history":[{"count":0,"href":"https:\/\/luchonoticias.com\/editor\/wp-json\/wp\/v2\/posts\/46136\/revisions"}],"wp:attachment":[{"href":"https:\/\/luchonoticias.com\/editor\/wp-json\/wp\/v2\/media?parent=46136"}],"wp:term":[{"taxonomy":"category","embeddable":true,"href":"https:\/\/luchonoticias.com\/editor\/wp-json\/wp\/v2\/categories?post=46136"},{"taxonomy":"post_tag","embeddable":true,"href":"https:\/\/luchonoticias.com\/editor\/wp-json\/wp\/v2\/tags?post=46136"}],"curies":[{"name":"wp","href":"https:\/\/api.w.org\/{rel}","templated":true}]}}