{"id":46144,"date":"2023-02-14T05:26:15","date_gmt":"2023-02-14T10:26:15","guid":{"rendered":"https:\/\/luchonoticias.com\/?p=46144"},"modified":"2023-02-14T05:26:16","modified_gmt":"2023-02-14T10:26:16","slug":"una-persona-muerta-deja-ataque-sicarial-en-zona-rural-de-suaza-huila","status":"publish","type":"post","link":"https:\/\/luchonoticias.com\/editor\/una-persona-muerta-deja-ataque-sicarial-en-zona-rural-de-suaza-huila\/","title":{"rendered":"Una persona muerta deja ataque sicarial en zona rural de Suaza, Huila"},"content":{"rendered":"\n<p>La tranquilidad de los habitantes del Centro Poblado de Gallardo del municipio de Suaza, fue interrumpida el d\u00eda de ayer en horas de la noche, por los fuertes estruendos de los disparos que acabaron con la vida de un hombre conocido como \u2018El Escolta\u2019.<\/p>\n\n\n\n<p>Seg\u00fan las autoridades, el hecho cuando la v\u00edctima fue abordada por dos sujetos que se movilizaban en una motocicleta y le dispararon en repetidas ocasiones. &nbsp;Varios impactos en la cabeza acabaron con la existencia del hombre oriundo de la ciudad de Florencia del Caquet\u00e1 y quien desde hace bastante tiempo se encontraba residenciado en el sur del Huila.<\/p>\n\n\n\n<p>De acuerdo a testigos del hecho sicarial, al parecer estar\u00eda relacionado con el tr\u00e1fico y comercializaci\u00f3n de estupefacientes en este centro poblado. Las autoridades investigan para entregar un parte oficial de este hecho de sangre.<\/p>\n","protected":false},"excerpt":{"rendered":"<p>La tranquilidad de los habitantes del Centro Poblado de Gallardo del municipio de Suaza, fue interrumpida el d\u00eda de ayer en horas de la noche, por los fuertes estruendos de los disparos que acabaron con la vida de un hombre conocido como \u2018El Escolta\u2019. Seg\u00fan las autoridades, el hecho cuando la v\u00edctima fue abordada por [&hellip;]<\/p>\n","protected":false},"author":2,"featured_media":0,"comment_status":"open","ping_status":"open","sticky":false,"template":"","format":"standard","meta":{"footnotes":""},"categories":[36,29],"tags":[],"class_list":["post-46144","post","type-post","status-publish","format-standard","hentry","category-destacado","category-judicial"],"yoast_head":"<!-- This site is optimized with the Yoast SEO plugin v26.6 - https:\/\/yoast.com\/wordpress\/plugins\/seo\/ -->\n<title>Una persona muerta deja ataque sicarial en zona rural de Suaza, Huila -<\/title>\n<meta name=\"robots\" content=\"index, follow, max-snippet:-1, max-image-preview:large, max-video-preview:-1\" \/>\n<link rel=\"canonical\" href=\"https:\/\/luchonoticias.com\/editor\/una-persona-muerta-deja-ataque-sicarial-en-zona-rural-de-suaza-huila\/\" \/>\n<meta property=\"og:locale\" content=\"es_ES\" \/>\n<meta property=\"og:type\" content=\"article\" \/>\n<meta property=\"og:title\" content=\"Una persona muerta deja ataque sicarial en zona rural de Suaza, Huila -\" \/>\n<meta property=\"og:url\" content=\"https:\/\/luchonoticias.com\/editor\/una-persona-muerta-deja-ataque-sicarial-en-zona-rural-de-suaza-huila\/\" \/>\n<meta property=\"article:publisher\" content=\"https:\/\/www.facebook.com\/luchonoticiasneiva\" \/>\n<meta property=\"article:published_time\" content=\"2023-02-14T10:26:15+00:00\" \/>\n<meta property=\"article:modified_time\" content=\"2023-02-14T10:26:16+00:00\" \/>\n<meta name=\"author\" content=\"Editor General\" \/>\n<meta name=\"twitter:card\" content=\"summary_large_image\" \/>\n<meta name=\"twitter:label1\" content=\"Escrito por\" \/>\n\t<meta name=\"twitter:data1\" content=\"Editor General\" \/>\n\t<meta name=\"twitter:label2\" content=\"Tiempo de lectura\" \/>\n\t<meta name=\"twitter:data2\" content=\"1 minuto\" \/>\n<script type=\"application\/ld+json\" class=\"yoast-schema-graph\">{\"@context\":\"https:\/\/schema.org\",\"@graph\":[{\"@type\":\"Article\",\"@id\":\"https:\/\/luchonoticias.com\/editor\/una-persona-muerta-deja-ataque-sicarial-en-zona-rural-de-suaza-huila\/#article\",\"isPartOf\":{\"@id\":\"https:\/\/luchonoticias.com\/editor\/una-persona-muerta-deja-ataque-sicarial-en-zona-rural-de-suaza-huila\/\"},\"author\":{\"name\":\"Editor General\",\"@id\":\"https:\/\/luchonoticias.com\/editor\/#\/schema\/person\/29217990ddf6f14e35912b2866d591fb\"},\"headline\":\"Una persona muerta deja ataque sicarial en zona rural de Suaza, Huila\",\"datePublished\":\"2023-02-14T10:26:15+00:00\",\"dateModified\":\"2023-02-14T10:26:16+00:00\",\"mainEntityOfPage\":{\"@id\":\"https:\/\/luchonoticias.com\/editor\/una-persona-muerta-deja-ataque-sicarial-en-zona-rural-de-suaza-huila\/\"},\"wordCount\":156,\"commentCount\":0,\"publisher\":{\"@id\":\"https:\/\/luchonoticias.com\/editor\/#\/schema\/person\/7a7fd911f58561fd056dbac7b55af9cd\"},\"articleSection\":[\"Destacado\",\"Judicial\"],\"inLanguage\":\"es\",\"potentialAction\":[{\"@type\":\"CommentAction\",\"name\":\"Comment\",\"target\":[\"https:\/\/luchonoticias.com\/editor\/una-persona-muerta-deja-ataque-sicarial-en-zona-rural-de-suaza-huila\/#respond\"]}]},{\"@type\":\"WebPage\",\"@id\":\"https:\/\/luchonoticias.com\/editor\/una-persona-muerta-deja-ataque-sicarial-en-zona-rural-de-suaza-huila\/\",\"url\":\"https:\/\/luchonoticias.com\/editor\/una-persona-muerta-deja-ataque-sicarial-en-zona-rural-de-suaza-huila\/\",\"name\":\"Una persona muerta deja ataque sicarial en zona rural de Suaza, Huila -\",\"isPartOf\":{\"@id\":\"https:\/\/luchonoticias.com\/editor\/#website\"},\"datePublished\":\"2023-02-14T10:26:15+00:00\",\"dateModified\":\"2023-02-14T10:26:16+00:00\",\"breadcrumb\":{\"@id\":\"https:\/\/luchonoticias.com\/editor\/una-persona-muerta-deja-ataque-sicarial-en-zona-rural-de-suaza-huila\/#breadcrumb\"},\"inLanguage\":\"es\",\"potentialAction\":[{\"@type\":\"ReadAction\",\"target\":[\"https:\/\/luchonoticias.com\/editor\/una-persona-muerta-deja-ataque-sicarial-en-zona-rural-de-suaza-huila\/\"]}]},{\"@type\":\"BreadcrumbList\",\"@id\":\"https:\/\/luchonoticias.com\/editor\/una-persona-muerta-deja-ataque-sicarial-en-zona-rural-de-suaza-huila\/#breadcrumb\",\"itemListElement\":[{\"@type\":\"ListItem\",\"position\":1,\"name\":\"Portada\",\"item\":\"https:\/\/luchonoticias.com\/editor\/\"},{\"@type\":\"ListItem\",\"position\":2,\"name\":\"Una persona muerta deja ataque sicarial en zona rural de Suaza, Huila\"}]},{\"@type\":\"WebSite\",\"@id\":\"https:\/\/luchonoticias.com\/editor\/#website\",\"url\":\"https:\/\/luchonoticias.com\/editor\/\",\"name\":\"\",\"description\":\"\",\"publisher\":{\"@id\":\"https:\/\/luchonoticias.com\/editor\/#\/schema\/person\/7a7fd911f58561fd056dbac7b55af9cd\"},\"potentialAction\":[{\"@type\":\"SearchAction\",\"target\":{\"@type\":\"EntryPoint\",\"urlTemplate\":\"https:\/\/luchonoticias.com\/editor\/?s={search_term_string}\"},\"query-input\":{\"@type\":\"PropertyValueSpecification\",\"valueRequired\":true,\"valueName\":\"search_term_string\"}}],\"inLanguage\":\"es\"},{\"@type\":[\"Person\",\"Organization\"],\"@id\":\"https:\/\/luchonoticias.com\/editor\/#\/schema\/person\/7a7fd911f58561fd056dbac7b55af9cd\",\"name\":\"admin\",\"image\":{\"@type\":\"ImageObject\",\"inLanguage\":\"es\",\"@id\":\"https:\/\/luchonoticias.com\/editor\/#\/schema\/person\/image\/\",\"url\":\"https:\/\/luchonoticias.com\/editor\/wp-content\/uploads\/2024\/02\/cropped-cropped-logolu.webp\",\"contentUrl\":\"https:\/\/luchonoticias.com\/editor\/wp-content\/uploads\/2024\/02\/cropped-cropped-logolu.webp\",\"width\":382,\"height\":170,\"caption\":\"admin\"},\"logo\":{\"@id\":\"https:\/\/luchonoticias.com\/editor\/#\/schema\/person\/image\/\"},\"sameAs\":[\"https:\/\/www.facebook.com\/luchonoticiasneiva\"]},{\"@type\":\"Person\",\"@id\":\"https:\/\/luchonoticias.com\/editor\/#\/schema\/person\/29217990ddf6f14e35912b2866d591fb\",\"name\":\"Editor General\",\"image\":{\"@type\":\"ImageObject\",\"inLanguage\":\"es\",\"@id\":\"https:\/\/luchonoticias.com\/editor\/#\/schema\/person\/image\/\",\"url\":\"https:\/\/luchonoticias.com\/editor\/wp-content\/uploads\/2024\/02\/cropped-cropped-logolu-150x150.webp\",\"contentUrl\":\"https:\/\/luchonoticias.com\/editor\/wp-content\/uploads\/2024\/02\/cropped-cropped-logolu-150x150.webp\",\"caption\":\"Editor General\"},\"sameAs\":[\"https:\/\/luchonoticias.com\/\"],\"url\":\"https:\/\/luchonoticias.com\/editor\/author\/editor-general\/\"}]}<\/script>\n<!-- \/ Yoast SEO plugin. -->","yoast_head_json":{"title":"Una persona muerta deja ataque sicarial en zona rural de Suaza, Huila -","robots":{"index":"index","follow":"follow","max-snippet":"max-snippet:-1","max-image-preview":"max-image-preview:large","max-video-preview":"max-video-preview:-1"},"canonical":"https:\/\/luchonoticias.com\/editor\/una-persona-muerta-deja-ataque-sicarial-en-zona-rural-de-suaza-huila\/","og_locale":"es_ES","og_type":"article","og_title":"Una persona muerta deja ataque sicarial en zona rural de Suaza, Huila -","og_url":"https:\/\/luchonoticias.com\/editor\/una-persona-muerta-deja-ataque-sicarial-en-zona-rural-de-suaza-huila\/","article_publisher":"https:\/\/www.facebook.com\/luchonoticiasneiva","article_published_time":"2023-02-14T10:26:15+00:00","article_modified_time":"2023-02-14T10:26:16+00:00","author":"Editor General","twitter_card":"summary_large_image","twitter_misc":{"Escrito por":"Editor General","Tiempo de lectura":"1 minuto"},"schema":{"@context":"https:\/\/schema.org","@graph":[{"@type":"Article","@id":"https:\/\/luchonoticias.com\/editor\/una-persona-muerta-deja-ataque-sicarial-en-zona-rural-de-suaza-huila\/#article","isPartOf":{"@id":"https:\/\/luchonoticias.com\/editor\/una-persona-muerta-deja-ataque-sicarial-en-zona-rural-de-suaza-huila\/"},"author":{"name":"Editor General","@id":"https:\/\/luchonoticias.com\/editor\/#\/schema\/person\/29217990ddf6f14e35912b2866d591fb"},"headline":"Una persona muerta deja ataque sicarial en zona rural de Suaza, Huila","datePublished":"2023-02-14T10:26:15+00:00","dateModified":"2023-02-14T10:26:16+00:00","mainEntityOfPage":{"@id":"https:\/\/luchonoticias.com\/editor\/una-persona-muerta-deja-ataque-sicarial-en-zona-rural-de-suaza-huila\/"},"wordCount":156,"commentCount":0,"publisher":{"@id":"https:\/\/luchonoticias.com\/editor\/#\/schema\/person\/7a7fd911f58561fd056dbac7b55af9cd"},"articleSection":["Destacado","Judicial"],"inLanguage":"es","potentialAction":[{"@type":"CommentAction","name":"Comment","target":["https:\/\/luchonoticias.com\/editor\/una-persona-muerta-deja-ataque-sicarial-en-zona-rural-de-suaza-huila\/#respond"]}]},{"@type":"WebPage","@id":"https:\/\/luchonoticias.com\/editor\/una-persona-muerta-deja-ataque-sicarial-en-zona-rural-de-suaza-huila\/","url":"https:\/\/luchonoticias.com\/editor\/una-persona-muerta-deja-ataque-sicarial-en-zona-rural-de-suaza-huila\/","name":"Una persona muerta deja ataque sicarial en zona rural de Suaza, Huila -","isPartOf":{"@id":"https:\/\/luchonoticias.com\/editor\/#website"},"datePublished":"2023-02-14T10:26:15+00:00","dateModified":"2023-02-14T10:26:16+00:00","breadcrumb":{"@id":"https:\/\/luchonoticias.com\/editor\/una-persona-muerta-deja-ataque-sicarial-en-zona-rural-de-suaza-huila\/#breadcrumb"},"inLanguage":"es","potentialAction":[{"@type":"ReadAction","target":["https:\/\/luchonoticias.com\/editor\/una-persona-muerta-deja-ataque-sicarial-en-zona-rural-de-suaza-huila\/"]}]},{"@type":"BreadcrumbList","@id":"https:\/\/luchonoticias.com\/editor\/una-persona-muerta-deja-ataque-sicarial-en-zona-rural-de-suaza-huila\/#breadcrumb","itemListElement":[{"@type":"ListItem","position":1,"name":"Portada","item":"https:\/\/luchonoticias.com\/editor\/"},{"@type":"ListItem","position":2,"name":"Una persona muerta deja ataque sicarial en zona rural de Suaza, Huila"}]},{"@type":"WebSite","@id":"https:\/\/luchonoticias.com\/editor\/#website","url":"https:\/\/luchonoticias.com\/editor\/","name":"","description":"","publisher":{"@id":"https:\/\/luchonoticias.com\/editor\/#\/schema\/person\/7a7fd911f58561fd056dbac7b55af9cd"},"potentialAction":[{"@type":"SearchAction","target":{"@type":"EntryPoint","urlTemplate":"https:\/\/luchonoticias.com\/editor\/?s={search_term_string}"},"query-input":{"@type":"PropertyValueSpecification","valueRequired":true,"valueName":"search_term_string"}}],"inLanguage":"es"},{"@type":["Person","Organization"],"@id":"https:\/\/luchonoticias.com\/editor\/#\/schema\/person\/7a7fd911f58561fd056dbac7b55af9cd","name":"admin","image":{"@type":"ImageObject","inLanguage":"es","@id":"https:\/\/luchonoticias.com\/editor\/#\/schema\/person\/image\/","url":"https:\/\/luchonoticias.com\/editor\/wp-content\/uploads\/2024\/02\/cropped-cropped-logolu.webp","contentUrl":"https:\/\/luchonoticias.com\/editor\/wp-content\/uploads\/2024\/02\/cropped-cropped-logolu.webp","width":382,"height":170,"caption":"admin"},"logo":{"@id":"https:\/\/luchonoticias.com\/editor\/#\/schema\/person\/image\/"},"sameAs":["https:\/\/www.facebook.com\/luchonoticiasneiva"]},{"@type":"Person","@id":"https:\/\/luchonoticias.com\/editor\/#\/schema\/person\/29217990ddf6f14e35912b2866d591fb","name":"Editor General","image":{"@type":"ImageObject","inLanguage":"es","@id":"https:\/\/luchonoticias.com\/editor\/#\/schema\/person\/image\/","url":"https:\/\/luchonoticias.com\/editor\/wp-content\/uploads\/2024\/02\/cropped-cropped-logolu-150x150.webp","contentUrl":"https:\/\/luchonoticias.com\/editor\/wp-content\/uploads\/2024\/02\/cropped-cropped-logolu-150x150.webp","caption":"Editor General"},"sameAs":["https:\/\/luchonoticias.com\/"],"url":"https:\/\/luchonoticias.com\/editor\/author\/editor-general\/"}]}},"_links":{"self":[{"href":"https:\/\/luchonoticias.com\/editor\/wp-json\/wp\/v2\/posts\/46144","targetHints":{"allow":["GET"]}}],"collection":[{"href":"https:\/\/luchonoticias.com\/editor\/wp-json\/wp\/v2\/posts"}],"about":[{"href":"https:\/\/luchonoticias.com\/editor\/wp-json\/wp\/v2\/types\/post"}],"author":[{"embeddable":true,"href":"https:\/\/luchonoticias.com\/editor\/wp-json\/wp\/v2\/users\/2"}],"replies":[{"embeddable":true,"href":"https:\/\/luchonoticias.com\/editor\/wp-json\/wp\/v2\/comments?post=46144"}],"version-history":[{"count":0,"href":"https:\/\/luchonoticias.com\/editor\/wp-json\/wp\/v2\/posts\/46144\/revisions"}],"wp:attachment":[{"href":"https:\/\/luchonoticias.com\/editor\/wp-json\/wp\/v2\/media?parent=46144"}],"wp:term":[{"taxonomy":"category","embeddable":true,"href":"https:\/\/luchonoticias.com\/editor\/wp-json\/wp\/v2\/categories?post=46144"},{"taxonomy":"post_tag","embeddable":true,"href":"https:\/\/luchonoticias.com\/editor\/wp-json\/wp\/v2\/tags?post=46144"}],"curies":[{"name":"wp","href":"https:\/\/api.w.org\/{rel}","templated":true}]}}