{"id":46147,"date":"2023-02-14T05:34:16","date_gmt":"2023-02-14T10:34:16","guid":{"rendered":"https:\/\/luchonoticias.com\/?p=46147"},"modified":"2023-02-14T05:34:17","modified_gmt":"2023-02-14T10:34:17","slug":"capturado-alias-gafas-presunto-integrante-del-grupo-armado-residual-dagoberto-ramos","status":"publish","type":"post","link":"https:\/\/luchonoticias.com\/editor\/capturado-alias-gafas-presunto-integrante-del-grupo-armado-residual-dagoberto-ramos\/","title":{"rendered":"Capturado alias \u2018Gafas\u2019 presunto integrante del Grupo Armado Residual Dagoberto Ramos"},"content":{"rendered":"\n<p>El Ejercito Nacional, dio a conocer que en las ultimas horas fue capturado un sujeto conocido como \u2018Gafas\u2019, quien es requerido mediante orden judicial por los delitos de homicidio agravado, concierto para delinquir y tr\u00e1fico, fabricaci\u00f3n, porte o tenencia de armas de fuego y municiones.<\/p>\n\n\n\n<p>\u201cEn el municipio de Campoalegre, el desarrollo del trabajo interinstitucional entre la Novena Brigada y funcionarios del CTI de la Fiscal\u00eda General de la Naci\u00f3n, permiti\u00f3 hacer efectiva la orden judicial contra alias \u2018Gafas\u2019. El hombre de 34 a\u00f1os, es un presunto integrante del Grupo Armado Residual Dagoberto Ramos y habr\u00eda participado en los homicidios de cuatro personas registrados el 16 de julio de 2020 en las veredas Quebrad\u00f3n Sur y la Danta, zona rural del municipio de Algeciras Huila\u201d, indicaron las fuentes oficiales en un comunicado.<\/p>\n\n\n\n<p>As\u00ed mismo, las autoridades huilenses, dieron a conocer que el hombre implicado tambi\u00e9n es investigado por los homicidios registrados en agosto de 2020 y enero de 2021 en zona urbana de la localidad algecire\u00f1a.<\/p>\n\n\n\n<p>\u201cAlias \u2018Gafas\u2019, adem\u00e1s de su presunta participaci\u00f3n en estos hechos, era responsable del fortalecimiento de la Red de Apoyo a Estructuras Residuales, RAER, tanto en el \u00e1rea urbana como rural de los municipios de Algeciras y Campoalegre\u201d, agregaron.<\/p>\n\n\n\n<p>Finalmente, este medio de comunicaci\u00f3n estableci\u00f3 que el implicado fue dejado a disposici\u00f3n de la Fiscal\u00eda, quienes ser\u00e1n los encargados de presentarlos ante un Juez de La Rep\u00fablica, quien le definir\u00e1 su situaci\u00f3n jur\u00eddica.<\/p>\n","protected":false},"excerpt":{"rendered":"<p>El Ejercito Nacional, dio a conocer que en las ultimas horas fue capturado un sujeto conocido como \u2018Gafas\u2019, quien es requerido mediante orden judicial por los delitos de homicidio agravado, concierto para delinquir y tr\u00e1fico, fabricaci\u00f3n, porte o tenencia de armas de fuego y municiones. \u201cEn el municipio de Campoalegre, el desarrollo del trabajo interinstitucional [&hellip;]<\/p>\n","protected":false},"author":2,"featured_media":0,"comment_status":"open","ping_status":"open","sticky":false,"template":"","format":"standard","meta":{"footnotes":""},"categories":[36,29],"tags":[],"class_list":["post-46147","post","type-post","status-publish","format-standard","hentry","category-destacado","category-judicial"],"yoast_head":"<!-- This site is optimized with the Yoast SEO plugin v26.6 - https:\/\/yoast.com\/wordpress\/plugins\/seo\/ -->\n<title>Capturado alias \u2018Gafas\u2019 presunto integrante del Grupo Armado Residual Dagoberto Ramos -<\/title>\n<meta name=\"robots\" content=\"index, follow, max-snippet:-1, max-image-preview:large, max-video-preview:-1\" \/>\n<link rel=\"canonical\" href=\"https:\/\/luchonoticias.com\/editor\/capturado-alias-gafas-presunto-integrante-del-grupo-armado-residual-dagoberto-ramos\/\" \/>\n<meta property=\"og:locale\" content=\"es_ES\" \/>\n<meta property=\"og:type\" content=\"article\" \/>\n<meta property=\"og:title\" content=\"Capturado alias \u2018Gafas\u2019 presunto integrante del Grupo Armado Residual Dagoberto Ramos -\" \/>\n<meta property=\"og:url\" content=\"https:\/\/luchonoticias.com\/editor\/capturado-alias-gafas-presunto-integrante-del-grupo-armado-residual-dagoberto-ramos\/\" \/>\n<meta property=\"article:publisher\" content=\"https:\/\/www.facebook.com\/luchonoticiasneiva\" \/>\n<meta property=\"article:published_time\" content=\"2023-02-14T10:34:16+00:00\" \/>\n<meta property=\"article:modified_time\" content=\"2023-02-14T10:34:17+00:00\" \/>\n<meta name=\"author\" content=\"Editor General\" \/>\n<meta name=\"twitter:card\" content=\"summary_large_image\" \/>\n<meta name=\"twitter:label1\" content=\"Escrito por\" \/>\n\t<meta name=\"twitter:data1\" content=\"Editor General\" \/>\n\t<meta name=\"twitter:label2\" content=\"Tiempo de lectura\" \/>\n\t<meta name=\"twitter:data2\" content=\"1 minuto\" \/>\n<script type=\"application\/ld+json\" class=\"yoast-schema-graph\">{\"@context\":\"https:\/\/schema.org\",\"@graph\":[{\"@type\":\"Article\",\"@id\":\"https:\/\/luchonoticias.com\/editor\/capturado-alias-gafas-presunto-integrante-del-grupo-armado-residual-dagoberto-ramos\/#article\",\"isPartOf\":{\"@id\":\"https:\/\/luchonoticias.com\/editor\/capturado-alias-gafas-presunto-integrante-del-grupo-armado-residual-dagoberto-ramos\/\"},\"author\":{\"name\":\"Editor General\",\"@id\":\"https:\/\/luchonoticias.com\/editor\/#\/schema\/person\/29217990ddf6f14e35912b2866d591fb\"},\"headline\":\"Capturado alias \u2018Gafas\u2019 presunto integrante del Grupo Armado Residual Dagoberto Ramos\",\"datePublished\":\"2023-02-14T10:34:16+00:00\",\"dateModified\":\"2023-02-14T10:34:17+00:00\",\"mainEntityOfPage\":{\"@id\":\"https:\/\/luchonoticias.com\/editor\/capturado-alias-gafas-presunto-integrante-del-grupo-armado-residual-dagoberto-ramos\/\"},\"wordCount\":262,\"commentCount\":0,\"publisher\":{\"@id\":\"https:\/\/luchonoticias.com\/editor\/#\/schema\/person\/7a7fd911f58561fd056dbac7b55af9cd\"},\"articleSection\":[\"Destacado\",\"Judicial\"],\"inLanguage\":\"es\",\"potentialAction\":[{\"@type\":\"CommentAction\",\"name\":\"Comment\",\"target\":[\"https:\/\/luchonoticias.com\/editor\/capturado-alias-gafas-presunto-integrante-del-grupo-armado-residual-dagoberto-ramos\/#respond\"]}]},{\"@type\":\"WebPage\",\"@id\":\"https:\/\/luchonoticias.com\/editor\/capturado-alias-gafas-presunto-integrante-del-grupo-armado-residual-dagoberto-ramos\/\",\"url\":\"https:\/\/luchonoticias.com\/editor\/capturado-alias-gafas-presunto-integrante-del-grupo-armado-residual-dagoberto-ramos\/\",\"name\":\"Capturado alias \u2018Gafas\u2019 presunto integrante del Grupo Armado Residual Dagoberto Ramos -\",\"isPartOf\":{\"@id\":\"https:\/\/luchonoticias.com\/editor\/#website\"},\"datePublished\":\"2023-02-14T10:34:16+00:00\",\"dateModified\":\"2023-02-14T10:34:17+00:00\",\"breadcrumb\":{\"@id\":\"https:\/\/luchonoticias.com\/editor\/capturado-alias-gafas-presunto-integrante-del-grupo-armado-residual-dagoberto-ramos\/#breadcrumb\"},\"inLanguage\":\"es\",\"potentialAction\":[{\"@type\":\"ReadAction\",\"target\":[\"https:\/\/luchonoticias.com\/editor\/capturado-alias-gafas-presunto-integrante-del-grupo-armado-residual-dagoberto-ramos\/\"]}]},{\"@type\":\"BreadcrumbList\",\"@id\":\"https:\/\/luchonoticias.com\/editor\/capturado-alias-gafas-presunto-integrante-del-grupo-armado-residual-dagoberto-ramos\/#breadcrumb\",\"itemListElement\":[{\"@type\":\"ListItem\",\"position\":1,\"name\":\"Portada\",\"item\":\"https:\/\/luchonoticias.com\/editor\/\"},{\"@type\":\"ListItem\",\"position\":2,\"name\":\"Capturado alias \u2018Gafas\u2019 presunto integrante del Grupo Armado Residual Dagoberto Ramos\"}]},{\"@type\":\"WebSite\",\"@id\":\"https:\/\/luchonoticias.com\/editor\/#website\",\"url\":\"https:\/\/luchonoticias.com\/editor\/\",\"name\":\"\",\"description\":\"\",\"publisher\":{\"@id\":\"https:\/\/luchonoticias.com\/editor\/#\/schema\/person\/7a7fd911f58561fd056dbac7b55af9cd\"},\"potentialAction\":[{\"@type\":\"SearchAction\",\"target\":{\"@type\":\"EntryPoint\",\"urlTemplate\":\"https:\/\/luchonoticias.com\/editor\/?s={search_term_string}\"},\"query-input\":{\"@type\":\"PropertyValueSpecification\",\"valueRequired\":true,\"valueName\":\"search_term_string\"}}],\"inLanguage\":\"es\"},{\"@type\":[\"Person\",\"Organization\"],\"@id\":\"https:\/\/luchonoticias.com\/editor\/#\/schema\/person\/7a7fd911f58561fd056dbac7b55af9cd\",\"name\":\"admin\",\"image\":{\"@type\":\"ImageObject\",\"inLanguage\":\"es\",\"@id\":\"https:\/\/luchonoticias.com\/editor\/#\/schema\/person\/image\/\",\"url\":\"https:\/\/luchonoticias.com\/editor\/wp-content\/uploads\/2024\/02\/cropped-cropped-logolu.webp\",\"contentUrl\":\"https:\/\/luchonoticias.com\/editor\/wp-content\/uploads\/2024\/02\/cropped-cropped-logolu.webp\",\"width\":382,\"height\":170,\"caption\":\"admin\"},\"logo\":{\"@id\":\"https:\/\/luchonoticias.com\/editor\/#\/schema\/person\/image\/\"},\"sameAs\":[\"https:\/\/www.facebook.com\/luchonoticiasneiva\"]},{\"@type\":\"Person\",\"@id\":\"https:\/\/luchonoticias.com\/editor\/#\/schema\/person\/29217990ddf6f14e35912b2866d591fb\",\"name\":\"Editor General\",\"image\":{\"@type\":\"ImageObject\",\"inLanguage\":\"es\",\"@id\":\"https:\/\/luchonoticias.com\/editor\/#\/schema\/person\/image\/\",\"url\":\"https:\/\/luchonoticias.com\/editor\/wp-content\/uploads\/2024\/02\/cropped-cropped-logolu-150x150.webp\",\"contentUrl\":\"https:\/\/luchonoticias.com\/editor\/wp-content\/uploads\/2024\/02\/cropped-cropped-logolu-150x150.webp\",\"caption\":\"Editor General\"},\"sameAs\":[\"https:\/\/luchonoticias.com\/\"],\"url\":\"https:\/\/luchonoticias.com\/editor\/author\/editor-general\/\"}]}<\/script>\n<!-- \/ Yoast SEO plugin. -->","yoast_head_json":{"title":"Capturado alias \u2018Gafas\u2019 presunto integrante del Grupo Armado Residual Dagoberto Ramos -","robots":{"index":"index","follow":"follow","max-snippet":"max-snippet:-1","max-image-preview":"max-image-preview:large","max-video-preview":"max-video-preview:-1"},"canonical":"https:\/\/luchonoticias.com\/editor\/capturado-alias-gafas-presunto-integrante-del-grupo-armado-residual-dagoberto-ramos\/","og_locale":"es_ES","og_type":"article","og_title":"Capturado alias \u2018Gafas\u2019 presunto integrante del Grupo Armado Residual Dagoberto Ramos -","og_url":"https:\/\/luchonoticias.com\/editor\/capturado-alias-gafas-presunto-integrante-del-grupo-armado-residual-dagoberto-ramos\/","article_publisher":"https:\/\/www.facebook.com\/luchonoticiasneiva","article_published_time":"2023-02-14T10:34:16+00:00","article_modified_time":"2023-02-14T10:34:17+00:00","author":"Editor General","twitter_card":"summary_large_image","twitter_misc":{"Escrito por":"Editor General","Tiempo de lectura":"1 minuto"},"schema":{"@context":"https:\/\/schema.org","@graph":[{"@type":"Article","@id":"https:\/\/luchonoticias.com\/editor\/capturado-alias-gafas-presunto-integrante-del-grupo-armado-residual-dagoberto-ramos\/#article","isPartOf":{"@id":"https:\/\/luchonoticias.com\/editor\/capturado-alias-gafas-presunto-integrante-del-grupo-armado-residual-dagoberto-ramos\/"},"author":{"name":"Editor General","@id":"https:\/\/luchonoticias.com\/editor\/#\/schema\/person\/29217990ddf6f14e35912b2866d591fb"},"headline":"Capturado alias \u2018Gafas\u2019 presunto integrante del Grupo Armado Residual Dagoberto Ramos","datePublished":"2023-02-14T10:34:16+00:00","dateModified":"2023-02-14T10:34:17+00:00","mainEntityOfPage":{"@id":"https:\/\/luchonoticias.com\/editor\/capturado-alias-gafas-presunto-integrante-del-grupo-armado-residual-dagoberto-ramos\/"},"wordCount":262,"commentCount":0,"publisher":{"@id":"https:\/\/luchonoticias.com\/editor\/#\/schema\/person\/7a7fd911f58561fd056dbac7b55af9cd"},"articleSection":["Destacado","Judicial"],"inLanguage":"es","potentialAction":[{"@type":"CommentAction","name":"Comment","target":["https:\/\/luchonoticias.com\/editor\/capturado-alias-gafas-presunto-integrante-del-grupo-armado-residual-dagoberto-ramos\/#respond"]}]},{"@type":"WebPage","@id":"https:\/\/luchonoticias.com\/editor\/capturado-alias-gafas-presunto-integrante-del-grupo-armado-residual-dagoberto-ramos\/","url":"https:\/\/luchonoticias.com\/editor\/capturado-alias-gafas-presunto-integrante-del-grupo-armado-residual-dagoberto-ramos\/","name":"Capturado alias \u2018Gafas\u2019 presunto integrante del Grupo Armado Residual Dagoberto Ramos -","isPartOf":{"@id":"https:\/\/luchonoticias.com\/editor\/#website"},"datePublished":"2023-02-14T10:34:16+00:00","dateModified":"2023-02-14T10:34:17+00:00","breadcrumb":{"@id":"https:\/\/luchonoticias.com\/editor\/capturado-alias-gafas-presunto-integrante-del-grupo-armado-residual-dagoberto-ramos\/#breadcrumb"},"inLanguage":"es","potentialAction":[{"@type":"ReadAction","target":["https:\/\/luchonoticias.com\/editor\/capturado-alias-gafas-presunto-integrante-del-grupo-armado-residual-dagoberto-ramos\/"]}]},{"@type":"BreadcrumbList","@id":"https:\/\/luchonoticias.com\/editor\/capturado-alias-gafas-presunto-integrante-del-grupo-armado-residual-dagoberto-ramos\/#breadcrumb","itemListElement":[{"@type":"ListItem","position":1,"name":"Portada","item":"https:\/\/luchonoticias.com\/editor\/"},{"@type":"ListItem","position":2,"name":"Capturado alias \u2018Gafas\u2019 presunto integrante del Grupo Armado Residual Dagoberto Ramos"}]},{"@type":"WebSite","@id":"https:\/\/luchonoticias.com\/editor\/#website","url":"https:\/\/luchonoticias.com\/editor\/","name":"","description":"","publisher":{"@id":"https:\/\/luchonoticias.com\/editor\/#\/schema\/person\/7a7fd911f58561fd056dbac7b55af9cd"},"potentialAction":[{"@type":"SearchAction","target":{"@type":"EntryPoint","urlTemplate":"https:\/\/luchonoticias.com\/editor\/?s={search_term_string}"},"query-input":{"@type":"PropertyValueSpecification","valueRequired":true,"valueName":"search_term_string"}}],"inLanguage":"es"},{"@type":["Person","Organization"],"@id":"https:\/\/luchonoticias.com\/editor\/#\/schema\/person\/7a7fd911f58561fd056dbac7b55af9cd","name":"admin","image":{"@type":"ImageObject","inLanguage":"es","@id":"https:\/\/luchonoticias.com\/editor\/#\/schema\/person\/image\/","url":"https:\/\/luchonoticias.com\/editor\/wp-content\/uploads\/2024\/02\/cropped-cropped-logolu.webp","contentUrl":"https:\/\/luchonoticias.com\/editor\/wp-content\/uploads\/2024\/02\/cropped-cropped-logolu.webp","width":382,"height":170,"caption":"admin"},"logo":{"@id":"https:\/\/luchonoticias.com\/editor\/#\/schema\/person\/image\/"},"sameAs":["https:\/\/www.facebook.com\/luchonoticiasneiva"]},{"@type":"Person","@id":"https:\/\/luchonoticias.com\/editor\/#\/schema\/person\/29217990ddf6f14e35912b2866d591fb","name":"Editor General","image":{"@type":"ImageObject","inLanguage":"es","@id":"https:\/\/luchonoticias.com\/editor\/#\/schema\/person\/image\/","url":"https:\/\/luchonoticias.com\/editor\/wp-content\/uploads\/2024\/02\/cropped-cropped-logolu-150x150.webp","contentUrl":"https:\/\/luchonoticias.com\/editor\/wp-content\/uploads\/2024\/02\/cropped-cropped-logolu-150x150.webp","caption":"Editor General"},"sameAs":["https:\/\/luchonoticias.com\/"],"url":"https:\/\/luchonoticias.com\/editor\/author\/editor-general\/"}]}},"_links":{"self":[{"href":"https:\/\/luchonoticias.com\/editor\/wp-json\/wp\/v2\/posts\/46147","targetHints":{"allow":["GET"]}}],"collection":[{"href":"https:\/\/luchonoticias.com\/editor\/wp-json\/wp\/v2\/posts"}],"about":[{"href":"https:\/\/luchonoticias.com\/editor\/wp-json\/wp\/v2\/types\/post"}],"author":[{"embeddable":true,"href":"https:\/\/luchonoticias.com\/editor\/wp-json\/wp\/v2\/users\/2"}],"replies":[{"embeddable":true,"href":"https:\/\/luchonoticias.com\/editor\/wp-json\/wp\/v2\/comments?post=46147"}],"version-history":[{"count":0,"href":"https:\/\/luchonoticias.com\/editor\/wp-json\/wp\/v2\/posts\/46147\/revisions"}],"wp:attachment":[{"href":"https:\/\/luchonoticias.com\/editor\/wp-json\/wp\/v2\/media?parent=46147"}],"wp:term":[{"taxonomy":"category","embeddable":true,"href":"https:\/\/luchonoticias.com\/editor\/wp-json\/wp\/v2\/categories?post=46147"},{"taxonomy":"post_tag","embeddable":true,"href":"https:\/\/luchonoticias.com\/editor\/wp-json\/wp\/v2\/tags?post=46147"}],"curies":[{"name":"wp","href":"https:\/\/api.w.org\/{rel}","templated":true}]}}