{"id":46166,"date":"2023-02-14T14:01:57","date_gmt":"2023-02-14T19:01:57","guid":{"rendered":"https:\/\/luchonoticias.com\/?p=46166"},"modified":"2023-02-14T14:01:58","modified_gmt":"2023-02-14T19:01:58","slug":"fortalecimiento-de-la-seguridad-en-pitalito","status":"publish","type":"post","link":"https:\/\/luchonoticias.com\/editor\/fortalecimiento-de-la-seguridad-en-pitalito\/","title":{"rendered":"Fortalecimiento de la seguridad en Pitalito"},"content":{"rendered":"\n<p>La Gobernaci\u00f3n del Huila llev\u00f3 a cabo la&nbsp;<strong>mesa t\u00e9cnica de seguridad en el municipio de Pitalito<\/strong>&nbsp;con la participaci\u00f3n de autoridades territoriales, entres de control, fuerzas militares y polic\u00eda donde&nbsp;<strong>se revisaron las cifras de los diferentes delitos<\/strong>&nbsp;cometidos en el municipio durante el 2023.<\/p>\n\n\n\n<p>Debido a los hechos de inseguridad que se han presentado en el sur del Huila,&nbsp;<strong>se cre\u00f3 la estrategia \u201cPitalito seguro por una regi\u00f3n que vive y crece<\/strong>\u201d Una estrategia que permitir\u00e1 a la institucionalidad realizar actividades sociales alternas a las actividades policiales y con ella, aportar a la construcci\u00f3n de un tejido social desde el trabajo en el territorio&nbsp;<strong>fortaleciendo las redes comunitarias y ciudadanas&nbsp;<\/strong>pero sobre todo generando un impacto positivo en cada una de las familias huilenses y laboyanas.<\/p>\n\n\n\n<p>Adicionalmente, reflexionar sobre nuevas formas de fortalecer las relaciones como sustento del tejido social y hacer un reconocimiento de espacios propicios para&nbsp;<strong>construir convivencia y desarrollo humano y social.<\/strong><\/p>\n\n\n\n<p>Algunas de las actividades sociales que se realizar\u00e1n en el marco de esta estrategia son las caravanas por la vida, una acci\u00f3n del departamento de Polic\u00eda Huila para fortalecer la seguridad y la convivencia en las zonas veredales y urbanas a trav\u00e9s de talleres, charlas de sensibilizaci\u00f3n entre otras actividades l\u00fadico recreativas dirigidas a la infancia, juventud, entre otros, igualmente, otras acciones implementadas por el Ej\u00e9rcito Nacional.<\/p>\n\n\n\n<p>Finalmente,&nbsp;<strong>es primordial integrar la dimensi\u00f3n de seguridad ciudadana&nbsp;<\/strong>dentro de otras agendas de desarrollo pensando en mejorar la inclusi\u00f3n social y convivencia de los huilenses.<\/p>\n","protected":false},"excerpt":{"rendered":"<p>La Gobernaci\u00f3n del Huila llev\u00f3 a cabo la&nbsp;mesa t\u00e9cnica de seguridad en el municipio de Pitalito&nbsp;con la participaci\u00f3n de autoridades territoriales, entres de control, fuerzas militares y polic\u00eda donde&nbsp;se revisaron las cifras de los diferentes delitos&nbsp;cometidos en el municipio durante el 2023. Debido a los hechos de inseguridad que se han presentado en el sur [&hellip;]<\/p>\n","protected":false},"author":2,"featured_media":0,"comment_status":"open","ping_status":"open","sticky":false,"template":"","format":"standard","meta":{"footnotes":""},"categories":[33],"tags":[],"class_list":["post-46166","post","type-post","status-publish","format-standard","hentry","category-huila"],"yoast_head":"<!-- This site is optimized with the Yoast SEO plugin v26.6 - https:\/\/yoast.com\/wordpress\/plugins\/seo\/ -->\n<title>Fortalecimiento de la seguridad en Pitalito -<\/title>\n<meta name=\"robots\" content=\"index, follow, max-snippet:-1, max-image-preview:large, max-video-preview:-1\" \/>\n<link rel=\"canonical\" href=\"https:\/\/luchonoticias.com\/editor\/fortalecimiento-de-la-seguridad-en-pitalito\/\" \/>\n<meta property=\"og:locale\" content=\"es_ES\" \/>\n<meta property=\"og:type\" content=\"article\" \/>\n<meta property=\"og:title\" content=\"Fortalecimiento de la seguridad en Pitalito -\" \/>\n<meta property=\"og:url\" content=\"https:\/\/luchonoticias.com\/editor\/fortalecimiento-de-la-seguridad-en-pitalito\/\" \/>\n<meta property=\"article:publisher\" content=\"https:\/\/www.facebook.com\/luchonoticiasneiva\" \/>\n<meta property=\"article:published_time\" content=\"2023-02-14T19:01:57+00:00\" \/>\n<meta property=\"article:modified_time\" content=\"2023-02-14T19:01:58+00:00\" \/>\n<meta name=\"author\" content=\"Editor General\" \/>\n<meta name=\"twitter:card\" content=\"summary_large_image\" \/>\n<meta name=\"twitter:label1\" content=\"Escrito por\" \/>\n\t<meta name=\"twitter:data1\" content=\"Editor General\" \/>\n\t<meta name=\"twitter:label2\" content=\"Tiempo de lectura\" \/>\n\t<meta name=\"twitter:data2\" content=\"1 minuto\" \/>\n<script type=\"application\/ld+json\" class=\"yoast-schema-graph\">{\"@context\":\"https:\/\/schema.org\",\"@graph\":[{\"@type\":\"Article\",\"@id\":\"https:\/\/luchonoticias.com\/editor\/fortalecimiento-de-la-seguridad-en-pitalito\/#article\",\"isPartOf\":{\"@id\":\"https:\/\/luchonoticias.com\/editor\/fortalecimiento-de-la-seguridad-en-pitalito\/\"},\"author\":{\"name\":\"Editor General\",\"@id\":\"https:\/\/luchonoticias.com\/editor\/#\/schema\/person\/29217990ddf6f14e35912b2866d591fb\"},\"headline\":\"Fortalecimiento de la seguridad en Pitalito\",\"datePublished\":\"2023-02-14T19:01:57+00:00\",\"dateModified\":\"2023-02-14T19:01:58+00:00\",\"mainEntityOfPage\":{\"@id\":\"https:\/\/luchonoticias.com\/editor\/fortalecimiento-de-la-seguridad-en-pitalito\/\"},\"wordCount\":280,\"commentCount\":0,\"publisher\":{\"@id\":\"https:\/\/luchonoticias.com\/editor\/#\/schema\/person\/7a7fd911f58561fd056dbac7b55af9cd\"},\"articleSection\":[\"Huila\"],\"inLanguage\":\"es\",\"potentialAction\":[{\"@type\":\"CommentAction\",\"name\":\"Comment\",\"target\":[\"https:\/\/luchonoticias.com\/editor\/fortalecimiento-de-la-seguridad-en-pitalito\/#respond\"]}]},{\"@type\":\"WebPage\",\"@id\":\"https:\/\/luchonoticias.com\/editor\/fortalecimiento-de-la-seguridad-en-pitalito\/\",\"url\":\"https:\/\/luchonoticias.com\/editor\/fortalecimiento-de-la-seguridad-en-pitalito\/\",\"name\":\"Fortalecimiento de la seguridad en Pitalito -\",\"isPartOf\":{\"@id\":\"https:\/\/luchonoticias.com\/editor\/#website\"},\"datePublished\":\"2023-02-14T19:01:57+00:00\",\"dateModified\":\"2023-02-14T19:01:58+00:00\",\"breadcrumb\":{\"@id\":\"https:\/\/luchonoticias.com\/editor\/fortalecimiento-de-la-seguridad-en-pitalito\/#breadcrumb\"},\"inLanguage\":\"es\",\"potentialAction\":[{\"@type\":\"ReadAction\",\"target\":[\"https:\/\/luchonoticias.com\/editor\/fortalecimiento-de-la-seguridad-en-pitalito\/\"]}]},{\"@type\":\"BreadcrumbList\",\"@id\":\"https:\/\/luchonoticias.com\/editor\/fortalecimiento-de-la-seguridad-en-pitalito\/#breadcrumb\",\"itemListElement\":[{\"@type\":\"ListItem\",\"position\":1,\"name\":\"Portada\",\"item\":\"https:\/\/luchonoticias.com\/editor\/\"},{\"@type\":\"ListItem\",\"position\":2,\"name\":\"Fortalecimiento de la seguridad en Pitalito\"}]},{\"@type\":\"WebSite\",\"@id\":\"https:\/\/luchonoticias.com\/editor\/#website\",\"url\":\"https:\/\/luchonoticias.com\/editor\/\",\"name\":\"\",\"description\":\"\",\"publisher\":{\"@id\":\"https:\/\/luchonoticias.com\/editor\/#\/schema\/person\/7a7fd911f58561fd056dbac7b55af9cd\"},\"potentialAction\":[{\"@type\":\"SearchAction\",\"target\":{\"@type\":\"EntryPoint\",\"urlTemplate\":\"https:\/\/luchonoticias.com\/editor\/?s={search_term_string}\"},\"query-input\":{\"@type\":\"PropertyValueSpecification\",\"valueRequired\":true,\"valueName\":\"search_term_string\"}}],\"inLanguage\":\"es\"},{\"@type\":[\"Person\",\"Organization\"],\"@id\":\"https:\/\/luchonoticias.com\/editor\/#\/schema\/person\/7a7fd911f58561fd056dbac7b55af9cd\",\"name\":\"admin\",\"image\":{\"@type\":\"ImageObject\",\"inLanguage\":\"es\",\"@id\":\"https:\/\/luchonoticias.com\/editor\/#\/schema\/person\/image\/\",\"url\":\"https:\/\/luchonoticias.com\/editor\/wp-content\/uploads\/2024\/02\/cropped-cropped-logolu.webp\",\"contentUrl\":\"https:\/\/luchonoticias.com\/editor\/wp-content\/uploads\/2024\/02\/cropped-cropped-logolu.webp\",\"width\":382,\"height\":170,\"caption\":\"admin\"},\"logo\":{\"@id\":\"https:\/\/luchonoticias.com\/editor\/#\/schema\/person\/image\/\"},\"sameAs\":[\"https:\/\/www.facebook.com\/luchonoticiasneiva\"]},{\"@type\":\"Person\",\"@id\":\"https:\/\/luchonoticias.com\/editor\/#\/schema\/person\/29217990ddf6f14e35912b2866d591fb\",\"name\":\"Editor General\",\"image\":{\"@type\":\"ImageObject\",\"inLanguage\":\"es\",\"@id\":\"https:\/\/luchonoticias.com\/editor\/#\/schema\/person\/image\/\",\"url\":\"https:\/\/luchonoticias.com\/editor\/wp-content\/uploads\/2024\/02\/cropped-cropped-logolu-150x150.webp\",\"contentUrl\":\"https:\/\/luchonoticias.com\/editor\/wp-content\/uploads\/2024\/02\/cropped-cropped-logolu-150x150.webp\",\"caption\":\"Editor General\"},\"sameAs\":[\"https:\/\/luchonoticias.com\/\"],\"url\":\"https:\/\/luchonoticias.com\/editor\/author\/editor-general\/\"}]}<\/script>\n<!-- \/ Yoast SEO plugin. -->","yoast_head_json":{"title":"Fortalecimiento de la seguridad en Pitalito -","robots":{"index":"index","follow":"follow","max-snippet":"max-snippet:-1","max-image-preview":"max-image-preview:large","max-video-preview":"max-video-preview:-1"},"canonical":"https:\/\/luchonoticias.com\/editor\/fortalecimiento-de-la-seguridad-en-pitalito\/","og_locale":"es_ES","og_type":"article","og_title":"Fortalecimiento de la seguridad en Pitalito -","og_url":"https:\/\/luchonoticias.com\/editor\/fortalecimiento-de-la-seguridad-en-pitalito\/","article_publisher":"https:\/\/www.facebook.com\/luchonoticiasneiva","article_published_time":"2023-02-14T19:01:57+00:00","article_modified_time":"2023-02-14T19:01:58+00:00","author":"Editor General","twitter_card":"summary_large_image","twitter_misc":{"Escrito por":"Editor General","Tiempo de lectura":"1 minuto"},"schema":{"@context":"https:\/\/schema.org","@graph":[{"@type":"Article","@id":"https:\/\/luchonoticias.com\/editor\/fortalecimiento-de-la-seguridad-en-pitalito\/#article","isPartOf":{"@id":"https:\/\/luchonoticias.com\/editor\/fortalecimiento-de-la-seguridad-en-pitalito\/"},"author":{"name":"Editor General","@id":"https:\/\/luchonoticias.com\/editor\/#\/schema\/person\/29217990ddf6f14e35912b2866d591fb"},"headline":"Fortalecimiento de la seguridad en Pitalito","datePublished":"2023-02-14T19:01:57+00:00","dateModified":"2023-02-14T19:01:58+00:00","mainEntityOfPage":{"@id":"https:\/\/luchonoticias.com\/editor\/fortalecimiento-de-la-seguridad-en-pitalito\/"},"wordCount":280,"commentCount":0,"publisher":{"@id":"https:\/\/luchonoticias.com\/editor\/#\/schema\/person\/7a7fd911f58561fd056dbac7b55af9cd"},"articleSection":["Huila"],"inLanguage":"es","potentialAction":[{"@type":"CommentAction","name":"Comment","target":["https:\/\/luchonoticias.com\/editor\/fortalecimiento-de-la-seguridad-en-pitalito\/#respond"]}]},{"@type":"WebPage","@id":"https:\/\/luchonoticias.com\/editor\/fortalecimiento-de-la-seguridad-en-pitalito\/","url":"https:\/\/luchonoticias.com\/editor\/fortalecimiento-de-la-seguridad-en-pitalito\/","name":"Fortalecimiento de la seguridad en Pitalito -","isPartOf":{"@id":"https:\/\/luchonoticias.com\/editor\/#website"},"datePublished":"2023-02-14T19:01:57+00:00","dateModified":"2023-02-14T19:01:58+00:00","breadcrumb":{"@id":"https:\/\/luchonoticias.com\/editor\/fortalecimiento-de-la-seguridad-en-pitalito\/#breadcrumb"},"inLanguage":"es","potentialAction":[{"@type":"ReadAction","target":["https:\/\/luchonoticias.com\/editor\/fortalecimiento-de-la-seguridad-en-pitalito\/"]}]},{"@type":"BreadcrumbList","@id":"https:\/\/luchonoticias.com\/editor\/fortalecimiento-de-la-seguridad-en-pitalito\/#breadcrumb","itemListElement":[{"@type":"ListItem","position":1,"name":"Portada","item":"https:\/\/luchonoticias.com\/editor\/"},{"@type":"ListItem","position":2,"name":"Fortalecimiento de la seguridad en Pitalito"}]},{"@type":"WebSite","@id":"https:\/\/luchonoticias.com\/editor\/#website","url":"https:\/\/luchonoticias.com\/editor\/","name":"","description":"","publisher":{"@id":"https:\/\/luchonoticias.com\/editor\/#\/schema\/person\/7a7fd911f58561fd056dbac7b55af9cd"},"potentialAction":[{"@type":"SearchAction","target":{"@type":"EntryPoint","urlTemplate":"https:\/\/luchonoticias.com\/editor\/?s={search_term_string}"},"query-input":{"@type":"PropertyValueSpecification","valueRequired":true,"valueName":"search_term_string"}}],"inLanguage":"es"},{"@type":["Person","Organization"],"@id":"https:\/\/luchonoticias.com\/editor\/#\/schema\/person\/7a7fd911f58561fd056dbac7b55af9cd","name":"admin","image":{"@type":"ImageObject","inLanguage":"es","@id":"https:\/\/luchonoticias.com\/editor\/#\/schema\/person\/image\/","url":"https:\/\/luchonoticias.com\/editor\/wp-content\/uploads\/2024\/02\/cropped-cropped-logolu.webp","contentUrl":"https:\/\/luchonoticias.com\/editor\/wp-content\/uploads\/2024\/02\/cropped-cropped-logolu.webp","width":382,"height":170,"caption":"admin"},"logo":{"@id":"https:\/\/luchonoticias.com\/editor\/#\/schema\/person\/image\/"},"sameAs":["https:\/\/www.facebook.com\/luchonoticiasneiva"]},{"@type":"Person","@id":"https:\/\/luchonoticias.com\/editor\/#\/schema\/person\/29217990ddf6f14e35912b2866d591fb","name":"Editor General","image":{"@type":"ImageObject","inLanguage":"es","@id":"https:\/\/luchonoticias.com\/editor\/#\/schema\/person\/image\/","url":"https:\/\/luchonoticias.com\/editor\/wp-content\/uploads\/2024\/02\/cropped-cropped-logolu-150x150.webp","contentUrl":"https:\/\/luchonoticias.com\/editor\/wp-content\/uploads\/2024\/02\/cropped-cropped-logolu-150x150.webp","caption":"Editor General"},"sameAs":["https:\/\/luchonoticias.com\/"],"url":"https:\/\/luchonoticias.com\/editor\/author\/editor-general\/"}]}},"_links":{"self":[{"href":"https:\/\/luchonoticias.com\/editor\/wp-json\/wp\/v2\/posts\/46166","targetHints":{"allow":["GET"]}}],"collection":[{"href":"https:\/\/luchonoticias.com\/editor\/wp-json\/wp\/v2\/posts"}],"about":[{"href":"https:\/\/luchonoticias.com\/editor\/wp-json\/wp\/v2\/types\/post"}],"author":[{"embeddable":true,"href":"https:\/\/luchonoticias.com\/editor\/wp-json\/wp\/v2\/users\/2"}],"replies":[{"embeddable":true,"href":"https:\/\/luchonoticias.com\/editor\/wp-json\/wp\/v2\/comments?post=46166"}],"version-history":[{"count":0,"href":"https:\/\/luchonoticias.com\/editor\/wp-json\/wp\/v2\/posts\/46166\/revisions"}],"wp:attachment":[{"href":"https:\/\/luchonoticias.com\/editor\/wp-json\/wp\/v2\/media?parent=46166"}],"wp:term":[{"taxonomy":"category","embeddable":true,"href":"https:\/\/luchonoticias.com\/editor\/wp-json\/wp\/v2\/categories?post=46166"},{"taxonomy":"post_tag","embeddable":true,"href":"https:\/\/luchonoticias.com\/editor\/wp-json\/wp\/v2\/tags?post=46166"}],"curies":[{"name":"wp","href":"https:\/\/api.w.org\/{rel}","templated":true}]}}