{"id":46173,"date":"2023-02-14T14:08:12","date_gmt":"2023-02-14T19:08:12","guid":{"rendered":"https:\/\/luchonoticias.com\/?p=46173"},"modified":"2023-02-14T14:08:13","modified_gmt":"2023-02-14T19:08:13","slug":"cayo-ambulancia-en-la-que-llevaban-material-de-guerra","status":"publish","type":"post","link":"https:\/\/luchonoticias.com\/editor\/cayo-ambulancia-en-la-que-llevaban-material-de-guerra\/","title":{"rendered":"Cay\u00f3 ambulancia en la que llevaban material de guerra\u00a0"},"content":{"rendered":"\n<p>El coronel Nelson Rodrigo Sep\u00falveda Figueroa, comandante de la Polic\u00eda en el Putumayo, manifest\u00f3 que el veh\u00edculo se trasladaba desde Orito Bajo Putumayo, con destino al municipio de Puerto Guzm\u00e1n.<\/p>\n\n\n\n<p>Se\u00f1al\u00f3 que pretend\u00edan camuflar el materia de guerra en la ambulancia, simulando transportar un paciente.\u00a0 Mediante informaci\u00f3n de inteligencia, se activa la b\u00fasqueda y localizaci\u00f3n de este veh\u00edculo, el cual fue interceptado en la vereda Cananguchal.<\/p>\n\n\n\n<figure class=\"wp-block-gallery has-nested-images columns-default is-cropped wp-block-gallery-1 is-layout-flex wp-block-gallery-is-layout-flex\">\n<figure class=\"wp-block-image size-large\"><img decoding=\"async\" data-id=\"46178\" src=\"https:\/\/luchonoticias.com\/wp-content\/uploads\/2023\/02\/WhatsApp-Image-2023-02-14-at-12.52.03-PM-2-1024x681.jpeg\" alt=\"\" class=\"wp-image-46178\"\/><\/figure>\n\n\n\n<figure class=\"wp-block-image size-large\"><img decoding=\"async\" data-id=\"46177\" src=\"https:\/\/luchonoticias.com\/wp-content\/uploads\/2023\/02\/WhatsApp-Image-2023-02-14-at-12.52.03-PM-1-1024x681.jpeg\" alt=\"\" class=\"wp-image-46177\"\/><\/figure>\n\n\n\n<figure class=\"wp-block-image size-large\"><img decoding=\"async\" data-id=\"46179\" src=\"https:\/\/luchonoticias.com\/wp-content\/uploads\/2023\/02\/WhatsApp-Image-2023-02-14-at-12.52.03-PM-1024x681.jpeg\" alt=\"\" class=\"wp-image-46179\"\/><\/figure>\n<\/figure>\n\n\n\n<p>En el veh\u00edculo eran transportadas 60 granadas de mortero, 1 tuvo para mortero de fabricaci\u00f3n artesanal, 4 proveedores, 413 estopines, 83 equipos de asalto, 63 estopines el\u00e9ctricos, 4.074 cartuchos AK-47, 8.848 cartuchos calibre 5.56, 2 cobijas camufladas, 4 gps garmin, 9 br\u00fajulas, 1 cuerpo ametralladora, 1 culatin m-16, 1.450 gramos de p\u00f3lvora negra y pentolita peruana por 150 gramos.<\/p>\n\n\n\n<figure class=\"wp-block-video\"><video controls src=\"https:\/\/luchonoticias.com\/wp-content\/uploads\/2023\/02\/WhatsApp-Video-2023-02-14-at-12.52.03-PM.mp4\"><\/video><\/figure>\n","protected":false},"excerpt":{"rendered":"<p>El coronel Nelson Rodrigo Sep\u00falveda Figueroa, comandante de la Polic\u00eda en el Putumayo, manifest\u00f3 que el veh\u00edculo se trasladaba desde Orito Bajo Putumayo, con destino al municipio de Puerto Guzm\u00e1n. Se\u00f1al\u00f3 que pretend\u00edan camuflar el materia de guerra en la ambulancia, simulando transportar un paciente.\u00a0 Mediante informaci\u00f3n de inteligencia, se activa la b\u00fasqueda y localizaci\u00f3n [&hellip;]<\/p>\n","protected":false},"author":2,"featured_media":0,"comment_status":"open","ping_status":"open","sticky":false,"template":"","format":"standard","meta":{"footnotes":""},"categories":[36,29,3962],"tags":[],"class_list":["post-46173","post","type-post","status-publish","format-standard","hentry","category-destacado","category-judicial","category-videos"],"yoast_head":"<!-- This site is optimized with the Yoast SEO plugin v26.6 - https:\/\/yoast.com\/wordpress\/plugins\/seo\/ -->\n<title>Cay\u00f3 ambulancia en la que llevaban material de guerra\u00a0 -<\/title>\n<meta name=\"robots\" content=\"index, follow, max-snippet:-1, max-image-preview:large, max-video-preview:-1\" \/>\n<link rel=\"canonical\" href=\"https:\/\/luchonoticias.com\/editor\/cayo-ambulancia-en-la-que-llevaban-material-de-guerra\/\" \/>\n<meta property=\"og:locale\" content=\"es_ES\" \/>\n<meta property=\"og:type\" content=\"article\" \/>\n<meta property=\"og:title\" content=\"Cay\u00f3 ambulancia en la que llevaban material de guerra\u00a0 -\" \/>\n<meta property=\"og:url\" content=\"https:\/\/luchonoticias.com\/editor\/cayo-ambulancia-en-la-que-llevaban-material-de-guerra\/\" \/>\n<meta property=\"article:publisher\" content=\"https:\/\/www.facebook.com\/luchonoticiasneiva\" \/>\n<meta property=\"article:published_time\" content=\"2023-02-14T19:08:12+00:00\" \/>\n<meta property=\"article:modified_time\" content=\"2023-02-14T19:08:13+00:00\" \/>\n<meta property=\"og:image\" content=\"https:\/\/luchonoticias.com\/wp-content\/uploads\/2023\/02\/WhatsApp-Image-2023-02-14-at-12.52.03-PM-2-1024x681.jpeg\" \/>\n<meta name=\"author\" content=\"Editor General\" \/>\n<meta name=\"twitter:card\" content=\"summary_large_image\" \/>\n<meta name=\"twitter:label1\" content=\"Escrito por\" \/>\n\t<meta name=\"twitter:data1\" content=\"Editor General\" \/>\n\t<meta name=\"twitter:label2\" content=\"Tiempo de lectura\" \/>\n\t<meta name=\"twitter:data2\" content=\"1 minuto\" \/>\n<script type=\"application\/ld+json\" class=\"yoast-schema-graph\">{\"@context\":\"https:\/\/schema.org\",\"@graph\":[{\"@type\":\"Article\",\"@id\":\"https:\/\/luchonoticias.com\/editor\/cayo-ambulancia-en-la-que-llevaban-material-de-guerra\/#article\",\"isPartOf\":{\"@id\":\"https:\/\/luchonoticias.com\/editor\/cayo-ambulancia-en-la-que-llevaban-material-de-guerra\/\"},\"author\":{\"name\":\"Editor General\",\"@id\":\"https:\/\/luchonoticias.com\/editor\/#\/schema\/person\/29217990ddf6f14e35912b2866d591fb\"},\"headline\":\"Cay\u00f3 ambulancia en la que llevaban material de guerra\u00a0\",\"datePublished\":\"2023-02-14T19:08:12+00:00\",\"dateModified\":\"2023-02-14T19:08:13+00:00\",\"mainEntityOfPage\":{\"@id\":\"https:\/\/luchonoticias.com\/editor\/cayo-ambulancia-en-la-que-llevaban-material-de-guerra\/\"},\"wordCount\":133,\"commentCount\":0,\"publisher\":{\"@id\":\"https:\/\/luchonoticias.com\/editor\/#\/schema\/person\/7a7fd911f58561fd056dbac7b55af9cd\"},\"image\":{\"@id\":\"https:\/\/luchonoticias.com\/editor\/cayo-ambulancia-en-la-que-llevaban-material-de-guerra\/#primaryimage\"},\"thumbnailUrl\":\"https:\/\/luchonoticias.com\/wp-content\/uploads\/2023\/02\/WhatsApp-Image-2023-02-14-at-12.52.03-PM-2-1024x681.jpeg\",\"articleSection\":[\"Destacado\",\"Judicial\",\"Videos\"],\"inLanguage\":\"es\",\"potentialAction\":[{\"@type\":\"CommentAction\",\"name\":\"Comment\",\"target\":[\"https:\/\/luchonoticias.com\/editor\/cayo-ambulancia-en-la-que-llevaban-material-de-guerra\/#respond\"]}]},{\"@type\":\"WebPage\",\"@id\":\"https:\/\/luchonoticias.com\/editor\/cayo-ambulancia-en-la-que-llevaban-material-de-guerra\/\",\"url\":\"https:\/\/luchonoticias.com\/editor\/cayo-ambulancia-en-la-que-llevaban-material-de-guerra\/\",\"name\":\"Cay\u00f3 ambulancia en la que llevaban material de guerra\u00a0 -\",\"isPartOf\":{\"@id\":\"https:\/\/luchonoticias.com\/editor\/#website\"},\"primaryImageOfPage\":{\"@id\":\"https:\/\/luchonoticias.com\/editor\/cayo-ambulancia-en-la-que-llevaban-material-de-guerra\/#primaryimage\"},\"image\":{\"@id\":\"https:\/\/luchonoticias.com\/editor\/cayo-ambulancia-en-la-que-llevaban-material-de-guerra\/#primaryimage\"},\"thumbnailUrl\":\"https:\/\/luchonoticias.com\/wp-content\/uploads\/2023\/02\/WhatsApp-Image-2023-02-14-at-12.52.03-PM-2-1024x681.jpeg\",\"datePublished\":\"2023-02-14T19:08:12+00:00\",\"dateModified\":\"2023-02-14T19:08:13+00:00\",\"breadcrumb\":{\"@id\":\"https:\/\/luchonoticias.com\/editor\/cayo-ambulancia-en-la-que-llevaban-material-de-guerra\/#breadcrumb\"},\"inLanguage\":\"es\",\"potentialAction\":[{\"@type\":\"ReadAction\",\"target\":[\"https:\/\/luchonoticias.com\/editor\/cayo-ambulancia-en-la-que-llevaban-material-de-guerra\/\"]}]},{\"@type\":\"ImageObject\",\"inLanguage\":\"es\",\"@id\":\"https:\/\/luchonoticias.com\/editor\/cayo-ambulancia-en-la-que-llevaban-material-de-guerra\/#primaryimage\",\"url\":\"https:\/\/luchonoticias.com\/wp-content\/uploads\/2023\/02\/WhatsApp-Image-2023-02-14-at-12.52.03-PM-2-1024x681.jpeg\",\"contentUrl\":\"https:\/\/luchonoticias.com\/wp-content\/uploads\/2023\/02\/WhatsApp-Image-2023-02-14-at-12.52.03-PM-2-1024x681.jpeg\"},{\"@type\":\"BreadcrumbList\",\"@id\":\"https:\/\/luchonoticias.com\/editor\/cayo-ambulancia-en-la-que-llevaban-material-de-guerra\/#breadcrumb\",\"itemListElement\":[{\"@type\":\"ListItem\",\"position\":1,\"name\":\"Portada\",\"item\":\"https:\/\/luchonoticias.com\/editor\/\"},{\"@type\":\"ListItem\",\"position\":2,\"name\":\"Cay\u00f3 ambulancia en la que llevaban material de guerra\u00a0\"}]},{\"@type\":\"WebSite\",\"@id\":\"https:\/\/luchonoticias.com\/editor\/#website\",\"url\":\"https:\/\/luchonoticias.com\/editor\/\",\"name\":\"\",\"description\":\"\",\"publisher\":{\"@id\":\"https:\/\/luchonoticias.com\/editor\/#\/schema\/person\/7a7fd911f58561fd056dbac7b55af9cd\"},\"potentialAction\":[{\"@type\":\"SearchAction\",\"target\":{\"@type\":\"EntryPoint\",\"urlTemplate\":\"https:\/\/luchonoticias.com\/editor\/?s={search_term_string}\"},\"query-input\":{\"@type\":\"PropertyValueSpecification\",\"valueRequired\":true,\"valueName\":\"search_term_string\"}}],\"inLanguage\":\"es\"},{\"@type\":[\"Person\",\"Organization\"],\"@id\":\"https:\/\/luchonoticias.com\/editor\/#\/schema\/person\/7a7fd911f58561fd056dbac7b55af9cd\",\"name\":\"admin\",\"image\":{\"@type\":\"ImageObject\",\"inLanguage\":\"es\",\"@id\":\"https:\/\/luchonoticias.com\/editor\/#\/schema\/person\/image\/\",\"url\":\"https:\/\/luchonoticias.com\/editor\/wp-content\/uploads\/2024\/02\/cropped-cropped-logolu.webp\",\"contentUrl\":\"https:\/\/luchonoticias.com\/editor\/wp-content\/uploads\/2024\/02\/cropped-cropped-logolu.webp\",\"width\":382,\"height\":170,\"caption\":\"admin\"},\"logo\":{\"@id\":\"https:\/\/luchonoticias.com\/editor\/#\/schema\/person\/image\/\"},\"sameAs\":[\"https:\/\/www.facebook.com\/luchonoticiasneiva\"]},{\"@type\":\"Person\",\"@id\":\"https:\/\/luchonoticias.com\/editor\/#\/schema\/person\/29217990ddf6f14e35912b2866d591fb\",\"name\":\"Editor General\",\"image\":{\"@type\":\"ImageObject\",\"inLanguage\":\"es\",\"@id\":\"https:\/\/luchonoticias.com\/editor\/#\/schema\/person\/image\/\",\"url\":\"https:\/\/luchonoticias.com\/editor\/wp-content\/uploads\/2024\/02\/cropped-cropped-logolu-150x150.webp\",\"contentUrl\":\"https:\/\/luchonoticias.com\/editor\/wp-content\/uploads\/2024\/02\/cropped-cropped-logolu-150x150.webp\",\"caption\":\"Editor General\"},\"sameAs\":[\"https:\/\/luchonoticias.com\/\"],\"url\":\"https:\/\/luchonoticias.com\/editor\/author\/editor-general\/\"}]}<\/script>\n<!-- \/ Yoast SEO plugin. -->","yoast_head_json":{"title":"Cay\u00f3 ambulancia en la que llevaban material de guerra\u00a0 -","robots":{"index":"index","follow":"follow","max-snippet":"max-snippet:-1","max-image-preview":"max-image-preview:large","max-video-preview":"max-video-preview:-1"},"canonical":"https:\/\/luchonoticias.com\/editor\/cayo-ambulancia-en-la-que-llevaban-material-de-guerra\/","og_locale":"es_ES","og_type":"article","og_title":"Cay\u00f3 ambulancia en la que llevaban material de guerra\u00a0 -","og_url":"https:\/\/luchonoticias.com\/editor\/cayo-ambulancia-en-la-que-llevaban-material-de-guerra\/","article_publisher":"https:\/\/www.facebook.com\/luchonoticiasneiva","article_published_time":"2023-02-14T19:08:12+00:00","article_modified_time":"2023-02-14T19:08:13+00:00","og_image":[{"url":"https:\/\/luchonoticias.com\/wp-content\/uploads\/2023\/02\/WhatsApp-Image-2023-02-14-at-12.52.03-PM-2-1024x681.jpeg","type":"","width":"","height":""}],"author":"Editor General","twitter_card":"summary_large_image","twitter_misc":{"Escrito por":"Editor General","Tiempo de lectura":"1 minuto"},"schema":{"@context":"https:\/\/schema.org","@graph":[{"@type":"Article","@id":"https:\/\/luchonoticias.com\/editor\/cayo-ambulancia-en-la-que-llevaban-material-de-guerra\/#article","isPartOf":{"@id":"https:\/\/luchonoticias.com\/editor\/cayo-ambulancia-en-la-que-llevaban-material-de-guerra\/"},"author":{"name":"Editor General","@id":"https:\/\/luchonoticias.com\/editor\/#\/schema\/person\/29217990ddf6f14e35912b2866d591fb"},"headline":"Cay\u00f3 ambulancia en la que llevaban material de guerra\u00a0","datePublished":"2023-02-14T19:08:12+00:00","dateModified":"2023-02-14T19:08:13+00:00","mainEntityOfPage":{"@id":"https:\/\/luchonoticias.com\/editor\/cayo-ambulancia-en-la-que-llevaban-material-de-guerra\/"},"wordCount":133,"commentCount":0,"publisher":{"@id":"https:\/\/luchonoticias.com\/editor\/#\/schema\/person\/7a7fd911f58561fd056dbac7b55af9cd"},"image":{"@id":"https:\/\/luchonoticias.com\/editor\/cayo-ambulancia-en-la-que-llevaban-material-de-guerra\/#primaryimage"},"thumbnailUrl":"https:\/\/luchonoticias.com\/wp-content\/uploads\/2023\/02\/WhatsApp-Image-2023-02-14-at-12.52.03-PM-2-1024x681.jpeg","articleSection":["Destacado","Judicial","Videos"],"inLanguage":"es","potentialAction":[{"@type":"CommentAction","name":"Comment","target":["https:\/\/luchonoticias.com\/editor\/cayo-ambulancia-en-la-que-llevaban-material-de-guerra\/#respond"]}]},{"@type":"WebPage","@id":"https:\/\/luchonoticias.com\/editor\/cayo-ambulancia-en-la-que-llevaban-material-de-guerra\/","url":"https:\/\/luchonoticias.com\/editor\/cayo-ambulancia-en-la-que-llevaban-material-de-guerra\/","name":"Cay\u00f3 ambulancia en la que llevaban material de guerra\u00a0 -","isPartOf":{"@id":"https:\/\/luchonoticias.com\/editor\/#website"},"primaryImageOfPage":{"@id":"https:\/\/luchonoticias.com\/editor\/cayo-ambulancia-en-la-que-llevaban-material-de-guerra\/#primaryimage"},"image":{"@id":"https:\/\/luchonoticias.com\/editor\/cayo-ambulancia-en-la-que-llevaban-material-de-guerra\/#primaryimage"},"thumbnailUrl":"https:\/\/luchonoticias.com\/wp-content\/uploads\/2023\/02\/WhatsApp-Image-2023-02-14-at-12.52.03-PM-2-1024x681.jpeg","datePublished":"2023-02-14T19:08:12+00:00","dateModified":"2023-02-14T19:08:13+00:00","breadcrumb":{"@id":"https:\/\/luchonoticias.com\/editor\/cayo-ambulancia-en-la-que-llevaban-material-de-guerra\/#breadcrumb"},"inLanguage":"es","potentialAction":[{"@type":"ReadAction","target":["https:\/\/luchonoticias.com\/editor\/cayo-ambulancia-en-la-que-llevaban-material-de-guerra\/"]}]},{"@type":"ImageObject","inLanguage":"es","@id":"https:\/\/luchonoticias.com\/editor\/cayo-ambulancia-en-la-que-llevaban-material-de-guerra\/#primaryimage","url":"https:\/\/luchonoticias.com\/wp-content\/uploads\/2023\/02\/WhatsApp-Image-2023-02-14-at-12.52.03-PM-2-1024x681.jpeg","contentUrl":"https:\/\/luchonoticias.com\/wp-content\/uploads\/2023\/02\/WhatsApp-Image-2023-02-14-at-12.52.03-PM-2-1024x681.jpeg"},{"@type":"BreadcrumbList","@id":"https:\/\/luchonoticias.com\/editor\/cayo-ambulancia-en-la-que-llevaban-material-de-guerra\/#breadcrumb","itemListElement":[{"@type":"ListItem","position":1,"name":"Portada","item":"https:\/\/luchonoticias.com\/editor\/"},{"@type":"ListItem","position":2,"name":"Cay\u00f3 ambulancia en la que llevaban material de guerra\u00a0"}]},{"@type":"WebSite","@id":"https:\/\/luchonoticias.com\/editor\/#website","url":"https:\/\/luchonoticias.com\/editor\/","name":"","description":"","publisher":{"@id":"https:\/\/luchonoticias.com\/editor\/#\/schema\/person\/7a7fd911f58561fd056dbac7b55af9cd"},"potentialAction":[{"@type":"SearchAction","target":{"@type":"EntryPoint","urlTemplate":"https:\/\/luchonoticias.com\/editor\/?s={search_term_string}"},"query-input":{"@type":"PropertyValueSpecification","valueRequired":true,"valueName":"search_term_string"}}],"inLanguage":"es"},{"@type":["Person","Organization"],"@id":"https:\/\/luchonoticias.com\/editor\/#\/schema\/person\/7a7fd911f58561fd056dbac7b55af9cd","name":"admin","image":{"@type":"ImageObject","inLanguage":"es","@id":"https:\/\/luchonoticias.com\/editor\/#\/schema\/person\/image\/","url":"https:\/\/luchonoticias.com\/editor\/wp-content\/uploads\/2024\/02\/cropped-cropped-logolu.webp","contentUrl":"https:\/\/luchonoticias.com\/editor\/wp-content\/uploads\/2024\/02\/cropped-cropped-logolu.webp","width":382,"height":170,"caption":"admin"},"logo":{"@id":"https:\/\/luchonoticias.com\/editor\/#\/schema\/person\/image\/"},"sameAs":["https:\/\/www.facebook.com\/luchonoticiasneiva"]},{"@type":"Person","@id":"https:\/\/luchonoticias.com\/editor\/#\/schema\/person\/29217990ddf6f14e35912b2866d591fb","name":"Editor General","image":{"@type":"ImageObject","inLanguage":"es","@id":"https:\/\/luchonoticias.com\/editor\/#\/schema\/person\/image\/","url":"https:\/\/luchonoticias.com\/editor\/wp-content\/uploads\/2024\/02\/cropped-cropped-logolu-150x150.webp","contentUrl":"https:\/\/luchonoticias.com\/editor\/wp-content\/uploads\/2024\/02\/cropped-cropped-logolu-150x150.webp","caption":"Editor General"},"sameAs":["https:\/\/luchonoticias.com\/"],"url":"https:\/\/luchonoticias.com\/editor\/author\/editor-general\/"}]}},"_links":{"self":[{"href":"https:\/\/luchonoticias.com\/editor\/wp-json\/wp\/v2\/posts\/46173","targetHints":{"allow":["GET"]}}],"collection":[{"href":"https:\/\/luchonoticias.com\/editor\/wp-json\/wp\/v2\/posts"}],"about":[{"href":"https:\/\/luchonoticias.com\/editor\/wp-json\/wp\/v2\/types\/post"}],"author":[{"embeddable":true,"href":"https:\/\/luchonoticias.com\/editor\/wp-json\/wp\/v2\/users\/2"}],"replies":[{"embeddable":true,"href":"https:\/\/luchonoticias.com\/editor\/wp-json\/wp\/v2\/comments?post=46173"}],"version-history":[{"count":0,"href":"https:\/\/luchonoticias.com\/editor\/wp-json\/wp\/v2\/posts\/46173\/revisions"}],"wp:attachment":[{"href":"https:\/\/luchonoticias.com\/editor\/wp-json\/wp\/v2\/media?parent=46173"}],"wp:term":[{"taxonomy":"category","embeddable":true,"href":"https:\/\/luchonoticias.com\/editor\/wp-json\/wp\/v2\/categories?post=46173"},{"taxonomy":"post_tag","embeddable":true,"href":"https:\/\/luchonoticias.com\/editor\/wp-json\/wp\/v2\/tags?post=46173"}],"curies":[{"name":"wp","href":"https:\/\/api.w.org\/{rel}","templated":true}]}}