{"id":46190,"date":"2023-02-14T14:29:41","date_gmt":"2023-02-14T19:29:41","guid":{"rendered":"https:\/\/luchonoticias.com\/?p=46190"},"modified":"2023-02-14T14:29:42","modified_gmt":"2023-02-14T19:29:42","slug":"capturados-sujetos-por-hurto-en-pitalito","status":"publish","type":"post","link":"https:\/\/luchonoticias.com\/editor\/capturados-sujetos-por-hurto-en-pitalito\/","title":{"rendered":"<em>Capturados sujetos por hurto en Pitalito<\/em>"},"content":{"rendered":"\n<p>Las autoridades huilenses, dieron a conocer que unidades policiales pertenecientes a la Seccional de Tr\u00e1nsito y Transportes del departamento del Huila, lograron en las \u00faltimas horas la captura al parecer en flagrancia de dos sujetos que minutos antes presuntamente hab\u00edan cometido un hurto tipo atraco, en la v\u00eda Mocoa-Pitalito sector de la vereda San Francisco.<\/p>\n\n\n\n<p><em>\u201cLos sujetos se accidentaron cuando pretend\u00edan huir despu\u00e9s del fallido hurto, fue all\u00ed cuando unidades del Ej\u00e9rcito Nacional y la Polic\u00eda Nacional procedieron a dar captura a los dos frustrados asaltantes. \u00a0Las patrullas lograron recuperar 5&#8217;062.000 de pesos y un celular. El dinero y tel\u00e9fono hab\u00eda sido hurtados en la estaci\u00f3n de servicio, asimismo se incaut\u00f3 un celular y una motocicleta\u201d, indicaron las fuentes oficiales.<\/em><\/p>\n\n\n\n<p>Finalmente, el coronel Gustavo Adolfo Camargo Romero comandante del departamento de Polic\u00eda Huila indic\u00f3 que los implicados fueron dejados a disposici\u00f3n de las autoridades competentes, quienes le definir\u00e1n sus situaci\u00f3n jur\u00eddicas.<\/p>\n\n\n\n<figure class=\"wp-block-video\"><video autoplay controls src=\"https:\/\/luchonoticias.com\/wp-content\/uploads\/2023\/02\/WhatsApp-Video-2023-02-14-at-10.29.29-AM-1.mp4\"><\/video><\/figure>\n\n\n\n<p><em>\u201cLos dos sujetos fueron dejados a disposici\u00f3n de la Fiscal\u00eda 3 local de Pitalito. Estas importantes capturas se dieron gracias a la reacci\u00f3n oportuna de unidades de Tr\u00e1nsito y Transporte, Carabineros y con el apoyo del Ej\u00e9rcito, asimismo fue posible por los diferentes controles que se ejercen en las v\u00edas del departamento del Huila\u201d, afirm\u00f3 el alto oficial.<\/em><\/p>\n","protected":false},"excerpt":{"rendered":"<p>Las autoridades huilenses, dieron a conocer que unidades policiales pertenecientes a la Seccional de Tr\u00e1nsito y Transportes del departamento del Huila, lograron en las \u00faltimas horas la captura al parecer en flagrancia de dos sujetos que minutos antes presuntamente hab\u00edan cometido un hurto tipo atraco, en la v\u00eda Mocoa-Pitalito sector de la vereda San Francisco. [&hellip;]<\/p>\n","protected":false},"author":2,"featured_media":0,"comment_status":"open","ping_status":"open","sticky":false,"template":"","format":"standard","meta":{"footnotes":""},"categories":[36,29,3962],"tags":[],"class_list":["post-46190","post","type-post","status-publish","format-standard","hentry","category-destacado","category-judicial","category-videos"],"yoast_head":"<!-- This site is optimized with the Yoast SEO plugin v26.6 - https:\/\/yoast.com\/wordpress\/plugins\/seo\/ -->\n<title>Capturados sujetos por hurto en Pitalito -<\/title>\n<meta name=\"robots\" content=\"index, follow, max-snippet:-1, max-image-preview:large, max-video-preview:-1\" \/>\n<link rel=\"canonical\" href=\"https:\/\/luchonoticias.com\/editor\/capturados-sujetos-por-hurto-en-pitalito\/\" \/>\n<meta property=\"og:locale\" content=\"es_ES\" \/>\n<meta property=\"og:type\" content=\"article\" \/>\n<meta property=\"og:title\" content=\"Capturados sujetos por hurto en Pitalito -\" \/>\n<meta property=\"og:url\" content=\"https:\/\/luchonoticias.com\/editor\/capturados-sujetos-por-hurto-en-pitalito\/\" \/>\n<meta property=\"article:publisher\" content=\"https:\/\/www.facebook.com\/luchonoticiasneiva\" \/>\n<meta property=\"article:published_time\" content=\"2023-02-14T19:29:41+00:00\" \/>\n<meta property=\"article:modified_time\" content=\"2023-02-14T19:29:42+00:00\" \/>\n<meta name=\"author\" content=\"Editor General\" \/>\n<meta name=\"twitter:card\" content=\"summary_large_image\" \/>\n<meta name=\"twitter:label1\" content=\"Escrito por\" \/>\n\t<meta name=\"twitter:data1\" content=\"Editor General\" \/>\n\t<meta name=\"twitter:label2\" content=\"Tiempo de lectura\" \/>\n\t<meta name=\"twitter:data2\" content=\"1 minuto\" \/>\n<script type=\"application\/ld+json\" class=\"yoast-schema-graph\">{\"@context\":\"https:\/\/schema.org\",\"@graph\":[{\"@type\":\"Article\",\"@id\":\"https:\/\/luchonoticias.com\/editor\/capturados-sujetos-por-hurto-en-pitalito\/#article\",\"isPartOf\":{\"@id\":\"https:\/\/luchonoticias.com\/editor\/capturados-sujetos-por-hurto-en-pitalito\/\"},\"author\":{\"name\":\"Editor General\",\"@id\":\"https:\/\/luchonoticias.com\/editor\/#\/schema\/person\/29217990ddf6f14e35912b2866d591fb\"},\"headline\":\"Capturados sujetos por hurto en Pitalito\",\"datePublished\":\"2023-02-14T19:29:41+00:00\",\"dateModified\":\"2023-02-14T19:29:42+00:00\",\"mainEntityOfPage\":{\"@id\":\"https:\/\/luchonoticias.com\/editor\/capturados-sujetos-por-hurto-en-pitalito\/\"},\"wordCount\":234,\"commentCount\":0,\"publisher\":{\"@id\":\"https:\/\/luchonoticias.com\/editor\/#\/schema\/person\/7a7fd911f58561fd056dbac7b55af9cd\"},\"articleSection\":[\"Destacado\",\"Judicial\",\"Videos\"],\"inLanguage\":\"es\",\"potentialAction\":[{\"@type\":\"CommentAction\",\"name\":\"Comment\",\"target\":[\"https:\/\/luchonoticias.com\/editor\/capturados-sujetos-por-hurto-en-pitalito\/#respond\"]}]},{\"@type\":\"WebPage\",\"@id\":\"https:\/\/luchonoticias.com\/editor\/capturados-sujetos-por-hurto-en-pitalito\/\",\"url\":\"https:\/\/luchonoticias.com\/editor\/capturados-sujetos-por-hurto-en-pitalito\/\",\"name\":\"Capturados sujetos por hurto en Pitalito -\",\"isPartOf\":{\"@id\":\"https:\/\/luchonoticias.com\/editor\/#website\"},\"datePublished\":\"2023-02-14T19:29:41+00:00\",\"dateModified\":\"2023-02-14T19:29:42+00:00\",\"breadcrumb\":{\"@id\":\"https:\/\/luchonoticias.com\/editor\/capturados-sujetos-por-hurto-en-pitalito\/#breadcrumb\"},\"inLanguage\":\"es\",\"potentialAction\":[{\"@type\":\"ReadAction\",\"target\":[\"https:\/\/luchonoticias.com\/editor\/capturados-sujetos-por-hurto-en-pitalito\/\"]}]},{\"@type\":\"BreadcrumbList\",\"@id\":\"https:\/\/luchonoticias.com\/editor\/capturados-sujetos-por-hurto-en-pitalito\/#breadcrumb\",\"itemListElement\":[{\"@type\":\"ListItem\",\"position\":1,\"name\":\"Portada\",\"item\":\"https:\/\/luchonoticias.com\/editor\/\"},{\"@type\":\"ListItem\",\"position\":2,\"name\":\"Capturados sujetos por hurto en Pitalito\"}]},{\"@type\":\"WebSite\",\"@id\":\"https:\/\/luchonoticias.com\/editor\/#website\",\"url\":\"https:\/\/luchonoticias.com\/editor\/\",\"name\":\"\",\"description\":\"\",\"publisher\":{\"@id\":\"https:\/\/luchonoticias.com\/editor\/#\/schema\/person\/7a7fd911f58561fd056dbac7b55af9cd\"},\"potentialAction\":[{\"@type\":\"SearchAction\",\"target\":{\"@type\":\"EntryPoint\",\"urlTemplate\":\"https:\/\/luchonoticias.com\/editor\/?s={search_term_string}\"},\"query-input\":{\"@type\":\"PropertyValueSpecification\",\"valueRequired\":true,\"valueName\":\"search_term_string\"}}],\"inLanguage\":\"es\"},{\"@type\":[\"Person\",\"Organization\"],\"@id\":\"https:\/\/luchonoticias.com\/editor\/#\/schema\/person\/7a7fd911f58561fd056dbac7b55af9cd\",\"name\":\"admin\",\"image\":{\"@type\":\"ImageObject\",\"inLanguage\":\"es\",\"@id\":\"https:\/\/luchonoticias.com\/editor\/#\/schema\/person\/image\/\",\"url\":\"https:\/\/luchonoticias.com\/editor\/wp-content\/uploads\/2024\/02\/cropped-cropped-logolu.webp\",\"contentUrl\":\"https:\/\/luchonoticias.com\/editor\/wp-content\/uploads\/2024\/02\/cropped-cropped-logolu.webp\",\"width\":382,\"height\":170,\"caption\":\"admin\"},\"logo\":{\"@id\":\"https:\/\/luchonoticias.com\/editor\/#\/schema\/person\/image\/\"},\"sameAs\":[\"https:\/\/www.facebook.com\/luchonoticiasneiva\"]},{\"@type\":\"Person\",\"@id\":\"https:\/\/luchonoticias.com\/editor\/#\/schema\/person\/29217990ddf6f14e35912b2866d591fb\",\"name\":\"Editor General\",\"image\":{\"@type\":\"ImageObject\",\"inLanguage\":\"es\",\"@id\":\"https:\/\/luchonoticias.com\/editor\/#\/schema\/person\/image\/\",\"url\":\"https:\/\/luchonoticias.com\/editor\/wp-content\/uploads\/2024\/02\/cropped-cropped-logolu-150x150.webp\",\"contentUrl\":\"https:\/\/luchonoticias.com\/editor\/wp-content\/uploads\/2024\/02\/cropped-cropped-logolu-150x150.webp\",\"caption\":\"Editor General\"},\"sameAs\":[\"https:\/\/luchonoticias.com\/\"],\"url\":\"https:\/\/luchonoticias.com\/editor\/author\/editor-general\/\"}]}<\/script>\n<!-- \/ Yoast SEO plugin. -->","yoast_head_json":{"title":"Capturados sujetos por hurto en Pitalito -","robots":{"index":"index","follow":"follow","max-snippet":"max-snippet:-1","max-image-preview":"max-image-preview:large","max-video-preview":"max-video-preview:-1"},"canonical":"https:\/\/luchonoticias.com\/editor\/capturados-sujetos-por-hurto-en-pitalito\/","og_locale":"es_ES","og_type":"article","og_title":"Capturados sujetos por hurto en Pitalito -","og_url":"https:\/\/luchonoticias.com\/editor\/capturados-sujetos-por-hurto-en-pitalito\/","article_publisher":"https:\/\/www.facebook.com\/luchonoticiasneiva","article_published_time":"2023-02-14T19:29:41+00:00","article_modified_time":"2023-02-14T19:29:42+00:00","author":"Editor General","twitter_card":"summary_large_image","twitter_misc":{"Escrito por":"Editor General","Tiempo de lectura":"1 minuto"},"schema":{"@context":"https:\/\/schema.org","@graph":[{"@type":"Article","@id":"https:\/\/luchonoticias.com\/editor\/capturados-sujetos-por-hurto-en-pitalito\/#article","isPartOf":{"@id":"https:\/\/luchonoticias.com\/editor\/capturados-sujetos-por-hurto-en-pitalito\/"},"author":{"name":"Editor General","@id":"https:\/\/luchonoticias.com\/editor\/#\/schema\/person\/29217990ddf6f14e35912b2866d591fb"},"headline":"Capturados sujetos por hurto en Pitalito","datePublished":"2023-02-14T19:29:41+00:00","dateModified":"2023-02-14T19:29:42+00:00","mainEntityOfPage":{"@id":"https:\/\/luchonoticias.com\/editor\/capturados-sujetos-por-hurto-en-pitalito\/"},"wordCount":234,"commentCount":0,"publisher":{"@id":"https:\/\/luchonoticias.com\/editor\/#\/schema\/person\/7a7fd911f58561fd056dbac7b55af9cd"},"articleSection":["Destacado","Judicial","Videos"],"inLanguage":"es","potentialAction":[{"@type":"CommentAction","name":"Comment","target":["https:\/\/luchonoticias.com\/editor\/capturados-sujetos-por-hurto-en-pitalito\/#respond"]}]},{"@type":"WebPage","@id":"https:\/\/luchonoticias.com\/editor\/capturados-sujetos-por-hurto-en-pitalito\/","url":"https:\/\/luchonoticias.com\/editor\/capturados-sujetos-por-hurto-en-pitalito\/","name":"Capturados sujetos por hurto en Pitalito -","isPartOf":{"@id":"https:\/\/luchonoticias.com\/editor\/#website"},"datePublished":"2023-02-14T19:29:41+00:00","dateModified":"2023-02-14T19:29:42+00:00","breadcrumb":{"@id":"https:\/\/luchonoticias.com\/editor\/capturados-sujetos-por-hurto-en-pitalito\/#breadcrumb"},"inLanguage":"es","potentialAction":[{"@type":"ReadAction","target":["https:\/\/luchonoticias.com\/editor\/capturados-sujetos-por-hurto-en-pitalito\/"]}]},{"@type":"BreadcrumbList","@id":"https:\/\/luchonoticias.com\/editor\/capturados-sujetos-por-hurto-en-pitalito\/#breadcrumb","itemListElement":[{"@type":"ListItem","position":1,"name":"Portada","item":"https:\/\/luchonoticias.com\/editor\/"},{"@type":"ListItem","position":2,"name":"Capturados sujetos por hurto en Pitalito"}]},{"@type":"WebSite","@id":"https:\/\/luchonoticias.com\/editor\/#website","url":"https:\/\/luchonoticias.com\/editor\/","name":"","description":"","publisher":{"@id":"https:\/\/luchonoticias.com\/editor\/#\/schema\/person\/7a7fd911f58561fd056dbac7b55af9cd"},"potentialAction":[{"@type":"SearchAction","target":{"@type":"EntryPoint","urlTemplate":"https:\/\/luchonoticias.com\/editor\/?s={search_term_string}"},"query-input":{"@type":"PropertyValueSpecification","valueRequired":true,"valueName":"search_term_string"}}],"inLanguage":"es"},{"@type":["Person","Organization"],"@id":"https:\/\/luchonoticias.com\/editor\/#\/schema\/person\/7a7fd911f58561fd056dbac7b55af9cd","name":"admin","image":{"@type":"ImageObject","inLanguage":"es","@id":"https:\/\/luchonoticias.com\/editor\/#\/schema\/person\/image\/","url":"https:\/\/luchonoticias.com\/editor\/wp-content\/uploads\/2024\/02\/cropped-cropped-logolu.webp","contentUrl":"https:\/\/luchonoticias.com\/editor\/wp-content\/uploads\/2024\/02\/cropped-cropped-logolu.webp","width":382,"height":170,"caption":"admin"},"logo":{"@id":"https:\/\/luchonoticias.com\/editor\/#\/schema\/person\/image\/"},"sameAs":["https:\/\/www.facebook.com\/luchonoticiasneiva"]},{"@type":"Person","@id":"https:\/\/luchonoticias.com\/editor\/#\/schema\/person\/29217990ddf6f14e35912b2866d591fb","name":"Editor General","image":{"@type":"ImageObject","inLanguage":"es","@id":"https:\/\/luchonoticias.com\/editor\/#\/schema\/person\/image\/","url":"https:\/\/luchonoticias.com\/editor\/wp-content\/uploads\/2024\/02\/cropped-cropped-logolu-150x150.webp","contentUrl":"https:\/\/luchonoticias.com\/editor\/wp-content\/uploads\/2024\/02\/cropped-cropped-logolu-150x150.webp","caption":"Editor General"},"sameAs":["https:\/\/luchonoticias.com\/"],"url":"https:\/\/luchonoticias.com\/editor\/author\/editor-general\/"}]}},"_links":{"self":[{"href":"https:\/\/luchonoticias.com\/editor\/wp-json\/wp\/v2\/posts\/46190","targetHints":{"allow":["GET"]}}],"collection":[{"href":"https:\/\/luchonoticias.com\/editor\/wp-json\/wp\/v2\/posts"}],"about":[{"href":"https:\/\/luchonoticias.com\/editor\/wp-json\/wp\/v2\/types\/post"}],"author":[{"embeddable":true,"href":"https:\/\/luchonoticias.com\/editor\/wp-json\/wp\/v2\/users\/2"}],"replies":[{"embeddable":true,"href":"https:\/\/luchonoticias.com\/editor\/wp-json\/wp\/v2\/comments?post=46190"}],"version-history":[{"count":0,"href":"https:\/\/luchonoticias.com\/editor\/wp-json\/wp\/v2\/posts\/46190\/revisions"}],"wp:attachment":[{"href":"https:\/\/luchonoticias.com\/editor\/wp-json\/wp\/v2\/media?parent=46190"}],"wp:term":[{"taxonomy":"category","embeddable":true,"href":"https:\/\/luchonoticias.com\/editor\/wp-json\/wp\/v2\/categories?post=46190"},{"taxonomy":"post_tag","embeddable":true,"href":"https:\/\/luchonoticias.com\/editor\/wp-json\/wp\/v2\/tags?post=46190"}],"curies":[{"name":"wp","href":"https:\/\/api.w.org\/{rel}","templated":true}]}}