{"id":46226,"date":"2023-02-15T06:53:54","date_gmt":"2023-02-15T11:53:54","guid":{"rendered":"https:\/\/luchonoticias.com\/?p=46226"},"modified":"2023-02-15T06:53:55","modified_gmt":"2023-02-15T11:53:55","slug":"alcaldia-de-neiva-acompano-movilizacion-social-y-fue-garante-de-derechos-humanos","status":"publish","type":"post","link":"https:\/\/luchonoticias.com\/editor\/alcaldia-de-neiva-acompano-movilizacion-social-y-fue-garante-de-derechos-humanos\/","title":{"rendered":"Alcald\u00eda de Neiva acompa\u00f1\u00f3 movilizaci\u00f3n social y fue garante de derechos humanos"},"content":{"rendered":"\n<p>Un balance positivo dej\u00f3 la movilizaci\u00f3n de este 14 de febrero en Neiva. A la capital del Huila arrib\u00f3 integrantes de la Asociaci\u00f3n de Autoridades Tradicionales del Consejo Regional Ind\u00edgena del Huila \u2013 CRIHU, de municipios de La Plata, La Argentina, N\u00e1taga, \u00cdquira, Pitalito, San Agust\u00edn, San Jos\u00e9 de Isnos, Palestina y Neiva, quienes se unieron al sindicato del magisterio, asociaciones obreras y dem\u00e1s ciudadanos, quienes salieron a las calles a manifestar.<\/p>\n\n\n\n<p>\u201cSe desarroll\u00f3 una movilizaci\u00f3n en completa tranquilidad, como la esper\u00e1bamos. Felicitamos a la ciudadan\u00eda por su buen comportamiento. Quienes no estuvieron marchando fueron respetuosos con quienes s\u00ed lo hicieron. Una vez concluida la jornada, seguimos desde la Alcald\u00eda acompa\u00f1ando a los ind\u00edgenas que llegaron a Neiva\u201d asegur\u00f3 Ra\u00fal Rivera Cort\u00e9s, Secretario de Gobierno de la ciudad.<\/p>\n\n\n\n<figure class=\"wp-block-gallery has-nested-images columns-default is-cropped wp-block-gallery-1 is-layout-flex wp-block-gallery-is-layout-flex\">\n<figure class=\"wp-block-image size-large\"><img decoding=\"async\" data-id=\"46228\" src=\"https:\/\/luchonoticias.com\/wp-content\/uploads\/2023\/02\/WhatsApp-Image-2023-02-14-at-8.22.23-PM-1-1024x684.jpeg\" alt=\"\" class=\"wp-image-46228\"\/><\/figure>\n\n\n\n<figure class=\"wp-block-image size-large\"><img decoding=\"async\" data-id=\"46229\" src=\"https:\/\/luchonoticias.com\/wp-content\/uploads\/2023\/02\/WhatsApp-Image-2023-02-14-at-8.20.06-PM-1-1024x683.jpeg\" alt=\"\" class=\"wp-image-46229\"\/><\/figure>\n\n\n\n<figure class=\"wp-block-image size-large\"><img decoding=\"async\" data-id=\"46230\" src=\"https:\/\/luchonoticias.com\/wp-content\/uploads\/2023\/02\/WhatsApp-Image-2023-02-14-at-8.20.05-PM-1024x683.jpeg\" alt=\"\" class=\"wp-image-46230\"\/><\/figure>\n<\/figure>\n\n\n\n<p><strong>Seguimiento desde el PMU<\/strong><\/p>\n\n\n\n<p>Desde el pasado s\u00e1bado 11 de febrero se instaur\u00f3 un Puesto de Mando Unificado \u2013 PMU, en el comando de la Polic\u00eda Metropolitana de Neiva, para garantizar una jornada tranquila y sin alteraciones del orden p\u00fablico. En este espacio encabezado por el Alcalde Gorky Mu\u00f1oz Calder\u00f3n, la Polic\u00eda Metropolitana, el Ej\u00e9rcito y entidades representantes del Ministerio P\u00fablico como Personer\u00eda, Defensor\u00eda del Pueblo y Procuradur\u00eda, se tomaron medidas y se establecieron estrategias para que el derecho a la protesta no se viera afectado.<\/p>\n\n\n\n<p>\u201cGarantizamos la protesta pac\u00edfica, los derechos de quienes protestaron y de quienes no. Garantizamos los derechos, pero exigimos las obligaciones ciudadanas. Planeamos todo para que la movilizaci\u00f3n saliera bien y sin alteraciones\u201d puntualiz\u00f3 el funcionario.<\/p>\n\n\n\n<p>La institucionalidad se despleg\u00f3 en los tres puntos donde salieron los manifestantes desde las 9:30 a.m. para garantizar seguridad en la ruta.<\/p>\n\n\n\n<p>Mientras tanto en el PMU, las autoridades monitoreaban la movilizaci\u00f3n por medio de c\u00e1maras de seguridad, donde tampoco se vieron situaciones adversas.<\/p>\n\n\n\n<p>\u201cLe hicimos seguimiento desde los puntos de concentraci\u00f3n, acompa\u00f1ados de nuestros gestores de convivencia y paz. Toda la movilizaci\u00f3n fue pac\u00edfica, las personas tuvieron un comportamiento sano en toda la ruta\u201d dijo Andr\u00e9s Felipe Mart\u00ednez, Director de Seguridad y Convivencia Ciudadana de Neiva.<\/p>\n\n\n\n<figure class=\"wp-block-gallery has-nested-images columns-default is-cropped wp-block-gallery-2 is-layout-flex wp-block-gallery-is-layout-flex\">\n<figure class=\"wp-block-image size-large\"><img decoding=\"async\" data-id=\"46231\" src=\"https:\/\/luchonoticias.com\/wp-content\/uploads\/2023\/02\/WhatsApp-Image-2023-02-14-at-8.22.23-PM-1024x684.jpeg\" alt=\"\" class=\"wp-image-46231\"\/><\/figure>\n\n\n\n<figure class=\"wp-block-image size-large\"><img decoding=\"async\" data-id=\"46232\" src=\"https:\/\/luchonoticias.com\/wp-content\/uploads\/2023\/02\/WhatsApp-Image-2023-02-14-at-8.20.05-PM-1-1024x683.jpeg\" alt=\"\" class=\"wp-image-46232\"\/><\/figure>\n<\/figure>\n\n\n\n<p><strong>Acompa\u00f1amiento de los gestores de paz<\/strong><\/p>\n\n\n\n<p>Cumpliendo con los decretos 03 de 2021 y 1130 de 2022, en el recorrido brindaron acompa\u00f1amiento los gestores de convivencia y paz, quienes, a lo largo de la movilizaci\u00f3n, por medio del di\u00e1logo, estuvieron con las personas.<\/p>\n\n\n\n<p>\u201cLos gestores de convivencia y paz estuvieron preparados para que, a trav\u00e9s del di\u00e1logo, resolvieran conflictos generados dentro de las manifestaciones, para que no se vulneraran los derechos de los manifestantes\u201d agreg\u00f3 Esmith Duarte Cano, Secretaria de Paz y Derechos Humanos.<\/p>\n\n\n\n<p><strong>Protestantes agradecidos<\/strong><\/p>\n\n\n\n<p>Gracias al trabajo de la institucionalidad, los ciudadanos se sintieron seguros durante la movilizaci\u00f3n. Aseguraron que hubo orden y respeto por parte de la fuerza p\u00fablica. La comunidad ind\u00edgena se sinti\u00f3 agradecida con la Administraci\u00f3n Municipal, la cual dispuso del Parque de la M\u00fasica Jorge Villamil Cordovez, para que estas personas pasaran la noche.<\/p>\n\n\n\n<p>\u201cAgradecemos al Municipio de Neiva, al se\u00f1or Alcalde, quienes nos han brindado espacios para descansar despu\u00e9s de la actividad.<\/p>\n\n\n\n<p>Hemos sido atendidos de la mejor manera por la administraci\u00f3n municipal\u201d, indic\u00f3 Justiniano Campos, representante legal del Consejo Regional Ind\u00edgena del Huila.<\/p>\n","protected":false},"excerpt":{"rendered":"<p>Un balance positivo dej\u00f3 la movilizaci\u00f3n de este 14 de febrero en Neiva. A la capital del Huila arrib\u00f3 integrantes de la Asociaci\u00f3n de Autoridades Tradicionales del Consejo Regional Ind\u00edgena del Huila \u2013 CRIHU, de municipios de La Plata, La Argentina, N\u00e1taga, \u00cdquira, Pitalito, San Agust\u00edn, San Jos\u00e9 de Isnos, Palestina y Neiva, quienes se [&hellip;]<\/p>\n","protected":false},"author":2,"featured_media":0,"comment_status":"open","ping_status":"open","sticky":false,"template":"","format":"standard","meta":{"footnotes":""},"categories":[36,53],"tags":[],"class_list":["post-46226","post","type-post","status-publish","format-standard","hentry","category-destacado","category-neiva"],"yoast_head":"<!-- This site is optimized with the Yoast SEO plugin v26.6 - https:\/\/yoast.com\/wordpress\/plugins\/seo\/ -->\n<title>Alcald\u00eda de Neiva acompa\u00f1\u00f3 movilizaci\u00f3n social y fue garante de derechos humanos -<\/title>\n<meta name=\"robots\" content=\"index, follow, max-snippet:-1, max-image-preview:large, max-video-preview:-1\" \/>\n<link rel=\"canonical\" href=\"https:\/\/luchonoticias.com\/editor\/alcaldia-de-neiva-acompano-movilizacion-social-y-fue-garante-de-derechos-humanos\/\" \/>\n<meta property=\"og:locale\" content=\"es_ES\" \/>\n<meta property=\"og:type\" content=\"article\" \/>\n<meta property=\"og:title\" content=\"Alcald\u00eda de Neiva acompa\u00f1\u00f3 movilizaci\u00f3n social y fue garante de derechos humanos -\" \/>\n<meta property=\"og:url\" content=\"https:\/\/luchonoticias.com\/editor\/alcaldia-de-neiva-acompano-movilizacion-social-y-fue-garante-de-derechos-humanos\/\" \/>\n<meta property=\"article:publisher\" content=\"https:\/\/www.facebook.com\/luchonoticiasneiva\" \/>\n<meta property=\"article:published_time\" content=\"2023-02-15T11:53:54+00:00\" \/>\n<meta property=\"article:modified_time\" content=\"2023-02-15T11:53:55+00:00\" \/>\n<meta property=\"og:image\" content=\"https:\/\/luchonoticias.com\/wp-content\/uploads\/2023\/02\/WhatsApp-Image-2023-02-14-at-8.22.23-PM-1-1024x684.jpeg\" \/>\n<meta name=\"author\" content=\"Editor General\" \/>\n<meta name=\"twitter:card\" content=\"summary_large_image\" \/>\n<meta name=\"twitter:label1\" content=\"Escrito por\" \/>\n\t<meta name=\"twitter:data1\" content=\"Editor General\" \/>\n\t<meta name=\"twitter:label2\" content=\"Tiempo de lectura\" \/>\n\t<meta name=\"twitter:data2\" content=\"3 minutos\" \/>\n<script type=\"application\/ld+json\" class=\"yoast-schema-graph\">{\"@context\":\"https:\/\/schema.org\",\"@graph\":[{\"@type\":\"Article\",\"@id\":\"https:\/\/luchonoticias.com\/editor\/alcaldia-de-neiva-acompano-movilizacion-social-y-fue-garante-de-derechos-humanos\/#article\",\"isPartOf\":{\"@id\":\"https:\/\/luchonoticias.com\/editor\/alcaldia-de-neiva-acompano-movilizacion-social-y-fue-garante-de-derechos-humanos\/\"},\"author\":{\"name\":\"Editor General\",\"@id\":\"https:\/\/luchonoticias.com\/editor\/#\/schema\/person\/29217990ddf6f14e35912b2866d591fb\"},\"headline\":\"Alcald\u00eda de Neiva acompa\u00f1\u00f3 movilizaci\u00f3n social y fue garante de derechos humanos\",\"datePublished\":\"2023-02-15T11:53:54+00:00\",\"dateModified\":\"2023-02-15T11:53:55+00:00\",\"mainEntityOfPage\":{\"@id\":\"https:\/\/luchonoticias.com\/editor\/alcaldia-de-neiva-acompano-movilizacion-social-y-fue-garante-de-derechos-humanos\/\"},\"wordCount\":573,\"commentCount\":0,\"publisher\":{\"@id\":\"https:\/\/luchonoticias.com\/editor\/#\/schema\/person\/7a7fd911f58561fd056dbac7b55af9cd\"},\"image\":{\"@id\":\"https:\/\/luchonoticias.com\/editor\/alcaldia-de-neiva-acompano-movilizacion-social-y-fue-garante-de-derechos-humanos\/#primaryimage\"},\"thumbnailUrl\":\"https:\/\/luchonoticias.com\/wp-content\/uploads\/2023\/02\/WhatsApp-Image-2023-02-14-at-8.22.23-PM-1-1024x684.jpeg\",\"articleSection\":[\"Destacado\",\"Neiva\"],\"inLanguage\":\"es\",\"potentialAction\":[{\"@type\":\"CommentAction\",\"name\":\"Comment\",\"target\":[\"https:\/\/luchonoticias.com\/editor\/alcaldia-de-neiva-acompano-movilizacion-social-y-fue-garante-de-derechos-humanos\/#respond\"]}]},{\"@type\":\"WebPage\",\"@id\":\"https:\/\/luchonoticias.com\/editor\/alcaldia-de-neiva-acompano-movilizacion-social-y-fue-garante-de-derechos-humanos\/\",\"url\":\"https:\/\/luchonoticias.com\/editor\/alcaldia-de-neiva-acompano-movilizacion-social-y-fue-garante-de-derechos-humanos\/\",\"name\":\"Alcald\u00eda de Neiva acompa\u00f1\u00f3 movilizaci\u00f3n social y fue garante de derechos humanos -\",\"isPartOf\":{\"@id\":\"https:\/\/luchonoticias.com\/editor\/#website\"},\"primaryImageOfPage\":{\"@id\":\"https:\/\/luchonoticias.com\/editor\/alcaldia-de-neiva-acompano-movilizacion-social-y-fue-garante-de-derechos-humanos\/#primaryimage\"},\"image\":{\"@id\":\"https:\/\/luchonoticias.com\/editor\/alcaldia-de-neiva-acompano-movilizacion-social-y-fue-garante-de-derechos-humanos\/#primaryimage\"},\"thumbnailUrl\":\"https:\/\/luchonoticias.com\/wp-content\/uploads\/2023\/02\/WhatsApp-Image-2023-02-14-at-8.22.23-PM-1-1024x684.jpeg\",\"datePublished\":\"2023-02-15T11:53:54+00:00\",\"dateModified\":\"2023-02-15T11:53:55+00:00\",\"breadcrumb\":{\"@id\":\"https:\/\/luchonoticias.com\/editor\/alcaldia-de-neiva-acompano-movilizacion-social-y-fue-garante-de-derechos-humanos\/#breadcrumb\"},\"inLanguage\":\"es\",\"potentialAction\":[{\"@type\":\"ReadAction\",\"target\":[\"https:\/\/luchonoticias.com\/editor\/alcaldia-de-neiva-acompano-movilizacion-social-y-fue-garante-de-derechos-humanos\/\"]}]},{\"@type\":\"ImageObject\",\"inLanguage\":\"es\",\"@id\":\"https:\/\/luchonoticias.com\/editor\/alcaldia-de-neiva-acompano-movilizacion-social-y-fue-garante-de-derechos-humanos\/#primaryimage\",\"url\":\"https:\/\/luchonoticias.com\/wp-content\/uploads\/2023\/02\/WhatsApp-Image-2023-02-14-at-8.22.23-PM-1-1024x684.jpeg\",\"contentUrl\":\"https:\/\/luchonoticias.com\/wp-content\/uploads\/2023\/02\/WhatsApp-Image-2023-02-14-at-8.22.23-PM-1-1024x684.jpeg\"},{\"@type\":\"BreadcrumbList\",\"@id\":\"https:\/\/luchonoticias.com\/editor\/alcaldia-de-neiva-acompano-movilizacion-social-y-fue-garante-de-derechos-humanos\/#breadcrumb\",\"itemListElement\":[{\"@type\":\"ListItem\",\"position\":1,\"name\":\"Portada\",\"item\":\"https:\/\/luchonoticias.com\/editor\/\"},{\"@type\":\"ListItem\",\"position\":2,\"name\":\"Alcald\u00eda de Neiva acompa\u00f1\u00f3 movilizaci\u00f3n social y fue garante de derechos humanos\"}]},{\"@type\":\"WebSite\",\"@id\":\"https:\/\/luchonoticias.com\/editor\/#website\",\"url\":\"https:\/\/luchonoticias.com\/editor\/\",\"name\":\"\",\"description\":\"\",\"publisher\":{\"@id\":\"https:\/\/luchonoticias.com\/editor\/#\/schema\/person\/7a7fd911f58561fd056dbac7b55af9cd\"},\"potentialAction\":[{\"@type\":\"SearchAction\",\"target\":{\"@type\":\"EntryPoint\",\"urlTemplate\":\"https:\/\/luchonoticias.com\/editor\/?s={search_term_string}\"},\"query-input\":{\"@type\":\"PropertyValueSpecification\",\"valueRequired\":true,\"valueName\":\"search_term_string\"}}],\"inLanguage\":\"es\"},{\"@type\":[\"Person\",\"Organization\"],\"@id\":\"https:\/\/luchonoticias.com\/editor\/#\/schema\/person\/7a7fd911f58561fd056dbac7b55af9cd\",\"name\":\"admin\",\"image\":{\"@type\":\"ImageObject\",\"inLanguage\":\"es\",\"@id\":\"https:\/\/luchonoticias.com\/editor\/#\/schema\/person\/image\/\",\"url\":\"https:\/\/luchonoticias.com\/editor\/wp-content\/uploads\/2024\/02\/cropped-cropped-logolu.webp\",\"contentUrl\":\"https:\/\/luchonoticias.com\/editor\/wp-content\/uploads\/2024\/02\/cropped-cropped-logolu.webp\",\"width\":382,\"height\":170,\"caption\":\"admin\"},\"logo\":{\"@id\":\"https:\/\/luchonoticias.com\/editor\/#\/schema\/person\/image\/\"},\"sameAs\":[\"https:\/\/www.facebook.com\/luchonoticiasneiva\"]},{\"@type\":\"Person\",\"@id\":\"https:\/\/luchonoticias.com\/editor\/#\/schema\/person\/29217990ddf6f14e35912b2866d591fb\",\"name\":\"Editor General\",\"image\":{\"@type\":\"ImageObject\",\"inLanguage\":\"es\",\"@id\":\"https:\/\/luchonoticias.com\/editor\/#\/schema\/person\/image\/\",\"url\":\"https:\/\/luchonoticias.com\/editor\/wp-content\/uploads\/2024\/02\/cropped-cropped-logolu-150x150.webp\",\"contentUrl\":\"https:\/\/luchonoticias.com\/editor\/wp-content\/uploads\/2024\/02\/cropped-cropped-logolu-150x150.webp\",\"caption\":\"Editor General\"},\"sameAs\":[\"https:\/\/luchonoticias.com\/\"],\"url\":\"https:\/\/luchonoticias.com\/editor\/author\/editor-general\/\"}]}<\/script>\n<!-- \/ Yoast SEO plugin. -->","yoast_head_json":{"title":"Alcald\u00eda de Neiva acompa\u00f1\u00f3 movilizaci\u00f3n social y fue garante de derechos humanos -","robots":{"index":"index","follow":"follow","max-snippet":"max-snippet:-1","max-image-preview":"max-image-preview:large","max-video-preview":"max-video-preview:-1"},"canonical":"https:\/\/luchonoticias.com\/editor\/alcaldia-de-neiva-acompano-movilizacion-social-y-fue-garante-de-derechos-humanos\/","og_locale":"es_ES","og_type":"article","og_title":"Alcald\u00eda de Neiva acompa\u00f1\u00f3 movilizaci\u00f3n social y fue garante de derechos humanos -","og_url":"https:\/\/luchonoticias.com\/editor\/alcaldia-de-neiva-acompano-movilizacion-social-y-fue-garante-de-derechos-humanos\/","article_publisher":"https:\/\/www.facebook.com\/luchonoticiasneiva","article_published_time":"2023-02-15T11:53:54+00:00","article_modified_time":"2023-02-15T11:53:55+00:00","og_image":[{"url":"https:\/\/luchonoticias.com\/wp-content\/uploads\/2023\/02\/WhatsApp-Image-2023-02-14-at-8.22.23-PM-1-1024x684.jpeg","type":"","width":"","height":""}],"author":"Editor General","twitter_card":"summary_large_image","twitter_misc":{"Escrito por":"Editor General","Tiempo de lectura":"3 minutos"},"schema":{"@context":"https:\/\/schema.org","@graph":[{"@type":"Article","@id":"https:\/\/luchonoticias.com\/editor\/alcaldia-de-neiva-acompano-movilizacion-social-y-fue-garante-de-derechos-humanos\/#article","isPartOf":{"@id":"https:\/\/luchonoticias.com\/editor\/alcaldia-de-neiva-acompano-movilizacion-social-y-fue-garante-de-derechos-humanos\/"},"author":{"name":"Editor General","@id":"https:\/\/luchonoticias.com\/editor\/#\/schema\/person\/29217990ddf6f14e35912b2866d591fb"},"headline":"Alcald\u00eda de Neiva acompa\u00f1\u00f3 movilizaci\u00f3n social y fue garante de derechos humanos","datePublished":"2023-02-15T11:53:54+00:00","dateModified":"2023-02-15T11:53:55+00:00","mainEntityOfPage":{"@id":"https:\/\/luchonoticias.com\/editor\/alcaldia-de-neiva-acompano-movilizacion-social-y-fue-garante-de-derechos-humanos\/"},"wordCount":573,"commentCount":0,"publisher":{"@id":"https:\/\/luchonoticias.com\/editor\/#\/schema\/person\/7a7fd911f58561fd056dbac7b55af9cd"},"image":{"@id":"https:\/\/luchonoticias.com\/editor\/alcaldia-de-neiva-acompano-movilizacion-social-y-fue-garante-de-derechos-humanos\/#primaryimage"},"thumbnailUrl":"https:\/\/luchonoticias.com\/wp-content\/uploads\/2023\/02\/WhatsApp-Image-2023-02-14-at-8.22.23-PM-1-1024x684.jpeg","articleSection":["Destacado","Neiva"],"inLanguage":"es","potentialAction":[{"@type":"CommentAction","name":"Comment","target":["https:\/\/luchonoticias.com\/editor\/alcaldia-de-neiva-acompano-movilizacion-social-y-fue-garante-de-derechos-humanos\/#respond"]}]},{"@type":"WebPage","@id":"https:\/\/luchonoticias.com\/editor\/alcaldia-de-neiva-acompano-movilizacion-social-y-fue-garante-de-derechos-humanos\/","url":"https:\/\/luchonoticias.com\/editor\/alcaldia-de-neiva-acompano-movilizacion-social-y-fue-garante-de-derechos-humanos\/","name":"Alcald\u00eda de Neiva acompa\u00f1\u00f3 movilizaci\u00f3n social y fue garante de derechos humanos -","isPartOf":{"@id":"https:\/\/luchonoticias.com\/editor\/#website"},"primaryImageOfPage":{"@id":"https:\/\/luchonoticias.com\/editor\/alcaldia-de-neiva-acompano-movilizacion-social-y-fue-garante-de-derechos-humanos\/#primaryimage"},"image":{"@id":"https:\/\/luchonoticias.com\/editor\/alcaldia-de-neiva-acompano-movilizacion-social-y-fue-garante-de-derechos-humanos\/#primaryimage"},"thumbnailUrl":"https:\/\/luchonoticias.com\/wp-content\/uploads\/2023\/02\/WhatsApp-Image-2023-02-14-at-8.22.23-PM-1-1024x684.jpeg","datePublished":"2023-02-15T11:53:54+00:00","dateModified":"2023-02-15T11:53:55+00:00","breadcrumb":{"@id":"https:\/\/luchonoticias.com\/editor\/alcaldia-de-neiva-acompano-movilizacion-social-y-fue-garante-de-derechos-humanos\/#breadcrumb"},"inLanguage":"es","potentialAction":[{"@type":"ReadAction","target":["https:\/\/luchonoticias.com\/editor\/alcaldia-de-neiva-acompano-movilizacion-social-y-fue-garante-de-derechos-humanos\/"]}]},{"@type":"ImageObject","inLanguage":"es","@id":"https:\/\/luchonoticias.com\/editor\/alcaldia-de-neiva-acompano-movilizacion-social-y-fue-garante-de-derechos-humanos\/#primaryimage","url":"https:\/\/luchonoticias.com\/wp-content\/uploads\/2023\/02\/WhatsApp-Image-2023-02-14-at-8.22.23-PM-1-1024x684.jpeg","contentUrl":"https:\/\/luchonoticias.com\/wp-content\/uploads\/2023\/02\/WhatsApp-Image-2023-02-14-at-8.22.23-PM-1-1024x684.jpeg"},{"@type":"BreadcrumbList","@id":"https:\/\/luchonoticias.com\/editor\/alcaldia-de-neiva-acompano-movilizacion-social-y-fue-garante-de-derechos-humanos\/#breadcrumb","itemListElement":[{"@type":"ListItem","position":1,"name":"Portada","item":"https:\/\/luchonoticias.com\/editor\/"},{"@type":"ListItem","position":2,"name":"Alcald\u00eda de Neiva acompa\u00f1\u00f3 movilizaci\u00f3n social y fue garante de derechos humanos"}]},{"@type":"WebSite","@id":"https:\/\/luchonoticias.com\/editor\/#website","url":"https:\/\/luchonoticias.com\/editor\/","name":"","description":"","publisher":{"@id":"https:\/\/luchonoticias.com\/editor\/#\/schema\/person\/7a7fd911f58561fd056dbac7b55af9cd"},"potentialAction":[{"@type":"SearchAction","target":{"@type":"EntryPoint","urlTemplate":"https:\/\/luchonoticias.com\/editor\/?s={search_term_string}"},"query-input":{"@type":"PropertyValueSpecification","valueRequired":true,"valueName":"search_term_string"}}],"inLanguage":"es"},{"@type":["Person","Organization"],"@id":"https:\/\/luchonoticias.com\/editor\/#\/schema\/person\/7a7fd911f58561fd056dbac7b55af9cd","name":"admin","image":{"@type":"ImageObject","inLanguage":"es","@id":"https:\/\/luchonoticias.com\/editor\/#\/schema\/person\/image\/","url":"https:\/\/luchonoticias.com\/editor\/wp-content\/uploads\/2024\/02\/cropped-cropped-logolu.webp","contentUrl":"https:\/\/luchonoticias.com\/editor\/wp-content\/uploads\/2024\/02\/cropped-cropped-logolu.webp","width":382,"height":170,"caption":"admin"},"logo":{"@id":"https:\/\/luchonoticias.com\/editor\/#\/schema\/person\/image\/"},"sameAs":["https:\/\/www.facebook.com\/luchonoticiasneiva"]},{"@type":"Person","@id":"https:\/\/luchonoticias.com\/editor\/#\/schema\/person\/29217990ddf6f14e35912b2866d591fb","name":"Editor General","image":{"@type":"ImageObject","inLanguage":"es","@id":"https:\/\/luchonoticias.com\/editor\/#\/schema\/person\/image\/","url":"https:\/\/luchonoticias.com\/editor\/wp-content\/uploads\/2024\/02\/cropped-cropped-logolu-150x150.webp","contentUrl":"https:\/\/luchonoticias.com\/editor\/wp-content\/uploads\/2024\/02\/cropped-cropped-logolu-150x150.webp","caption":"Editor General"},"sameAs":["https:\/\/luchonoticias.com\/"],"url":"https:\/\/luchonoticias.com\/editor\/author\/editor-general\/"}]}},"_links":{"self":[{"href":"https:\/\/luchonoticias.com\/editor\/wp-json\/wp\/v2\/posts\/46226","targetHints":{"allow":["GET"]}}],"collection":[{"href":"https:\/\/luchonoticias.com\/editor\/wp-json\/wp\/v2\/posts"}],"about":[{"href":"https:\/\/luchonoticias.com\/editor\/wp-json\/wp\/v2\/types\/post"}],"author":[{"embeddable":true,"href":"https:\/\/luchonoticias.com\/editor\/wp-json\/wp\/v2\/users\/2"}],"replies":[{"embeddable":true,"href":"https:\/\/luchonoticias.com\/editor\/wp-json\/wp\/v2\/comments?post=46226"}],"version-history":[{"count":0,"href":"https:\/\/luchonoticias.com\/editor\/wp-json\/wp\/v2\/posts\/46226\/revisions"}],"wp:attachment":[{"href":"https:\/\/luchonoticias.com\/editor\/wp-json\/wp\/v2\/media?parent=46226"}],"wp:term":[{"taxonomy":"category","embeddable":true,"href":"https:\/\/luchonoticias.com\/editor\/wp-json\/wp\/v2\/categories?post=46226"},{"taxonomy":"post_tag","embeddable":true,"href":"https:\/\/luchonoticias.com\/editor\/wp-json\/wp\/v2\/tags?post=46226"}],"curies":[{"name":"wp","href":"https:\/\/api.w.org\/{rel}","templated":true}]}}