{"id":46236,"date":"2023-02-15T07:02:32","date_gmt":"2023-02-15T12:02:32","guid":{"rendered":"https:\/\/luchonoticias.com\/?p=46236"},"modified":"2023-02-15T07:02:33","modified_gmt":"2023-02-15T12:02:33","slug":"presidente-petro-invito-al-pais-a-dar-un-paso-hacia-un-pacto-social-de-verdad","status":"publish","type":"post","link":"https:\/\/luchonoticias.com\/editor\/presidente-petro-invito-al-pais-a-dar-un-paso-hacia-un-pacto-social-de-verdad\/","title":{"rendered":"Presidente Petro invit\u00f3 al pa\u00eds a dar un paso hacia un pacto social de verdad"},"content":{"rendered":"\n<p>En el acto de socializaci\u00f3n y pedagog\u00eda de las pol\u00edticas del Gobierno del Cambio, que tuvo lugar este martes en la Plaza de Armas de la Casa de Nari\u00f1o, el Presidente Gustavo Petro hizo un llamado al pa\u00eds a dar el paso hacia un pacto social, a trav\u00e9s de las reformas a la salud, pensional y laboral que har\u00e1n su tr\u00e1mite en el Congreso de la Rep\u00fablica.<\/p>\n\n\n\n<p>\u201c\u00bfPor qu\u00e9 no damos un paso hacia un pacto social de verdad? \u00bfPor qu\u00e9 no se ha le\u00eddo el resultado de las elecciones que acaban de pasar? Es que el pueblo no cambi\u00f3 en las urnas simplemente por una moda\u201d, enfatiz\u00f3 el Jefe de Estado, quien agreg\u00f3 que el cambio que necesita el pa\u00eds no se puede lograr sin el pueblo.<\/p>\n\n\n\n<figure class=\"wp-block-gallery has-nested-images columns-default is-cropped wp-block-gallery-1 is-layout-flex wp-block-gallery-is-layout-flex\">\n<figure class=\"wp-block-image size-large\"><img decoding=\"async\" data-id=\"46240\" src=\"https:\/\/luchonoticias.com\/wp-content\/uploads\/2023\/02\/WhatsApp-Image-2023-02-14-at-6.53.49-PM-1024x682.jpeg\" alt=\"\" class=\"wp-image-46240\"\/><\/figure>\n\n\n\n<figure class=\"wp-block-image size-large\"><img decoding=\"async\" data-id=\"46241\" src=\"https:\/\/luchonoticias.com\/wp-content\/uploads\/2023\/02\/WhatsApp-Image-2023-02-14-at-6.53.47-PM-1-1024x682.jpeg\" alt=\"\" class=\"wp-image-46241\"\/><\/figure>\n\n\n\n<figure class=\"wp-block-image size-large\"><img decoding=\"async\" data-id=\"46239\" src=\"https:\/\/luchonoticias.com\/wp-content\/uploads\/2023\/02\/WhatsApp-Image-2023-02-14-at-6.53.45-PM-2-1024x681.jpeg\" alt=\"\" class=\"wp-image-46239\"\/><\/figure>\n<\/figure>\n\n\n\n<p>\u201cEl cambio ser\u00e1 m\u00e1s y m\u00e1s profundo en la medida que la mayor\u00eda de la sociedad nos acompa\u00f1e. El cambio solo es posible con el pueblo\u201d, afirm\u00f3.<\/p>\n\n\n\n<p>En ese contexto, el Mandatario se refiri\u00f3 a cada una de las reformas que el Gobierno del Cambio impulsa para defender los derechos universales de los colombianos y colombianas, con el fin de construir democracia y Paz Total.<\/p>\n\n\n\n<p>\u201cLo que tenemos son tres reformas, no las \u00fanicas ni las \u00faltimas. Son reformas que buscan garantizar los derechos universales de la gente, laborales, en salud y pensionales. Tres reformas que buscan m\u00e1s justicia, que la gente pueda acceder en igualdad de condiciones al ejercicio pleno de sus derechos fundamentales, como lo ordena la Constituci\u00f3n\u201d, resalt\u00f3 el Presidente.<\/p>\n\n\n\n<p>Agreg\u00f3 que \u201cel derecho universal es para todos y para todas. El derecho universal se denomina as\u00ed porque nadie puede ser excluido. El derecho no es para quien pueda pagarlo\u201d.<\/p>\n\n\n\n<p>En tal sentido, el Presidente recalc\u00f3 que si por alguna circunstancia las reformas propuestas por el Gobierno sufren trabas en su proceso, \u201clo \u00fanico que est\u00e1n haciendo no es el camino de un pacto social ni los caminos de la paz\u201d.<\/p>\n\n\n\n<figure class=\"wp-block-gallery has-nested-images columns-default is-cropped wp-block-gallery-2 is-layout-flex wp-block-gallery-is-layout-flex\">\n<figure class=\"wp-block-image size-large\"><img decoding=\"async\" data-id=\"46242\" src=\"https:\/\/luchonoticias.com\/wp-content\/uploads\/2023\/02\/WhatsApp-Image-2023-02-14-at-6.53.44-PM-1024x682.jpeg\" alt=\"\" class=\"wp-image-46242\"\/><\/figure>\n\n\n\n<figure class=\"wp-block-image size-large\"><img decoding=\"async\" data-id=\"46243\" src=\"https:\/\/luchonoticias.com\/wp-content\/uploads\/2023\/02\/WhatsApp-Image-2023-02-14-at-6.53.40-PM-1-1024x682.jpeg\" alt=\"\" class=\"wp-image-46243\"\/><\/figure>\n\n\n\n<figure class=\"wp-block-image size-large\"><img decoding=\"async\" data-id=\"46245\" src=\"https:\/\/luchonoticias.com\/wp-content\/uploads\/2023\/02\/WhatsApp-Image-2023-02-14-at-6.53.36-PM-1024x755.jpeg\" alt=\"\" class=\"wp-image-46245\"\/><\/figure>\n<\/figure>\n\n\n\n<p><strong>Sobre el pacto<\/strong><\/p>\n\n\n\n<p>El Presidente advirti\u00f3 que \u201cno hay mucho tiempo para ese pacto\u201d y explic\u00f3 que se trata de \u201cun pacto que permita ver otra \u00e9poca, un pacto que permita que este pa\u00eds encuentre algo que es natural en muchos pueblos del mundo: la democracia y la paz.<\/p>\n\n\n\n<p>\u201cEs que no es mucho lo que pedimos. No estamos pidiendo el socialismo y el asalto al cielo, ni una sociedad ut\u00f3pica que no sabemos ni c\u00f3mo construir. Otras generaciones lo har\u00e1n\u201d, sostuvo.<\/p>\n\n\n\n<p>El Mandatario, finalmente, se refiri\u00f3 al concepto de justicia social, uno de los pilares de su Gobierno: \u201cEsto que estamos construyendo, que se llama justicia social, tiene que ver con que nadie, independientemente de cu\u00e1nto tenga en su bolsillo, debe acceder a los derechos universales\u201d.<\/p>\n","protected":false},"excerpt":{"rendered":"<p>En el acto de socializaci\u00f3n y pedagog\u00eda de las pol\u00edticas del Gobierno del Cambio, que tuvo lugar este martes en la Plaza de Armas de la Casa de Nari\u00f1o, el Presidente Gustavo Petro hizo un llamado al pa\u00eds a dar el paso hacia un pacto social, a trav\u00e9s de las reformas a la salud, pensional [&hellip;]<\/p>\n","protected":false},"author":2,"featured_media":0,"comment_status":"open","ping_status":"open","sticky":false,"template":"","format":"standard","meta":{"footnotes":""},"categories":[36,32],"tags":[],"class_list":["post-46236","post","type-post","status-publish","format-standard","hentry","category-destacado","category-nacional"],"yoast_head":"<!-- This site is optimized with the Yoast SEO plugin v26.6 - https:\/\/yoast.com\/wordpress\/plugins\/seo\/ -->\n<title>Presidente Petro invit\u00f3 al pa\u00eds a dar un paso hacia un pacto social de verdad -<\/title>\n<meta name=\"robots\" content=\"index, follow, max-snippet:-1, max-image-preview:large, max-video-preview:-1\" \/>\n<link rel=\"canonical\" href=\"https:\/\/luchonoticias.com\/editor\/presidente-petro-invito-al-pais-a-dar-un-paso-hacia-un-pacto-social-de-verdad\/\" \/>\n<meta property=\"og:locale\" content=\"es_ES\" \/>\n<meta property=\"og:type\" content=\"article\" \/>\n<meta property=\"og:title\" content=\"Presidente Petro invit\u00f3 al pa\u00eds a dar un paso hacia un pacto social de verdad -\" \/>\n<meta property=\"og:url\" content=\"https:\/\/luchonoticias.com\/editor\/presidente-petro-invito-al-pais-a-dar-un-paso-hacia-un-pacto-social-de-verdad\/\" \/>\n<meta property=\"article:publisher\" content=\"https:\/\/www.facebook.com\/luchonoticiasneiva\" \/>\n<meta property=\"article:published_time\" content=\"2023-02-15T12:02:32+00:00\" \/>\n<meta property=\"article:modified_time\" content=\"2023-02-15T12:02:33+00:00\" \/>\n<meta property=\"og:image\" content=\"https:\/\/luchonoticias.com\/wp-content\/uploads\/2023\/02\/WhatsApp-Image-2023-02-14-at-6.53.49-PM-1024x682.jpeg\" \/>\n<meta name=\"author\" content=\"Editor General\" \/>\n<meta name=\"twitter:card\" content=\"summary_large_image\" \/>\n<meta name=\"twitter:label1\" content=\"Escrito por\" \/>\n\t<meta name=\"twitter:data1\" content=\"Editor General\" \/>\n\t<meta name=\"twitter:label2\" content=\"Tiempo de lectura\" \/>\n\t<meta name=\"twitter:data2\" content=\"2 minutos\" \/>\n<script type=\"application\/ld+json\" class=\"yoast-schema-graph\">{\"@context\":\"https:\/\/schema.org\",\"@graph\":[{\"@type\":\"Article\",\"@id\":\"https:\/\/luchonoticias.com\/editor\/presidente-petro-invito-al-pais-a-dar-un-paso-hacia-un-pacto-social-de-verdad\/#article\",\"isPartOf\":{\"@id\":\"https:\/\/luchonoticias.com\/editor\/presidente-petro-invito-al-pais-a-dar-un-paso-hacia-un-pacto-social-de-verdad\/\"},\"author\":{\"name\":\"Editor General\",\"@id\":\"https:\/\/luchonoticias.com\/editor\/#\/schema\/person\/29217990ddf6f14e35912b2866d591fb\"},\"headline\":\"Presidente Petro invit\u00f3 al pa\u00eds a dar un paso hacia un pacto social de verdad\",\"datePublished\":\"2023-02-15T12:02:32+00:00\",\"dateModified\":\"2023-02-15T12:02:33+00:00\",\"mainEntityOfPage\":{\"@id\":\"https:\/\/luchonoticias.com\/editor\/presidente-petro-invito-al-pais-a-dar-un-paso-hacia-un-pacto-social-de-verdad\/\"},\"wordCount\":488,\"commentCount\":0,\"publisher\":{\"@id\":\"https:\/\/luchonoticias.com\/editor\/#\/schema\/person\/7a7fd911f58561fd056dbac7b55af9cd\"},\"image\":{\"@id\":\"https:\/\/luchonoticias.com\/editor\/presidente-petro-invito-al-pais-a-dar-un-paso-hacia-un-pacto-social-de-verdad\/#primaryimage\"},\"thumbnailUrl\":\"https:\/\/luchonoticias.com\/wp-content\/uploads\/2023\/02\/WhatsApp-Image-2023-02-14-at-6.53.49-PM-1024x682.jpeg\",\"articleSection\":[\"Destacado\",\"Nacional\"],\"inLanguage\":\"es\",\"potentialAction\":[{\"@type\":\"CommentAction\",\"name\":\"Comment\",\"target\":[\"https:\/\/luchonoticias.com\/editor\/presidente-petro-invito-al-pais-a-dar-un-paso-hacia-un-pacto-social-de-verdad\/#respond\"]}]},{\"@type\":\"WebPage\",\"@id\":\"https:\/\/luchonoticias.com\/editor\/presidente-petro-invito-al-pais-a-dar-un-paso-hacia-un-pacto-social-de-verdad\/\",\"url\":\"https:\/\/luchonoticias.com\/editor\/presidente-petro-invito-al-pais-a-dar-un-paso-hacia-un-pacto-social-de-verdad\/\",\"name\":\"Presidente Petro invit\u00f3 al pa\u00eds a dar un paso hacia un pacto social de verdad -\",\"isPartOf\":{\"@id\":\"https:\/\/luchonoticias.com\/editor\/#website\"},\"primaryImageOfPage\":{\"@id\":\"https:\/\/luchonoticias.com\/editor\/presidente-petro-invito-al-pais-a-dar-un-paso-hacia-un-pacto-social-de-verdad\/#primaryimage\"},\"image\":{\"@id\":\"https:\/\/luchonoticias.com\/editor\/presidente-petro-invito-al-pais-a-dar-un-paso-hacia-un-pacto-social-de-verdad\/#primaryimage\"},\"thumbnailUrl\":\"https:\/\/luchonoticias.com\/wp-content\/uploads\/2023\/02\/WhatsApp-Image-2023-02-14-at-6.53.49-PM-1024x682.jpeg\",\"datePublished\":\"2023-02-15T12:02:32+00:00\",\"dateModified\":\"2023-02-15T12:02:33+00:00\",\"breadcrumb\":{\"@id\":\"https:\/\/luchonoticias.com\/editor\/presidente-petro-invito-al-pais-a-dar-un-paso-hacia-un-pacto-social-de-verdad\/#breadcrumb\"},\"inLanguage\":\"es\",\"potentialAction\":[{\"@type\":\"ReadAction\",\"target\":[\"https:\/\/luchonoticias.com\/editor\/presidente-petro-invito-al-pais-a-dar-un-paso-hacia-un-pacto-social-de-verdad\/\"]}]},{\"@type\":\"ImageObject\",\"inLanguage\":\"es\",\"@id\":\"https:\/\/luchonoticias.com\/editor\/presidente-petro-invito-al-pais-a-dar-un-paso-hacia-un-pacto-social-de-verdad\/#primaryimage\",\"url\":\"https:\/\/luchonoticias.com\/wp-content\/uploads\/2023\/02\/WhatsApp-Image-2023-02-14-at-6.53.49-PM-1024x682.jpeg\",\"contentUrl\":\"https:\/\/luchonoticias.com\/wp-content\/uploads\/2023\/02\/WhatsApp-Image-2023-02-14-at-6.53.49-PM-1024x682.jpeg\"},{\"@type\":\"BreadcrumbList\",\"@id\":\"https:\/\/luchonoticias.com\/editor\/presidente-petro-invito-al-pais-a-dar-un-paso-hacia-un-pacto-social-de-verdad\/#breadcrumb\",\"itemListElement\":[{\"@type\":\"ListItem\",\"position\":1,\"name\":\"Portada\",\"item\":\"https:\/\/luchonoticias.com\/editor\/\"},{\"@type\":\"ListItem\",\"position\":2,\"name\":\"Presidente Petro invit\u00f3 al pa\u00eds a dar un paso hacia un pacto social de verdad\"}]},{\"@type\":\"WebSite\",\"@id\":\"https:\/\/luchonoticias.com\/editor\/#website\",\"url\":\"https:\/\/luchonoticias.com\/editor\/\",\"name\":\"\",\"description\":\"\",\"publisher\":{\"@id\":\"https:\/\/luchonoticias.com\/editor\/#\/schema\/person\/7a7fd911f58561fd056dbac7b55af9cd\"},\"potentialAction\":[{\"@type\":\"SearchAction\",\"target\":{\"@type\":\"EntryPoint\",\"urlTemplate\":\"https:\/\/luchonoticias.com\/editor\/?s={search_term_string}\"},\"query-input\":{\"@type\":\"PropertyValueSpecification\",\"valueRequired\":true,\"valueName\":\"search_term_string\"}}],\"inLanguage\":\"es\"},{\"@type\":[\"Person\",\"Organization\"],\"@id\":\"https:\/\/luchonoticias.com\/editor\/#\/schema\/person\/7a7fd911f58561fd056dbac7b55af9cd\",\"name\":\"admin\",\"image\":{\"@type\":\"ImageObject\",\"inLanguage\":\"es\",\"@id\":\"https:\/\/luchonoticias.com\/editor\/#\/schema\/person\/image\/\",\"url\":\"https:\/\/luchonoticias.com\/editor\/wp-content\/uploads\/2024\/02\/cropped-cropped-logolu.webp\",\"contentUrl\":\"https:\/\/luchonoticias.com\/editor\/wp-content\/uploads\/2024\/02\/cropped-cropped-logolu.webp\",\"width\":382,\"height\":170,\"caption\":\"admin\"},\"logo\":{\"@id\":\"https:\/\/luchonoticias.com\/editor\/#\/schema\/person\/image\/\"},\"sameAs\":[\"https:\/\/www.facebook.com\/luchonoticiasneiva\"]},{\"@type\":\"Person\",\"@id\":\"https:\/\/luchonoticias.com\/editor\/#\/schema\/person\/29217990ddf6f14e35912b2866d591fb\",\"name\":\"Editor General\",\"image\":{\"@type\":\"ImageObject\",\"inLanguage\":\"es\",\"@id\":\"https:\/\/luchonoticias.com\/editor\/#\/schema\/person\/image\/\",\"url\":\"https:\/\/luchonoticias.com\/editor\/wp-content\/uploads\/2024\/02\/cropped-cropped-logolu-150x150.webp\",\"contentUrl\":\"https:\/\/luchonoticias.com\/editor\/wp-content\/uploads\/2024\/02\/cropped-cropped-logolu-150x150.webp\",\"caption\":\"Editor General\"},\"sameAs\":[\"https:\/\/luchonoticias.com\/\"],\"url\":\"https:\/\/luchonoticias.com\/editor\/author\/editor-general\/\"}]}<\/script>\n<!-- \/ Yoast SEO plugin. -->","yoast_head_json":{"title":"Presidente Petro invit\u00f3 al pa\u00eds a dar un paso hacia un pacto social de verdad -","robots":{"index":"index","follow":"follow","max-snippet":"max-snippet:-1","max-image-preview":"max-image-preview:large","max-video-preview":"max-video-preview:-1"},"canonical":"https:\/\/luchonoticias.com\/editor\/presidente-petro-invito-al-pais-a-dar-un-paso-hacia-un-pacto-social-de-verdad\/","og_locale":"es_ES","og_type":"article","og_title":"Presidente Petro invit\u00f3 al pa\u00eds a dar un paso hacia un pacto social de verdad -","og_url":"https:\/\/luchonoticias.com\/editor\/presidente-petro-invito-al-pais-a-dar-un-paso-hacia-un-pacto-social-de-verdad\/","article_publisher":"https:\/\/www.facebook.com\/luchonoticiasneiva","article_published_time":"2023-02-15T12:02:32+00:00","article_modified_time":"2023-02-15T12:02:33+00:00","og_image":[{"url":"https:\/\/luchonoticias.com\/wp-content\/uploads\/2023\/02\/WhatsApp-Image-2023-02-14-at-6.53.49-PM-1024x682.jpeg","type":"","width":"","height":""}],"author":"Editor General","twitter_card":"summary_large_image","twitter_misc":{"Escrito por":"Editor General","Tiempo de lectura":"2 minutos"},"schema":{"@context":"https:\/\/schema.org","@graph":[{"@type":"Article","@id":"https:\/\/luchonoticias.com\/editor\/presidente-petro-invito-al-pais-a-dar-un-paso-hacia-un-pacto-social-de-verdad\/#article","isPartOf":{"@id":"https:\/\/luchonoticias.com\/editor\/presidente-petro-invito-al-pais-a-dar-un-paso-hacia-un-pacto-social-de-verdad\/"},"author":{"name":"Editor General","@id":"https:\/\/luchonoticias.com\/editor\/#\/schema\/person\/29217990ddf6f14e35912b2866d591fb"},"headline":"Presidente Petro invit\u00f3 al pa\u00eds a dar un paso hacia un pacto social de verdad","datePublished":"2023-02-15T12:02:32+00:00","dateModified":"2023-02-15T12:02:33+00:00","mainEntityOfPage":{"@id":"https:\/\/luchonoticias.com\/editor\/presidente-petro-invito-al-pais-a-dar-un-paso-hacia-un-pacto-social-de-verdad\/"},"wordCount":488,"commentCount":0,"publisher":{"@id":"https:\/\/luchonoticias.com\/editor\/#\/schema\/person\/7a7fd911f58561fd056dbac7b55af9cd"},"image":{"@id":"https:\/\/luchonoticias.com\/editor\/presidente-petro-invito-al-pais-a-dar-un-paso-hacia-un-pacto-social-de-verdad\/#primaryimage"},"thumbnailUrl":"https:\/\/luchonoticias.com\/wp-content\/uploads\/2023\/02\/WhatsApp-Image-2023-02-14-at-6.53.49-PM-1024x682.jpeg","articleSection":["Destacado","Nacional"],"inLanguage":"es","potentialAction":[{"@type":"CommentAction","name":"Comment","target":["https:\/\/luchonoticias.com\/editor\/presidente-petro-invito-al-pais-a-dar-un-paso-hacia-un-pacto-social-de-verdad\/#respond"]}]},{"@type":"WebPage","@id":"https:\/\/luchonoticias.com\/editor\/presidente-petro-invito-al-pais-a-dar-un-paso-hacia-un-pacto-social-de-verdad\/","url":"https:\/\/luchonoticias.com\/editor\/presidente-petro-invito-al-pais-a-dar-un-paso-hacia-un-pacto-social-de-verdad\/","name":"Presidente Petro invit\u00f3 al pa\u00eds a dar un paso hacia un pacto social de verdad -","isPartOf":{"@id":"https:\/\/luchonoticias.com\/editor\/#website"},"primaryImageOfPage":{"@id":"https:\/\/luchonoticias.com\/editor\/presidente-petro-invito-al-pais-a-dar-un-paso-hacia-un-pacto-social-de-verdad\/#primaryimage"},"image":{"@id":"https:\/\/luchonoticias.com\/editor\/presidente-petro-invito-al-pais-a-dar-un-paso-hacia-un-pacto-social-de-verdad\/#primaryimage"},"thumbnailUrl":"https:\/\/luchonoticias.com\/wp-content\/uploads\/2023\/02\/WhatsApp-Image-2023-02-14-at-6.53.49-PM-1024x682.jpeg","datePublished":"2023-02-15T12:02:32+00:00","dateModified":"2023-02-15T12:02:33+00:00","breadcrumb":{"@id":"https:\/\/luchonoticias.com\/editor\/presidente-petro-invito-al-pais-a-dar-un-paso-hacia-un-pacto-social-de-verdad\/#breadcrumb"},"inLanguage":"es","potentialAction":[{"@type":"ReadAction","target":["https:\/\/luchonoticias.com\/editor\/presidente-petro-invito-al-pais-a-dar-un-paso-hacia-un-pacto-social-de-verdad\/"]}]},{"@type":"ImageObject","inLanguage":"es","@id":"https:\/\/luchonoticias.com\/editor\/presidente-petro-invito-al-pais-a-dar-un-paso-hacia-un-pacto-social-de-verdad\/#primaryimage","url":"https:\/\/luchonoticias.com\/wp-content\/uploads\/2023\/02\/WhatsApp-Image-2023-02-14-at-6.53.49-PM-1024x682.jpeg","contentUrl":"https:\/\/luchonoticias.com\/wp-content\/uploads\/2023\/02\/WhatsApp-Image-2023-02-14-at-6.53.49-PM-1024x682.jpeg"},{"@type":"BreadcrumbList","@id":"https:\/\/luchonoticias.com\/editor\/presidente-petro-invito-al-pais-a-dar-un-paso-hacia-un-pacto-social-de-verdad\/#breadcrumb","itemListElement":[{"@type":"ListItem","position":1,"name":"Portada","item":"https:\/\/luchonoticias.com\/editor\/"},{"@type":"ListItem","position":2,"name":"Presidente Petro invit\u00f3 al pa\u00eds a dar un paso hacia un pacto social de verdad"}]},{"@type":"WebSite","@id":"https:\/\/luchonoticias.com\/editor\/#website","url":"https:\/\/luchonoticias.com\/editor\/","name":"","description":"","publisher":{"@id":"https:\/\/luchonoticias.com\/editor\/#\/schema\/person\/7a7fd911f58561fd056dbac7b55af9cd"},"potentialAction":[{"@type":"SearchAction","target":{"@type":"EntryPoint","urlTemplate":"https:\/\/luchonoticias.com\/editor\/?s={search_term_string}"},"query-input":{"@type":"PropertyValueSpecification","valueRequired":true,"valueName":"search_term_string"}}],"inLanguage":"es"},{"@type":["Person","Organization"],"@id":"https:\/\/luchonoticias.com\/editor\/#\/schema\/person\/7a7fd911f58561fd056dbac7b55af9cd","name":"admin","image":{"@type":"ImageObject","inLanguage":"es","@id":"https:\/\/luchonoticias.com\/editor\/#\/schema\/person\/image\/","url":"https:\/\/luchonoticias.com\/editor\/wp-content\/uploads\/2024\/02\/cropped-cropped-logolu.webp","contentUrl":"https:\/\/luchonoticias.com\/editor\/wp-content\/uploads\/2024\/02\/cropped-cropped-logolu.webp","width":382,"height":170,"caption":"admin"},"logo":{"@id":"https:\/\/luchonoticias.com\/editor\/#\/schema\/person\/image\/"},"sameAs":["https:\/\/www.facebook.com\/luchonoticiasneiva"]},{"@type":"Person","@id":"https:\/\/luchonoticias.com\/editor\/#\/schema\/person\/29217990ddf6f14e35912b2866d591fb","name":"Editor General","image":{"@type":"ImageObject","inLanguage":"es","@id":"https:\/\/luchonoticias.com\/editor\/#\/schema\/person\/image\/","url":"https:\/\/luchonoticias.com\/editor\/wp-content\/uploads\/2024\/02\/cropped-cropped-logolu-150x150.webp","contentUrl":"https:\/\/luchonoticias.com\/editor\/wp-content\/uploads\/2024\/02\/cropped-cropped-logolu-150x150.webp","caption":"Editor General"},"sameAs":["https:\/\/luchonoticias.com\/"],"url":"https:\/\/luchonoticias.com\/editor\/author\/editor-general\/"}]}},"_links":{"self":[{"href":"https:\/\/luchonoticias.com\/editor\/wp-json\/wp\/v2\/posts\/46236","targetHints":{"allow":["GET"]}}],"collection":[{"href":"https:\/\/luchonoticias.com\/editor\/wp-json\/wp\/v2\/posts"}],"about":[{"href":"https:\/\/luchonoticias.com\/editor\/wp-json\/wp\/v2\/types\/post"}],"author":[{"embeddable":true,"href":"https:\/\/luchonoticias.com\/editor\/wp-json\/wp\/v2\/users\/2"}],"replies":[{"embeddable":true,"href":"https:\/\/luchonoticias.com\/editor\/wp-json\/wp\/v2\/comments?post=46236"}],"version-history":[{"count":0,"href":"https:\/\/luchonoticias.com\/editor\/wp-json\/wp\/v2\/posts\/46236\/revisions"}],"wp:attachment":[{"href":"https:\/\/luchonoticias.com\/editor\/wp-json\/wp\/v2\/media?parent=46236"}],"wp:term":[{"taxonomy":"category","embeddable":true,"href":"https:\/\/luchonoticias.com\/editor\/wp-json\/wp\/v2\/categories?post=46236"},{"taxonomy":"post_tag","embeddable":true,"href":"https:\/\/luchonoticias.com\/editor\/wp-json\/wp\/v2\/tags?post=46236"}],"curies":[{"name":"wp","href":"https:\/\/api.w.org\/{rel}","templated":true}]}}