{"id":46247,"date":"2023-02-15T07:15:13","date_gmt":"2023-02-15T12:15:13","guid":{"rendered":"https:\/\/luchonoticias.com\/?p=46247"},"modified":"2023-02-15T07:15:14","modified_gmt":"2023-02-15T12:15:14","slug":"hallan-mujer-muerta-en-extranas-circunstancia-al-norte-de-neiva","status":"publish","type":"post","link":"https:\/\/luchonoticias.com\/editor\/hallan-mujer-muerta-en-extranas-circunstancia-al-norte-de-neiva\/","title":{"rendered":"Hallan mujer muerta en extra\u00f1as circunstancia al norte de Neiva"},"content":{"rendered":"\n<p>Las autoridades de Neiva, dieron a conocer que se encuentran en investigaciones la misteriosa muerte de una mujer quien es identificada como Rosal\u00eda Polo Ram\u00edrez y quien fue hallada al interior de su vivienda, ubicada en el asentamiento Brisas del Venado de la comuna 9 de Neiva.<\/p>\n\n\n\n<p>Seg\u00fan lo establecido por este medio de comunicaci\u00f3n, los restos mortales de la hoy occisa, fueron hallados por un familiar, quien se percat\u00f3 del cuerpo de la mujer tirada en el piso en una de las habitaciones de su vivienda.<\/p>\n\n\n\n<p>Asimismo, las autoridades revelaron que aun no descartan la hip\u00f3tesis de que la mujer decidi\u00f3 acabar con su vida, sin embargo afirmaron que continuaran con las investigaciones pertinentes, ya que los familiares de Rosal\u00eda Polo Ram\u00edrez, desconocen las razones por la cual la mujer tomara esta cruel decisi\u00f3n.<\/p>\n\n\n\n<p>Finalmente se conoci\u00f3 que el cuerpo de la hoy occisa, se encuentran en las instalaciones de Medicina Legal de Neiva, donde esta a la espera de ser reclamado por sus familiares para que le realicen sus respectivas honras f\u00fanebres.<\/p>\n","protected":false},"excerpt":{"rendered":"<p>Las autoridades de Neiva, dieron a conocer que se encuentran en investigaciones la misteriosa muerte de una mujer quien es identificada como Rosal\u00eda Polo Ram\u00edrez y quien fue hallada al interior de su vivienda, ubicada en el asentamiento Brisas del Venado de la comuna 9 de Neiva. Seg\u00fan lo establecido por este medio de comunicaci\u00f3n, [&hellip;]<\/p>\n","protected":false},"author":2,"featured_media":0,"comment_status":"open","ping_status":"open","sticky":false,"template":"","format":"standard","meta":{"footnotes":""},"categories":[36,29],"tags":[],"class_list":["post-46247","post","type-post","status-publish","format-standard","hentry","category-destacado","category-judicial"],"yoast_head":"<!-- This site is optimized with the Yoast SEO plugin v26.6 - https:\/\/yoast.com\/wordpress\/plugins\/seo\/ -->\n<title>Hallan mujer muerta en extra\u00f1as circunstancia al norte de Neiva -<\/title>\n<meta name=\"robots\" content=\"index, follow, max-snippet:-1, max-image-preview:large, max-video-preview:-1\" \/>\n<link rel=\"canonical\" href=\"https:\/\/luchonoticias.com\/editor\/hallan-mujer-muerta-en-extranas-circunstancia-al-norte-de-neiva\/\" \/>\n<meta property=\"og:locale\" content=\"es_ES\" \/>\n<meta property=\"og:type\" content=\"article\" \/>\n<meta property=\"og:title\" content=\"Hallan mujer muerta en extra\u00f1as circunstancia al norte de Neiva -\" \/>\n<meta property=\"og:url\" content=\"https:\/\/luchonoticias.com\/editor\/hallan-mujer-muerta-en-extranas-circunstancia-al-norte-de-neiva\/\" \/>\n<meta property=\"article:publisher\" content=\"https:\/\/www.facebook.com\/luchonoticiasneiva\" \/>\n<meta property=\"article:published_time\" content=\"2023-02-15T12:15:13+00:00\" \/>\n<meta property=\"article:modified_time\" content=\"2023-02-15T12:15:14+00:00\" \/>\n<meta name=\"author\" content=\"Editor General\" \/>\n<meta name=\"twitter:card\" content=\"summary_large_image\" \/>\n<meta name=\"twitter:label1\" content=\"Escrito por\" \/>\n\t<meta name=\"twitter:data1\" content=\"Editor General\" \/>\n\t<meta name=\"twitter:label2\" content=\"Tiempo de lectura\" \/>\n\t<meta name=\"twitter:data2\" content=\"1 minuto\" \/>\n<script type=\"application\/ld+json\" class=\"yoast-schema-graph\">{\"@context\":\"https:\/\/schema.org\",\"@graph\":[{\"@type\":\"Article\",\"@id\":\"https:\/\/luchonoticias.com\/editor\/hallan-mujer-muerta-en-extranas-circunstancia-al-norte-de-neiva\/#article\",\"isPartOf\":{\"@id\":\"https:\/\/luchonoticias.com\/editor\/hallan-mujer-muerta-en-extranas-circunstancia-al-norte-de-neiva\/\"},\"author\":{\"name\":\"Editor General\",\"@id\":\"https:\/\/luchonoticias.com\/editor\/#\/schema\/person\/29217990ddf6f14e35912b2866d591fb\"},\"headline\":\"Hallan mujer muerta en extra\u00f1as circunstancia al norte de Neiva\",\"datePublished\":\"2023-02-15T12:15:13+00:00\",\"dateModified\":\"2023-02-15T12:15:14+00:00\",\"mainEntityOfPage\":{\"@id\":\"https:\/\/luchonoticias.com\/editor\/hallan-mujer-muerta-en-extranas-circunstancia-al-norte-de-neiva\/\"},\"wordCount\":193,\"commentCount\":0,\"publisher\":{\"@id\":\"https:\/\/luchonoticias.com\/editor\/#\/schema\/person\/7a7fd911f58561fd056dbac7b55af9cd\"},\"articleSection\":[\"Destacado\",\"Judicial\"],\"inLanguage\":\"es\",\"potentialAction\":[{\"@type\":\"CommentAction\",\"name\":\"Comment\",\"target\":[\"https:\/\/luchonoticias.com\/editor\/hallan-mujer-muerta-en-extranas-circunstancia-al-norte-de-neiva\/#respond\"]}]},{\"@type\":\"WebPage\",\"@id\":\"https:\/\/luchonoticias.com\/editor\/hallan-mujer-muerta-en-extranas-circunstancia-al-norte-de-neiva\/\",\"url\":\"https:\/\/luchonoticias.com\/editor\/hallan-mujer-muerta-en-extranas-circunstancia-al-norte-de-neiva\/\",\"name\":\"Hallan mujer muerta en extra\u00f1as circunstancia al norte de Neiva -\",\"isPartOf\":{\"@id\":\"https:\/\/luchonoticias.com\/editor\/#website\"},\"datePublished\":\"2023-02-15T12:15:13+00:00\",\"dateModified\":\"2023-02-15T12:15:14+00:00\",\"breadcrumb\":{\"@id\":\"https:\/\/luchonoticias.com\/editor\/hallan-mujer-muerta-en-extranas-circunstancia-al-norte-de-neiva\/#breadcrumb\"},\"inLanguage\":\"es\",\"potentialAction\":[{\"@type\":\"ReadAction\",\"target\":[\"https:\/\/luchonoticias.com\/editor\/hallan-mujer-muerta-en-extranas-circunstancia-al-norte-de-neiva\/\"]}]},{\"@type\":\"BreadcrumbList\",\"@id\":\"https:\/\/luchonoticias.com\/editor\/hallan-mujer-muerta-en-extranas-circunstancia-al-norte-de-neiva\/#breadcrumb\",\"itemListElement\":[{\"@type\":\"ListItem\",\"position\":1,\"name\":\"Portada\",\"item\":\"https:\/\/luchonoticias.com\/editor\/\"},{\"@type\":\"ListItem\",\"position\":2,\"name\":\"Hallan mujer muerta en extra\u00f1as circunstancia al norte de Neiva\"}]},{\"@type\":\"WebSite\",\"@id\":\"https:\/\/luchonoticias.com\/editor\/#website\",\"url\":\"https:\/\/luchonoticias.com\/editor\/\",\"name\":\"\",\"description\":\"\",\"publisher\":{\"@id\":\"https:\/\/luchonoticias.com\/editor\/#\/schema\/person\/7a7fd911f58561fd056dbac7b55af9cd\"},\"potentialAction\":[{\"@type\":\"SearchAction\",\"target\":{\"@type\":\"EntryPoint\",\"urlTemplate\":\"https:\/\/luchonoticias.com\/editor\/?s={search_term_string}\"},\"query-input\":{\"@type\":\"PropertyValueSpecification\",\"valueRequired\":true,\"valueName\":\"search_term_string\"}}],\"inLanguage\":\"es\"},{\"@type\":[\"Person\",\"Organization\"],\"@id\":\"https:\/\/luchonoticias.com\/editor\/#\/schema\/person\/7a7fd911f58561fd056dbac7b55af9cd\",\"name\":\"admin\",\"image\":{\"@type\":\"ImageObject\",\"inLanguage\":\"es\",\"@id\":\"https:\/\/luchonoticias.com\/editor\/#\/schema\/person\/image\/\",\"url\":\"https:\/\/luchonoticias.com\/editor\/wp-content\/uploads\/2024\/02\/cropped-cropped-logolu.webp\",\"contentUrl\":\"https:\/\/luchonoticias.com\/editor\/wp-content\/uploads\/2024\/02\/cropped-cropped-logolu.webp\",\"width\":382,\"height\":170,\"caption\":\"admin\"},\"logo\":{\"@id\":\"https:\/\/luchonoticias.com\/editor\/#\/schema\/person\/image\/\"},\"sameAs\":[\"https:\/\/www.facebook.com\/luchonoticiasneiva\"]},{\"@type\":\"Person\",\"@id\":\"https:\/\/luchonoticias.com\/editor\/#\/schema\/person\/29217990ddf6f14e35912b2866d591fb\",\"name\":\"Editor General\",\"image\":{\"@type\":\"ImageObject\",\"inLanguage\":\"es\",\"@id\":\"https:\/\/luchonoticias.com\/editor\/#\/schema\/person\/image\/\",\"url\":\"https:\/\/luchonoticias.com\/editor\/wp-content\/uploads\/2024\/02\/cropped-cropped-logolu-150x150.webp\",\"contentUrl\":\"https:\/\/luchonoticias.com\/editor\/wp-content\/uploads\/2024\/02\/cropped-cropped-logolu-150x150.webp\",\"caption\":\"Editor General\"},\"sameAs\":[\"https:\/\/luchonoticias.com\/\"],\"url\":\"https:\/\/luchonoticias.com\/editor\/author\/editor-general\/\"}]}<\/script>\n<!-- \/ Yoast SEO plugin. -->","yoast_head_json":{"title":"Hallan mujer muerta en extra\u00f1as circunstancia al norte de Neiva -","robots":{"index":"index","follow":"follow","max-snippet":"max-snippet:-1","max-image-preview":"max-image-preview:large","max-video-preview":"max-video-preview:-1"},"canonical":"https:\/\/luchonoticias.com\/editor\/hallan-mujer-muerta-en-extranas-circunstancia-al-norte-de-neiva\/","og_locale":"es_ES","og_type":"article","og_title":"Hallan mujer muerta en extra\u00f1as circunstancia al norte de Neiva -","og_url":"https:\/\/luchonoticias.com\/editor\/hallan-mujer-muerta-en-extranas-circunstancia-al-norte-de-neiva\/","article_publisher":"https:\/\/www.facebook.com\/luchonoticiasneiva","article_published_time":"2023-02-15T12:15:13+00:00","article_modified_time":"2023-02-15T12:15:14+00:00","author":"Editor General","twitter_card":"summary_large_image","twitter_misc":{"Escrito por":"Editor General","Tiempo de lectura":"1 minuto"},"schema":{"@context":"https:\/\/schema.org","@graph":[{"@type":"Article","@id":"https:\/\/luchonoticias.com\/editor\/hallan-mujer-muerta-en-extranas-circunstancia-al-norte-de-neiva\/#article","isPartOf":{"@id":"https:\/\/luchonoticias.com\/editor\/hallan-mujer-muerta-en-extranas-circunstancia-al-norte-de-neiva\/"},"author":{"name":"Editor General","@id":"https:\/\/luchonoticias.com\/editor\/#\/schema\/person\/29217990ddf6f14e35912b2866d591fb"},"headline":"Hallan mujer muerta en extra\u00f1as circunstancia al norte de Neiva","datePublished":"2023-02-15T12:15:13+00:00","dateModified":"2023-02-15T12:15:14+00:00","mainEntityOfPage":{"@id":"https:\/\/luchonoticias.com\/editor\/hallan-mujer-muerta-en-extranas-circunstancia-al-norte-de-neiva\/"},"wordCount":193,"commentCount":0,"publisher":{"@id":"https:\/\/luchonoticias.com\/editor\/#\/schema\/person\/7a7fd911f58561fd056dbac7b55af9cd"},"articleSection":["Destacado","Judicial"],"inLanguage":"es","potentialAction":[{"@type":"CommentAction","name":"Comment","target":["https:\/\/luchonoticias.com\/editor\/hallan-mujer-muerta-en-extranas-circunstancia-al-norte-de-neiva\/#respond"]}]},{"@type":"WebPage","@id":"https:\/\/luchonoticias.com\/editor\/hallan-mujer-muerta-en-extranas-circunstancia-al-norte-de-neiva\/","url":"https:\/\/luchonoticias.com\/editor\/hallan-mujer-muerta-en-extranas-circunstancia-al-norte-de-neiva\/","name":"Hallan mujer muerta en extra\u00f1as circunstancia al norte de Neiva -","isPartOf":{"@id":"https:\/\/luchonoticias.com\/editor\/#website"},"datePublished":"2023-02-15T12:15:13+00:00","dateModified":"2023-02-15T12:15:14+00:00","breadcrumb":{"@id":"https:\/\/luchonoticias.com\/editor\/hallan-mujer-muerta-en-extranas-circunstancia-al-norte-de-neiva\/#breadcrumb"},"inLanguage":"es","potentialAction":[{"@type":"ReadAction","target":["https:\/\/luchonoticias.com\/editor\/hallan-mujer-muerta-en-extranas-circunstancia-al-norte-de-neiva\/"]}]},{"@type":"BreadcrumbList","@id":"https:\/\/luchonoticias.com\/editor\/hallan-mujer-muerta-en-extranas-circunstancia-al-norte-de-neiva\/#breadcrumb","itemListElement":[{"@type":"ListItem","position":1,"name":"Portada","item":"https:\/\/luchonoticias.com\/editor\/"},{"@type":"ListItem","position":2,"name":"Hallan mujer muerta en extra\u00f1as circunstancia al norte de Neiva"}]},{"@type":"WebSite","@id":"https:\/\/luchonoticias.com\/editor\/#website","url":"https:\/\/luchonoticias.com\/editor\/","name":"","description":"","publisher":{"@id":"https:\/\/luchonoticias.com\/editor\/#\/schema\/person\/7a7fd911f58561fd056dbac7b55af9cd"},"potentialAction":[{"@type":"SearchAction","target":{"@type":"EntryPoint","urlTemplate":"https:\/\/luchonoticias.com\/editor\/?s={search_term_string}"},"query-input":{"@type":"PropertyValueSpecification","valueRequired":true,"valueName":"search_term_string"}}],"inLanguage":"es"},{"@type":["Person","Organization"],"@id":"https:\/\/luchonoticias.com\/editor\/#\/schema\/person\/7a7fd911f58561fd056dbac7b55af9cd","name":"admin","image":{"@type":"ImageObject","inLanguage":"es","@id":"https:\/\/luchonoticias.com\/editor\/#\/schema\/person\/image\/","url":"https:\/\/luchonoticias.com\/editor\/wp-content\/uploads\/2024\/02\/cropped-cropped-logolu.webp","contentUrl":"https:\/\/luchonoticias.com\/editor\/wp-content\/uploads\/2024\/02\/cropped-cropped-logolu.webp","width":382,"height":170,"caption":"admin"},"logo":{"@id":"https:\/\/luchonoticias.com\/editor\/#\/schema\/person\/image\/"},"sameAs":["https:\/\/www.facebook.com\/luchonoticiasneiva"]},{"@type":"Person","@id":"https:\/\/luchonoticias.com\/editor\/#\/schema\/person\/29217990ddf6f14e35912b2866d591fb","name":"Editor General","image":{"@type":"ImageObject","inLanguage":"es","@id":"https:\/\/luchonoticias.com\/editor\/#\/schema\/person\/image\/","url":"https:\/\/luchonoticias.com\/editor\/wp-content\/uploads\/2024\/02\/cropped-cropped-logolu-150x150.webp","contentUrl":"https:\/\/luchonoticias.com\/editor\/wp-content\/uploads\/2024\/02\/cropped-cropped-logolu-150x150.webp","caption":"Editor General"},"sameAs":["https:\/\/luchonoticias.com\/"],"url":"https:\/\/luchonoticias.com\/editor\/author\/editor-general\/"}]}},"_links":{"self":[{"href":"https:\/\/luchonoticias.com\/editor\/wp-json\/wp\/v2\/posts\/46247","targetHints":{"allow":["GET"]}}],"collection":[{"href":"https:\/\/luchonoticias.com\/editor\/wp-json\/wp\/v2\/posts"}],"about":[{"href":"https:\/\/luchonoticias.com\/editor\/wp-json\/wp\/v2\/types\/post"}],"author":[{"embeddable":true,"href":"https:\/\/luchonoticias.com\/editor\/wp-json\/wp\/v2\/users\/2"}],"replies":[{"embeddable":true,"href":"https:\/\/luchonoticias.com\/editor\/wp-json\/wp\/v2\/comments?post=46247"}],"version-history":[{"count":0,"href":"https:\/\/luchonoticias.com\/editor\/wp-json\/wp\/v2\/posts\/46247\/revisions"}],"wp:attachment":[{"href":"https:\/\/luchonoticias.com\/editor\/wp-json\/wp\/v2\/media?parent=46247"}],"wp:term":[{"taxonomy":"category","embeddable":true,"href":"https:\/\/luchonoticias.com\/editor\/wp-json\/wp\/v2\/categories?post=46247"},{"taxonomy":"post_tag","embeddable":true,"href":"https:\/\/luchonoticias.com\/editor\/wp-json\/wp\/v2\/tags?post=46247"}],"curies":[{"name":"wp","href":"https:\/\/api.w.org\/{rel}","templated":true}]}}