{"id":46264,"date":"2023-02-15T10:19:11","date_gmt":"2023-02-15T15:19:11","guid":{"rendered":"https:\/\/luchonoticias.com\/?p=46264"},"modified":"2023-02-15T10:19:12","modified_gmt":"2023-02-15T15:19:12","slug":"manana-continuara-estudio-del-acuerdo-002-de-2023-en-comision-de-presupuesto","status":"publish","type":"post","link":"https:\/\/luchonoticias.com\/editor\/manana-continuara-estudio-del-acuerdo-002-de-2023-en-comision-de-presupuesto\/","title":{"rendered":"Ma\u00f1ana continuar\u00e1 estudio del acuerdo 002 de 2023 en Comisi\u00f3n de Presupuesto"},"content":{"rendered":"\n<p>As\u00ed lo anunci\u00f3 el presidente de la Comisi\u00f3n Segunda de Presupuesto, Jaime Alberto Unda Celada, quien asegur\u00f3 que ya se est\u00e1n analizando con los abogados de la corporaci\u00f3n y sus asesores personales, todas las dudas jur\u00eddicas que se generaron en la sesi\u00f3n de la noche de este martes que se extendi\u00f3 por la de cinco horas, frente al tr\u00e1mite del proyecto de acuerdo.<\/p>\n\n\n\n<p>\u201cHemos resuelto todas las dudas jur\u00eddicas y que tenemos claridad que no hemos actuado ilegalmente (\u2026) nos agrada mucho que el d\u00eda de ayer haya hecho presencia la Procuradur\u00eda, que haya enviado ese documento para conocer cada uno de los proyectos que fueron radicados ante la Secretar\u00eda General. Eso lo aplaudimos que nos acompa\u00f1\u00f3 la Procuradur\u00eda, la Contralor\u00eda, la Personer\u00eda\u201d, se\u00f1al\u00f3 el cabildante.<\/p>\n\n\n\n<figure class=\"wp-block-image size-large\"><img decoding=\"async\" src=\"https:\/\/luchonoticias.com\/wp-content\/uploads\/2023\/02\/WhatsApp-Image-2023-02-15-at-10.17.21-AM-1024x682.jpeg\" alt=\"\" class=\"wp-image-46266\"\/><\/figure>\n\n\n\n<p>Los concejales Johan Steed Ortiz, Juan Diego Amaya, Lourdes Matheus, Germ\u00e1n Casagua, estos dos \u00faltimos pertenecientes a la comisi\u00f3n de presupuesto, han venido insistiendo en que hay dudas jur\u00eddicas frente al tr\u00e1mite del proyecto y han solicitado el archivo del mismo.<\/p>\n\n\n\n<p>No obstante, ser\u00e1 ma\u00f1ana en la continuaci\u00f3n de la sesi\u00f3n donde se despejar\u00e1n las dudas.<\/p>\n","protected":false},"excerpt":{"rendered":"<p>As\u00ed lo anunci\u00f3 el presidente de la Comisi\u00f3n Segunda de Presupuesto, Jaime Alberto Unda Celada, quien asegur\u00f3 que ya se est\u00e1n analizando con los abogados de la corporaci\u00f3n y sus asesores personales, todas las dudas jur\u00eddicas que se generaron en la sesi\u00f3n de la noche de este martes que se extendi\u00f3 por la de cinco [&hellip;]<\/p>\n","protected":false},"author":2,"featured_media":0,"comment_status":"open","ping_status":"open","sticky":false,"template":"","format":"standard","meta":{"footnotes":""},"categories":[36,53],"tags":[],"class_list":["post-46264","post","type-post","status-publish","format-standard","hentry","category-destacado","category-neiva"],"yoast_head":"<!-- This site is optimized with the Yoast SEO plugin v26.6 - https:\/\/yoast.com\/wordpress\/plugins\/seo\/ -->\n<title>Ma\u00f1ana continuar\u00e1 estudio del acuerdo 002 de 2023 en Comisi\u00f3n de Presupuesto -<\/title>\n<meta name=\"robots\" content=\"index, follow, max-snippet:-1, max-image-preview:large, max-video-preview:-1\" \/>\n<link rel=\"canonical\" href=\"https:\/\/luchonoticias.com\/editor\/manana-continuara-estudio-del-acuerdo-002-de-2023-en-comision-de-presupuesto\/\" \/>\n<meta property=\"og:locale\" content=\"es_ES\" \/>\n<meta property=\"og:type\" content=\"article\" \/>\n<meta property=\"og:title\" content=\"Ma\u00f1ana continuar\u00e1 estudio del acuerdo 002 de 2023 en Comisi\u00f3n de Presupuesto -\" \/>\n<meta property=\"og:url\" content=\"https:\/\/luchonoticias.com\/editor\/manana-continuara-estudio-del-acuerdo-002-de-2023-en-comision-de-presupuesto\/\" \/>\n<meta property=\"article:publisher\" content=\"https:\/\/www.facebook.com\/luchonoticiasneiva\" \/>\n<meta property=\"article:published_time\" content=\"2023-02-15T15:19:11+00:00\" \/>\n<meta property=\"article:modified_time\" content=\"2023-02-15T15:19:12+00:00\" \/>\n<meta property=\"og:image\" content=\"https:\/\/luchonoticias.com\/wp-content\/uploads\/2023\/02\/WhatsApp-Image-2023-02-15-at-10.17.21-AM-1024x682.jpeg\" \/>\n<meta name=\"author\" content=\"Editor General\" \/>\n<meta name=\"twitter:card\" content=\"summary_large_image\" \/>\n<meta name=\"twitter:label1\" content=\"Escrito por\" \/>\n\t<meta name=\"twitter:data1\" content=\"Editor General\" \/>\n\t<meta name=\"twitter:label2\" content=\"Tiempo de lectura\" \/>\n\t<meta name=\"twitter:data2\" content=\"1 minuto\" \/>\n<script type=\"application\/ld+json\" class=\"yoast-schema-graph\">{\"@context\":\"https:\/\/schema.org\",\"@graph\":[{\"@type\":\"Article\",\"@id\":\"https:\/\/luchonoticias.com\/editor\/manana-continuara-estudio-del-acuerdo-002-de-2023-en-comision-de-presupuesto\/#article\",\"isPartOf\":{\"@id\":\"https:\/\/luchonoticias.com\/editor\/manana-continuara-estudio-del-acuerdo-002-de-2023-en-comision-de-presupuesto\/\"},\"author\":{\"name\":\"Editor General\",\"@id\":\"https:\/\/luchonoticias.com\/editor\/#\/schema\/person\/29217990ddf6f14e35912b2866d591fb\"},\"headline\":\"Ma\u00f1ana continuar\u00e1 estudio del acuerdo 002 de 2023 en Comisi\u00f3n de Presupuesto\",\"datePublished\":\"2023-02-15T15:19:11+00:00\",\"dateModified\":\"2023-02-15T15:19:12+00:00\",\"mainEntityOfPage\":{\"@id\":\"https:\/\/luchonoticias.com\/editor\/manana-continuara-estudio-del-acuerdo-002-de-2023-en-comision-de-presupuesto\/\"},\"wordCount\":215,\"commentCount\":0,\"publisher\":{\"@id\":\"https:\/\/luchonoticias.com\/editor\/#\/schema\/person\/7a7fd911f58561fd056dbac7b55af9cd\"},\"image\":{\"@id\":\"https:\/\/luchonoticias.com\/editor\/manana-continuara-estudio-del-acuerdo-002-de-2023-en-comision-de-presupuesto\/#primaryimage\"},\"thumbnailUrl\":\"https:\/\/luchonoticias.com\/wp-content\/uploads\/2023\/02\/WhatsApp-Image-2023-02-15-at-10.17.21-AM-1024x682.jpeg\",\"articleSection\":[\"Destacado\",\"Neiva\"],\"inLanguage\":\"es\",\"potentialAction\":[{\"@type\":\"CommentAction\",\"name\":\"Comment\",\"target\":[\"https:\/\/luchonoticias.com\/editor\/manana-continuara-estudio-del-acuerdo-002-de-2023-en-comision-de-presupuesto\/#respond\"]}]},{\"@type\":\"WebPage\",\"@id\":\"https:\/\/luchonoticias.com\/editor\/manana-continuara-estudio-del-acuerdo-002-de-2023-en-comision-de-presupuesto\/\",\"url\":\"https:\/\/luchonoticias.com\/editor\/manana-continuara-estudio-del-acuerdo-002-de-2023-en-comision-de-presupuesto\/\",\"name\":\"Ma\u00f1ana continuar\u00e1 estudio del acuerdo 002 de 2023 en Comisi\u00f3n de Presupuesto -\",\"isPartOf\":{\"@id\":\"https:\/\/luchonoticias.com\/editor\/#website\"},\"primaryImageOfPage\":{\"@id\":\"https:\/\/luchonoticias.com\/editor\/manana-continuara-estudio-del-acuerdo-002-de-2023-en-comision-de-presupuesto\/#primaryimage\"},\"image\":{\"@id\":\"https:\/\/luchonoticias.com\/editor\/manana-continuara-estudio-del-acuerdo-002-de-2023-en-comision-de-presupuesto\/#primaryimage\"},\"thumbnailUrl\":\"https:\/\/luchonoticias.com\/wp-content\/uploads\/2023\/02\/WhatsApp-Image-2023-02-15-at-10.17.21-AM-1024x682.jpeg\",\"datePublished\":\"2023-02-15T15:19:11+00:00\",\"dateModified\":\"2023-02-15T15:19:12+00:00\",\"breadcrumb\":{\"@id\":\"https:\/\/luchonoticias.com\/editor\/manana-continuara-estudio-del-acuerdo-002-de-2023-en-comision-de-presupuesto\/#breadcrumb\"},\"inLanguage\":\"es\",\"potentialAction\":[{\"@type\":\"ReadAction\",\"target\":[\"https:\/\/luchonoticias.com\/editor\/manana-continuara-estudio-del-acuerdo-002-de-2023-en-comision-de-presupuesto\/\"]}]},{\"@type\":\"ImageObject\",\"inLanguage\":\"es\",\"@id\":\"https:\/\/luchonoticias.com\/editor\/manana-continuara-estudio-del-acuerdo-002-de-2023-en-comision-de-presupuesto\/#primaryimage\",\"url\":\"https:\/\/luchonoticias.com\/wp-content\/uploads\/2023\/02\/WhatsApp-Image-2023-02-15-at-10.17.21-AM-1024x682.jpeg\",\"contentUrl\":\"https:\/\/luchonoticias.com\/wp-content\/uploads\/2023\/02\/WhatsApp-Image-2023-02-15-at-10.17.21-AM-1024x682.jpeg\"},{\"@type\":\"BreadcrumbList\",\"@id\":\"https:\/\/luchonoticias.com\/editor\/manana-continuara-estudio-del-acuerdo-002-de-2023-en-comision-de-presupuesto\/#breadcrumb\",\"itemListElement\":[{\"@type\":\"ListItem\",\"position\":1,\"name\":\"Portada\",\"item\":\"https:\/\/luchonoticias.com\/editor\/\"},{\"@type\":\"ListItem\",\"position\":2,\"name\":\"Ma\u00f1ana continuar\u00e1 estudio del acuerdo 002 de 2023 en Comisi\u00f3n de Presupuesto\"}]},{\"@type\":\"WebSite\",\"@id\":\"https:\/\/luchonoticias.com\/editor\/#website\",\"url\":\"https:\/\/luchonoticias.com\/editor\/\",\"name\":\"\",\"description\":\"\",\"publisher\":{\"@id\":\"https:\/\/luchonoticias.com\/editor\/#\/schema\/person\/7a7fd911f58561fd056dbac7b55af9cd\"},\"potentialAction\":[{\"@type\":\"SearchAction\",\"target\":{\"@type\":\"EntryPoint\",\"urlTemplate\":\"https:\/\/luchonoticias.com\/editor\/?s={search_term_string}\"},\"query-input\":{\"@type\":\"PropertyValueSpecification\",\"valueRequired\":true,\"valueName\":\"search_term_string\"}}],\"inLanguage\":\"es\"},{\"@type\":[\"Person\",\"Organization\"],\"@id\":\"https:\/\/luchonoticias.com\/editor\/#\/schema\/person\/7a7fd911f58561fd056dbac7b55af9cd\",\"name\":\"admin\",\"image\":{\"@type\":\"ImageObject\",\"inLanguage\":\"es\",\"@id\":\"https:\/\/luchonoticias.com\/editor\/#\/schema\/person\/image\/\",\"url\":\"https:\/\/luchonoticias.com\/editor\/wp-content\/uploads\/2024\/02\/cropped-cropped-logolu.webp\",\"contentUrl\":\"https:\/\/luchonoticias.com\/editor\/wp-content\/uploads\/2024\/02\/cropped-cropped-logolu.webp\",\"width\":382,\"height\":170,\"caption\":\"admin\"},\"logo\":{\"@id\":\"https:\/\/luchonoticias.com\/editor\/#\/schema\/person\/image\/\"},\"sameAs\":[\"https:\/\/www.facebook.com\/luchonoticiasneiva\"]},{\"@type\":\"Person\",\"@id\":\"https:\/\/luchonoticias.com\/editor\/#\/schema\/person\/29217990ddf6f14e35912b2866d591fb\",\"name\":\"Editor General\",\"image\":{\"@type\":\"ImageObject\",\"inLanguage\":\"es\",\"@id\":\"https:\/\/luchonoticias.com\/editor\/#\/schema\/person\/image\/\",\"url\":\"https:\/\/luchonoticias.com\/editor\/wp-content\/uploads\/2024\/02\/cropped-cropped-logolu-150x150.webp\",\"contentUrl\":\"https:\/\/luchonoticias.com\/editor\/wp-content\/uploads\/2024\/02\/cropped-cropped-logolu-150x150.webp\",\"caption\":\"Editor General\"},\"sameAs\":[\"https:\/\/luchonoticias.com\/\"],\"url\":\"https:\/\/luchonoticias.com\/editor\/author\/editor-general\/\"}]}<\/script>\n<!-- \/ Yoast SEO plugin. -->","yoast_head_json":{"title":"Ma\u00f1ana continuar\u00e1 estudio del acuerdo 002 de 2023 en Comisi\u00f3n de Presupuesto -","robots":{"index":"index","follow":"follow","max-snippet":"max-snippet:-1","max-image-preview":"max-image-preview:large","max-video-preview":"max-video-preview:-1"},"canonical":"https:\/\/luchonoticias.com\/editor\/manana-continuara-estudio-del-acuerdo-002-de-2023-en-comision-de-presupuesto\/","og_locale":"es_ES","og_type":"article","og_title":"Ma\u00f1ana continuar\u00e1 estudio del acuerdo 002 de 2023 en Comisi\u00f3n de Presupuesto -","og_url":"https:\/\/luchonoticias.com\/editor\/manana-continuara-estudio-del-acuerdo-002-de-2023-en-comision-de-presupuesto\/","article_publisher":"https:\/\/www.facebook.com\/luchonoticiasneiva","article_published_time":"2023-02-15T15:19:11+00:00","article_modified_time":"2023-02-15T15:19:12+00:00","og_image":[{"url":"https:\/\/luchonoticias.com\/wp-content\/uploads\/2023\/02\/WhatsApp-Image-2023-02-15-at-10.17.21-AM-1024x682.jpeg","type":"","width":"","height":""}],"author":"Editor General","twitter_card":"summary_large_image","twitter_misc":{"Escrito por":"Editor General","Tiempo de lectura":"1 minuto"},"schema":{"@context":"https:\/\/schema.org","@graph":[{"@type":"Article","@id":"https:\/\/luchonoticias.com\/editor\/manana-continuara-estudio-del-acuerdo-002-de-2023-en-comision-de-presupuesto\/#article","isPartOf":{"@id":"https:\/\/luchonoticias.com\/editor\/manana-continuara-estudio-del-acuerdo-002-de-2023-en-comision-de-presupuesto\/"},"author":{"name":"Editor General","@id":"https:\/\/luchonoticias.com\/editor\/#\/schema\/person\/29217990ddf6f14e35912b2866d591fb"},"headline":"Ma\u00f1ana continuar\u00e1 estudio del acuerdo 002 de 2023 en Comisi\u00f3n de Presupuesto","datePublished":"2023-02-15T15:19:11+00:00","dateModified":"2023-02-15T15:19:12+00:00","mainEntityOfPage":{"@id":"https:\/\/luchonoticias.com\/editor\/manana-continuara-estudio-del-acuerdo-002-de-2023-en-comision-de-presupuesto\/"},"wordCount":215,"commentCount":0,"publisher":{"@id":"https:\/\/luchonoticias.com\/editor\/#\/schema\/person\/7a7fd911f58561fd056dbac7b55af9cd"},"image":{"@id":"https:\/\/luchonoticias.com\/editor\/manana-continuara-estudio-del-acuerdo-002-de-2023-en-comision-de-presupuesto\/#primaryimage"},"thumbnailUrl":"https:\/\/luchonoticias.com\/wp-content\/uploads\/2023\/02\/WhatsApp-Image-2023-02-15-at-10.17.21-AM-1024x682.jpeg","articleSection":["Destacado","Neiva"],"inLanguage":"es","potentialAction":[{"@type":"CommentAction","name":"Comment","target":["https:\/\/luchonoticias.com\/editor\/manana-continuara-estudio-del-acuerdo-002-de-2023-en-comision-de-presupuesto\/#respond"]}]},{"@type":"WebPage","@id":"https:\/\/luchonoticias.com\/editor\/manana-continuara-estudio-del-acuerdo-002-de-2023-en-comision-de-presupuesto\/","url":"https:\/\/luchonoticias.com\/editor\/manana-continuara-estudio-del-acuerdo-002-de-2023-en-comision-de-presupuesto\/","name":"Ma\u00f1ana continuar\u00e1 estudio del acuerdo 002 de 2023 en Comisi\u00f3n de Presupuesto -","isPartOf":{"@id":"https:\/\/luchonoticias.com\/editor\/#website"},"primaryImageOfPage":{"@id":"https:\/\/luchonoticias.com\/editor\/manana-continuara-estudio-del-acuerdo-002-de-2023-en-comision-de-presupuesto\/#primaryimage"},"image":{"@id":"https:\/\/luchonoticias.com\/editor\/manana-continuara-estudio-del-acuerdo-002-de-2023-en-comision-de-presupuesto\/#primaryimage"},"thumbnailUrl":"https:\/\/luchonoticias.com\/wp-content\/uploads\/2023\/02\/WhatsApp-Image-2023-02-15-at-10.17.21-AM-1024x682.jpeg","datePublished":"2023-02-15T15:19:11+00:00","dateModified":"2023-02-15T15:19:12+00:00","breadcrumb":{"@id":"https:\/\/luchonoticias.com\/editor\/manana-continuara-estudio-del-acuerdo-002-de-2023-en-comision-de-presupuesto\/#breadcrumb"},"inLanguage":"es","potentialAction":[{"@type":"ReadAction","target":["https:\/\/luchonoticias.com\/editor\/manana-continuara-estudio-del-acuerdo-002-de-2023-en-comision-de-presupuesto\/"]}]},{"@type":"ImageObject","inLanguage":"es","@id":"https:\/\/luchonoticias.com\/editor\/manana-continuara-estudio-del-acuerdo-002-de-2023-en-comision-de-presupuesto\/#primaryimage","url":"https:\/\/luchonoticias.com\/wp-content\/uploads\/2023\/02\/WhatsApp-Image-2023-02-15-at-10.17.21-AM-1024x682.jpeg","contentUrl":"https:\/\/luchonoticias.com\/wp-content\/uploads\/2023\/02\/WhatsApp-Image-2023-02-15-at-10.17.21-AM-1024x682.jpeg"},{"@type":"BreadcrumbList","@id":"https:\/\/luchonoticias.com\/editor\/manana-continuara-estudio-del-acuerdo-002-de-2023-en-comision-de-presupuesto\/#breadcrumb","itemListElement":[{"@type":"ListItem","position":1,"name":"Portada","item":"https:\/\/luchonoticias.com\/editor\/"},{"@type":"ListItem","position":2,"name":"Ma\u00f1ana continuar\u00e1 estudio del acuerdo 002 de 2023 en Comisi\u00f3n de Presupuesto"}]},{"@type":"WebSite","@id":"https:\/\/luchonoticias.com\/editor\/#website","url":"https:\/\/luchonoticias.com\/editor\/","name":"","description":"","publisher":{"@id":"https:\/\/luchonoticias.com\/editor\/#\/schema\/person\/7a7fd911f58561fd056dbac7b55af9cd"},"potentialAction":[{"@type":"SearchAction","target":{"@type":"EntryPoint","urlTemplate":"https:\/\/luchonoticias.com\/editor\/?s={search_term_string}"},"query-input":{"@type":"PropertyValueSpecification","valueRequired":true,"valueName":"search_term_string"}}],"inLanguage":"es"},{"@type":["Person","Organization"],"@id":"https:\/\/luchonoticias.com\/editor\/#\/schema\/person\/7a7fd911f58561fd056dbac7b55af9cd","name":"admin","image":{"@type":"ImageObject","inLanguage":"es","@id":"https:\/\/luchonoticias.com\/editor\/#\/schema\/person\/image\/","url":"https:\/\/luchonoticias.com\/editor\/wp-content\/uploads\/2024\/02\/cropped-cropped-logolu.webp","contentUrl":"https:\/\/luchonoticias.com\/editor\/wp-content\/uploads\/2024\/02\/cropped-cropped-logolu.webp","width":382,"height":170,"caption":"admin"},"logo":{"@id":"https:\/\/luchonoticias.com\/editor\/#\/schema\/person\/image\/"},"sameAs":["https:\/\/www.facebook.com\/luchonoticiasneiva"]},{"@type":"Person","@id":"https:\/\/luchonoticias.com\/editor\/#\/schema\/person\/29217990ddf6f14e35912b2866d591fb","name":"Editor General","image":{"@type":"ImageObject","inLanguage":"es","@id":"https:\/\/luchonoticias.com\/editor\/#\/schema\/person\/image\/","url":"https:\/\/luchonoticias.com\/editor\/wp-content\/uploads\/2024\/02\/cropped-cropped-logolu-150x150.webp","contentUrl":"https:\/\/luchonoticias.com\/editor\/wp-content\/uploads\/2024\/02\/cropped-cropped-logolu-150x150.webp","caption":"Editor General"},"sameAs":["https:\/\/luchonoticias.com\/"],"url":"https:\/\/luchonoticias.com\/editor\/author\/editor-general\/"}]}},"_links":{"self":[{"href":"https:\/\/luchonoticias.com\/editor\/wp-json\/wp\/v2\/posts\/46264","targetHints":{"allow":["GET"]}}],"collection":[{"href":"https:\/\/luchonoticias.com\/editor\/wp-json\/wp\/v2\/posts"}],"about":[{"href":"https:\/\/luchonoticias.com\/editor\/wp-json\/wp\/v2\/types\/post"}],"author":[{"embeddable":true,"href":"https:\/\/luchonoticias.com\/editor\/wp-json\/wp\/v2\/users\/2"}],"replies":[{"embeddable":true,"href":"https:\/\/luchonoticias.com\/editor\/wp-json\/wp\/v2\/comments?post=46264"}],"version-history":[{"count":0,"href":"https:\/\/luchonoticias.com\/editor\/wp-json\/wp\/v2\/posts\/46264\/revisions"}],"wp:attachment":[{"href":"https:\/\/luchonoticias.com\/editor\/wp-json\/wp\/v2\/media?parent=46264"}],"wp:term":[{"taxonomy":"category","embeddable":true,"href":"https:\/\/luchonoticias.com\/editor\/wp-json\/wp\/v2\/categories?post=46264"},{"taxonomy":"post_tag","embeddable":true,"href":"https:\/\/luchonoticias.com\/editor\/wp-json\/wp\/v2\/tags?post=46264"}],"curies":[{"name":"wp","href":"https:\/\/api.w.org\/{rel}","templated":true}]}}