{"id":46412,"date":"2023-02-17T07:10:54","date_gmt":"2023-02-17T12:10:54","guid":{"rendered":"https:\/\/luchonoticias.com\/?p=46412"},"modified":"2023-02-17T07:10:55","modified_gmt":"2023-02-17T12:10:55","slug":"proyecto-de-acuerdo-de-emprestito-por-25-mil-millones-paso-en-primer-debate","status":"publish","type":"post","link":"https:\/\/luchonoticias.com\/editor\/proyecto-de-acuerdo-de-emprestito-por-25-mil-millones-paso-en-primer-debate\/","title":{"rendered":"Proyecto de Acuerdo de empr\u00e9stito por 25 mil millones pas\u00f3 en primer debate"},"content":{"rendered":"\n<p>Con cuatro votos positivos, dos negativos y la ausencia de un concejal, fue aprobado en primer debate el proyecto de acuerdo 002 de 2023, \u00abPor medio del cual se autoriza al Alcalde del Municipio de Neiva, para contratar operaciones de cr\u00e9dito p\u00fablico con entidades financieras para financiar proyectos estrat\u00e9gicos del plan de desarrollo Mandato Ciudadano Territorio de Vida y Paz 2022 &#8211; 2023\u00bb, la cual busca hacer inversiones en diferentes obras y proyectos de infraestructura en el municipio de Neiva.<\/p>\n\n\n\n<p>La iniciativa se discuti\u00f3 por m\u00e1s de 15 horas en la Comisi\u00f3n Segunda de Presupuesto, Hacienda y Cr\u00e9dito P\u00fablico, donde se presentaron\u00a0 diferentes posturas por parte de los cabildantes frente al proyecto de acuerdo.<\/p>\n\n\n\n<p>La iniciativa, busca que el Concejo le otorgue facultades a la administraci\u00f3n municipal para realizar operaciones de cr\u00e9dito por 25.500&nbsp; millones de pesos para proyectos de inversi\u00f3n, tales como la optimizaci\u00f3n de redes de acueducto y alcantarillado, construcci\u00f3n de acueductos veredales, as\u00ed como adiciones para la terminaci\u00f3n de obras inconclusas.<\/p>\n\n\n\n<figure class=\"wp-block-image size-large is-style-rounded\"><img decoding=\"async\" src=\"https:\/\/luchonoticias.com\/wp-content\/uploads\/2023\/02\/WhatsApp-Image-2023-02-16-at-9.09.40-PM-1024x683.jpeg\" alt=\"\" class=\"wp-image-46414\"\/><\/figure>\n\n\n\n<p>Este ser\u00eda el tercer proyecto de acuerdo presentado en estas sesiones extras, que estudia y aprueba la Comisi\u00f3n Segunda integrada por los concejales Jaime Unda, Faiber Tamayo, Johan Steed Ortiz, Germ\u00e1n Casagua, Jes\u00fas Garz\u00f3n, Lourdes Matheus y Deiby Mart\u00ednez.<\/p>\n\n\n\n<p>Ya hicieron tr\u00e1mite tambi\u00e9n,\u00a0 los proyectos de acuerdo 001 de 2023, \u00abpor medio del cual se adiciona el presupuesto general de rentas e ingresos y recursos de capital y gastos e inversiones del municipio de Neiva, para la vigencia fiscal del a\u00f1o 2023. por concepto de convenio interadministrativo no. 2301 del 2022 celebrado entre la Naci\u00f3n- Ministerio del Interior- Fondo Nacional de Seguridad y Convivencia ciudadana &#8211; Fonsecon con el municipio de Neiva-Huila\u201d y el\u00a0 003 de 2023 \u00abpor medio del cual se adiciona el presupuesto general de rentas e ingresos y recursos de capital y gastos e inversiones del municipio de Neiva, para la vigencia fiscal del a\u00f1o 2023, recursos del balance (super\u00e1vit fiscal) a 31 de diciembre de 2022\u00bb.<\/p>\n\n\n\n<p>Ahora, se espera que estos proyectos sean estudiados en la plenaria de la corporaci\u00f3n, donde se someter\u00e1n a estudio para decidir si se convierten en acuerdo municipal.<\/p>\n","protected":false},"excerpt":{"rendered":"<p>Con cuatro votos positivos, dos negativos y la ausencia de un concejal, fue aprobado en primer debate el proyecto de acuerdo 002 de 2023, \u00abPor medio del cual se autoriza al Alcalde del Municipio de Neiva, para contratar operaciones de cr\u00e9dito p\u00fablico con entidades financieras para financiar proyectos estrat\u00e9gicos del plan de desarrollo Mandato Ciudadano [&hellip;]<\/p>\n","protected":false},"author":2,"featured_media":0,"comment_status":"open","ping_status":"open","sticky":false,"template":"","format":"standard","meta":{"footnotes":""},"categories":[36,53],"tags":[],"class_list":["post-46412","post","type-post","status-publish","format-standard","hentry","category-destacado","category-neiva"],"yoast_head":"<!-- This site is optimized with the Yoast SEO plugin v26.6 - https:\/\/yoast.com\/wordpress\/plugins\/seo\/ -->\n<title>Proyecto de Acuerdo de empr\u00e9stito por 25 mil millones pas\u00f3 en primer debate -<\/title>\n<meta name=\"robots\" content=\"index, follow, max-snippet:-1, max-image-preview:large, max-video-preview:-1\" \/>\n<link rel=\"canonical\" href=\"https:\/\/luchonoticias.com\/editor\/proyecto-de-acuerdo-de-emprestito-por-25-mil-millones-paso-en-primer-debate\/\" \/>\n<meta property=\"og:locale\" content=\"es_ES\" \/>\n<meta property=\"og:type\" content=\"article\" \/>\n<meta property=\"og:title\" content=\"Proyecto de Acuerdo de empr\u00e9stito por 25 mil millones pas\u00f3 en primer debate -\" \/>\n<meta property=\"og:url\" content=\"https:\/\/luchonoticias.com\/editor\/proyecto-de-acuerdo-de-emprestito-por-25-mil-millones-paso-en-primer-debate\/\" \/>\n<meta property=\"article:publisher\" content=\"https:\/\/www.facebook.com\/luchonoticiasneiva\" \/>\n<meta property=\"article:published_time\" content=\"2023-02-17T12:10:54+00:00\" \/>\n<meta property=\"article:modified_time\" content=\"2023-02-17T12:10:55+00:00\" \/>\n<meta property=\"og:image\" content=\"https:\/\/luchonoticias.com\/wp-content\/uploads\/2023\/02\/WhatsApp-Image-2023-02-16-at-9.09.40-PM-1024x683.jpeg\" \/>\n<meta name=\"author\" content=\"Editor General\" \/>\n<meta name=\"twitter:card\" content=\"summary_large_image\" \/>\n<meta name=\"twitter:label1\" content=\"Escrito por\" \/>\n\t<meta name=\"twitter:data1\" content=\"Editor General\" \/>\n\t<meta name=\"twitter:label2\" content=\"Tiempo de lectura\" \/>\n\t<meta name=\"twitter:data2\" content=\"2 minutos\" \/>\n<script type=\"application\/ld+json\" class=\"yoast-schema-graph\">{\"@context\":\"https:\/\/schema.org\",\"@graph\":[{\"@type\":\"Article\",\"@id\":\"https:\/\/luchonoticias.com\/editor\/proyecto-de-acuerdo-de-emprestito-por-25-mil-millones-paso-en-primer-debate\/#article\",\"isPartOf\":{\"@id\":\"https:\/\/luchonoticias.com\/editor\/proyecto-de-acuerdo-de-emprestito-por-25-mil-millones-paso-en-primer-debate\/\"},\"author\":{\"name\":\"Editor General\",\"@id\":\"https:\/\/luchonoticias.com\/editor\/#\/schema\/person\/29217990ddf6f14e35912b2866d591fb\"},\"headline\":\"Proyecto de Acuerdo de empr\u00e9stito por 25 mil millones pas\u00f3 en primer debate\",\"datePublished\":\"2023-02-17T12:10:54+00:00\",\"dateModified\":\"2023-02-17T12:10:55+00:00\",\"mainEntityOfPage\":{\"@id\":\"https:\/\/luchonoticias.com\/editor\/proyecto-de-acuerdo-de-emprestito-por-25-mil-millones-paso-en-primer-debate\/\"},\"wordCount\":376,\"commentCount\":0,\"publisher\":{\"@id\":\"https:\/\/luchonoticias.com\/editor\/#\/schema\/person\/7a7fd911f58561fd056dbac7b55af9cd\"},\"image\":{\"@id\":\"https:\/\/luchonoticias.com\/editor\/proyecto-de-acuerdo-de-emprestito-por-25-mil-millones-paso-en-primer-debate\/#primaryimage\"},\"thumbnailUrl\":\"https:\/\/luchonoticias.com\/wp-content\/uploads\/2023\/02\/WhatsApp-Image-2023-02-16-at-9.09.40-PM-1024x683.jpeg\",\"articleSection\":[\"Destacado\",\"Neiva\"],\"inLanguage\":\"es\",\"potentialAction\":[{\"@type\":\"CommentAction\",\"name\":\"Comment\",\"target\":[\"https:\/\/luchonoticias.com\/editor\/proyecto-de-acuerdo-de-emprestito-por-25-mil-millones-paso-en-primer-debate\/#respond\"]}]},{\"@type\":\"WebPage\",\"@id\":\"https:\/\/luchonoticias.com\/editor\/proyecto-de-acuerdo-de-emprestito-por-25-mil-millones-paso-en-primer-debate\/\",\"url\":\"https:\/\/luchonoticias.com\/editor\/proyecto-de-acuerdo-de-emprestito-por-25-mil-millones-paso-en-primer-debate\/\",\"name\":\"Proyecto de Acuerdo de empr\u00e9stito por 25 mil millones pas\u00f3 en primer debate -\",\"isPartOf\":{\"@id\":\"https:\/\/luchonoticias.com\/editor\/#website\"},\"primaryImageOfPage\":{\"@id\":\"https:\/\/luchonoticias.com\/editor\/proyecto-de-acuerdo-de-emprestito-por-25-mil-millones-paso-en-primer-debate\/#primaryimage\"},\"image\":{\"@id\":\"https:\/\/luchonoticias.com\/editor\/proyecto-de-acuerdo-de-emprestito-por-25-mil-millones-paso-en-primer-debate\/#primaryimage\"},\"thumbnailUrl\":\"https:\/\/luchonoticias.com\/wp-content\/uploads\/2023\/02\/WhatsApp-Image-2023-02-16-at-9.09.40-PM-1024x683.jpeg\",\"datePublished\":\"2023-02-17T12:10:54+00:00\",\"dateModified\":\"2023-02-17T12:10:55+00:00\",\"breadcrumb\":{\"@id\":\"https:\/\/luchonoticias.com\/editor\/proyecto-de-acuerdo-de-emprestito-por-25-mil-millones-paso-en-primer-debate\/#breadcrumb\"},\"inLanguage\":\"es\",\"potentialAction\":[{\"@type\":\"ReadAction\",\"target\":[\"https:\/\/luchonoticias.com\/editor\/proyecto-de-acuerdo-de-emprestito-por-25-mil-millones-paso-en-primer-debate\/\"]}]},{\"@type\":\"ImageObject\",\"inLanguage\":\"es\",\"@id\":\"https:\/\/luchonoticias.com\/editor\/proyecto-de-acuerdo-de-emprestito-por-25-mil-millones-paso-en-primer-debate\/#primaryimage\",\"url\":\"https:\/\/luchonoticias.com\/wp-content\/uploads\/2023\/02\/WhatsApp-Image-2023-02-16-at-9.09.40-PM-1024x683.jpeg\",\"contentUrl\":\"https:\/\/luchonoticias.com\/wp-content\/uploads\/2023\/02\/WhatsApp-Image-2023-02-16-at-9.09.40-PM-1024x683.jpeg\"},{\"@type\":\"BreadcrumbList\",\"@id\":\"https:\/\/luchonoticias.com\/editor\/proyecto-de-acuerdo-de-emprestito-por-25-mil-millones-paso-en-primer-debate\/#breadcrumb\",\"itemListElement\":[{\"@type\":\"ListItem\",\"position\":1,\"name\":\"Portada\",\"item\":\"https:\/\/luchonoticias.com\/editor\/\"},{\"@type\":\"ListItem\",\"position\":2,\"name\":\"Proyecto de Acuerdo de empr\u00e9stito por 25 mil millones pas\u00f3 en primer debate\"}]},{\"@type\":\"WebSite\",\"@id\":\"https:\/\/luchonoticias.com\/editor\/#website\",\"url\":\"https:\/\/luchonoticias.com\/editor\/\",\"name\":\"\",\"description\":\"\",\"publisher\":{\"@id\":\"https:\/\/luchonoticias.com\/editor\/#\/schema\/person\/7a7fd911f58561fd056dbac7b55af9cd\"},\"potentialAction\":[{\"@type\":\"SearchAction\",\"target\":{\"@type\":\"EntryPoint\",\"urlTemplate\":\"https:\/\/luchonoticias.com\/editor\/?s={search_term_string}\"},\"query-input\":{\"@type\":\"PropertyValueSpecification\",\"valueRequired\":true,\"valueName\":\"search_term_string\"}}],\"inLanguage\":\"es\"},{\"@type\":[\"Person\",\"Organization\"],\"@id\":\"https:\/\/luchonoticias.com\/editor\/#\/schema\/person\/7a7fd911f58561fd056dbac7b55af9cd\",\"name\":\"admin\",\"image\":{\"@type\":\"ImageObject\",\"inLanguage\":\"es\",\"@id\":\"https:\/\/luchonoticias.com\/editor\/#\/schema\/person\/image\/\",\"url\":\"https:\/\/luchonoticias.com\/editor\/wp-content\/uploads\/2024\/02\/cropped-cropped-logolu.webp\",\"contentUrl\":\"https:\/\/luchonoticias.com\/editor\/wp-content\/uploads\/2024\/02\/cropped-cropped-logolu.webp\",\"width\":382,\"height\":170,\"caption\":\"admin\"},\"logo\":{\"@id\":\"https:\/\/luchonoticias.com\/editor\/#\/schema\/person\/image\/\"},\"sameAs\":[\"https:\/\/www.facebook.com\/luchonoticiasneiva\"]},{\"@type\":\"Person\",\"@id\":\"https:\/\/luchonoticias.com\/editor\/#\/schema\/person\/29217990ddf6f14e35912b2866d591fb\",\"name\":\"Editor General\",\"image\":{\"@type\":\"ImageObject\",\"inLanguage\":\"es\",\"@id\":\"https:\/\/luchonoticias.com\/editor\/#\/schema\/person\/image\/\",\"url\":\"https:\/\/luchonoticias.com\/editor\/wp-content\/uploads\/2024\/02\/cropped-cropped-logolu-150x150.webp\",\"contentUrl\":\"https:\/\/luchonoticias.com\/editor\/wp-content\/uploads\/2024\/02\/cropped-cropped-logolu-150x150.webp\",\"caption\":\"Editor General\"},\"sameAs\":[\"https:\/\/luchonoticias.com\/\"],\"url\":\"https:\/\/luchonoticias.com\/editor\/author\/editor-general\/\"}]}<\/script>\n<!-- \/ Yoast SEO plugin. -->","yoast_head_json":{"title":"Proyecto de Acuerdo de empr\u00e9stito por 25 mil millones pas\u00f3 en primer debate -","robots":{"index":"index","follow":"follow","max-snippet":"max-snippet:-1","max-image-preview":"max-image-preview:large","max-video-preview":"max-video-preview:-1"},"canonical":"https:\/\/luchonoticias.com\/editor\/proyecto-de-acuerdo-de-emprestito-por-25-mil-millones-paso-en-primer-debate\/","og_locale":"es_ES","og_type":"article","og_title":"Proyecto de Acuerdo de empr\u00e9stito por 25 mil millones pas\u00f3 en primer debate -","og_url":"https:\/\/luchonoticias.com\/editor\/proyecto-de-acuerdo-de-emprestito-por-25-mil-millones-paso-en-primer-debate\/","article_publisher":"https:\/\/www.facebook.com\/luchonoticiasneiva","article_published_time":"2023-02-17T12:10:54+00:00","article_modified_time":"2023-02-17T12:10:55+00:00","og_image":[{"url":"https:\/\/luchonoticias.com\/wp-content\/uploads\/2023\/02\/WhatsApp-Image-2023-02-16-at-9.09.40-PM-1024x683.jpeg","type":"","width":"","height":""}],"author":"Editor General","twitter_card":"summary_large_image","twitter_misc":{"Escrito por":"Editor General","Tiempo de lectura":"2 minutos"},"schema":{"@context":"https:\/\/schema.org","@graph":[{"@type":"Article","@id":"https:\/\/luchonoticias.com\/editor\/proyecto-de-acuerdo-de-emprestito-por-25-mil-millones-paso-en-primer-debate\/#article","isPartOf":{"@id":"https:\/\/luchonoticias.com\/editor\/proyecto-de-acuerdo-de-emprestito-por-25-mil-millones-paso-en-primer-debate\/"},"author":{"name":"Editor General","@id":"https:\/\/luchonoticias.com\/editor\/#\/schema\/person\/29217990ddf6f14e35912b2866d591fb"},"headline":"Proyecto de Acuerdo de empr\u00e9stito por 25 mil millones pas\u00f3 en primer debate","datePublished":"2023-02-17T12:10:54+00:00","dateModified":"2023-02-17T12:10:55+00:00","mainEntityOfPage":{"@id":"https:\/\/luchonoticias.com\/editor\/proyecto-de-acuerdo-de-emprestito-por-25-mil-millones-paso-en-primer-debate\/"},"wordCount":376,"commentCount":0,"publisher":{"@id":"https:\/\/luchonoticias.com\/editor\/#\/schema\/person\/7a7fd911f58561fd056dbac7b55af9cd"},"image":{"@id":"https:\/\/luchonoticias.com\/editor\/proyecto-de-acuerdo-de-emprestito-por-25-mil-millones-paso-en-primer-debate\/#primaryimage"},"thumbnailUrl":"https:\/\/luchonoticias.com\/wp-content\/uploads\/2023\/02\/WhatsApp-Image-2023-02-16-at-9.09.40-PM-1024x683.jpeg","articleSection":["Destacado","Neiva"],"inLanguage":"es","potentialAction":[{"@type":"CommentAction","name":"Comment","target":["https:\/\/luchonoticias.com\/editor\/proyecto-de-acuerdo-de-emprestito-por-25-mil-millones-paso-en-primer-debate\/#respond"]}]},{"@type":"WebPage","@id":"https:\/\/luchonoticias.com\/editor\/proyecto-de-acuerdo-de-emprestito-por-25-mil-millones-paso-en-primer-debate\/","url":"https:\/\/luchonoticias.com\/editor\/proyecto-de-acuerdo-de-emprestito-por-25-mil-millones-paso-en-primer-debate\/","name":"Proyecto de Acuerdo de empr\u00e9stito por 25 mil millones pas\u00f3 en primer debate -","isPartOf":{"@id":"https:\/\/luchonoticias.com\/editor\/#website"},"primaryImageOfPage":{"@id":"https:\/\/luchonoticias.com\/editor\/proyecto-de-acuerdo-de-emprestito-por-25-mil-millones-paso-en-primer-debate\/#primaryimage"},"image":{"@id":"https:\/\/luchonoticias.com\/editor\/proyecto-de-acuerdo-de-emprestito-por-25-mil-millones-paso-en-primer-debate\/#primaryimage"},"thumbnailUrl":"https:\/\/luchonoticias.com\/wp-content\/uploads\/2023\/02\/WhatsApp-Image-2023-02-16-at-9.09.40-PM-1024x683.jpeg","datePublished":"2023-02-17T12:10:54+00:00","dateModified":"2023-02-17T12:10:55+00:00","breadcrumb":{"@id":"https:\/\/luchonoticias.com\/editor\/proyecto-de-acuerdo-de-emprestito-por-25-mil-millones-paso-en-primer-debate\/#breadcrumb"},"inLanguage":"es","potentialAction":[{"@type":"ReadAction","target":["https:\/\/luchonoticias.com\/editor\/proyecto-de-acuerdo-de-emprestito-por-25-mil-millones-paso-en-primer-debate\/"]}]},{"@type":"ImageObject","inLanguage":"es","@id":"https:\/\/luchonoticias.com\/editor\/proyecto-de-acuerdo-de-emprestito-por-25-mil-millones-paso-en-primer-debate\/#primaryimage","url":"https:\/\/luchonoticias.com\/wp-content\/uploads\/2023\/02\/WhatsApp-Image-2023-02-16-at-9.09.40-PM-1024x683.jpeg","contentUrl":"https:\/\/luchonoticias.com\/wp-content\/uploads\/2023\/02\/WhatsApp-Image-2023-02-16-at-9.09.40-PM-1024x683.jpeg"},{"@type":"BreadcrumbList","@id":"https:\/\/luchonoticias.com\/editor\/proyecto-de-acuerdo-de-emprestito-por-25-mil-millones-paso-en-primer-debate\/#breadcrumb","itemListElement":[{"@type":"ListItem","position":1,"name":"Portada","item":"https:\/\/luchonoticias.com\/editor\/"},{"@type":"ListItem","position":2,"name":"Proyecto de Acuerdo de empr\u00e9stito por 25 mil millones pas\u00f3 en primer debate"}]},{"@type":"WebSite","@id":"https:\/\/luchonoticias.com\/editor\/#website","url":"https:\/\/luchonoticias.com\/editor\/","name":"","description":"","publisher":{"@id":"https:\/\/luchonoticias.com\/editor\/#\/schema\/person\/7a7fd911f58561fd056dbac7b55af9cd"},"potentialAction":[{"@type":"SearchAction","target":{"@type":"EntryPoint","urlTemplate":"https:\/\/luchonoticias.com\/editor\/?s={search_term_string}"},"query-input":{"@type":"PropertyValueSpecification","valueRequired":true,"valueName":"search_term_string"}}],"inLanguage":"es"},{"@type":["Person","Organization"],"@id":"https:\/\/luchonoticias.com\/editor\/#\/schema\/person\/7a7fd911f58561fd056dbac7b55af9cd","name":"admin","image":{"@type":"ImageObject","inLanguage":"es","@id":"https:\/\/luchonoticias.com\/editor\/#\/schema\/person\/image\/","url":"https:\/\/luchonoticias.com\/editor\/wp-content\/uploads\/2024\/02\/cropped-cropped-logolu.webp","contentUrl":"https:\/\/luchonoticias.com\/editor\/wp-content\/uploads\/2024\/02\/cropped-cropped-logolu.webp","width":382,"height":170,"caption":"admin"},"logo":{"@id":"https:\/\/luchonoticias.com\/editor\/#\/schema\/person\/image\/"},"sameAs":["https:\/\/www.facebook.com\/luchonoticiasneiva"]},{"@type":"Person","@id":"https:\/\/luchonoticias.com\/editor\/#\/schema\/person\/29217990ddf6f14e35912b2866d591fb","name":"Editor General","image":{"@type":"ImageObject","inLanguage":"es","@id":"https:\/\/luchonoticias.com\/editor\/#\/schema\/person\/image\/","url":"https:\/\/luchonoticias.com\/editor\/wp-content\/uploads\/2024\/02\/cropped-cropped-logolu-150x150.webp","contentUrl":"https:\/\/luchonoticias.com\/editor\/wp-content\/uploads\/2024\/02\/cropped-cropped-logolu-150x150.webp","caption":"Editor General"},"sameAs":["https:\/\/luchonoticias.com\/"],"url":"https:\/\/luchonoticias.com\/editor\/author\/editor-general\/"}]}},"_links":{"self":[{"href":"https:\/\/luchonoticias.com\/editor\/wp-json\/wp\/v2\/posts\/46412","targetHints":{"allow":["GET"]}}],"collection":[{"href":"https:\/\/luchonoticias.com\/editor\/wp-json\/wp\/v2\/posts"}],"about":[{"href":"https:\/\/luchonoticias.com\/editor\/wp-json\/wp\/v2\/types\/post"}],"author":[{"embeddable":true,"href":"https:\/\/luchonoticias.com\/editor\/wp-json\/wp\/v2\/users\/2"}],"replies":[{"embeddable":true,"href":"https:\/\/luchonoticias.com\/editor\/wp-json\/wp\/v2\/comments?post=46412"}],"version-history":[{"count":0,"href":"https:\/\/luchonoticias.com\/editor\/wp-json\/wp\/v2\/posts\/46412\/revisions"}],"wp:attachment":[{"href":"https:\/\/luchonoticias.com\/editor\/wp-json\/wp\/v2\/media?parent=46412"}],"wp:term":[{"taxonomy":"category","embeddable":true,"href":"https:\/\/luchonoticias.com\/editor\/wp-json\/wp\/v2\/categories?post=46412"},{"taxonomy":"post_tag","embeddable":true,"href":"https:\/\/luchonoticias.com\/editor\/wp-json\/wp\/v2\/tags?post=46412"}],"curies":[{"name":"wp","href":"https:\/\/api.w.org\/{rel}","templated":true}]}}