{"id":46445,"date":"2023-02-17T14:47:34","date_gmt":"2023-02-17T19:47:34","guid":{"rendered":"https:\/\/luchonoticias.com\/?p=46445"},"modified":"2023-02-17T14:52:15","modified_gmt":"2023-02-17T19:52:15","slug":"modifican-condena-a-exalcalde-de-palermo-y-exdiputado-helber-yesid-pinzon","status":"publish","type":"post","link":"https:\/\/luchonoticias.com\/editor\/modifican-condena-a-exalcalde-de-palermo-y-exdiputado-helber-yesid-pinzon\/","title":{"rendered":"Modifican condena a exalcalde de Palermo y exdiputado, Helber Yesid Pinz\u00f3n"},"content":{"rendered":"\n<p>Una modificaci\u00f3n en la pena de prisi\u00f3n contra el exalcalde de Palermo y exdiputado, Helber Yesid Pinz\u00f3n, condenado por irregularidades en excedentes de regal\u00edas, hizo el Tribunal Superior de Neiva.<\/p>\n\n\n\n<p>Pinz\u00f3n Saavedra, quien hab\u00eda sido condenado por los delitos de peculado por apropiaci\u00f3n en favor de terceros y contrato sin cumplimiento de requisitos legales, por el Juzgado Primero Penal de Neiva a 24 a\u00f1os de prisi\u00f3n ahora deber\u00e1&nbsp; pagar una sentencia de 19 a\u00f1os y 2 meses de prisi\u00f3n.<\/p>\n\n\n\n<p>La modificaci\u00f3n en las penas tambi\u00e9n favoreci\u00f3 a los extesoreros de Neiva, Yesid Orlando Perdomo Llanos y Alberto Calder\u00f3n G\u00f3mez, quienes hab\u00edan sido condenados a 26 a\u00f1os y 19 a\u00f1os de prisi\u00f3n respectivamente. Las penas nuevas son de 17 a\u00f1os y 6 meses de prisi\u00f3n y 14 a\u00f1os y 2 meses, respectivamente.<\/p>\n\n\n\n<p>Tambi\u00e9n se la rebaj\u00f3 a Ra\u00fal Toro P\u00e9rez, quien hab\u00eda sido sentenciado a 19 a\u00f1os de prisi\u00f3n, y ahora en 11 a\u00f1os y 3 meses.<\/p>\n\n\n\n<p>La Fiscal\u00eda manifest\u00f3 que la investigaci\u00f3n estableci\u00f3 que, en julio de 2007, la Tesorer\u00eda de Neiva (Huila) otorg\u00f3 contratos fiduciarios de administraci\u00f3n e inversi\u00f3n al se\u00f1or Toro P\u00e9rez. Inicialmente, le fueron desembolsados 2.000 millones de pesos, que obtuvieron rendimientos de m\u00e1s de 48 millones de pesos en tres meses. Posteriormente, le entregaron 4.000 millones de pesos, que arrojaron ganancias de 124 millones de pesos en seis meses.<\/p>\n\n\n\n<p>En 2008, nuevamente se le confiaron al contratista 6.000 millones de pesos que, en seis meses, dejaron dividendos por 216 millones de pesos.<\/p>\n\n\n\n<p>Mediante esta modalidad de contrato de fiducia, el exalcalde de Palermo tambi\u00e9n desembols\u00f3 2.000 millones de pesos provenientes de regal\u00edas a su conocido, el se\u00f1or Toro P\u00e9rez. De esta manera, se consiguieron rendimientos de 87 millones de pesos en seis meses.<\/p>\n\n\n\n<p>La Fiscal\u00eda acredit\u00f3 que estos tr\u00e1mites financieros no cumplieron con los requisitos de ley, y no existi\u00f3 un estudio para verificar la oportunidad y conveniencia de invertir recursos por 14.000 millones de pesos, a trav\u00e9s de una persona que no garantizaba el retorno de los recursos, representaba un alto riesgo de p\u00e9rdida de los dineros y no ten\u00eda la idoneidad ni estaba autorizada o vigilada por la Superintendencia Financiera para hacer captaci\u00f3n masiva de dinero o servir de intermediario financiero.<\/p>\n\n\n\n<p>El fallo contra los cuatro involucrados en el andamiaje criminal impuso multas entre 1.000 a 7.000 millones de pesos; y orden\u00f3 la captura inmediata de los sentenciados para hacer efectivas las penas en centro carcelario.<\/p>\n","protected":false},"excerpt":{"rendered":"<p>Una modificaci\u00f3n en la pena de prisi\u00f3n contra el exalcalde de Palermo y exdiputado, Helber Yesid Pinz\u00f3n, condenado por irregularidades en excedentes de regal\u00edas, hizo el Tribunal Superior de Neiva. Pinz\u00f3n Saavedra, quien hab\u00eda sido condenado por los delitos de peculado por apropiaci\u00f3n en favor de terceros y contrato sin cumplimiento de requisitos legales, por [&hellip;]<\/p>\n","protected":false},"author":2,"featured_media":0,"comment_status":"open","ping_status":"open","sticky":false,"template":"","format":"standard","meta":{"footnotes":""},"categories":[36,29],"tags":[],"class_list":["post-46445","post","type-post","status-publish","format-standard","hentry","category-destacado","category-judicial"],"yoast_head":"<!-- This site is optimized with the Yoast SEO plugin v26.6 - https:\/\/yoast.com\/wordpress\/plugins\/seo\/ -->\n<title>Modifican condena a exalcalde de Palermo y exdiputado, Helber Yesid Pinz\u00f3n -<\/title>\n<meta name=\"robots\" content=\"index, follow, max-snippet:-1, max-image-preview:large, max-video-preview:-1\" \/>\n<link rel=\"canonical\" href=\"https:\/\/luchonoticias.com\/editor\/modifican-condena-a-exalcalde-de-palermo-y-exdiputado-helber-yesid-pinzon\/\" \/>\n<meta property=\"og:locale\" content=\"es_ES\" \/>\n<meta property=\"og:type\" content=\"article\" \/>\n<meta property=\"og:title\" content=\"Modifican condena a exalcalde de Palermo y exdiputado, Helber Yesid Pinz\u00f3n -\" \/>\n<meta property=\"og:url\" content=\"https:\/\/luchonoticias.com\/editor\/modifican-condena-a-exalcalde-de-palermo-y-exdiputado-helber-yesid-pinzon\/\" \/>\n<meta property=\"article:publisher\" content=\"https:\/\/www.facebook.com\/luchonoticiasneiva\" \/>\n<meta property=\"article:published_time\" content=\"2023-02-17T19:47:34+00:00\" \/>\n<meta property=\"article:modified_time\" content=\"2023-02-17T19:52:15+00:00\" \/>\n<meta name=\"author\" content=\"Editor General\" \/>\n<meta name=\"twitter:card\" content=\"summary_large_image\" \/>\n<meta name=\"twitter:label1\" content=\"Escrito por\" \/>\n\t<meta name=\"twitter:data1\" content=\"Editor General\" \/>\n\t<meta name=\"twitter:label2\" content=\"Tiempo de lectura\" \/>\n\t<meta name=\"twitter:data2\" content=\"2 minutos\" \/>\n<script type=\"application\/ld+json\" class=\"yoast-schema-graph\">{\"@context\":\"https:\/\/schema.org\",\"@graph\":[{\"@type\":\"Article\",\"@id\":\"https:\/\/luchonoticias.com\/editor\/modifican-condena-a-exalcalde-de-palermo-y-exdiputado-helber-yesid-pinzon\/#article\",\"isPartOf\":{\"@id\":\"https:\/\/luchonoticias.com\/editor\/modifican-condena-a-exalcalde-de-palermo-y-exdiputado-helber-yesid-pinzon\/\"},\"author\":{\"name\":\"Editor General\",\"@id\":\"https:\/\/luchonoticias.com\/editor\/#\/schema\/person\/29217990ddf6f14e35912b2866d591fb\"},\"headline\":\"Modifican condena a exalcalde de Palermo y exdiputado, Helber Yesid Pinz\u00f3n\",\"datePublished\":\"2023-02-17T19:47:34+00:00\",\"dateModified\":\"2023-02-17T19:52:15+00:00\",\"mainEntityOfPage\":{\"@id\":\"https:\/\/luchonoticias.com\/editor\/modifican-condena-a-exalcalde-de-palermo-y-exdiputado-helber-yesid-pinzon\/\"},\"wordCount\":437,\"commentCount\":0,\"publisher\":{\"@id\":\"https:\/\/luchonoticias.com\/editor\/#\/schema\/person\/7a7fd911f58561fd056dbac7b55af9cd\"},\"articleSection\":[\"Destacado\",\"Judicial\"],\"inLanguage\":\"es\",\"potentialAction\":[{\"@type\":\"CommentAction\",\"name\":\"Comment\",\"target\":[\"https:\/\/luchonoticias.com\/editor\/modifican-condena-a-exalcalde-de-palermo-y-exdiputado-helber-yesid-pinzon\/#respond\"]}]},{\"@type\":\"WebPage\",\"@id\":\"https:\/\/luchonoticias.com\/editor\/modifican-condena-a-exalcalde-de-palermo-y-exdiputado-helber-yesid-pinzon\/\",\"url\":\"https:\/\/luchonoticias.com\/editor\/modifican-condena-a-exalcalde-de-palermo-y-exdiputado-helber-yesid-pinzon\/\",\"name\":\"Modifican condena a exalcalde de Palermo y exdiputado, Helber Yesid Pinz\u00f3n -\",\"isPartOf\":{\"@id\":\"https:\/\/luchonoticias.com\/editor\/#website\"},\"datePublished\":\"2023-02-17T19:47:34+00:00\",\"dateModified\":\"2023-02-17T19:52:15+00:00\",\"breadcrumb\":{\"@id\":\"https:\/\/luchonoticias.com\/editor\/modifican-condena-a-exalcalde-de-palermo-y-exdiputado-helber-yesid-pinzon\/#breadcrumb\"},\"inLanguage\":\"es\",\"potentialAction\":[{\"@type\":\"ReadAction\",\"target\":[\"https:\/\/luchonoticias.com\/editor\/modifican-condena-a-exalcalde-de-palermo-y-exdiputado-helber-yesid-pinzon\/\"]}]},{\"@type\":\"BreadcrumbList\",\"@id\":\"https:\/\/luchonoticias.com\/editor\/modifican-condena-a-exalcalde-de-palermo-y-exdiputado-helber-yesid-pinzon\/#breadcrumb\",\"itemListElement\":[{\"@type\":\"ListItem\",\"position\":1,\"name\":\"Portada\",\"item\":\"https:\/\/luchonoticias.com\/editor\/\"},{\"@type\":\"ListItem\",\"position\":2,\"name\":\"Modifican condena a exalcalde de Palermo y exdiputado, Helber Yesid Pinz\u00f3n\"}]},{\"@type\":\"WebSite\",\"@id\":\"https:\/\/luchonoticias.com\/editor\/#website\",\"url\":\"https:\/\/luchonoticias.com\/editor\/\",\"name\":\"\",\"description\":\"\",\"publisher\":{\"@id\":\"https:\/\/luchonoticias.com\/editor\/#\/schema\/person\/7a7fd911f58561fd056dbac7b55af9cd\"},\"potentialAction\":[{\"@type\":\"SearchAction\",\"target\":{\"@type\":\"EntryPoint\",\"urlTemplate\":\"https:\/\/luchonoticias.com\/editor\/?s={search_term_string}\"},\"query-input\":{\"@type\":\"PropertyValueSpecification\",\"valueRequired\":true,\"valueName\":\"search_term_string\"}}],\"inLanguage\":\"es\"},{\"@type\":[\"Person\",\"Organization\"],\"@id\":\"https:\/\/luchonoticias.com\/editor\/#\/schema\/person\/7a7fd911f58561fd056dbac7b55af9cd\",\"name\":\"admin\",\"image\":{\"@type\":\"ImageObject\",\"inLanguage\":\"es\",\"@id\":\"https:\/\/luchonoticias.com\/editor\/#\/schema\/person\/image\/\",\"url\":\"https:\/\/luchonoticias.com\/editor\/wp-content\/uploads\/2024\/02\/cropped-cropped-logolu.webp\",\"contentUrl\":\"https:\/\/luchonoticias.com\/editor\/wp-content\/uploads\/2024\/02\/cropped-cropped-logolu.webp\",\"width\":382,\"height\":170,\"caption\":\"admin\"},\"logo\":{\"@id\":\"https:\/\/luchonoticias.com\/editor\/#\/schema\/person\/image\/\"},\"sameAs\":[\"https:\/\/www.facebook.com\/luchonoticiasneiva\"]},{\"@type\":\"Person\",\"@id\":\"https:\/\/luchonoticias.com\/editor\/#\/schema\/person\/29217990ddf6f14e35912b2866d591fb\",\"name\":\"Editor General\",\"image\":{\"@type\":\"ImageObject\",\"inLanguage\":\"es\",\"@id\":\"https:\/\/luchonoticias.com\/editor\/#\/schema\/person\/image\/\",\"url\":\"https:\/\/luchonoticias.com\/editor\/wp-content\/uploads\/2024\/02\/cropped-cropped-logolu-150x150.webp\",\"contentUrl\":\"https:\/\/luchonoticias.com\/editor\/wp-content\/uploads\/2024\/02\/cropped-cropped-logolu-150x150.webp\",\"caption\":\"Editor General\"},\"sameAs\":[\"https:\/\/luchonoticias.com\/\"],\"url\":\"https:\/\/luchonoticias.com\/editor\/author\/editor-general\/\"}]}<\/script>\n<!-- \/ Yoast SEO plugin. -->","yoast_head_json":{"title":"Modifican condena a exalcalde de Palermo y exdiputado, Helber Yesid Pinz\u00f3n -","robots":{"index":"index","follow":"follow","max-snippet":"max-snippet:-1","max-image-preview":"max-image-preview:large","max-video-preview":"max-video-preview:-1"},"canonical":"https:\/\/luchonoticias.com\/editor\/modifican-condena-a-exalcalde-de-palermo-y-exdiputado-helber-yesid-pinzon\/","og_locale":"es_ES","og_type":"article","og_title":"Modifican condena a exalcalde de Palermo y exdiputado, Helber Yesid Pinz\u00f3n -","og_url":"https:\/\/luchonoticias.com\/editor\/modifican-condena-a-exalcalde-de-palermo-y-exdiputado-helber-yesid-pinzon\/","article_publisher":"https:\/\/www.facebook.com\/luchonoticiasneiva","article_published_time":"2023-02-17T19:47:34+00:00","article_modified_time":"2023-02-17T19:52:15+00:00","author":"Editor General","twitter_card":"summary_large_image","twitter_misc":{"Escrito por":"Editor General","Tiempo de lectura":"2 minutos"},"schema":{"@context":"https:\/\/schema.org","@graph":[{"@type":"Article","@id":"https:\/\/luchonoticias.com\/editor\/modifican-condena-a-exalcalde-de-palermo-y-exdiputado-helber-yesid-pinzon\/#article","isPartOf":{"@id":"https:\/\/luchonoticias.com\/editor\/modifican-condena-a-exalcalde-de-palermo-y-exdiputado-helber-yesid-pinzon\/"},"author":{"name":"Editor General","@id":"https:\/\/luchonoticias.com\/editor\/#\/schema\/person\/29217990ddf6f14e35912b2866d591fb"},"headline":"Modifican condena a exalcalde de Palermo y exdiputado, Helber Yesid Pinz\u00f3n","datePublished":"2023-02-17T19:47:34+00:00","dateModified":"2023-02-17T19:52:15+00:00","mainEntityOfPage":{"@id":"https:\/\/luchonoticias.com\/editor\/modifican-condena-a-exalcalde-de-palermo-y-exdiputado-helber-yesid-pinzon\/"},"wordCount":437,"commentCount":0,"publisher":{"@id":"https:\/\/luchonoticias.com\/editor\/#\/schema\/person\/7a7fd911f58561fd056dbac7b55af9cd"},"articleSection":["Destacado","Judicial"],"inLanguage":"es","potentialAction":[{"@type":"CommentAction","name":"Comment","target":["https:\/\/luchonoticias.com\/editor\/modifican-condena-a-exalcalde-de-palermo-y-exdiputado-helber-yesid-pinzon\/#respond"]}]},{"@type":"WebPage","@id":"https:\/\/luchonoticias.com\/editor\/modifican-condena-a-exalcalde-de-palermo-y-exdiputado-helber-yesid-pinzon\/","url":"https:\/\/luchonoticias.com\/editor\/modifican-condena-a-exalcalde-de-palermo-y-exdiputado-helber-yesid-pinzon\/","name":"Modifican condena a exalcalde de Palermo y exdiputado, Helber Yesid Pinz\u00f3n -","isPartOf":{"@id":"https:\/\/luchonoticias.com\/editor\/#website"},"datePublished":"2023-02-17T19:47:34+00:00","dateModified":"2023-02-17T19:52:15+00:00","breadcrumb":{"@id":"https:\/\/luchonoticias.com\/editor\/modifican-condena-a-exalcalde-de-palermo-y-exdiputado-helber-yesid-pinzon\/#breadcrumb"},"inLanguage":"es","potentialAction":[{"@type":"ReadAction","target":["https:\/\/luchonoticias.com\/editor\/modifican-condena-a-exalcalde-de-palermo-y-exdiputado-helber-yesid-pinzon\/"]}]},{"@type":"BreadcrumbList","@id":"https:\/\/luchonoticias.com\/editor\/modifican-condena-a-exalcalde-de-palermo-y-exdiputado-helber-yesid-pinzon\/#breadcrumb","itemListElement":[{"@type":"ListItem","position":1,"name":"Portada","item":"https:\/\/luchonoticias.com\/editor\/"},{"@type":"ListItem","position":2,"name":"Modifican condena a exalcalde de Palermo y exdiputado, Helber Yesid Pinz\u00f3n"}]},{"@type":"WebSite","@id":"https:\/\/luchonoticias.com\/editor\/#website","url":"https:\/\/luchonoticias.com\/editor\/","name":"","description":"","publisher":{"@id":"https:\/\/luchonoticias.com\/editor\/#\/schema\/person\/7a7fd911f58561fd056dbac7b55af9cd"},"potentialAction":[{"@type":"SearchAction","target":{"@type":"EntryPoint","urlTemplate":"https:\/\/luchonoticias.com\/editor\/?s={search_term_string}"},"query-input":{"@type":"PropertyValueSpecification","valueRequired":true,"valueName":"search_term_string"}}],"inLanguage":"es"},{"@type":["Person","Organization"],"@id":"https:\/\/luchonoticias.com\/editor\/#\/schema\/person\/7a7fd911f58561fd056dbac7b55af9cd","name":"admin","image":{"@type":"ImageObject","inLanguage":"es","@id":"https:\/\/luchonoticias.com\/editor\/#\/schema\/person\/image\/","url":"https:\/\/luchonoticias.com\/editor\/wp-content\/uploads\/2024\/02\/cropped-cropped-logolu.webp","contentUrl":"https:\/\/luchonoticias.com\/editor\/wp-content\/uploads\/2024\/02\/cropped-cropped-logolu.webp","width":382,"height":170,"caption":"admin"},"logo":{"@id":"https:\/\/luchonoticias.com\/editor\/#\/schema\/person\/image\/"},"sameAs":["https:\/\/www.facebook.com\/luchonoticiasneiva"]},{"@type":"Person","@id":"https:\/\/luchonoticias.com\/editor\/#\/schema\/person\/29217990ddf6f14e35912b2866d591fb","name":"Editor General","image":{"@type":"ImageObject","inLanguage":"es","@id":"https:\/\/luchonoticias.com\/editor\/#\/schema\/person\/image\/","url":"https:\/\/luchonoticias.com\/editor\/wp-content\/uploads\/2024\/02\/cropped-cropped-logolu-150x150.webp","contentUrl":"https:\/\/luchonoticias.com\/editor\/wp-content\/uploads\/2024\/02\/cropped-cropped-logolu-150x150.webp","caption":"Editor General"},"sameAs":["https:\/\/luchonoticias.com\/"],"url":"https:\/\/luchonoticias.com\/editor\/author\/editor-general\/"}]}},"_links":{"self":[{"href":"https:\/\/luchonoticias.com\/editor\/wp-json\/wp\/v2\/posts\/46445","targetHints":{"allow":["GET"]}}],"collection":[{"href":"https:\/\/luchonoticias.com\/editor\/wp-json\/wp\/v2\/posts"}],"about":[{"href":"https:\/\/luchonoticias.com\/editor\/wp-json\/wp\/v2\/types\/post"}],"author":[{"embeddable":true,"href":"https:\/\/luchonoticias.com\/editor\/wp-json\/wp\/v2\/users\/2"}],"replies":[{"embeddable":true,"href":"https:\/\/luchonoticias.com\/editor\/wp-json\/wp\/v2\/comments?post=46445"}],"version-history":[{"count":0,"href":"https:\/\/luchonoticias.com\/editor\/wp-json\/wp\/v2\/posts\/46445\/revisions"}],"wp:attachment":[{"href":"https:\/\/luchonoticias.com\/editor\/wp-json\/wp\/v2\/media?parent=46445"}],"wp:term":[{"taxonomy":"category","embeddable":true,"href":"https:\/\/luchonoticias.com\/editor\/wp-json\/wp\/v2\/categories?post=46445"},{"taxonomy":"post_tag","embeddable":true,"href":"https:\/\/luchonoticias.com\/editor\/wp-json\/wp\/v2\/tags?post=46445"}],"curies":[{"name":"wp","href":"https:\/\/api.w.org\/{rel}","templated":true}]}}