{"id":46551,"date":"2023-02-20T07:06:50","date_gmt":"2023-02-20T12:06:50","guid":{"rendered":"https:\/\/luchonoticias.com\/?p=46551"},"modified":"2023-02-20T07:06:51","modified_gmt":"2023-02-20T12:06:51","slug":"gobierno-nacional-fortalecera-conectividad-a-internet-para-llegar-a-territorios-donde-la-presencia-del-estado-ha-sido-escasa-o-casi-nula","status":"publish","type":"post","link":"https:\/\/luchonoticias.com\/editor\/gobierno-nacional-fortalecera-conectividad-a-internet-para-llegar-a-territorios-donde-la-presencia-del-estado-ha-sido-escasa-o-casi-nula\/","title":{"rendered":"Gobierno Nacional fortalecer\u00e1 conectividad a internet para llegar a territorios donde la presencia del Estado ha sido escasa o casi nula"},"content":{"rendered":"\n<p>La Ministra de las Tecnolog\u00edas de la Informaci\u00f3n y las Comunicaciones, Sandra Urrutia, dio a conocer el plan del Gobierno del Cambio para fortalecer la conectividad regional a internet para llegar a los territorios en donde la presencia del Estado ha sido escasa o casi nula, y que incluye la vinculaci\u00f3n y formalizaci\u00f3n de redes comunitarias en la Colombia profunda.<\/p>\n\n\n\n<p>\u201cEsto no es una utop\u00eda ni es un sue\u00f1o. Por ejemplo, en municipios como La Macarena, en el Meta, hoy en d\u00eda existe la Red Poliniza, que tiene 40 familias, con 120 personas conectadas. O en Uribia, en La Guajira, donde hay 144 personas conectadas\u201d, resalt\u00f3 la Ministra de las TIC, en entrevista con la Secretar\u00eda para las Comunicaciones y Prensa de la Presidencia.<\/p>\n\n\n\n<p>Asimismo, destac\u00f3 que la estrategia del Gobierno del Presidente Gustavo Petro busca conectar territorios como el Amazonas, Vaup\u00e9s, Guain\u00eda, Guaviare, Choc\u00f3, San Andr\u00e9s y Providencia y el Cauca.<\/p>\n\n\n\n<p>\u201cLa meta que nosotros tenemos es conectar al 85%, que si la medimos en habitantes es sumar a 32 millones de colombianos y colombianas que tengan acceso a internet\u201d, subray\u00f3 la MinTIC, quien agreg\u00f3 que se van a utilizar m\u00faltiples canales tecnol\u00f3gicos como la fibra \u00f3ptica, microondas, capacidad satelital o tambi\u00e9n combinar estas tecnolog\u00edas en donde sea necesario.<\/p>\n\n\n\n<p><strong>\u00bfExpl\u00edqueles a los colombianos qu\u00e9 es una comunidad de conectividad?<\/strong><\/p>\n\n\n\n<p>S\u00ed, claro que s\u00ed. Bueno, ya existen en el pa\u00eds, lo que ha sucedido es que no han sido visibilizadas por el Estado, pero en este Gobierno del Cambio, desde el d\u00eda uno y desde que el se\u00f1or Presidente de la Rep\u00fablica, Gustavo Petro nos dio la tarea de liderar el Ministerio de las TIC las hemos ido a buscar y a coordinar.<\/p>\n\n\n\n<p>De hecho, ya hemos venido adelantando un trabajo, por eso es que el Presidente habla de esa posibilidad de que la comunidad preste el servicio.<\/p>\n\n\n\n<p>En efecto, las redes comunitarias son esas infraestructuras de telecomunicaciones que un grupo local de personas instala para satisfacer sus necesidades de comunicaci\u00f3n; es el producto del trabajo mancomunado, en donde las propias personas organizan sus esfuerzos y se juntan para cerrar la brecha de la conectividad.<\/p>\n\n\n\n<p><strong>\u00bfEn d\u00f3nde ya existen este tipo de comunidades de conectividad?<\/strong><\/p>\n\n\n\n<p>Esto no es una utop\u00eda ni es un sue\u00f1o. Por ejemplo, en municipios como La Macarena, en el Meta, hoy en d\u00eda existe la Red Poliniza, que tiene 40 familias, con 120 personas conectadas. O en Uribia, en La Guajira, donde hay 144 personas conectadas. O en Silvia y Caldono (norte del Cauca), en donde tenemos una comunidad de 450 personas conectadas por la comunidad, o en Man\u00ed, Casanare, donde hay 12 familias, 100 personas por la iniciativa comunitaria. A eso es a lo que hace referencia el Presidente.<\/p>\n\n\n\n<p>\u00bfCu\u00e1l es el plan del Gobierno del Cambio para la implementaci\u00f3n de estas comunidades de conectividad en los territorios, en la Colombia profunda, donde los grandes operadores no hacen presencia?<\/p>\n\n\n\n<p>En efecto, en la propuesta que tenemos desde el Gobierno Nacional y bajo el liderazgo del se\u00f1or Presidente, es que estas redes van a ser complementarias a la estrategia nacional que tenemos ya en marcha con la industria m\u00f3vil.<\/p>\n\n\n\n<p>Nosotros tenemos como compromiso pasar hoy del 60%, en que encontramos conectada a Colombia \u2014y si nos vamos a la ruralidad, pues aqu\u00ed la desconexi\u00f3n es de un 70% de los colombianos que no tienen acceso a ninguna posibilidad de comunicaci\u00f3n\u2014a conectarnos en un 85%, para lograr no solamente tener comunicaci\u00f3n, sino algo que nos ha pedido el Presidente, y es que esa conectividad sea para la productividad.<\/p>\n\n\n\n<p>En la diversidad de nuestros territorios existen diferentes alternativas de comunicaci\u00f3n. No es lo mismo conectar al Amazonas, a La Guajira, al Pac\u00edfico, a nuestra Orinoqu\u00eda o aqu\u00ed, a nuestro Altiplano Cundiboyacense.<\/p>\n\n\n\n<p>A estas comunidades las vemos como aliadas y las estrategias que tenemos es que en un proyecto que se denomina \u2018Promoci\u00f3n y Prevenci\u00f3n\u2019 los estamos formalizando, los estamos trayendo aqu\u00ed, a la institucionalidad y los vamos a fortalecer con incentivos de recursos del Estado para que ellos nos ayuden a llegar a m\u00e1s capacidad, llegar a m\u00e1s hogares.<\/p>\n\n\n\n<p>En algunos lugares podemos llegar a la residencia de nuestros colombianos, pero en otros lugares estamos viendo que la soluci\u00f3n puede ser accesos comunitarios.<\/p>\n\n\n\n<p>\u00bfC\u00f3mo van a hacer para vincular a las comunidades y a los j\u00f3venes en este plan? El Presidente Petro habla de hacer una alianza con la Acci\u00f3n Comunal y tambi\u00e9n habla de vincular a los j\u00f3venes.<\/p>\n\n\n\n<p>Bueno, hay varias formas de vincularlos. La primera, pueden crear comunidades organizadas que presten los servicios de comunicaciones.<\/p>\n\n\n\n<p>Hoy en d\u00eda el marco legal nos lo permite, cualquier persona natural o jur\u00eddica que quiera prestar un servicio de telecomunicaciones por mandato de la ley lo puede hacer. Hoy en d\u00eda existe una habilitaci\u00f3n general. \u00bfQu\u00e9 es lo que s\u00ed deben hacer? Pues cumplir con unos requisitos que deben acreditarlos ante el Ministerio de TIC.<\/p>\n\n\n\n<p>Nosotros qu\u00e9 estamos haciendo. Acerc\u00e1ndonos a la comunidad para facilitarles que hagan su registro TIC, que sepan c\u00f3mo deben cumplir con los planes t\u00e9cnicos, c\u00f3mo deben cumplir con sus obligaciones para ayudarlos a verlos como unos aliados estrat\u00e9gicos en este cierre de brechas. Esta es una manera, es decir, creando infraestructuras, llevando la tecnolog\u00eda.<\/p>\n\n\n\n<p>\u00bfPero cu\u00e1l puede ser la otra? Que se preparen en este mundo de la tecnolog\u00eda. Nosotros desde el Ministerio y varias entidades del Estado tenemos proyectos para formarlos en capacidades que sirvan para el desarrollo de las TIC, por ejemplo, que aprendan de an\u00e1lisis de informaci\u00f3n, que aprendan de creaci\u00f3n de contenidos, que aprendan de temas de seguridad digital, de programaci\u00f3n, de desarrollo de software.<\/p>\n\n\n\n<p>Esta es otra manera de vincular a la juventud a este mundo de la tecnolog\u00eda, pero para ello qu\u00e9 necesitamos. Pues que llegue la conectividad, que en su casa, que en su acceso cercano, en la escuelita m\u00e1s cercana, con la Junta de Acci\u00f3n Comunal pueda tener ese acceso.<\/p>\n\n\n\n<p>Y en esa direcci\u00f3n estamos ya con una pol\u00edtica que se llama \u2018Conecta TIC 360, As\u00ed conectamos a Colombia\u2019, porque estamos llevando la conectividad, estamos llevando tambi\u00e9n la apropiaci\u00f3n, es decir, que aprendan a utilizar las TIC, y estamos llevando a las escuelas los computadores para que tambi\u00e9n tengan los dispositivos para acceder a la tecnolog\u00eda.<\/p>\n\n\n\n<p><strong>\u00bfEsto ser\u00eda solamente a trav\u00e9s de fibra \u00f3ptica o hay otros sistemas para llegar a esa Colombia profunda donde no hay conectividad por parte de los grandes operadores?<\/strong><\/p>\n\n\n\n<p>La ventaja de la tecnolog\u00eda es que yo puedo tener m\u00faltiples canales y as\u00ed, dependiendo de las condiciones particulares del territorio, puede ser por fibra \u00f3ptica, que es un buen conductor de la conectividad, pero yo tambi\u00e9n puedo utilizar microondas, puedo utilizar enlaces, incluso, puedo utilizar la capacidad satelital o combinar estas tecnolog\u00edas.<\/p>\n\n\n\n<p>Aqu\u00ed no podemos poner restricci\u00f3n tecnol\u00f3gica a ninguna iniciativa que facilite la calidad de vida de las personas. La tecnolog\u00eda es un medio, pero el fin para nosotros es que la comunidad desarrolle sus haberes, que pueda tener ese acceso a la sociedad del siglo XXI. As\u00ed que bienvenido cualquier medio tecnol\u00f3gico.<\/p>\n\n\n\n<p><strong>\u00bfEn qu\u00e9 regiones est\u00e1 planeando el Gobierno implementar este mecanismo de las comunidades de conectividad?<\/strong><\/p>\n\n\n\n<p>Esperamos llegar a territorios en donde la presencia del Estado ha sido escasa o casi nula. Conectar, por ejemplo, al Amazonas es un sue\u00f1o que tenemos que convertirlo en realidad. Tambi\u00e9n al Vaup\u00e9s, al Guain\u00eda, al Guaviare, al Choc\u00f3, San Andr\u00e9s y Providencia, el Cauca. La meta que nosotros tenemos es conectar al 85%, que si la medimos en habitantes es sumar a 32 millones de colombianos y colombianas que tengan acceso a internet.<\/p>\n\n\n\n<p>La estrategia regional o focalizada, que la esperamos trabajar con las comunidades organizadas y con los operadores de internet, va a ser aplicada en los departamentos donde la brecha digital es muy alta, es decir, donde pr\u00e1cticamente tenemos desconexi\u00f3n.<\/p>\n\n\n\n<p>Para finalizar. \u00bfQu\u00e9 debe hacer un l\u00edder o un joven de una poblaci\u00f3n de la Colombia profunda que no tenga acceso a internet para contar con este servicio?<\/p>\n\n\n\n<p>Lo primero es verificar si en la vereda m\u00e1s cercana ya existe una soluci\u00f3n de internet, qui\u00e9n la est\u00e1 prestando o si hay alg\u00fan acceso comunitario. Eso nos ayuda mucho para identificar focalmente c\u00f3mo llevar este servicio. Y si ven que no hay nadie, entonces los invitamos a que se acerquen al Ministerio de las TIC, donde les damos toda la asesor\u00eda para que sean quienes lideren un proyecto de cierre de la brecha de conectividad en la regi\u00f3n.&nbsp;<\/p>\n\n\n\n<p>En la Ley del Plan Nacional de Desarrollo reconocimos algo que solo se da en un Gobierno del Cambio, y es que la tecnolog\u00eda no es un privilegio. Dejamos escrito expl\u00edcitamente que el acceso a la conectividad es un derecho.<\/p>\n","protected":false},"excerpt":{"rendered":"<p>La Ministra de las Tecnolog\u00edas de la Informaci\u00f3n y las Comunicaciones, Sandra Urrutia, dio a conocer el plan del Gobierno del Cambio para fortalecer la conectividad regional a internet para llegar a los territorios en donde la presencia del Estado ha sido escasa o casi nula, y que incluye la vinculaci\u00f3n y formalizaci\u00f3n de redes [&hellip;]<\/p>\n","protected":false},"author":2,"featured_media":0,"comment_status":"open","ping_status":"open","sticky":false,"template":"","format":"standard","meta":{"footnotes":""},"categories":[36,32],"tags":[],"class_list":["post-46551","post","type-post","status-publish","format-standard","hentry","category-destacado","category-nacional"],"yoast_head":"<!-- This site is optimized with the Yoast SEO plugin v26.6 - https:\/\/yoast.com\/wordpress\/plugins\/seo\/ -->\n<title>Gobierno Nacional fortalecer\u00e1 conectividad a internet para llegar a territorios donde la presencia del Estado ha sido escasa o casi nula -<\/title>\n<meta name=\"robots\" content=\"index, follow, max-snippet:-1, max-image-preview:large, max-video-preview:-1\" \/>\n<link rel=\"canonical\" href=\"https:\/\/luchonoticias.com\/editor\/gobierno-nacional-fortalecera-conectividad-a-internet-para-llegar-a-territorios-donde-la-presencia-del-estado-ha-sido-escasa-o-casi-nula\/\" \/>\n<meta property=\"og:locale\" content=\"es_ES\" \/>\n<meta property=\"og:type\" content=\"article\" \/>\n<meta property=\"og:title\" content=\"Gobierno Nacional fortalecer\u00e1 conectividad a internet para llegar a territorios donde la presencia del Estado ha sido escasa o casi nula -\" \/>\n<meta property=\"og:url\" content=\"https:\/\/luchonoticias.com\/editor\/gobierno-nacional-fortalecera-conectividad-a-internet-para-llegar-a-territorios-donde-la-presencia-del-estado-ha-sido-escasa-o-casi-nula\/\" \/>\n<meta property=\"article:publisher\" content=\"https:\/\/www.facebook.com\/luchonoticiasneiva\" \/>\n<meta property=\"article:published_time\" content=\"2023-02-20T12:06:50+00:00\" \/>\n<meta property=\"article:modified_time\" content=\"2023-02-20T12:06:51+00:00\" \/>\n<meta name=\"author\" content=\"Editor General\" \/>\n<meta name=\"twitter:card\" content=\"summary_large_image\" \/>\n<meta name=\"twitter:label1\" content=\"Escrito por\" \/>\n\t<meta name=\"twitter:data1\" content=\"Editor General\" \/>\n\t<meta name=\"twitter:label2\" content=\"Tiempo de lectura\" \/>\n\t<meta name=\"twitter:data2\" content=\"8 minutos\" \/>\n<script type=\"application\/ld+json\" class=\"yoast-schema-graph\">{\"@context\":\"https:\/\/schema.org\",\"@graph\":[{\"@type\":\"Article\",\"@id\":\"https:\/\/luchonoticias.com\/editor\/gobierno-nacional-fortalecera-conectividad-a-internet-para-llegar-a-territorios-donde-la-presencia-del-estado-ha-sido-escasa-o-casi-nula\/#article\",\"isPartOf\":{\"@id\":\"https:\/\/luchonoticias.com\/editor\/gobierno-nacional-fortalecera-conectividad-a-internet-para-llegar-a-territorios-donde-la-presencia-del-estado-ha-sido-escasa-o-casi-nula\/\"},\"author\":{\"name\":\"Editor General\",\"@id\":\"https:\/\/luchonoticias.com\/editor\/#\/schema\/person\/29217990ddf6f14e35912b2866d591fb\"},\"headline\":\"Gobierno Nacional fortalecer\u00e1 conectividad a internet para llegar a territorios donde la presencia del Estado ha sido escasa o casi nula\",\"datePublished\":\"2023-02-20T12:06:50+00:00\",\"dateModified\":\"2023-02-20T12:06:51+00:00\",\"mainEntityOfPage\":{\"@id\":\"https:\/\/luchonoticias.com\/editor\/gobierno-nacional-fortalecera-conectividad-a-internet-para-llegar-a-territorios-donde-la-presencia-del-estado-ha-sido-escasa-o-casi-nula\/\"},\"wordCount\":1551,\"commentCount\":0,\"publisher\":{\"@id\":\"https:\/\/luchonoticias.com\/editor\/#\/schema\/person\/7a7fd911f58561fd056dbac7b55af9cd\"},\"articleSection\":[\"Destacado\",\"Nacional\"],\"inLanguage\":\"es\",\"potentialAction\":[{\"@type\":\"CommentAction\",\"name\":\"Comment\",\"target\":[\"https:\/\/luchonoticias.com\/editor\/gobierno-nacional-fortalecera-conectividad-a-internet-para-llegar-a-territorios-donde-la-presencia-del-estado-ha-sido-escasa-o-casi-nula\/#respond\"]}]},{\"@type\":\"WebPage\",\"@id\":\"https:\/\/luchonoticias.com\/editor\/gobierno-nacional-fortalecera-conectividad-a-internet-para-llegar-a-territorios-donde-la-presencia-del-estado-ha-sido-escasa-o-casi-nula\/\",\"url\":\"https:\/\/luchonoticias.com\/editor\/gobierno-nacional-fortalecera-conectividad-a-internet-para-llegar-a-territorios-donde-la-presencia-del-estado-ha-sido-escasa-o-casi-nula\/\",\"name\":\"Gobierno Nacional fortalecer\u00e1 conectividad a internet para llegar a territorios donde la presencia del Estado ha sido escasa o casi nula -\",\"isPartOf\":{\"@id\":\"https:\/\/luchonoticias.com\/editor\/#website\"},\"datePublished\":\"2023-02-20T12:06:50+00:00\",\"dateModified\":\"2023-02-20T12:06:51+00:00\",\"breadcrumb\":{\"@id\":\"https:\/\/luchonoticias.com\/editor\/gobierno-nacional-fortalecera-conectividad-a-internet-para-llegar-a-territorios-donde-la-presencia-del-estado-ha-sido-escasa-o-casi-nula\/#breadcrumb\"},\"inLanguage\":\"es\",\"potentialAction\":[{\"@type\":\"ReadAction\",\"target\":[\"https:\/\/luchonoticias.com\/editor\/gobierno-nacional-fortalecera-conectividad-a-internet-para-llegar-a-territorios-donde-la-presencia-del-estado-ha-sido-escasa-o-casi-nula\/\"]}]},{\"@type\":\"BreadcrumbList\",\"@id\":\"https:\/\/luchonoticias.com\/editor\/gobierno-nacional-fortalecera-conectividad-a-internet-para-llegar-a-territorios-donde-la-presencia-del-estado-ha-sido-escasa-o-casi-nula\/#breadcrumb\",\"itemListElement\":[{\"@type\":\"ListItem\",\"position\":1,\"name\":\"Portada\",\"item\":\"https:\/\/luchonoticias.com\/editor\/\"},{\"@type\":\"ListItem\",\"position\":2,\"name\":\"Gobierno Nacional fortalecer\u00e1 conectividad a internet para llegar a territorios donde la presencia del Estado ha sido escasa o casi nula\"}]},{\"@type\":\"WebSite\",\"@id\":\"https:\/\/luchonoticias.com\/editor\/#website\",\"url\":\"https:\/\/luchonoticias.com\/editor\/\",\"name\":\"\",\"description\":\"\",\"publisher\":{\"@id\":\"https:\/\/luchonoticias.com\/editor\/#\/schema\/person\/7a7fd911f58561fd056dbac7b55af9cd\"},\"potentialAction\":[{\"@type\":\"SearchAction\",\"target\":{\"@type\":\"EntryPoint\",\"urlTemplate\":\"https:\/\/luchonoticias.com\/editor\/?s={search_term_string}\"},\"query-input\":{\"@type\":\"PropertyValueSpecification\",\"valueRequired\":true,\"valueName\":\"search_term_string\"}}],\"inLanguage\":\"es\"},{\"@type\":[\"Person\",\"Organization\"],\"@id\":\"https:\/\/luchonoticias.com\/editor\/#\/schema\/person\/7a7fd911f58561fd056dbac7b55af9cd\",\"name\":\"admin\",\"image\":{\"@type\":\"ImageObject\",\"inLanguage\":\"es\",\"@id\":\"https:\/\/luchonoticias.com\/editor\/#\/schema\/person\/image\/\",\"url\":\"https:\/\/luchonoticias.com\/editor\/wp-content\/uploads\/2024\/02\/cropped-cropped-logolu.webp\",\"contentUrl\":\"https:\/\/luchonoticias.com\/editor\/wp-content\/uploads\/2024\/02\/cropped-cropped-logolu.webp\",\"width\":382,\"height\":170,\"caption\":\"admin\"},\"logo\":{\"@id\":\"https:\/\/luchonoticias.com\/editor\/#\/schema\/person\/image\/\"},\"sameAs\":[\"https:\/\/www.facebook.com\/luchonoticiasneiva\"]},{\"@type\":\"Person\",\"@id\":\"https:\/\/luchonoticias.com\/editor\/#\/schema\/person\/29217990ddf6f14e35912b2866d591fb\",\"name\":\"Editor General\",\"image\":{\"@type\":\"ImageObject\",\"inLanguage\":\"es\",\"@id\":\"https:\/\/luchonoticias.com\/editor\/#\/schema\/person\/image\/\",\"url\":\"https:\/\/luchonoticias.com\/editor\/wp-content\/uploads\/2024\/02\/cropped-cropped-logolu-150x150.webp\",\"contentUrl\":\"https:\/\/luchonoticias.com\/editor\/wp-content\/uploads\/2024\/02\/cropped-cropped-logolu-150x150.webp\",\"caption\":\"Editor General\"},\"sameAs\":[\"https:\/\/luchonoticias.com\/\"],\"url\":\"https:\/\/luchonoticias.com\/editor\/author\/editor-general\/\"}]}<\/script>\n<!-- \/ Yoast SEO plugin. -->","yoast_head_json":{"title":"Gobierno Nacional fortalecer\u00e1 conectividad a internet para llegar a territorios donde la presencia del Estado ha sido escasa o casi nula -","robots":{"index":"index","follow":"follow","max-snippet":"max-snippet:-1","max-image-preview":"max-image-preview:large","max-video-preview":"max-video-preview:-1"},"canonical":"https:\/\/luchonoticias.com\/editor\/gobierno-nacional-fortalecera-conectividad-a-internet-para-llegar-a-territorios-donde-la-presencia-del-estado-ha-sido-escasa-o-casi-nula\/","og_locale":"es_ES","og_type":"article","og_title":"Gobierno Nacional fortalecer\u00e1 conectividad a internet para llegar a territorios donde la presencia del Estado ha sido escasa o casi nula -","og_url":"https:\/\/luchonoticias.com\/editor\/gobierno-nacional-fortalecera-conectividad-a-internet-para-llegar-a-territorios-donde-la-presencia-del-estado-ha-sido-escasa-o-casi-nula\/","article_publisher":"https:\/\/www.facebook.com\/luchonoticiasneiva","article_published_time":"2023-02-20T12:06:50+00:00","article_modified_time":"2023-02-20T12:06:51+00:00","author":"Editor General","twitter_card":"summary_large_image","twitter_misc":{"Escrito por":"Editor General","Tiempo de lectura":"8 minutos"},"schema":{"@context":"https:\/\/schema.org","@graph":[{"@type":"Article","@id":"https:\/\/luchonoticias.com\/editor\/gobierno-nacional-fortalecera-conectividad-a-internet-para-llegar-a-territorios-donde-la-presencia-del-estado-ha-sido-escasa-o-casi-nula\/#article","isPartOf":{"@id":"https:\/\/luchonoticias.com\/editor\/gobierno-nacional-fortalecera-conectividad-a-internet-para-llegar-a-territorios-donde-la-presencia-del-estado-ha-sido-escasa-o-casi-nula\/"},"author":{"name":"Editor General","@id":"https:\/\/luchonoticias.com\/editor\/#\/schema\/person\/29217990ddf6f14e35912b2866d591fb"},"headline":"Gobierno Nacional fortalecer\u00e1 conectividad a internet para llegar a territorios donde la presencia del Estado ha sido escasa o casi nula","datePublished":"2023-02-20T12:06:50+00:00","dateModified":"2023-02-20T12:06:51+00:00","mainEntityOfPage":{"@id":"https:\/\/luchonoticias.com\/editor\/gobierno-nacional-fortalecera-conectividad-a-internet-para-llegar-a-territorios-donde-la-presencia-del-estado-ha-sido-escasa-o-casi-nula\/"},"wordCount":1551,"commentCount":0,"publisher":{"@id":"https:\/\/luchonoticias.com\/editor\/#\/schema\/person\/7a7fd911f58561fd056dbac7b55af9cd"},"articleSection":["Destacado","Nacional"],"inLanguage":"es","potentialAction":[{"@type":"CommentAction","name":"Comment","target":["https:\/\/luchonoticias.com\/editor\/gobierno-nacional-fortalecera-conectividad-a-internet-para-llegar-a-territorios-donde-la-presencia-del-estado-ha-sido-escasa-o-casi-nula\/#respond"]}]},{"@type":"WebPage","@id":"https:\/\/luchonoticias.com\/editor\/gobierno-nacional-fortalecera-conectividad-a-internet-para-llegar-a-territorios-donde-la-presencia-del-estado-ha-sido-escasa-o-casi-nula\/","url":"https:\/\/luchonoticias.com\/editor\/gobierno-nacional-fortalecera-conectividad-a-internet-para-llegar-a-territorios-donde-la-presencia-del-estado-ha-sido-escasa-o-casi-nula\/","name":"Gobierno Nacional fortalecer\u00e1 conectividad a internet para llegar a territorios donde la presencia del Estado ha sido escasa o casi nula -","isPartOf":{"@id":"https:\/\/luchonoticias.com\/editor\/#website"},"datePublished":"2023-02-20T12:06:50+00:00","dateModified":"2023-02-20T12:06:51+00:00","breadcrumb":{"@id":"https:\/\/luchonoticias.com\/editor\/gobierno-nacional-fortalecera-conectividad-a-internet-para-llegar-a-territorios-donde-la-presencia-del-estado-ha-sido-escasa-o-casi-nula\/#breadcrumb"},"inLanguage":"es","potentialAction":[{"@type":"ReadAction","target":["https:\/\/luchonoticias.com\/editor\/gobierno-nacional-fortalecera-conectividad-a-internet-para-llegar-a-territorios-donde-la-presencia-del-estado-ha-sido-escasa-o-casi-nula\/"]}]},{"@type":"BreadcrumbList","@id":"https:\/\/luchonoticias.com\/editor\/gobierno-nacional-fortalecera-conectividad-a-internet-para-llegar-a-territorios-donde-la-presencia-del-estado-ha-sido-escasa-o-casi-nula\/#breadcrumb","itemListElement":[{"@type":"ListItem","position":1,"name":"Portada","item":"https:\/\/luchonoticias.com\/editor\/"},{"@type":"ListItem","position":2,"name":"Gobierno Nacional fortalecer\u00e1 conectividad a internet para llegar a territorios donde la presencia del Estado ha sido escasa o casi nula"}]},{"@type":"WebSite","@id":"https:\/\/luchonoticias.com\/editor\/#website","url":"https:\/\/luchonoticias.com\/editor\/","name":"","description":"","publisher":{"@id":"https:\/\/luchonoticias.com\/editor\/#\/schema\/person\/7a7fd911f58561fd056dbac7b55af9cd"},"potentialAction":[{"@type":"SearchAction","target":{"@type":"EntryPoint","urlTemplate":"https:\/\/luchonoticias.com\/editor\/?s={search_term_string}"},"query-input":{"@type":"PropertyValueSpecification","valueRequired":true,"valueName":"search_term_string"}}],"inLanguage":"es"},{"@type":["Person","Organization"],"@id":"https:\/\/luchonoticias.com\/editor\/#\/schema\/person\/7a7fd911f58561fd056dbac7b55af9cd","name":"admin","image":{"@type":"ImageObject","inLanguage":"es","@id":"https:\/\/luchonoticias.com\/editor\/#\/schema\/person\/image\/","url":"https:\/\/luchonoticias.com\/editor\/wp-content\/uploads\/2024\/02\/cropped-cropped-logolu.webp","contentUrl":"https:\/\/luchonoticias.com\/editor\/wp-content\/uploads\/2024\/02\/cropped-cropped-logolu.webp","width":382,"height":170,"caption":"admin"},"logo":{"@id":"https:\/\/luchonoticias.com\/editor\/#\/schema\/person\/image\/"},"sameAs":["https:\/\/www.facebook.com\/luchonoticiasneiva"]},{"@type":"Person","@id":"https:\/\/luchonoticias.com\/editor\/#\/schema\/person\/29217990ddf6f14e35912b2866d591fb","name":"Editor General","image":{"@type":"ImageObject","inLanguage":"es","@id":"https:\/\/luchonoticias.com\/editor\/#\/schema\/person\/image\/","url":"https:\/\/luchonoticias.com\/editor\/wp-content\/uploads\/2024\/02\/cropped-cropped-logolu-150x150.webp","contentUrl":"https:\/\/luchonoticias.com\/editor\/wp-content\/uploads\/2024\/02\/cropped-cropped-logolu-150x150.webp","caption":"Editor General"},"sameAs":["https:\/\/luchonoticias.com\/"],"url":"https:\/\/luchonoticias.com\/editor\/author\/editor-general\/"}]}},"_links":{"self":[{"href":"https:\/\/luchonoticias.com\/editor\/wp-json\/wp\/v2\/posts\/46551","targetHints":{"allow":["GET"]}}],"collection":[{"href":"https:\/\/luchonoticias.com\/editor\/wp-json\/wp\/v2\/posts"}],"about":[{"href":"https:\/\/luchonoticias.com\/editor\/wp-json\/wp\/v2\/types\/post"}],"author":[{"embeddable":true,"href":"https:\/\/luchonoticias.com\/editor\/wp-json\/wp\/v2\/users\/2"}],"replies":[{"embeddable":true,"href":"https:\/\/luchonoticias.com\/editor\/wp-json\/wp\/v2\/comments?post=46551"}],"version-history":[{"count":0,"href":"https:\/\/luchonoticias.com\/editor\/wp-json\/wp\/v2\/posts\/46551\/revisions"}],"wp:attachment":[{"href":"https:\/\/luchonoticias.com\/editor\/wp-json\/wp\/v2\/media?parent=46551"}],"wp:term":[{"taxonomy":"category","embeddable":true,"href":"https:\/\/luchonoticias.com\/editor\/wp-json\/wp\/v2\/categories?post=46551"},{"taxonomy":"post_tag","embeddable":true,"href":"https:\/\/luchonoticias.com\/editor\/wp-json\/wp\/v2\/tags?post=46551"}],"curies":[{"name":"wp","href":"https:\/\/api.w.org\/{rel}","templated":true}]}}