{"id":46554,"date":"2023-02-20T07:17:59","date_gmt":"2023-02-20T12:17:59","guid":{"rendered":"https:\/\/luchonoticias.com\/?p=46554"},"modified":"2023-02-20T07:18:00","modified_gmt":"2023-02-20T12:18:00","slug":"22-personas-capturas-durante-el-fin-de-semana-en-neiva","status":"publish","type":"post","link":"https:\/\/luchonoticias.com\/editor\/22-personas-capturas-durante-el-fin-de-semana-en-neiva\/","title":{"rendered":"22 personas capturas durante el fin de semana en Neiva"},"content":{"rendered":"\n<p>La Polic\u00eda Metropolitana de Neiva, dio a conocer un balance operacional del \u00faltimo fin de semana, donde dan a conocer la captura de 22 personas, 21 en flagrancia y 1 por orden judicial.<\/p>\n\n\n\n<p>* 12 por Tr\u00e1fico, fabricaci\u00f3n y porte de estupefacientes.<\/p>\n\n\n\n<p>* 3 por da\u00f1o en bien ajeno.<\/p>\n\n\n\n<p>* 2 por Hurto.<\/p>\n\n\n\n<p>* 2 por lesiones personales.<\/p>\n\n\n\n<p>* 2 por Acceso carnal.<\/p>\n\n\n\n<p>* 1 por extorsi\u00f3n.<\/p>\n\n\n\n<figure class=\"wp-block-gallery has-nested-images columns-default is-cropped wp-block-gallery-1 is-layout-flex wp-block-gallery-is-layout-flex\">\n<figure class=\"wp-block-image size-full\"><img decoding=\"async\" data-id=\"46559\" src=\"https:\/\/luchonoticias.com\/wp-content\/uploads\/2023\/02\/WhatsApp-Image-2023-02-18-at-3.11.43-PM-2.jpeg\" alt=\"\" class=\"wp-image-46559\"\/><\/figure>\n\n\n\n<figure class=\"wp-block-image size-large\"><img decoding=\"async\" data-id=\"46558\" src=\"https:\/\/luchonoticias.com\/wp-content\/uploads\/2023\/02\/WhatsApp-Image-2023-02-19-at-12.43.39-PM.jpeg\" alt=\"\" class=\"wp-image-46558\"\/><\/figure>\n\n\n\n<figure class=\"wp-block-image size-large\"><img decoding=\"async\" data-id=\"46557\" src=\"https:\/\/luchonoticias.com\/wp-content\/uploads\/2023\/02\/WhatsApp-Image-2023-02-19-at-12.52.06-PM.jpeg\" alt=\"\" class=\"wp-image-46557\"\/><\/figure>\n<\/figure>\n\n\n\n<p><strong>Incantaci\u00f3n de estupefacientes<\/strong><\/p>\n\n\n\n<p>Continuamente, la fuente oficial dio a conocer que durante el fin de semana gracias a las labores de patrullaje, registro a personas y el allanamiento a 2 inmuebles, se logr\u00f3 la incautaci\u00f3n de 3,600 gramos de marihuana, 110 dosis de bazuco y 10 gramos de clorhidrato de coca\u00edna.<\/p>\n\n\n\n<p>\u201cAsimismo 1 motocicleta fue recuperada y 1 motocicleta incautada. Estos veh\u00edculos eran utilizados como herramienta para el hurto de motos\u201d, indic\u00f3 el coronel Juan Pablo Ruiz, comandante de la Polic\u00eda Metropolitana.<\/p>\n\n\n\n<figure class=\"wp-block-gallery has-nested-images columns-default is-cropped wp-block-gallery-2 is-layout-flex wp-block-gallery-is-layout-flex\">\n<figure class=\"wp-block-image size-large\"><img decoding=\"async\" data-id=\"46560\" src=\"https:\/\/luchonoticias.com\/wp-content\/uploads\/2023\/02\/WhatsApp-Image-2023-02-18-at-9.31.09-AM-1-1.jpeg\" alt=\"\" class=\"wp-image-46560\"\/><\/figure>\n\n\n\n<figure class=\"wp-block-image size-large\"><img decoding=\"async\" data-id=\"46561\" src=\"https:\/\/luchonoticias.com\/wp-content\/uploads\/2023\/02\/WhatsApp-Image-2023-02-18-at-3.10.27-PM-2.jpeg\" alt=\"\" class=\"wp-image-46561\"\/><\/figure>\n\n\n\n<figure class=\"wp-block-image size-large\"><img decoding=\"async\" data-id=\"46562\" src=\"https:\/\/luchonoticias.com\/wp-content\/uploads\/2023\/02\/WhatsApp-Image-2023-02-18-at-3.10.55-PM-2-1024x613.jpeg\" alt=\"\" class=\"wp-image-46562\"\/><\/figure>\n<\/figure>\n\n\n\n<p><strong>Capturado presunto extorsionista<\/strong><\/p>\n\n\n\n<p>&nbsp;Asimismo, el alto oficial dio a conocer en su informe que, durante el ultimo fin de semana fue capturado un sujeto en el municipio de Aipe por extorsi\u00f3n.<\/p>\n\n\n\n<p>\u201cUnidades del Grupo GAULA, en trabajo conjunto con la Seccional de Inteligencia Policial, logran en zona urbana del municipio de Aipe, la captura en flagrancia de Juan Camilo G\u00f3mez Castiblanco, de 25 a\u00f1os de edad, residente en Neiva, en momentos en los cuales se dispon\u00eda a recibir la suma de 15 millones de pesos producto de la extorsi\u00f3n a un ciudadano residente de la zona\u201d, afirm\u00f3 la fuente oficial.<\/p>\n\n\n\n<p><strong>Atenci\u00f3n a la l\u00ednea 123<\/strong><\/p>\n\n\n\n<p>De igual modo, en el informe entregado por las autoridades opitas, dieron a conocer que durante el fin de semana, a la l\u00ednea de emergencia 123 ingresaron un total de 1.705 llamadas, destacando entre estas: 134 por alteraci\u00f3n a la tranquilidad p\u00fablica, 124 por ri\u00f1a, 38 por consumo de estupefacientes y 23 por violencia intrafamiliar.<\/p>\n\n\n\n<figure class=\"wp-block-gallery has-nested-images columns-default is-cropped wp-block-gallery-3 is-layout-flex wp-block-gallery-is-layout-flex\">\n<figure class=\"wp-block-image size-large\"><img decoding=\"async\" data-id=\"46563\" src=\"https:\/\/luchonoticias.com\/wp-content\/uploads\/2023\/02\/WhatsApp-Image-2023-02-19-at-7.16.16-PM-2-1024x765.jpeg\" alt=\"\" class=\"wp-image-46563\"\/><\/figure>\n\n\n\n<figure class=\"wp-block-image size-large\"><img decoding=\"async\" data-id=\"46564\" src=\"https:\/\/luchonoticias.com\/wp-content\/uploads\/2023\/02\/WhatsApp-Image-2023-02-19-at-7.16.16-PM-1-1024x576.jpeg\" alt=\"\" class=\"wp-image-46564\"\/><\/figure>\n\n\n\n<figure class=\"wp-block-image size-large\"><img decoding=\"async\" data-id=\"46565\" src=\"https:\/\/luchonoticias.com\/wp-content\/uploads\/2023\/02\/WhatsApp-Image-2023-02-19-at-7.09.19-PM-985x1024.jpeg\" alt=\"\" class=\"wp-image-46565\"\/><\/figure>\n<\/figure>\n\n\n\n<p><strong>Aplicaci\u00f3n del C\u00f3digo Nacional de Seguridad<\/strong><\/p>\n\n\n\n<p>Finalmente, se estableci\u00f3 que en la Capital Huilense durante el ultimo fin de semana, en la aplicaci\u00f3n del C\u00f3digo Nacional de Seguridad y Convivencia Ciudadana, se impusieron 105 \u00f3rdenes de comparendo por comportamientos contrarios a la convivencia,&nbsp; as\u00ed: 68 por porte de armas corto punzantes, 18 por participar en ri\u00f1a, 03 por comprar, alquilar o usar equipo terminal m\u00f3vil con reporte de hurto, 03 por consumo de sustancias psicoactivas, 02 por desarrollar actividad econ\u00f3mica sin cumplir cualquiera de los requisitos, 02 por agredir f\u00edsicamente a personas, 02 por impedir o desacatar la orden de polic\u00eda y 07 por otras causas.&nbsp; &nbsp;<\/p>\n","protected":false},"excerpt":{"rendered":"<p>La Polic\u00eda Metropolitana de Neiva, dio a conocer un balance operacional del \u00faltimo fin de semana, donde dan a conocer la captura de 22 personas, 21 en flagrancia y 1 por orden judicial. * 12 por Tr\u00e1fico, fabricaci\u00f3n y porte de estupefacientes. * 3 por da\u00f1o en bien ajeno. * 2 por Hurto. * 2 [&hellip;]<\/p>\n","protected":false},"author":2,"featured_media":0,"comment_status":"open","ping_status":"open","sticky":false,"template":"","format":"standard","meta":{"footnotes":""},"categories":[36,29],"tags":[],"class_list":["post-46554","post","type-post","status-publish","format-standard","hentry","category-destacado","category-judicial"],"yoast_head":"<!-- This site is optimized with the Yoast SEO plugin v26.6 - https:\/\/yoast.com\/wordpress\/plugins\/seo\/ -->\n<title>22 personas capturas durante el fin de semana en Neiva -<\/title>\n<meta name=\"robots\" content=\"index, follow, max-snippet:-1, max-image-preview:large, max-video-preview:-1\" \/>\n<link rel=\"canonical\" href=\"https:\/\/luchonoticias.com\/editor\/22-personas-capturas-durante-el-fin-de-semana-en-neiva\/\" \/>\n<meta property=\"og:locale\" content=\"es_ES\" \/>\n<meta property=\"og:type\" content=\"article\" \/>\n<meta property=\"og:title\" content=\"22 personas capturas durante el fin de semana en Neiva -\" \/>\n<meta property=\"og:url\" content=\"https:\/\/luchonoticias.com\/editor\/22-personas-capturas-durante-el-fin-de-semana-en-neiva\/\" \/>\n<meta property=\"article:publisher\" content=\"https:\/\/www.facebook.com\/luchonoticiasneiva\" \/>\n<meta property=\"article:published_time\" content=\"2023-02-20T12:17:59+00:00\" \/>\n<meta property=\"article:modified_time\" content=\"2023-02-20T12:18:00+00:00\" \/>\n<meta property=\"og:image\" content=\"https:\/\/luchonoticias.com\/wp-content\/uploads\/2023\/02\/WhatsApp-Image-2023-02-18-at-3.11.43-PM-2.jpeg\" \/>\n<meta name=\"author\" content=\"Editor General\" \/>\n<meta name=\"twitter:card\" content=\"summary_large_image\" \/>\n<meta name=\"twitter:label1\" content=\"Escrito por\" \/>\n\t<meta name=\"twitter:data1\" content=\"Editor General\" \/>\n\t<meta name=\"twitter:label2\" content=\"Tiempo de lectura\" \/>\n\t<meta name=\"twitter:data2\" content=\"2 minutos\" \/>\n<script type=\"application\/ld+json\" class=\"yoast-schema-graph\">{\"@context\":\"https:\/\/schema.org\",\"@graph\":[{\"@type\":\"Article\",\"@id\":\"https:\/\/luchonoticias.com\/editor\/22-personas-capturas-durante-el-fin-de-semana-en-neiva\/#article\",\"isPartOf\":{\"@id\":\"https:\/\/luchonoticias.com\/editor\/22-personas-capturas-durante-el-fin-de-semana-en-neiva\/\"},\"author\":{\"name\":\"Editor General\",\"@id\":\"https:\/\/luchonoticias.com\/editor\/#\/schema\/person\/29217990ddf6f14e35912b2866d591fb\"},\"headline\":\"22 personas capturas durante el fin de semana en Neiva\",\"datePublished\":\"2023-02-20T12:17:59+00:00\",\"dateModified\":\"2023-02-20T12:18:00+00:00\",\"mainEntityOfPage\":{\"@id\":\"https:\/\/luchonoticias.com\/editor\/22-personas-capturas-durante-el-fin-de-semana-en-neiva\/\"},\"wordCount\":419,\"commentCount\":0,\"publisher\":{\"@id\":\"https:\/\/luchonoticias.com\/editor\/#\/schema\/person\/7a7fd911f58561fd056dbac7b55af9cd\"},\"image\":{\"@id\":\"https:\/\/luchonoticias.com\/editor\/22-personas-capturas-durante-el-fin-de-semana-en-neiva\/#primaryimage\"},\"thumbnailUrl\":\"https:\/\/luchonoticias.com\/wp-content\/uploads\/2023\/02\/WhatsApp-Image-2023-02-18-at-3.11.43-PM-2.jpeg\",\"articleSection\":[\"Destacado\",\"Judicial\"],\"inLanguage\":\"es\",\"potentialAction\":[{\"@type\":\"CommentAction\",\"name\":\"Comment\",\"target\":[\"https:\/\/luchonoticias.com\/editor\/22-personas-capturas-durante-el-fin-de-semana-en-neiva\/#respond\"]}]},{\"@type\":\"WebPage\",\"@id\":\"https:\/\/luchonoticias.com\/editor\/22-personas-capturas-durante-el-fin-de-semana-en-neiva\/\",\"url\":\"https:\/\/luchonoticias.com\/editor\/22-personas-capturas-durante-el-fin-de-semana-en-neiva\/\",\"name\":\"22 personas capturas durante el fin de semana en Neiva -\",\"isPartOf\":{\"@id\":\"https:\/\/luchonoticias.com\/editor\/#website\"},\"primaryImageOfPage\":{\"@id\":\"https:\/\/luchonoticias.com\/editor\/22-personas-capturas-durante-el-fin-de-semana-en-neiva\/#primaryimage\"},\"image\":{\"@id\":\"https:\/\/luchonoticias.com\/editor\/22-personas-capturas-durante-el-fin-de-semana-en-neiva\/#primaryimage\"},\"thumbnailUrl\":\"https:\/\/luchonoticias.com\/wp-content\/uploads\/2023\/02\/WhatsApp-Image-2023-02-18-at-3.11.43-PM-2.jpeg\",\"datePublished\":\"2023-02-20T12:17:59+00:00\",\"dateModified\":\"2023-02-20T12:18:00+00:00\",\"breadcrumb\":{\"@id\":\"https:\/\/luchonoticias.com\/editor\/22-personas-capturas-durante-el-fin-de-semana-en-neiva\/#breadcrumb\"},\"inLanguage\":\"es\",\"potentialAction\":[{\"@type\":\"ReadAction\",\"target\":[\"https:\/\/luchonoticias.com\/editor\/22-personas-capturas-durante-el-fin-de-semana-en-neiva\/\"]}]},{\"@type\":\"ImageObject\",\"inLanguage\":\"es\",\"@id\":\"https:\/\/luchonoticias.com\/editor\/22-personas-capturas-durante-el-fin-de-semana-en-neiva\/#primaryimage\",\"url\":\"https:\/\/luchonoticias.com\/wp-content\/uploads\/2023\/02\/WhatsApp-Image-2023-02-18-at-3.11.43-PM-2.jpeg\",\"contentUrl\":\"https:\/\/luchonoticias.com\/wp-content\/uploads\/2023\/02\/WhatsApp-Image-2023-02-18-at-3.11.43-PM-2.jpeg\"},{\"@type\":\"BreadcrumbList\",\"@id\":\"https:\/\/luchonoticias.com\/editor\/22-personas-capturas-durante-el-fin-de-semana-en-neiva\/#breadcrumb\",\"itemListElement\":[{\"@type\":\"ListItem\",\"position\":1,\"name\":\"Portada\",\"item\":\"https:\/\/luchonoticias.com\/editor\/\"},{\"@type\":\"ListItem\",\"position\":2,\"name\":\"22 personas capturas durante el fin de semana en Neiva\"}]},{\"@type\":\"WebSite\",\"@id\":\"https:\/\/luchonoticias.com\/editor\/#website\",\"url\":\"https:\/\/luchonoticias.com\/editor\/\",\"name\":\"\",\"description\":\"\",\"publisher\":{\"@id\":\"https:\/\/luchonoticias.com\/editor\/#\/schema\/person\/7a7fd911f58561fd056dbac7b55af9cd\"},\"potentialAction\":[{\"@type\":\"SearchAction\",\"target\":{\"@type\":\"EntryPoint\",\"urlTemplate\":\"https:\/\/luchonoticias.com\/editor\/?s={search_term_string}\"},\"query-input\":{\"@type\":\"PropertyValueSpecification\",\"valueRequired\":true,\"valueName\":\"search_term_string\"}}],\"inLanguage\":\"es\"},{\"@type\":[\"Person\",\"Organization\"],\"@id\":\"https:\/\/luchonoticias.com\/editor\/#\/schema\/person\/7a7fd911f58561fd056dbac7b55af9cd\",\"name\":\"admin\",\"image\":{\"@type\":\"ImageObject\",\"inLanguage\":\"es\",\"@id\":\"https:\/\/luchonoticias.com\/editor\/#\/schema\/person\/image\/\",\"url\":\"https:\/\/luchonoticias.com\/editor\/wp-content\/uploads\/2024\/02\/cropped-cropped-logolu.webp\",\"contentUrl\":\"https:\/\/luchonoticias.com\/editor\/wp-content\/uploads\/2024\/02\/cropped-cropped-logolu.webp\",\"width\":382,\"height\":170,\"caption\":\"admin\"},\"logo\":{\"@id\":\"https:\/\/luchonoticias.com\/editor\/#\/schema\/person\/image\/\"},\"sameAs\":[\"https:\/\/www.facebook.com\/luchonoticiasneiva\"]},{\"@type\":\"Person\",\"@id\":\"https:\/\/luchonoticias.com\/editor\/#\/schema\/person\/29217990ddf6f14e35912b2866d591fb\",\"name\":\"Editor General\",\"image\":{\"@type\":\"ImageObject\",\"inLanguage\":\"es\",\"@id\":\"https:\/\/luchonoticias.com\/editor\/#\/schema\/person\/image\/\",\"url\":\"https:\/\/luchonoticias.com\/editor\/wp-content\/uploads\/2024\/02\/cropped-cropped-logolu-150x150.webp\",\"contentUrl\":\"https:\/\/luchonoticias.com\/editor\/wp-content\/uploads\/2024\/02\/cropped-cropped-logolu-150x150.webp\",\"caption\":\"Editor General\"},\"sameAs\":[\"https:\/\/luchonoticias.com\/\"],\"url\":\"https:\/\/luchonoticias.com\/editor\/author\/editor-general\/\"}]}<\/script>\n<!-- \/ Yoast SEO plugin. -->","yoast_head_json":{"title":"22 personas capturas durante el fin de semana en Neiva -","robots":{"index":"index","follow":"follow","max-snippet":"max-snippet:-1","max-image-preview":"max-image-preview:large","max-video-preview":"max-video-preview:-1"},"canonical":"https:\/\/luchonoticias.com\/editor\/22-personas-capturas-durante-el-fin-de-semana-en-neiva\/","og_locale":"es_ES","og_type":"article","og_title":"22 personas capturas durante el fin de semana en Neiva -","og_url":"https:\/\/luchonoticias.com\/editor\/22-personas-capturas-durante-el-fin-de-semana-en-neiva\/","article_publisher":"https:\/\/www.facebook.com\/luchonoticiasneiva","article_published_time":"2023-02-20T12:17:59+00:00","article_modified_time":"2023-02-20T12:18:00+00:00","og_image":[{"url":"https:\/\/luchonoticias.com\/wp-content\/uploads\/2023\/02\/WhatsApp-Image-2023-02-18-at-3.11.43-PM-2.jpeg","type":"","width":"","height":""}],"author":"Editor General","twitter_card":"summary_large_image","twitter_misc":{"Escrito por":"Editor General","Tiempo de lectura":"2 minutos"},"schema":{"@context":"https:\/\/schema.org","@graph":[{"@type":"Article","@id":"https:\/\/luchonoticias.com\/editor\/22-personas-capturas-durante-el-fin-de-semana-en-neiva\/#article","isPartOf":{"@id":"https:\/\/luchonoticias.com\/editor\/22-personas-capturas-durante-el-fin-de-semana-en-neiva\/"},"author":{"name":"Editor General","@id":"https:\/\/luchonoticias.com\/editor\/#\/schema\/person\/29217990ddf6f14e35912b2866d591fb"},"headline":"22 personas capturas durante el fin de semana en Neiva","datePublished":"2023-02-20T12:17:59+00:00","dateModified":"2023-02-20T12:18:00+00:00","mainEntityOfPage":{"@id":"https:\/\/luchonoticias.com\/editor\/22-personas-capturas-durante-el-fin-de-semana-en-neiva\/"},"wordCount":419,"commentCount":0,"publisher":{"@id":"https:\/\/luchonoticias.com\/editor\/#\/schema\/person\/7a7fd911f58561fd056dbac7b55af9cd"},"image":{"@id":"https:\/\/luchonoticias.com\/editor\/22-personas-capturas-durante-el-fin-de-semana-en-neiva\/#primaryimage"},"thumbnailUrl":"https:\/\/luchonoticias.com\/wp-content\/uploads\/2023\/02\/WhatsApp-Image-2023-02-18-at-3.11.43-PM-2.jpeg","articleSection":["Destacado","Judicial"],"inLanguage":"es","potentialAction":[{"@type":"CommentAction","name":"Comment","target":["https:\/\/luchonoticias.com\/editor\/22-personas-capturas-durante-el-fin-de-semana-en-neiva\/#respond"]}]},{"@type":"WebPage","@id":"https:\/\/luchonoticias.com\/editor\/22-personas-capturas-durante-el-fin-de-semana-en-neiva\/","url":"https:\/\/luchonoticias.com\/editor\/22-personas-capturas-durante-el-fin-de-semana-en-neiva\/","name":"22 personas capturas durante el fin de semana en Neiva -","isPartOf":{"@id":"https:\/\/luchonoticias.com\/editor\/#website"},"primaryImageOfPage":{"@id":"https:\/\/luchonoticias.com\/editor\/22-personas-capturas-durante-el-fin-de-semana-en-neiva\/#primaryimage"},"image":{"@id":"https:\/\/luchonoticias.com\/editor\/22-personas-capturas-durante-el-fin-de-semana-en-neiva\/#primaryimage"},"thumbnailUrl":"https:\/\/luchonoticias.com\/wp-content\/uploads\/2023\/02\/WhatsApp-Image-2023-02-18-at-3.11.43-PM-2.jpeg","datePublished":"2023-02-20T12:17:59+00:00","dateModified":"2023-02-20T12:18:00+00:00","breadcrumb":{"@id":"https:\/\/luchonoticias.com\/editor\/22-personas-capturas-durante-el-fin-de-semana-en-neiva\/#breadcrumb"},"inLanguage":"es","potentialAction":[{"@type":"ReadAction","target":["https:\/\/luchonoticias.com\/editor\/22-personas-capturas-durante-el-fin-de-semana-en-neiva\/"]}]},{"@type":"ImageObject","inLanguage":"es","@id":"https:\/\/luchonoticias.com\/editor\/22-personas-capturas-durante-el-fin-de-semana-en-neiva\/#primaryimage","url":"https:\/\/luchonoticias.com\/wp-content\/uploads\/2023\/02\/WhatsApp-Image-2023-02-18-at-3.11.43-PM-2.jpeg","contentUrl":"https:\/\/luchonoticias.com\/wp-content\/uploads\/2023\/02\/WhatsApp-Image-2023-02-18-at-3.11.43-PM-2.jpeg"},{"@type":"BreadcrumbList","@id":"https:\/\/luchonoticias.com\/editor\/22-personas-capturas-durante-el-fin-de-semana-en-neiva\/#breadcrumb","itemListElement":[{"@type":"ListItem","position":1,"name":"Portada","item":"https:\/\/luchonoticias.com\/editor\/"},{"@type":"ListItem","position":2,"name":"22 personas capturas durante el fin de semana en Neiva"}]},{"@type":"WebSite","@id":"https:\/\/luchonoticias.com\/editor\/#website","url":"https:\/\/luchonoticias.com\/editor\/","name":"","description":"","publisher":{"@id":"https:\/\/luchonoticias.com\/editor\/#\/schema\/person\/7a7fd911f58561fd056dbac7b55af9cd"},"potentialAction":[{"@type":"SearchAction","target":{"@type":"EntryPoint","urlTemplate":"https:\/\/luchonoticias.com\/editor\/?s={search_term_string}"},"query-input":{"@type":"PropertyValueSpecification","valueRequired":true,"valueName":"search_term_string"}}],"inLanguage":"es"},{"@type":["Person","Organization"],"@id":"https:\/\/luchonoticias.com\/editor\/#\/schema\/person\/7a7fd911f58561fd056dbac7b55af9cd","name":"admin","image":{"@type":"ImageObject","inLanguage":"es","@id":"https:\/\/luchonoticias.com\/editor\/#\/schema\/person\/image\/","url":"https:\/\/luchonoticias.com\/editor\/wp-content\/uploads\/2024\/02\/cropped-cropped-logolu.webp","contentUrl":"https:\/\/luchonoticias.com\/editor\/wp-content\/uploads\/2024\/02\/cropped-cropped-logolu.webp","width":382,"height":170,"caption":"admin"},"logo":{"@id":"https:\/\/luchonoticias.com\/editor\/#\/schema\/person\/image\/"},"sameAs":["https:\/\/www.facebook.com\/luchonoticiasneiva"]},{"@type":"Person","@id":"https:\/\/luchonoticias.com\/editor\/#\/schema\/person\/29217990ddf6f14e35912b2866d591fb","name":"Editor General","image":{"@type":"ImageObject","inLanguage":"es","@id":"https:\/\/luchonoticias.com\/editor\/#\/schema\/person\/image\/","url":"https:\/\/luchonoticias.com\/editor\/wp-content\/uploads\/2024\/02\/cropped-cropped-logolu-150x150.webp","contentUrl":"https:\/\/luchonoticias.com\/editor\/wp-content\/uploads\/2024\/02\/cropped-cropped-logolu-150x150.webp","caption":"Editor General"},"sameAs":["https:\/\/luchonoticias.com\/"],"url":"https:\/\/luchonoticias.com\/editor\/author\/editor-general\/"}]}},"_links":{"self":[{"href":"https:\/\/luchonoticias.com\/editor\/wp-json\/wp\/v2\/posts\/46554","targetHints":{"allow":["GET"]}}],"collection":[{"href":"https:\/\/luchonoticias.com\/editor\/wp-json\/wp\/v2\/posts"}],"about":[{"href":"https:\/\/luchonoticias.com\/editor\/wp-json\/wp\/v2\/types\/post"}],"author":[{"embeddable":true,"href":"https:\/\/luchonoticias.com\/editor\/wp-json\/wp\/v2\/users\/2"}],"replies":[{"embeddable":true,"href":"https:\/\/luchonoticias.com\/editor\/wp-json\/wp\/v2\/comments?post=46554"}],"version-history":[{"count":0,"href":"https:\/\/luchonoticias.com\/editor\/wp-json\/wp\/v2\/posts\/46554\/revisions"}],"wp:attachment":[{"href":"https:\/\/luchonoticias.com\/editor\/wp-json\/wp\/v2\/media?parent=46554"}],"wp:term":[{"taxonomy":"category","embeddable":true,"href":"https:\/\/luchonoticias.com\/editor\/wp-json\/wp\/v2\/categories?post=46554"},{"taxonomy":"post_tag","embeddable":true,"href":"https:\/\/luchonoticias.com\/editor\/wp-json\/wp\/v2\/tags?post=46554"}],"curies":[{"name":"wp","href":"https:\/\/api.w.org\/{rel}","templated":true}]}}