{"id":46567,"date":"2023-02-20T07:33:06","date_gmt":"2023-02-20T12:33:06","guid":{"rendered":"https:\/\/luchonoticias.com\/?p=46567"},"modified":"2023-02-20T07:33:07","modified_gmt":"2023-02-20T12:33:07","slug":"policia-recupero-motocicleta-desguazada-en-suaza-que-al-parecer-seria-vendida-por-partes-en-caqueta","status":"publish","type":"post","link":"https:\/\/luchonoticias.com\/editor\/policia-recupero-motocicleta-desguazada-en-suaza-que-al-parecer-seria-vendida-por-partes-en-caqueta\/","title":{"rendered":"Polic\u00eda recuper\u00f3 motocicleta desguazada en Suaza, que al parecer ser\u00eda vendida por partes en Caquet\u00e1"},"content":{"rendered":"\n<p>Las autoridades huilenses, dieron a conocer que durante el fin de semana unidades de la Seccional de Tr\u00e1nsito y Transporte del departamento de Polic\u00eda Huila, lograron capturar en jurisdicci\u00f3n de Suaza, Huila, dos sujetos quienes al parecer transportaban una motocicleta desguazada en un cami\u00f3n.<\/p>\n\n\n\n<p>\u201cCapturaron en las \u00faltimas horas en jurisdicci\u00f3n del municipio de Suaza, a dos sujetos que transportaban en un cami\u00f3n una motocicleta reportada como hurtada y que ser\u00eda vendida por partes en el departamento de Caquet\u00e1. Esta motocicleta desguazada que fue incautada por la Polic\u00eda con dos personas capturadas, se da en el marco del Plan Cazador y el Plan Identificaci\u00f3n de Automotores que se adelanta en el Huila\u00bb, indicaron las fuentes oficiales.<\/p>\n\n\n\n<figure class=\"wp-block-video\"><video autoplay controls src=\"https:\/\/luchonoticias.com\/wp-content\/uploads\/2023\/02\/WhatsApp-Video-2023-02-19-at-7.04.54-PM-1.mp4\"><\/video><\/figure>\n\n\n\n<p><strong>Capturados con estupefacientes<\/strong><\/p>\n\n\n\n<p>Asimismo, el Departamento de Polic\u00eda Huila, dieron a conocer que, durante el \u00faltimo fin de semana, el grupo Cobras captur\u00f3 a un sujeto que al parecer transportaba en su ropa 75 cigarrillos de marihuana y en La Plata fue capturado otro individuo transportando consigo base de coca que ser\u00eda distribuida en el centro del municipio.<\/p>\n\n\n\n<figure class=\"wp-block-gallery has-nested-images columns-default is-cropped wp-block-gallery-1 is-layout-flex wp-block-gallery-is-layout-flex\">\n<figure class=\"wp-block-image size-large\"><img decoding=\"async\" data-id=\"46570\" src=\"https:\/\/luchonoticias.com\/wp-content\/uploads\/2023\/02\/WhatsApp-Image-2023-02-19-at-4.27.57-PM-1024x768.jpeg\" alt=\"\" class=\"wp-image-46570\"\/><\/figure>\n\n\n\n<figure class=\"wp-block-image size-large\"><img decoding=\"async\" data-id=\"46571\" src=\"https:\/\/luchonoticias.com\/wp-content\/uploads\/2023\/02\/WhatsApp-Image-2023-02-19-at-4.27.38-PM-1024x768.jpeg\" alt=\"\" class=\"wp-image-46571\"\/><\/figure>\n\n\n\n<figure class=\"wp-block-image size-large\"><img decoding=\"async\" data-id=\"46569\" src=\"https:\/\/luchonoticias.com\/wp-content\/uploads\/2023\/02\/WhatsApp-Image-2023-02-19-at-4.27.37-PM-1-1024x779.jpeg\" alt=\"\" class=\"wp-image-46569\"\/><\/figure>\n<\/figure>\n\n\n\n<p><strong>Otras capturas<\/strong><\/p>\n\n\n\n<p>Finalmente, la Teniente&nbsp; Coronel Jenny Paola Franco comandante encargada del departamento de Polic\u00eda Huila, indic\u00f3 que durante el fin de semana en el Departamento, fueron capturadas 14 personas en flagrancia y tres personas por orden judicial para un total de 17 capturados por diferentes delitos,<\/p>\n\n\n\n<p>\u201cAsimismo seis motocicletas fueron inmovilizadas y recuperadas y dos veh\u00edculos m\u00e1s quedaron a disposici\u00f3n de las autoridades judiciales junto a cinco armas de fuego que fueron sacadas de circulaci\u00f3n durante este fin de semana por la acci\u00f3n efectiva de la Polic\u00eda Nacional\u201d, concluy\u00f3 la Teniente&nbsp; Coronel.<\/p>\n","protected":false},"excerpt":{"rendered":"<p>Las autoridades huilenses, dieron a conocer que durante el fin de semana unidades de la Seccional de Tr\u00e1nsito y Transporte del departamento de Polic\u00eda Huila, lograron capturar en jurisdicci\u00f3n de Suaza, Huila, dos sujetos quienes al parecer transportaban una motocicleta desguazada en un cami\u00f3n. \u201cCapturaron en las \u00faltimas horas en jurisdicci\u00f3n del municipio de Suaza, [&hellip;]<\/p>\n","protected":false},"author":2,"featured_media":0,"comment_status":"open","ping_status":"open","sticky":false,"template":"","format":"standard","meta":{"footnotes":""},"categories":[36,29,3962],"tags":[],"class_list":["post-46567","post","type-post","status-publish","format-standard","hentry","category-destacado","category-judicial","category-videos"],"yoast_head":"<!-- This site is optimized with the Yoast SEO plugin v26.6 - https:\/\/yoast.com\/wordpress\/plugins\/seo\/ -->\n<title>Polic\u00eda recuper\u00f3 motocicleta desguazada en Suaza, que al parecer ser\u00eda vendida por partes en Caquet\u00e1 -<\/title>\n<meta name=\"robots\" content=\"index, follow, max-snippet:-1, max-image-preview:large, max-video-preview:-1\" \/>\n<link rel=\"canonical\" href=\"https:\/\/luchonoticias.com\/editor\/policia-recupero-motocicleta-desguazada-en-suaza-que-al-parecer-seria-vendida-por-partes-en-caqueta\/\" \/>\n<meta property=\"og:locale\" content=\"es_ES\" \/>\n<meta property=\"og:type\" content=\"article\" \/>\n<meta property=\"og:title\" content=\"Polic\u00eda recuper\u00f3 motocicleta desguazada en Suaza, que al parecer ser\u00eda vendida por partes en Caquet\u00e1 -\" \/>\n<meta property=\"og:url\" content=\"https:\/\/luchonoticias.com\/editor\/policia-recupero-motocicleta-desguazada-en-suaza-que-al-parecer-seria-vendida-por-partes-en-caqueta\/\" \/>\n<meta property=\"article:publisher\" content=\"https:\/\/www.facebook.com\/luchonoticiasneiva\" \/>\n<meta property=\"article:published_time\" content=\"2023-02-20T12:33:06+00:00\" \/>\n<meta property=\"article:modified_time\" content=\"2023-02-20T12:33:07+00:00\" \/>\n<meta property=\"og:image\" content=\"https:\/\/luchonoticias.com\/wp-content\/uploads\/2023\/02\/WhatsApp-Image-2023-02-19-at-4.27.57-PM-1024x768.jpeg\" \/>\n<meta name=\"author\" content=\"Editor General\" \/>\n<meta name=\"twitter:card\" content=\"summary_large_image\" \/>\n<meta name=\"twitter:label1\" content=\"Escrito por\" \/>\n\t<meta name=\"twitter:data1\" content=\"Editor General\" \/>\n\t<meta name=\"twitter:label2\" content=\"Tiempo de lectura\" \/>\n\t<meta name=\"twitter:data2\" content=\"1 minuto\" \/>\n<script type=\"application\/ld+json\" class=\"yoast-schema-graph\">{\"@context\":\"https:\/\/schema.org\",\"@graph\":[{\"@type\":\"Article\",\"@id\":\"https:\/\/luchonoticias.com\/editor\/policia-recupero-motocicleta-desguazada-en-suaza-que-al-parecer-seria-vendida-por-partes-en-caqueta\/#article\",\"isPartOf\":{\"@id\":\"https:\/\/luchonoticias.com\/editor\/policia-recupero-motocicleta-desguazada-en-suaza-que-al-parecer-seria-vendida-por-partes-en-caqueta\/\"},\"author\":{\"name\":\"Editor General\",\"@id\":\"https:\/\/luchonoticias.com\/editor\/#\/schema\/person\/29217990ddf6f14e35912b2866d591fb\"},\"headline\":\"Polic\u00eda recuper\u00f3 motocicleta desguazada en Suaza, que al parecer ser\u00eda vendida por partes en Caquet\u00e1\",\"datePublished\":\"2023-02-20T12:33:06+00:00\",\"dateModified\":\"2023-02-20T12:33:07+00:00\",\"mainEntityOfPage\":{\"@id\":\"https:\/\/luchonoticias.com\/editor\/policia-recupero-motocicleta-desguazada-en-suaza-que-al-parecer-seria-vendida-por-partes-en-caqueta\/\"},\"wordCount\":301,\"commentCount\":0,\"publisher\":{\"@id\":\"https:\/\/luchonoticias.com\/editor\/#\/schema\/person\/7a7fd911f58561fd056dbac7b55af9cd\"},\"image\":{\"@id\":\"https:\/\/luchonoticias.com\/editor\/policia-recupero-motocicleta-desguazada-en-suaza-que-al-parecer-seria-vendida-por-partes-en-caqueta\/#primaryimage\"},\"thumbnailUrl\":\"https:\/\/luchonoticias.com\/wp-content\/uploads\/2023\/02\/WhatsApp-Image-2023-02-19-at-4.27.57-PM-1024x768.jpeg\",\"articleSection\":[\"Destacado\",\"Judicial\",\"Videos\"],\"inLanguage\":\"es\",\"potentialAction\":[{\"@type\":\"CommentAction\",\"name\":\"Comment\",\"target\":[\"https:\/\/luchonoticias.com\/editor\/policia-recupero-motocicleta-desguazada-en-suaza-que-al-parecer-seria-vendida-por-partes-en-caqueta\/#respond\"]}]},{\"@type\":\"WebPage\",\"@id\":\"https:\/\/luchonoticias.com\/editor\/policia-recupero-motocicleta-desguazada-en-suaza-que-al-parecer-seria-vendida-por-partes-en-caqueta\/\",\"url\":\"https:\/\/luchonoticias.com\/editor\/policia-recupero-motocicleta-desguazada-en-suaza-que-al-parecer-seria-vendida-por-partes-en-caqueta\/\",\"name\":\"Polic\u00eda recuper\u00f3 motocicleta desguazada en Suaza, que al parecer ser\u00eda vendida por partes en Caquet\u00e1 -\",\"isPartOf\":{\"@id\":\"https:\/\/luchonoticias.com\/editor\/#website\"},\"primaryImageOfPage\":{\"@id\":\"https:\/\/luchonoticias.com\/editor\/policia-recupero-motocicleta-desguazada-en-suaza-que-al-parecer-seria-vendida-por-partes-en-caqueta\/#primaryimage\"},\"image\":{\"@id\":\"https:\/\/luchonoticias.com\/editor\/policia-recupero-motocicleta-desguazada-en-suaza-que-al-parecer-seria-vendida-por-partes-en-caqueta\/#primaryimage\"},\"thumbnailUrl\":\"https:\/\/luchonoticias.com\/wp-content\/uploads\/2023\/02\/WhatsApp-Image-2023-02-19-at-4.27.57-PM-1024x768.jpeg\",\"datePublished\":\"2023-02-20T12:33:06+00:00\",\"dateModified\":\"2023-02-20T12:33:07+00:00\",\"breadcrumb\":{\"@id\":\"https:\/\/luchonoticias.com\/editor\/policia-recupero-motocicleta-desguazada-en-suaza-que-al-parecer-seria-vendida-por-partes-en-caqueta\/#breadcrumb\"},\"inLanguage\":\"es\",\"potentialAction\":[{\"@type\":\"ReadAction\",\"target\":[\"https:\/\/luchonoticias.com\/editor\/policia-recupero-motocicleta-desguazada-en-suaza-que-al-parecer-seria-vendida-por-partes-en-caqueta\/\"]}]},{\"@type\":\"ImageObject\",\"inLanguage\":\"es\",\"@id\":\"https:\/\/luchonoticias.com\/editor\/policia-recupero-motocicleta-desguazada-en-suaza-que-al-parecer-seria-vendida-por-partes-en-caqueta\/#primaryimage\",\"url\":\"https:\/\/luchonoticias.com\/wp-content\/uploads\/2023\/02\/WhatsApp-Image-2023-02-19-at-4.27.57-PM-1024x768.jpeg\",\"contentUrl\":\"https:\/\/luchonoticias.com\/wp-content\/uploads\/2023\/02\/WhatsApp-Image-2023-02-19-at-4.27.57-PM-1024x768.jpeg\"},{\"@type\":\"BreadcrumbList\",\"@id\":\"https:\/\/luchonoticias.com\/editor\/policia-recupero-motocicleta-desguazada-en-suaza-que-al-parecer-seria-vendida-por-partes-en-caqueta\/#breadcrumb\",\"itemListElement\":[{\"@type\":\"ListItem\",\"position\":1,\"name\":\"Portada\",\"item\":\"https:\/\/luchonoticias.com\/editor\/\"},{\"@type\":\"ListItem\",\"position\":2,\"name\":\"Polic\u00eda recuper\u00f3 motocicleta desguazada en Suaza, que al parecer ser\u00eda vendida por partes en Caquet\u00e1\"}]},{\"@type\":\"WebSite\",\"@id\":\"https:\/\/luchonoticias.com\/editor\/#website\",\"url\":\"https:\/\/luchonoticias.com\/editor\/\",\"name\":\"\",\"description\":\"\",\"publisher\":{\"@id\":\"https:\/\/luchonoticias.com\/editor\/#\/schema\/person\/7a7fd911f58561fd056dbac7b55af9cd\"},\"potentialAction\":[{\"@type\":\"SearchAction\",\"target\":{\"@type\":\"EntryPoint\",\"urlTemplate\":\"https:\/\/luchonoticias.com\/editor\/?s={search_term_string}\"},\"query-input\":{\"@type\":\"PropertyValueSpecification\",\"valueRequired\":true,\"valueName\":\"search_term_string\"}}],\"inLanguage\":\"es\"},{\"@type\":[\"Person\",\"Organization\"],\"@id\":\"https:\/\/luchonoticias.com\/editor\/#\/schema\/person\/7a7fd911f58561fd056dbac7b55af9cd\",\"name\":\"admin\",\"image\":{\"@type\":\"ImageObject\",\"inLanguage\":\"es\",\"@id\":\"https:\/\/luchonoticias.com\/editor\/#\/schema\/person\/image\/\",\"url\":\"https:\/\/luchonoticias.com\/editor\/wp-content\/uploads\/2024\/02\/cropped-cropped-logolu.webp\",\"contentUrl\":\"https:\/\/luchonoticias.com\/editor\/wp-content\/uploads\/2024\/02\/cropped-cropped-logolu.webp\",\"width\":382,\"height\":170,\"caption\":\"admin\"},\"logo\":{\"@id\":\"https:\/\/luchonoticias.com\/editor\/#\/schema\/person\/image\/\"},\"sameAs\":[\"https:\/\/www.facebook.com\/luchonoticiasneiva\"]},{\"@type\":\"Person\",\"@id\":\"https:\/\/luchonoticias.com\/editor\/#\/schema\/person\/29217990ddf6f14e35912b2866d591fb\",\"name\":\"Editor General\",\"image\":{\"@type\":\"ImageObject\",\"inLanguage\":\"es\",\"@id\":\"https:\/\/luchonoticias.com\/editor\/#\/schema\/person\/image\/\",\"url\":\"https:\/\/luchonoticias.com\/editor\/wp-content\/uploads\/2024\/02\/cropped-cropped-logolu-150x150.webp\",\"contentUrl\":\"https:\/\/luchonoticias.com\/editor\/wp-content\/uploads\/2024\/02\/cropped-cropped-logolu-150x150.webp\",\"caption\":\"Editor General\"},\"sameAs\":[\"https:\/\/luchonoticias.com\/\"],\"url\":\"https:\/\/luchonoticias.com\/editor\/author\/editor-general\/\"}]}<\/script>\n<!-- \/ Yoast SEO plugin. -->","yoast_head_json":{"title":"Polic\u00eda recuper\u00f3 motocicleta desguazada en Suaza, que al parecer ser\u00eda vendida por partes en Caquet\u00e1 -","robots":{"index":"index","follow":"follow","max-snippet":"max-snippet:-1","max-image-preview":"max-image-preview:large","max-video-preview":"max-video-preview:-1"},"canonical":"https:\/\/luchonoticias.com\/editor\/policia-recupero-motocicleta-desguazada-en-suaza-que-al-parecer-seria-vendida-por-partes-en-caqueta\/","og_locale":"es_ES","og_type":"article","og_title":"Polic\u00eda recuper\u00f3 motocicleta desguazada en Suaza, que al parecer ser\u00eda vendida por partes en Caquet\u00e1 -","og_url":"https:\/\/luchonoticias.com\/editor\/policia-recupero-motocicleta-desguazada-en-suaza-que-al-parecer-seria-vendida-por-partes-en-caqueta\/","article_publisher":"https:\/\/www.facebook.com\/luchonoticiasneiva","article_published_time":"2023-02-20T12:33:06+00:00","article_modified_time":"2023-02-20T12:33:07+00:00","og_image":[{"url":"https:\/\/luchonoticias.com\/wp-content\/uploads\/2023\/02\/WhatsApp-Image-2023-02-19-at-4.27.57-PM-1024x768.jpeg","type":"","width":"","height":""}],"author":"Editor General","twitter_card":"summary_large_image","twitter_misc":{"Escrito por":"Editor General","Tiempo de lectura":"1 minuto"},"schema":{"@context":"https:\/\/schema.org","@graph":[{"@type":"Article","@id":"https:\/\/luchonoticias.com\/editor\/policia-recupero-motocicleta-desguazada-en-suaza-que-al-parecer-seria-vendida-por-partes-en-caqueta\/#article","isPartOf":{"@id":"https:\/\/luchonoticias.com\/editor\/policia-recupero-motocicleta-desguazada-en-suaza-que-al-parecer-seria-vendida-por-partes-en-caqueta\/"},"author":{"name":"Editor General","@id":"https:\/\/luchonoticias.com\/editor\/#\/schema\/person\/29217990ddf6f14e35912b2866d591fb"},"headline":"Polic\u00eda recuper\u00f3 motocicleta desguazada en Suaza, que al parecer ser\u00eda vendida por partes en Caquet\u00e1","datePublished":"2023-02-20T12:33:06+00:00","dateModified":"2023-02-20T12:33:07+00:00","mainEntityOfPage":{"@id":"https:\/\/luchonoticias.com\/editor\/policia-recupero-motocicleta-desguazada-en-suaza-que-al-parecer-seria-vendida-por-partes-en-caqueta\/"},"wordCount":301,"commentCount":0,"publisher":{"@id":"https:\/\/luchonoticias.com\/editor\/#\/schema\/person\/7a7fd911f58561fd056dbac7b55af9cd"},"image":{"@id":"https:\/\/luchonoticias.com\/editor\/policia-recupero-motocicleta-desguazada-en-suaza-que-al-parecer-seria-vendida-por-partes-en-caqueta\/#primaryimage"},"thumbnailUrl":"https:\/\/luchonoticias.com\/wp-content\/uploads\/2023\/02\/WhatsApp-Image-2023-02-19-at-4.27.57-PM-1024x768.jpeg","articleSection":["Destacado","Judicial","Videos"],"inLanguage":"es","potentialAction":[{"@type":"CommentAction","name":"Comment","target":["https:\/\/luchonoticias.com\/editor\/policia-recupero-motocicleta-desguazada-en-suaza-que-al-parecer-seria-vendida-por-partes-en-caqueta\/#respond"]}]},{"@type":"WebPage","@id":"https:\/\/luchonoticias.com\/editor\/policia-recupero-motocicleta-desguazada-en-suaza-que-al-parecer-seria-vendida-por-partes-en-caqueta\/","url":"https:\/\/luchonoticias.com\/editor\/policia-recupero-motocicleta-desguazada-en-suaza-que-al-parecer-seria-vendida-por-partes-en-caqueta\/","name":"Polic\u00eda recuper\u00f3 motocicleta desguazada en Suaza, que al parecer ser\u00eda vendida por partes en Caquet\u00e1 -","isPartOf":{"@id":"https:\/\/luchonoticias.com\/editor\/#website"},"primaryImageOfPage":{"@id":"https:\/\/luchonoticias.com\/editor\/policia-recupero-motocicleta-desguazada-en-suaza-que-al-parecer-seria-vendida-por-partes-en-caqueta\/#primaryimage"},"image":{"@id":"https:\/\/luchonoticias.com\/editor\/policia-recupero-motocicleta-desguazada-en-suaza-que-al-parecer-seria-vendida-por-partes-en-caqueta\/#primaryimage"},"thumbnailUrl":"https:\/\/luchonoticias.com\/wp-content\/uploads\/2023\/02\/WhatsApp-Image-2023-02-19-at-4.27.57-PM-1024x768.jpeg","datePublished":"2023-02-20T12:33:06+00:00","dateModified":"2023-02-20T12:33:07+00:00","breadcrumb":{"@id":"https:\/\/luchonoticias.com\/editor\/policia-recupero-motocicleta-desguazada-en-suaza-que-al-parecer-seria-vendida-por-partes-en-caqueta\/#breadcrumb"},"inLanguage":"es","potentialAction":[{"@type":"ReadAction","target":["https:\/\/luchonoticias.com\/editor\/policia-recupero-motocicleta-desguazada-en-suaza-que-al-parecer-seria-vendida-por-partes-en-caqueta\/"]}]},{"@type":"ImageObject","inLanguage":"es","@id":"https:\/\/luchonoticias.com\/editor\/policia-recupero-motocicleta-desguazada-en-suaza-que-al-parecer-seria-vendida-por-partes-en-caqueta\/#primaryimage","url":"https:\/\/luchonoticias.com\/wp-content\/uploads\/2023\/02\/WhatsApp-Image-2023-02-19-at-4.27.57-PM-1024x768.jpeg","contentUrl":"https:\/\/luchonoticias.com\/wp-content\/uploads\/2023\/02\/WhatsApp-Image-2023-02-19-at-4.27.57-PM-1024x768.jpeg"},{"@type":"BreadcrumbList","@id":"https:\/\/luchonoticias.com\/editor\/policia-recupero-motocicleta-desguazada-en-suaza-que-al-parecer-seria-vendida-por-partes-en-caqueta\/#breadcrumb","itemListElement":[{"@type":"ListItem","position":1,"name":"Portada","item":"https:\/\/luchonoticias.com\/editor\/"},{"@type":"ListItem","position":2,"name":"Polic\u00eda recuper\u00f3 motocicleta desguazada en Suaza, que al parecer ser\u00eda vendida por partes en Caquet\u00e1"}]},{"@type":"WebSite","@id":"https:\/\/luchonoticias.com\/editor\/#website","url":"https:\/\/luchonoticias.com\/editor\/","name":"","description":"","publisher":{"@id":"https:\/\/luchonoticias.com\/editor\/#\/schema\/person\/7a7fd911f58561fd056dbac7b55af9cd"},"potentialAction":[{"@type":"SearchAction","target":{"@type":"EntryPoint","urlTemplate":"https:\/\/luchonoticias.com\/editor\/?s={search_term_string}"},"query-input":{"@type":"PropertyValueSpecification","valueRequired":true,"valueName":"search_term_string"}}],"inLanguage":"es"},{"@type":["Person","Organization"],"@id":"https:\/\/luchonoticias.com\/editor\/#\/schema\/person\/7a7fd911f58561fd056dbac7b55af9cd","name":"admin","image":{"@type":"ImageObject","inLanguage":"es","@id":"https:\/\/luchonoticias.com\/editor\/#\/schema\/person\/image\/","url":"https:\/\/luchonoticias.com\/editor\/wp-content\/uploads\/2024\/02\/cropped-cropped-logolu.webp","contentUrl":"https:\/\/luchonoticias.com\/editor\/wp-content\/uploads\/2024\/02\/cropped-cropped-logolu.webp","width":382,"height":170,"caption":"admin"},"logo":{"@id":"https:\/\/luchonoticias.com\/editor\/#\/schema\/person\/image\/"},"sameAs":["https:\/\/www.facebook.com\/luchonoticiasneiva"]},{"@type":"Person","@id":"https:\/\/luchonoticias.com\/editor\/#\/schema\/person\/29217990ddf6f14e35912b2866d591fb","name":"Editor General","image":{"@type":"ImageObject","inLanguage":"es","@id":"https:\/\/luchonoticias.com\/editor\/#\/schema\/person\/image\/","url":"https:\/\/luchonoticias.com\/editor\/wp-content\/uploads\/2024\/02\/cropped-cropped-logolu-150x150.webp","contentUrl":"https:\/\/luchonoticias.com\/editor\/wp-content\/uploads\/2024\/02\/cropped-cropped-logolu-150x150.webp","caption":"Editor General"},"sameAs":["https:\/\/luchonoticias.com\/"],"url":"https:\/\/luchonoticias.com\/editor\/author\/editor-general\/"}]}},"_links":{"self":[{"href":"https:\/\/luchonoticias.com\/editor\/wp-json\/wp\/v2\/posts\/46567","targetHints":{"allow":["GET"]}}],"collection":[{"href":"https:\/\/luchonoticias.com\/editor\/wp-json\/wp\/v2\/posts"}],"about":[{"href":"https:\/\/luchonoticias.com\/editor\/wp-json\/wp\/v2\/types\/post"}],"author":[{"embeddable":true,"href":"https:\/\/luchonoticias.com\/editor\/wp-json\/wp\/v2\/users\/2"}],"replies":[{"embeddable":true,"href":"https:\/\/luchonoticias.com\/editor\/wp-json\/wp\/v2\/comments?post=46567"}],"version-history":[{"count":0,"href":"https:\/\/luchonoticias.com\/editor\/wp-json\/wp\/v2\/posts\/46567\/revisions"}],"wp:attachment":[{"href":"https:\/\/luchonoticias.com\/editor\/wp-json\/wp\/v2\/media?parent=46567"}],"wp:term":[{"taxonomy":"category","embeddable":true,"href":"https:\/\/luchonoticias.com\/editor\/wp-json\/wp\/v2\/categories?post=46567"},{"taxonomy":"post_tag","embeddable":true,"href":"https:\/\/luchonoticias.com\/editor\/wp-json\/wp\/v2\/tags?post=46567"}],"curies":[{"name":"wp","href":"https:\/\/api.w.org\/{rel}","templated":true}]}}