{"id":46574,"date":"2023-02-20T07:44:24","date_gmt":"2023-02-20T12:44:24","guid":{"rendered":"https:\/\/luchonoticias.com\/?p=46574"},"modified":"2023-02-20T07:44:25","modified_gmt":"2023-02-20T12:44:25","slug":"carcel-a-ex-policia-que-presuntamente-habria-identificado-y-entregado-victimas-de-secuestro-a-cabecillas-del-eln","status":"publish","type":"post","link":"https:\/\/luchonoticias.com\/editor\/carcel-a-ex-policia-que-presuntamente-habria-identificado-y-entregado-victimas-de-secuestro-a-cabecillas-del-eln\/","title":{"rendered":"C\u00e1rcel a ex polic\u00eda que presuntamente habr\u00eda identificado y entregado v\u00edctimas de secuestro a cabecillas del ELN"},"content":{"rendered":"\n<p>Por petici\u00f3n de un fiscal de la Direcci\u00f3n Especializada contra las Organizaciones Criminales, un juez de control de garant\u00edas impuso medida de aseguramiento en centro carcelario a Abelardo Romero Hern\u00e1ndez, un intendente en retiro de la Polic\u00eda Nacional se\u00f1alado de identificar y llevarle v\u00edctimas de secuestro extorsivo a cabecillas del ELN.<\/p>\n\n\n\n<p>\u201cEl hoy procesado quien no acept\u00f3 los cargos, habr\u00eda contactado a un finquero en Copacabana (Antioquia) y, con el supuesto de que le ofrecer\u00eda un bien para arrendar un fin de semana, lo hizo salir a la puerta de su lugar de residencia. En ese momento, portando el uniforme oficial, presuntamente, le mostr\u00f3 una orden de captura falsa y se lo llev\u00f3 en un carro en contra de su voluntad para entreg\u00e1rselo a \u00c9dgar Humberto Restrepo Benjumea, alias Mono Clinton, entonces integrante del Estado Mayor y coordinador del Frente de Guerra Urbano Nacional del ELN\u201d, indic\u00f3 el ente acusador en un comunicado.<\/p>\n\n\n\n<figure class=\"wp-block-video\"><video autoplay controls src=\"https:\/\/luchonoticias.com\/wp-content\/uploads\/2023\/02\/MEDIOS-DIRECTOR-ESPECIALIZADO-CONTRA-LAS-ORGANIZACIONES-CRIMINALES.-1.mp4\"><\/video><\/figure>\n\n\n\n<p>Seg\u00fan lo revelado por la Fiscal\u00eda, al parecer la v\u00edctima permaneci\u00f3 17 meses encerrada en un pozo s\u00e9ptico, en zona rural de Caldas (Antioquia).<\/p>\n\n\n\n<p>\u201cPor su liberaci\u00f3n la organizaci\u00f3n armada ilegal exigi\u00f3 en su momento 2.800 millones de pesos. Este evento ocurri\u00f3 en 2015, cuando el entonces intendente estaba adscrito a la polic\u00eda de vigilancia y cumpl\u00eda funciones de recuperaci\u00f3n del espacio p\u00fablico en Medell\u00edn\u201d, agreg\u00f3 la fuente oficial.<\/p>\n\n\n\n<figure class=\"wp-block-video\"><video controls src=\"https:\/\/luchonoticias.com\/wp-content\/uploads\/2023\/02\/WhatsApp-Video-2023-02-20-at-7.07.45-AM.mp4\"><\/video><\/figure>\n\n\n\n<p>En ese sentido, la Fiscal\u00eda le imput\u00f3 a Romero Hern\u00e1ndez el delito de secuestro extorsivo agravado. Por este tipo de retenciones il\u00edcitas del ELN, ocurridas en Antioquia y Bogot\u00e1 con la posible complicidad de la fuerza p\u00fablica, alias Mono Clinton fue condenado recientemente a 40 a\u00f1os de prisi\u00f3n.<\/p>\n","protected":false},"excerpt":{"rendered":"<p>Por petici\u00f3n de un fiscal de la Direcci\u00f3n Especializada contra las Organizaciones Criminales, un juez de control de garant\u00edas impuso medida de aseguramiento en centro carcelario a Abelardo Romero Hern\u00e1ndez, un intendente en retiro de la Polic\u00eda Nacional se\u00f1alado de identificar y llevarle v\u00edctimas de secuestro extorsivo a cabecillas del ELN. \u201cEl hoy procesado quien [&hellip;]<\/p>\n","protected":false},"author":2,"featured_media":0,"comment_status":"open","ping_status":"open","sticky":false,"template":"","format":"standard","meta":{"footnotes":""},"categories":[36,29,3962],"tags":[],"class_list":["post-46574","post","type-post","status-publish","format-standard","hentry","category-destacado","category-judicial","category-videos"],"yoast_head":"<!-- This site is optimized with the Yoast SEO plugin v26.6 - https:\/\/yoast.com\/wordpress\/plugins\/seo\/ -->\n<title>C\u00e1rcel a ex polic\u00eda que presuntamente habr\u00eda identificado y entregado v\u00edctimas de secuestro a cabecillas del ELN -<\/title>\n<meta name=\"robots\" content=\"index, follow, max-snippet:-1, max-image-preview:large, max-video-preview:-1\" \/>\n<link rel=\"canonical\" href=\"https:\/\/luchonoticias.com\/editor\/carcel-a-ex-policia-que-presuntamente-habria-identificado-y-entregado-victimas-de-secuestro-a-cabecillas-del-eln\/\" \/>\n<meta property=\"og:locale\" content=\"es_ES\" \/>\n<meta property=\"og:type\" content=\"article\" \/>\n<meta property=\"og:title\" content=\"C\u00e1rcel a ex polic\u00eda que presuntamente habr\u00eda identificado y entregado v\u00edctimas de secuestro a cabecillas del ELN -\" \/>\n<meta property=\"og:url\" content=\"https:\/\/luchonoticias.com\/editor\/carcel-a-ex-policia-que-presuntamente-habria-identificado-y-entregado-victimas-de-secuestro-a-cabecillas-del-eln\/\" \/>\n<meta property=\"article:publisher\" content=\"https:\/\/www.facebook.com\/luchonoticiasneiva\" \/>\n<meta property=\"article:published_time\" content=\"2023-02-20T12:44:24+00:00\" \/>\n<meta property=\"article:modified_time\" content=\"2023-02-20T12:44:25+00:00\" \/>\n<meta name=\"author\" content=\"Editor General\" \/>\n<meta name=\"twitter:card\" content=\"summary_large_image\" \/>\n<meta name=\"twitter:label1\" content=\"Escrito por\" \/>\n\t<meta name=\"twitter:data1\" content=\"Editor General\" \/>\n\t<meta name=\"twitter:label2\" content=\"Tiempo de lectura\" \/>\n\t<meta name=\"twitter:data2\" content=\"1 minuto\" \/>\n<script type=\"application\/ld+json\" class=\"yoast-schema-graph\">{\"@context\":\"https:\/\/schema.org\",\"@graph\":[{\"@type\":\"Article\",\"@id\":\"https:\/\/luchonoticias.com\/editor\/carcel-a-ex-policia-que-presuntamente-habria-identificado-y-entregado-victimas-de-secuestro-a-cabecillas-del-eln\/#article\",\"isPartOf\":{\"@id\":\"https:\/\/luchonoticias.com\/editor\/carcel-a-ex-policia-que-presuntamente-habria-identificado-y-entregado-victimas-de-secuestro-a-cabecillas-del-eln\/\"},\"author\":{\"name\":\"Editor General\",\"@id\":\"https:\/\/luchonoticias.com\/editor\/#\/schema\/person\/29217990ddf6f14e35912b2866d591fb\"},\"headline\":\"C\u00e1rcel a ex polic\u00eda que presuntamente habr\u00eda identificado y entregado v\u00edctimas de secuestro a cabecillas del ELN\",\"datePublished\":\"2023-02-20T12:44:24+00:00\",\"dateModified\":\"2023-02-20T12:44:25+00:00\",\"mainEntityOfPage\":{\"@id\":\"https:\/\/luchonoticias.com\/editor\/carcel-a-ex-policia-que-presuntamente-habria-identificado-y-entregado-victimas-de-secuestro-a-cabecillas-del-eln\/\"},\"wordCount\":314,\"commentCount\":0,\"publisher\":{\"@id\":\"https:\/\/luchonoticias.com\/editor\/#\/schema\/person\/7a7fd911f58561fd056dbac7b55af9cd\"},\"articleSection\":[\"Destacado\",\"Judicial\",\"Videos\"],\"inLanguage\":\"es\",\"potentialAction\":[{\"@type\":\"CommentAction\",\"name\":\"Comment\",\"target\":[\"https:\/\/luchonoticias.com\/editor\/carcel-a-ex-policia-que-presuntamente-habria-identificado-y-entregado-victimas-de-secuestro-a-cabecillas-del-eln\/#respond\"]}]},{\"@type\":\"WebPage\",\"@id\":\"https:\/\/luchonoticias.com\/editor\/carcel-a-ex-policia-que-presuntamente-habria-identificado-y-entregado-victimas-de-secuestro-a-cabecillas-del-eln\/\",\"url\":\"https:\/\/luchonoticias.com\/editor\/carcel-a-ex-policia-que-presuntamente-habria-identificado-y-entregado-victimas-de-secuestro-a-cabecillas-del-eln\/\",\"name\":\"C\u00e1rcel a ex polic\u00eda que presuntamente habr\u00eda identificado y entregado v\u00edctimas de secuestro a cabecillas del ELN -\",\"isPartOf\":{\"@id\":\"https:\/\/luchonoticias.com\/editor\/#website\"},\"datePublished\":\"2023-02-20T12:44:24+00:00\",\"dateModified\":\"2023-02-20T12:44:25+00:00\",\"breadcrumb\":{\"@id\":\"https:\/\/luchonoticias.com\/editor\/carcel-a-ex-policia-que-presuntamente-habria-identificado-y-entregado-victimas-de-secuestro-a-cabecillas-del-eln\/#breadcrumb\"},\"inLanguage\":\"es\",\"potentialAction\":[{\"@type\":\"ReadAction\",\"target\":[\"https:\/\/luchonoticias.com\/editor\/carcel-a-ex-policia-que-presuntamente-habria-identificado-y-entregado-victimas-de-secuestro-a-cabecillas-del-eln\/\"]}]},{\"@type\":\"BreadcrumbList\",\"@id\":\"https:\/\/luchonoticias.com\/editor\/carcel-a-ex-policia-que-presuntamente-habria-identificado-y-entregado-victimas-de-secuestro-a-cabecillas-del-eln\/#breadcrumb\",\"itemListElement\":[{\"@type\":\"ListItem\",\"position\":1,\"name\":\"Portada\",\"item\":\"https:\/\/luchonoticias.com\/editor\/\"},{\"@type\":\"ListItem\",\"position\":2,\"name\":\"C\u00e1rcel a ex polic\u00eda que presuntamente habr\u00eda identificado y entregado v\u00edctimas de secuestro a cabecillas del ELN\"}]},{\"@type\":\"WebSite\",\"@id\":\"https:\/\/luchonoticias.com\/editor\/#website\",\"url\":\"https:\/\/luchonoticias.com\/editor\/\",\"name\":\"\",\"description\":\"\",\"publisher\":{\"@id\":\"https:\/\/luchonoticias.com\/editor\/#\/schema\/person\/7a7fd911f58561fd056dbac7b55af9cd\"},\"potentialAction\":[{\"@type\":\"SearchAction\",\"target\":{\"@type\":\"EntryPoint\",\"urlTemplate\":\"https:\/\/luchonoticias.com\/editor\/?s={search_term_string}\"},\"query-input\":{\"@type\":\"PropertyValueSpecification\",\"valueRequired\":true,\"valueName\":\"search_term_string\"}}],\"inLanguage\":\"es\"},{\"@type\":[\"Person\",\"Organization\"],\"@id\":\"https:\/\/luchonoticias.com\/editor\/#\/schema\/person\/7a7fd911f58561fd056dbac7b55af9cd\",\"name\":\"admin\",\"image\":{\"@type\":\"ImageObject\",\"inLanguage\":\"es\",\"@id\":\"https:\/\/luchonoticias.com\/editor\/#\/schema\/person\/image\/\",\"url\":\"https:\/\/luchonoticias.com\/editor\/wp-content\/uploads\/2024\/02\/cropped-cropped-logolu.webp\",\"contentUrl\":\"https:\/\/luchonoticias.com\/editor\/wp-content\/uploads\/2024\/02\/cropped-cropped-logolu.webp\",\"width\":382,\"height\":170,\"caption\":\"admin\"},\"logo\":{\"@id\":\"https:\/\/luchonoticias.com\/editor\/#\/schema\/person\/image\/\"},\"sameAs\":[\"https:\/\/www.facebook.com\/luchonoticiasneiva\"]},{\"@type\":\"Person\",\"@id\":\"https:\/\/luchonoticias.com\/editor\/#\/schema\/person\/29217990ddf6f14e35912b2866d591fb\",\"name\":\"Editor General\",\"image\":{\"@type\":\"ImageObject\",\"inLanguage\":\"es\",\"@id\":\"https:\/\/luchonoticias.com\/editor\/#\/schema\/person\/image\/\",\"url\":\"https:\/\/luchonoticias.com\/editor\/wp-content\/uploads\/2024\/02\/cropped-cropped-logolu-150x150.webp\",\"contentUrl\":\"https:\/\/luchonoticias.com\/editor\/wp-content\/uploads\/2024\/02\/cropped-cropped-logolu-150x150.webp\",\"caption\":\"Editor General\"},\"sameAs\":[\"https:\/\/luchonoticias.com\/\"],\"url\":\"https:\/\/luchonoticias.com\/editor\/author\/editor-general\/\"}]}<\/script>\n<!-- \/ Yoast SEO plugin. -->","yoast_head_json":{"title":"C\u00e1rcel a ex polic\u00eda que presuntamente habr\u00eda identificado y entregado v\u00edctimas de secuestro a cabecillas del ELN -","robots":{"index":"index","follow":"follow","max-snippet":"max-snippet:-1","max-image-preview":"max-image-preview:large","max-video-preview":"max-video-preview:-1"},"canonical":"https:\/\/luchonoticias.com\/editor\/carcel-a-ex-policia-que-presuntamente-habria-identificado-y-entregado-victimas-de-secuestro-a-cabecillas-del-eln\/","og_locale":"es_ES","og_type":"article","og_title":"C\u00e1rcel a ex polic\u00eda que presuntamente habr\u00eda identificado y entregado v\u00edctimas de secuestro a cabecillas del ELN -","og_url":"https:\/\/luchonoticias.com\/editor\/carcel-a-ex-policia-que-presuntamente-habria-identificado-y-entregado-victimas-de-secuestro-a-cabecillas-del-eln\/","article_publisher":"https:\/\/www.facebook.com\/luchonoticiasneiva","article_published_time":"2023-02-20T12:44:24+00:00","article_modified_time":"2023-02-20T12:44:25+00:00","author":"Editor General","twitter_card":"summary_large_image","twitter_misc":{"Escrito por":"Editor General","Tiempo de lectura":"1 minuto"},"schema":{"@context":"https:\/\/schema.org","@graph":[{"@type":"Article","@id":"https:\/\/luchonoticias.com\/editor\/carcel-a-ex-policia-que-presuntamente-habria-identificado-y-entregado-victimas-de-secuestro-a-cabecillas-del-eln\/#article","isPartOf":{"@id":"https:\/\/luchonoticias.com\/editor\/carcel-a-ex-policia-que-presuntamente-habria-identificado-y-entregado-victimas-de-secuestro-a-cabecillas-del-eln\/"},"author":{"name":"Editor General","@id":"https:\/\/luchonoticias.com\/editor\/#\/schema\/person\/29217990ddf6f14e35912b2866d591fb"},"headline":"C\u00e1rcel a ex polic\u00eda que presuntamente habr\u00eda identificado y entregado v\u00edctimas de secuestro a cabecillas del ELN","datePublished":"2023-02-20T12:44:24+00:00","dateModified":"2023-02-20T12:44:25+00:00","mainEntityOfPage":{"@id":"https:\/\/luchonoticias.com\/editor\/carcel-a-ex-policia-que-presuntamente-habria-identificado-y-entregado-victimas-de-secuestro-a-cabecillas-del-eln\/"},"wordCount":314,"commentCount":0,"publisher":{"@id":"https:\/\/luchonoticias.com\/editor\/#\/schema\/person\/7a7fd911f58561fd056dbac7b55af9cd"},"articleSection":["Destacado","Judicial","Videos"],"inLanguage":"es","potentialAction":[{"@type":"CommentAction","name":"Comment","target":["https:\/\/luchonoticias.com\/editor\/carcel-a-ex-policia-que-presuntamente-habria-identificado-y-entregado-victimas-de-secuestro-a-cabecillas-del-eln\/#respond"]}]},{"@type":"WebPage","@id":"https:\/\/luchonoticias.com\/editor\/carcel-a-ex-policia-que-presuntamente-habria-identificado-y-entregado-victimas-de-secuestro-a-cabecillas-del-eln\/","url":"https:\/\/luchonoticias.com\/editor\/carcel-a-ex-policia-que-presuntamente-habria-identificado-y-entregado-victimas-de-secuestro-a-cabecillas-del-eln\/","name":"C\u00e1rcel a ex polic\u00eda que presuntamente habr\u00eda identificado y entregado v\u00edctimas de secuestro a cabecillas del ELN -","isPartOf":{"@id":"https:\/\/luchonoticias.com\/editor\/#website"},"datePublished":"2023-02-20T12:44:24+00:00","dateModified":"2023-02-20T12:44:25+00:00","breadcrumb":{"@id":"https:\/\/luchonoticias.com\/editor\/carcel-a-ex-policia-que-presuntamente-habria-identificado-y-entregado-victimas-de-secuestro-a-cabecillas-del-eln\/#breadcrumb"},"inLanguage":"es","potentialAction":[{"@type":"ReadAction","target":["https:\/\/luchonoticias.com\/editor\/carcel-a-ex-policia-que-presuntamente-habria-identificado-y-entregado-victimas-de-secuestro-a-cabecillas-del-eln\/"]}]},{"@type":"BreadcrumbList","@id":"https:\/\/luchonoticias.com\/editor\/carcel-a-ex-policia-que-presuntamente-habria-identificado-y-entregado-victimas-de-secuestro-a-cabecillas-del-eln\/#breadcrumb","itemListElement":[{"@type":"ListItem","position":1,"name":"Portada","item":"https:\/\/luchonoticias.com\/editor\/"},{"@type":"ListItem","position":2,"name":"C\u00e1rcel a ex polic\u00eda que presuntamente habr\u00eda identificado y entregado v\u00edctimas de secuestro a cabecillas del ELN"}]},{"@type":"WebSite","@id":"https:\/\/luchonoticias.com\/editor\/#website","url":"https:\/\/luchonoticias.com\/editor\/","name":"","description":"","publisher":{"@id":"https:\/\/luchonoticias.com\/editor\/#\/schema\/person\/7a7fd911f58561fd056dbac7b55af9cd"},"potentialAction":[{"@type":"SearchAction","target":{"@type":"EntryPoint","urlTemplate":"https:\/\/luchonoticias.com\/editor\/?s={search_term_string}"},"query-input":{"@type":"PropertyValueSpecification","valueRequired":true,"valueName":"search_term_string"}}],"inLanguage":"es"},{"@type":["Person","Organization"],"@id":"https:\/\/luchonoticias.com\/editor\/#\/schema\/person\/7a7fd911f58561fd056dbac7b55af9cd","name":"admin","image":{"@type":"ImageObject","inLanguage":"es","@id":"https:\/\/luchonoticias.com\/editor\/#\/schema\/person\/image\/","url":"https:\/\/luchonoticias.com\/editor\/wp-content\/uploads\/2024\/02\/cropped-cropped-logolu.webp","contentUrl":"https:\/\/luchonoticias.com\/editor\/wp-content\/uploads\/2024\/02\/cropped-cropped-logolu.webp","width":382,"height":170,"caption":"admin"},"logo":{"@id":"https:\/\/luchonoticias.com\/editor\/#\/schema\/person\/image\/"},"sameAs":["https:\/\/www.facebook.com\/luchonoticiasneiva"]},{"@type":"Person","@id":"https:\/\/luchonoticias.com\/editor\/#\/schema\/person\/29217990ddf6f14e35912b2866d591fb","name":"Editor General","image":{"@type":"ImageObject","inLanguage":"es","@id":"https:\/\/luchonoticias.com\/editor\/#\/schema\/person\/image\/","url":"https:\/\/luchonoticias.com\/editor\/wp-content\/uploads\/2024\/02\/cropped-cropped-logolu-150x150.webp","contentUrl":"https:\/\/luchonoticias.com\/editor\/wp-content\/uploads\/2024\/02\/cropped-cropped-logolu-150x150.webp","caption":"Editor General"},"sameAs":["https:\/\/luchonoticias.com\/"],"url":"https:\/\/luchonoticias.com\/editor\/author\/editor-general\/"}]}},"_links":{"self":[{"href":"https:\/\/luchonoticias.com\/editor\/wp-json\/wp\/v2\/posts\/46574","targetHints":{"allow":["GET"]}}],"collection":[{"href":"https:\/\/luchonoticias.com\/editor\/wp-json\/wp\/v2\/posts"}],"about":[{"href":"https:\/\/luchonoticias.com\/editor\/wp-json\/wp\/v2\/types\/post"}],"author":[{"embeddable":true,"href":"https:\/\/luchonoticias.com\/editor\/wp-json\/wp\/v2\/users\/2"}],"replies":[{"embeddable":true,"href":"https:\/\/luchonoticias.com\/editor\/wp-json\/wp\/v2\/comments?post=46574"}],"version-history":[{"count":0,"href":"https:\/\/luchonoticias.com\/editor\/wp-json\/wp\/v2\/posts\/46574\/revisions"}],"wp:attachment":[{"href":"https:\/\/luchonoticias.com\/editor\/wp-json\/wp\/v2\/media?parent=46574"}],"wp:term":[{"taxonomy":"category","embeddable":true,"href":"https:\/\/luchonoticias.com\/editor\/wp-json\/wp\/v2\/categories?post=46574"},{"taxonomy":"post_tag","embeddable":true,"href":"https:\/\/luchonoticias.com\/editor\/wp-json\/wp\/v2\/tags?post=46574"}],"curies":[{"name":"wp","href":"https:\/\/api.w.org\/{rel}","templated":true}]}}