{"id":46595,"date":"2023-02-20T10:53:28","date_gmt":"2023-02-20T15:53:28","guid":{"rendered":"https:\/\/luchonoticias.com\/?p=46595"},"modified":"2023-02-20T10:53:29","modified_gmt":"2023-02-20T15:53:29","slug":"10-colombianos-mueren-en-accidente-de-transito-en-mexico","status":"publish","type":"post","link":"https:\/\/luchonoticias.com\/editor\/10-colombianos-mueren-en-accidente-de-transito-en-mexico\/","title":{"rendered":"10 colombianos mueren en accidente de tr\u00e1nsito en M\u00e9xico"},"content":{"rendered":"\n<p>De acuerdo con las primeras informaciones, al menos 15 personas murieron, en su mayor\u00eda migrantes de varios pa\u00edses, entre ellos Colombia, y unas 35 personas m\u00e1s resultaron heridas.<\/p>\n\n\n\n<p>El siniestro vial habr\u00eda ocurrido hacia las 2:00 de la tarde de ayer domingo en el kil\u00f3metro 88 de la v\u00eda federal, as\u00ed lo confirmaron las autoridades mexicanas que atendieron el accidente que se registr\u00f3 exactamente en la carretera Oaxaca-Cuacopalan en ruta a Puebla, en el sur del pa\u00eds.<\/p>\n\n\n\n<p>Seg\u00fan lo informado un autob\u00fas que transportaba al menos 60 migrantes se volc\u00f3 luego de chocar con un cami\u00f3n. A la llegada de las autoridades m\u00e9dicas de Miahuatl\u00e1n se determin\u00f3 que entre los 15 fallecidos al menos 10 ser\u00edan colombianos, aunque se desconocen sus identidades.<\/p>\n\n\n\n<p>Por ahora las autoridades se concentran en determinar la nacionalidad de las v\u00edctimas y aclarar la raz\u00f3n del accidente.<\/p>\n","protected":false},"excerpt":{"rendered":"<p>De acuerdo con las primeras informaciones, al menos 15 personas murieron, en su mayor\u00eda migrantes de varios pa\u00edses, entre ellos Colombia, y unas 35 personas m\u00e1s resultaron heridas. El siniestro vial habr\u00eda ocurrido hacia las 2:00 de la tarde de ayer domingo en el kil\u00f3metro 88 de la v\u00eda federal, as\u00ed lo confirmaron las autoridades [&hellip;]<\/p>\n","protected":false},"author":2,"featured_media":0,"comment_status":"open","ping_status":"open","sticky":false,"template":"","format":"standard","meta":{"footnotes":""},"categories":[28,36],"tags":[],"class_list":["post-46595","post","type-post","status-publish","format-standard","hentry","category-actualidad","category-destacado"],"yoast_head":"<!-- This site is optimized with the Yoast SEO plugin v26.6 - https:\/\/yoast.com\/wordpress\/plugins\/seo\/ -->\n<title>10 colombianos mueren en accidente de tr\u00e1nsito en M\u00e9xico -<\/title>\n<meta name=\"robots\" content=\"index, follow, max-snippet:-1, max-image-preview:large, max-video-preview:-1\" \/>\n<link rel=\"canonical\" href=\"https:\/\/luchonoticias.com\/editor\/10-colombianos-mueren-en-accidente-de-transito-en-mexico\/\" \/>\n<meta property=\"og:locale\" content=\"es_ES\" \/>\n<meta property=\"og:type\" content=\"article\" \/>\n<meta property=\"og:title\" content=\"10 colombianos mueren en accidente de tr\u00e1nsito en M\u00e9xico -\" \/>\n<meta property=\"og:url\" content=\"https:\/\/luchonoticias.com\/editor\/10-colombianos-mueren-en-accidente-de-transito-en-mexico\/\" \/>\n<meta property=\"article:publisher\" content=\"https:\/\/www.facebook.com\/luchonoticiasneiva\" \/>\n<meta property=\"article:published_time\" content=\"2023-02-20T15:53:28+00:00\" \/>\n<meta property=\"article:modified_time\" content=\"2023-02-20T15:53:29+00:00\" \/>\n<meta name=\"author\" content=\"Editor General\" \/>\n<meta name=\"twitter:card\" content=\"summary_large_image\" \/>\n<meta name=\"twitter:label1\" content=\"Escrito por\" \/>\n\t<meta name=\"twitter:data1\" content=\"Editor General\" \/>\n\t<meta name=\"twitter:label2\" content=\"Tiempo de lectura\" \/>\n\t<meta name=\"twitter:data2\" content=\"1 minuto\" \/>\n<script type=\"application\/ld+json\" class=\"yoast-schema-graph\">{\"@context\":\"https:\/\/schema.org\",\"@graph\":[{\"@type\":\"Article\",\"@id\":\"https:\/\/luchonoticias.com\/editor\/10-colombianos-mueren-en-accidente-de-transito-en-mexico\/#article\",\"isPartOf\":{\"@id\":\"https:\/\/luchonoticias.com\/editor\/10-colombianos-mueren-en-accidente-de-transito-en-mexico\/\"},\"author\":{\"name\":\"Editor General\",\"@id\":\"https:\/\/luchonoticias.com\/editor\/#\/schema\/person\/29217990ddf6f14e35912b2866d591fb\"},\"headline\":\"10 colombianos mueren en accidente de tr\u00e1nsito en M\u00e9xico\",\"datePublished\":\"2023-02-20T15:53:28+00:00\",\"dateModified\":\"2023-02-20T15:53:29+00:00\",\"mainEntityOfPage\":{\"@id\":\"https:\/\/luchonoticias.com\/editor\/10-colombianos-mueren-en-accidente-de-transito-en-mexico\/\"},\"wordCount\":159,\"commentCount\":0,\"publisher\":{\"@id\":\"https:\/\/luchonoticias.com\/editor\/#\/schema\/person\/7a7fd911f58561fd056dbac7b55af9cd\"},\"articleSection\":[\"Actualidad\",\"Destacado\"],\"inLanguage\":\"es\",\"potentialAction\":[{\"@type\":\"CommentAction\",\"name\":\"Comment\",\"target\":[\"https:\/\/luchonoticias.com\/editor\/10-colombianos-mueren-en-accidente-de-transito-en-mexico\/#respond\"]}]},{\"@type\":\"WebPage\",\"@id\":\"https:\/\/luchonoticias.com\/editor\/10-colombianos-mueren-en-accidente-de-transito-en-mexico\/\",\"url\":\"https:\/\/luchonoticias.com\/editor\/10-colombianos-mueren-en-accidente-de-transito-en-mexico\/\",\"name\":\"10 colombianos mueren en accidente de tr\u00e1nsito en M\u00e9xico -\",\"isPartOf\":{\"@id\":\"https:\/\/luchonoticias.com\/editor\/#website\"},\"datePublished\":\"2023-02-20T15:53:28+00:00\",\"dateModified\":\"2023-02-20T15:53:29+00:00\",\"breadcrumb\":{\"@id\":\"https:\/\/luchonoticias.com\/editor\/10-colombianos-mueren-en-accidente-de-transito-en-mexico\/#breadcrumb\"},\"inLanguage\":\"es\",\"potentialAction\":[{\"@type\":\"ReadAction\",\"target\":[\"https:\/\/luchonoticias.com\/editor\/10-colombianos-mueren-en-accidente-de-transito-en-mexico\/\"]}]},{\"@type\":\"BreadcrumbList\",\"@id\":\"https:\/\/luchonoticias.com\/editor\/10-colombianos-mueren-en-accidente-de-transito-en-mexico\/#breadcrumb\",\"itemListElement\":[{\"@type\":\"ListItem\",\"position\":1,\"name\":\"Portada\",\"item\":\"https:\/\/luchonoticias.com\/editor\/\"},{\"@type\":\"ListItem\",\"position\":2,\"name\":\"10 colombianos mueren en accidente de tr\u00e1nsito en M\u00e9xico\"}]},{\"@type\":\"WebSite\",\"@id\":\"https:\/\/luchonoticias.com\/editor\/#website\",\"url\":\"https:\/\/luchonoticias.com\/editor\/\",\"name\":\"\",\"description\":\"\",\"publisher\":{\"@id\":\"https:\/\/luchonoticias.com\/editor\/#\/schema\/person\/7a7fd911f58561fd056dbac7b55af9cd\"},\"potentialAction\":[{\"@type\":\"SearchAction\",\"target\":{\"@type\":\"EntryPoint\",\"urlTemplate\":\"https:\/\/luchonoticias.com\/editor\/?s={search_term_string}\"},\"query-input\":{\"@type\":\"PropertyValueSpecification\",\"valueRequired\":true,\"valueName\":\"search_term_string\"}}],\"inLanguage\":\"es\"},{\"@type\":[\"Person\",\"Organization\"],\"@id\":\"https:\/\/luchonoticias.com\/editor\/#\/schema\/person\/7a7fd911f58561fd056dbac7b55af9cd\",\"name\":\"admin\",\"image\":{\"@type\":\"ImageObject\",\"inLanguage\":\"es\",\"@id\":\"https:\/\/luchonoticias.com\/editor\/#\/schema\/person\/image\/\",\"url\":\"https:\/\/luchonoticias.com\/editor\/wp-content\/uploads\/2024\/02\/cropped-cropped-logolu.webp\",\"contentUrl\":\"https:\/\/luchonoticias.com\/editor\/wp-content\/uploads\/2024\/02\/cropped-cropped-logolu.webp\",\"width\":382,\"height\":170,\"caption\":\"admin\"},\"logo\":{\"@id\":\"https:\/\/luchonoticias.com\/editor\/#\/schema\/person\/image\/\"},\"sameAs\":[\"https:\/\/www.facebook.com\/luchonoticiasneiva\"]},{\"@type\":\"Person\",\"@id\":\"https:\/\/luchonoticias.com\/editor\/#\/schema\/person\/29217990ddf6f14e35912b2866d591fb\",\"name\":\"Editor General\",\"image\":{\"@type\":\"ImageObject\",\"inLanguage\":\"es\",\"@id\":\"https:\/\/luchonoticias.com\/editor\/#\/schema\/person\/image\/\",\"url\":\"https:\/\/luchonoticias.com\/editor\/wp-content\/uploads\/2024\/02\/cropped-cropped-logolu-150x150.webp\",\"contentUrl\":\"https:\/\/luchonoticias.com\/editor\/wp-content\/uploads\/2024\/02\/cropped-cropped-logolu-150x150.webp\",\"caption\":\"Editor General\"},\"sameAs\":[\"https:\/\/luchonoticias.com\/\"],\"url\":\"https:\/\/luchonoticias.com\/editor\/author\/editor-general\/\"}]}<\/script>\n<!-- \/ Yoast SEO plugin. -->","yoast_head_json":{"title":"10 colombianos mueren en accidente de tr\u00e1nsito en M\u00e9xico -","robots":{"index":"index","follow":"follow","max-snippet":"max-snippet:-1","max-image-preview":"max-image-preview:large","max-video-preview":"max-video-preview:-1"},"canonical":"https:\/\/luchonoticias.com\/editor\/10-colombianos-mueren-en-accidente-de-transito-en-mexico\/","og_locale":"es_ES","og_type":"article","og_title":"10 colombianos mueren en accidente de tr\u00e1nsito en M\u00e9xico -","og_url":"https:\/\/luchonoticias.com\/editor\/10-colombianos-mueren-en-accidente-de-transito-en-mexico\/","article_publisher":"https:\/\/www.facebook.com\/luchonoticiasneiva","article_published_time":"2023-02-20T15:53:28+00:00","article_modified_time":"2023-02-20T15:53:29+00:00","author":"Editor General","twitter_card":"summary_large_image","twitter_misc":{"Escrito por":"Editor General","Tiempo de lectura":"1 minuto"},"schema":{"@context":"https:\/\/schema.org","@graph":[{"@type":"Article","@id":"https:\/\/luchonoticias.com\/editor\/10-colombianos-mueren-en-accidente-de-transito-en-mexico\/#article","isPartOf":{"@id":"https:\/\/luchonoticias.com\/editor\/10-colombianos-mueren-en-accidente-de-transito-en-mexico\/"},"author":{"name":"Editor General","@id":"https:\/\/luchonoticias.com\/editor\/#\/schema\/person\/29217990ddf6f14e35912b2866d591fb"},"headline":"10 colombianos mueren en accidente de tr\u00e1nsito en M\u00e9xico","datePublished":"2023-02-20T15:53:28+00:00","dateModified":"2023-02-20T15:53:29+00:00","mainEntityOfPage":{"@id":"https:\/\/luchonoticias.com\/editor\/10-colombianos-mueren-en-accidente-de-transito-en-mexico\/"},"wordCount":159,"commentCount":0,"publisher":{"@id":"https:\/\/luchonoticias.com\/editor\/#\/schema\/person\/7a7fd911f58561fd056dbac7b55af9cd"},"articleSection":["Actualidad","Destacado"],"inLanguage":"es","potentialAction":[{"@type":"CommentAction","name":"Comment","target":["https:\/\/luchonoticias.com\/editor\/10-colombianos-mueren-en-accidente-de-transito-en-mexico\/#respond"]}]},{"@type":"WebPage","@id":"https:\/\/luchonoticias.com\/editor\/10-colombianos-mueren-en-accidente-de-transito-en-mexico\/","url":"https:\/\/luchonoticias.com\/editor\/10-colombianos-mueren-en-accidente-de-transito-en-mexico\/","name":"10 colombianos mueren en accidente de tr\u00e1nsito en M\u00e9xico -","isPartOf":{"@id":"https:\/\/luchonoticias.com\/editor\/#website"},"datePublished":"2023-02-20T15:53:28+00:00","dateModified":"2023-02-20T15:53:29+00:00","breadcrumb":{"@id":"https:\/\/luchonoticias.com\/editor\/10-colombianos-mueren-en-accidente-de-transito-en-mexico\/#breadcrumb"},"inLanguage":"es","potentialAction":[{"@type":"ReadAction","target":["https:\/\/luchonoticias.com\/editor\/10-colombianos-mueren-en-accidente-de-transito-en-mexico\/"]}]},{"@type":"BreadcrumbList","@id":"https:\/\/luchonoticias.com\/editor\/10-colombianos-mueren-en-accidente-de-transito-en-mexico\/#breadcrumb","itemListElement":[{"@type":"ListItem","position":1,"name":"Portada","item":"https:\/\/luchonoticias.com\/editor\/"},{"@type":"ListItem","position":2,"name":"10 colombianos mueren en accidente de tr\u00e1nsito en M\u00e9xico"}]},{"@type":"WebSite","@id":"https:\/\/luchonoticias.com\/editor\/#website","url":"https:\/\/luchonoticias.com\/editor\/","name":"","description":"","publisher":{"@id":"https:\/\/luchonoticias.com\/editor\/#\/schema\/person\/7a7fd911f58561fd056dbac7b55af9cd"},"potentialAction":[{"@type":"SearchAction","target":{"@type":"EntryPoint","urlTemplate":"https:\/\/luchonoticias.com\/editor\/?s={search_term_string}"},"query-input":{"@type":"PropertyValueSpecification","valueRequired":true,"valueName":"search_term_string"}}],"inLanguage":"es"},{"@type":["Person","Organization"],"@id":"https:\/\/luchonoticias.com\/editor\/#\/schema\/person\/7a7fd911f58561fd056dbac7b55af9cd","name":"admin","image":{"@type":"ImageObject","inLanguage":"es","@id":"https:\/\/luchonoticias.com\/editor\/#\/schema\/person\/image\/","url":"https:\/\/luchonoticias.com\/editor\/wp-content\/uploads\/2024\/02\/cropped-cropped-logolu.webp","contentUrl":"https:\/\/luchonoticias.com\/editor\/wp-content\/uploads\/2024\/02\/cropped-cropped-logolu.webp","width":382,"height":170,"caption":"admin"},"logo":{"@id":"https:\/\/luchonoticias.com\/editor\/#\/schema\/person\/image\/"},"sameAs":["https:\/\/www.facebook.com\/luchonoticiasneiva"]},{"@type":"Person","@id":"https:\/\/luchonoticias.com\/editor\/#\/schema\/person\/29217990ddf6f14e35912b2866d591fb","name":"Editor General","image":{"@type":"ImageObject","inLanguage":"es","@id":"https:\/\/luchonoticias.com\/editor\/#\/schema\/person\/image\/","url":"https:\/\/luchonoticias.com\/editor\/wp-content\/uploads\/2024\/02\/cropped-cropped-logolu-150x150.webp","contentUrl":"https:\/\/luchonoticias.com\/editor\/wp-content\/uploads\/2024\/02\/cropped-cropped-logolu-150x150.webp","caption":"Editor General"},"sameAs":["https:\/\/luchonoticias.com\/"],"url":"https:\/\/luchonoticias.com\/editor\/author\/editor-general\/"}]}},"_links":{"self":[{"href":"https:\/\/luchonoticias.com\/editor\/wp-json\/wp\/v2\/posts\/46595","targetHints":{"allow":["GET"]}}],"collection":[{"href":"https:\/\/luchonoticias.com\/editor\/wp-json\/wp\/v2\/posts"}],"about":[{"href":"https:\/\/luchonoticias.com\/editor\/wp-json\/wp\/v2\/types\/post"}],"author":[{"embeddable":true,"href":"https:\/\/luchonoticias.com\/editor\/wp-json\/wp\/v2\/users\/2"}],"replies":[{"embeddable":true,"href":"https:\/\/luchonoticias.com\/editor\/wp-json\/wp\/v2\/comments?post=46595"}],"version-history":[{"count":0,"href":"https:\/\/luchonoticias.com\/editor\/wp-json\/wp\/v2\/posts\/46595\/revisions"}],"wp:attachment":[{"href":"https:\/\/luchonoticias.com\/editor\/wp-json\/wp\/v2\/media?parent=46595"}],"wp:term":[{"taxonomy":"category","embeddable":true,"href":"https:\/\/luchonoticias.com\/editor\/wp-json\/wp\/v2\/categories?post=46595"},{"taxonomy":"post_tag","embeddable":true,"href":"https:\/\/luchonoticias.com\/editor\/wp-json\/wp\/v2\/tags?post=46595"}],"curies":[{"name":"wp","href":"https:\/\/api.w.org\/{rel}","templated":true}]}}