{"id":46598,"date":"2023-02-20T11:15:38","date_gmt":"2023-02-20T16:15:38","guid":{"rendered":"https:\/\/luchonoticias.com\/?p=46598"},"modified":"2023-02-20T11:15:39","modified_gmt":"2023-02-20T16:15:39","slug":"capacitados-tenderos-de-las-comunas-2-y-9-de-neiva","status":"publish","type":"post","link":"https:\/\/luchonoticias.com\/editor\/capacitados-tenderos-de-las-comunas-2-y-9-de-neiva\/","title":{"rendered":"Capacitados tenderos de las comunas 2 y 9 de Neiva"},"content":{"rendered":"\n<p>Un total de&nbsp;<strong>650 tenderos de la comuna 2 y 9 de Neiva<\/strong>&nbsp;fueron beneficiados gracias a la Gobernaci\u00f3n del Huila con&nbsp;<strong>formaci\u00f3n en contabilidad para sus negocios, estrategias de fortalecimiento empresarial y digital<\/strong>&nbsp;para la implementaci\u00f3n de herramientas para vender a trav\u00e9s de plataformas digitales.<\/p>\n\n\n\n<p>\u201cTerminamos con \u00e9xito el&nbsp;<strong>programa de fortalecimiento a la cooperativa de tenderos de Neiva Coomultiendas<\/strong>&nbsp;donde hemos impactado a 650 tenderos de las comunas 9 y 2, all\u00ed en alianza y en articulaci\u00f3n con Fenalco llegamos directamente con un programa a la medida de acompa\u00f1amiento a la cooperativa Coomultiendas, a trav\u00e9s de este programa lo que hemos querido es fortalecer las capacidades empresariales donde hemos dado unas capacitaciones y un acompa\u00f1amiento a las necesidades que tienen los tenderos hoy en d\u00eda\u201d, explic\u00f3 Oscar Eduardo Trujillo, jefe de la Oficina de Productividad y Competitividad del Huila.<\/p>\n\n\n\n<p>De igual manera, la Oficina de Productividad y Competitividad&nbsp;<strong>llega a estos tenderos con capital semilla&nbsp;<\/strong>donde se fortalecer\u00e1 a la cooperativa con un centro de distribuci\u00f3n con la que se crear\u00e1 una red de proveedur\u00eda.<\/p>\n\n\n\n<p>\u201cPrimero que ellos conocieran bien su negocio y que supieran hacer bien las cuentas, si estaban ganando o perdiendo, segundo todo el proceso estrat\u00e9gico de su negocio, como lo pueden impulsar con las exhibiciones las ventas y las estrategias internas en cada negocio y tercero la parte digital, como pueden ellos llegar a otro nivel en sus negocios\u201d, resalt\u00f3 Silvia Cristina Cuellar, directora Ejecutiva de Fenalco Huila.<\/p>\n\n\n\n<p>El impacto al gremio de los tenderos&nbsp;<strong>es importante teniendo en cuenta que en Neiva existen cerca de 3.500 tenderos<\/strong>&nbsp;seg\u00fan cifras de Fenalco y por cada tienda en promedio se benefician cuatro personas que componen la familia de tenderos en el departamento, por esto la importancia y el inter\u00e9s de impulsar esta econom\u00eda popular.<\/p>\n\n\n\n<p>Los tenderos que cumplieron con el m\u00ednimo de horas especificadas recibieron su certificaci\u00f3n del programa de formaci\u00f3n en contabilidad, competitividad y apropiaci\u00f3n digital.<\/p>\n","protected":false},"excerpt":{"rendered":"<p>Un total de&nbsp;650 tenderos de la comuna 2 y 9 de Neiva&nbsp;fueron beneficiados gracias a la Gobernaci\u00f3n del Huila con&nbsp;formaci\u00f3n en contabilidad para sus negocios, estrategias de fortalecimiento empresarial y digital&nbsp;para la implementaci\u00f3n de herramientas para vender a trav\u00e9s de plataformas digitales. \u201cTerminamos con \u00e9xito el&nbsp;programa de fortalecimiento a la cooperativa de tenderos de Neiva [&hellip;]<\/p>\n","protected":false},"author":2,"featured_media":0,"comment_status":"open","ping_status":"open","sticky":false,"template":"","format":"standard","meta":{"footnotes":""},"categories":[33],"tags":[],"class_list":["post-46598","post","type-post","status-publish","format-standard","hentry","category-huila"],"yoast_head":"<!-- This site is optimized with the Yoast SEO plugin v26.6 - https:\/\/yoast.com\/wordpress\/plugins\/seo\/ -->\n<title>Capacitados tenderos de las comunas 2 y 9 de Neiva -<\/title>\n<meta name=\"robots\" content=\"index, follow, max-snippet:-1, max-image-preview:large, max-video-preview:-1\" \/>\n<link rel=\"canonical\" href=\"https:\/\/luchonoticias.com\/editor\/capacitados-tenderos-de-las-comunas-2-y-9-de-neiva\/\" \/>\n<meta property=\"og:locale\" content=\"es_ES\" \/>\n<meta property=\"og:type\" content=\"article\" \/>\n<meta property=\"og:title\" content=\"Capacitados tenderos de las comunas 2 y 9 de Neiva -\" \/>\n<meta property=\"og:url\" content=\"https:\/\/luchonoticias.com\/editor\/capacitados-tenderos-de-las-comunas-2-y-9-de-neiva\/\" \/>\n<meta property=\"article:publisher\" content=\"https:\/\/www.facebook.com\/luchonoticiasneiva\" \/>\n<meta property=\"article:published_time\" content=\"2023-02-20T16:15:38+00:00\" \/>\n<meta property=\"article:modified_time\" content=\"2023-02-20T16:15:39+00:00\" \/>\n<meta name=\"author\" content=\"Editor General\" \/>\n<meta name=\"twitter:card\" content=\"summary_large_image\" \/>\n<meta name=\"twitter:label1\" content=\"Escrito por\" \/>\n\t<meta name=\"twitter:data1\" content=\"Editor General\" \/>\n\t<meta name=\"twitter:label2\" content=\"Tiempo de lectura\" \/>\n\t<meta name=\"twitter:data2\" content=\"2 minutos\" \/>\n<script type=\"application\/ld+json\" class=\"yoast-schema-graph\">{\"@context\":\"https:\/\/schema.org\",\"@graph\":[{\"@type\":\"Article\",\"@id\":\"https:\/\/luchonoticias.com\/editor\/capacitados-tenderos-de-las-comunas-2-y-9-de-neiva\/#article\",\"isPartOf\":{\"@id\":\"https:\/\/luchonoticias.com\/editor\/capacitados-tenderos-de-las-comunas-2-y-9-de-neiva\/\"},\"author\":{\"name\":\"Editor General\",\"@id\":\"https:\/\/luchonoticias.com\/editor\/#\/schema\/person\/29217990ddf6f14e35912b2866d591fb\"},\"headline\":\"Capacitados tenderos de las comunas 2 y 9 de Neiva\",\"datePublished\":\"2023-02-20T16:15:38+00:00\",\"dateModified\":\"2023-02-20T16:15:39+00:00\",\"mainEntityOfPage\":{\"@id\":\"https:\/\/luchonoticias.com\/editor\/capacitados-tenderos-de-las-comunas-2-y-9-de-neiva\/\"},\"wordCount\":352,\"commentCount\":0,\"publisher\":{\"@id\":\"https:\/\/luchonoticias.com\/editor\/#\/schema\/person\/7a7fd911f58561fd056dbac7b55af9cd\"},\"articleSection\":[\"Huila\"],\"inLanguage\":\"es\",\"potentialAction\":[{\"@type\":\"CommentAction\",\"name\":\"Comment\",\"target\":[\"https:\/\/luchonoticias.com\/editor\/capacitados-tenderos-de-las-comunas-2-y-9-de-neiva\/#respond\"]}]},{\"@type\":\"WebPage\",\"@id\":\"https:\/\/luchonoticias.com\/editor\/capacitados-tenderos-de-las-comunas-2-y-9-de-neiva\/\",\"url\":\"https:\/\/luchonoticias.com\/editor\/capacitados-tenderos-de-las-comunas-2-y-9-de-neiva\/\",\"name\":\"Capacitados tenderos de las comunas 2 y 9 de Neiva -\",\"isPartOf\":{\"@id\":\"https:\/\/luchonoticias.com\/editor\/#website\"},\"datePublished\":\"2023-02-20T16:15:38+00:00\",\"dateModified\":\"2023-02-20T16:15:39+00:00\",\"breadcrumb\":{\"@id\":\"https:\/\/luchonoticias.com\/editor\/capacitados-tenderos-de-las-comunas-2-y-9-de-neiva\/#breadcrumb\"},\"inLanguage\":\"es\",\"potentialAction\":[{\"@type\":\"ReadAction\",\"target\":[\"https:\/\/luchonoticias.com\/editor\/capacitados-tenderos-de-las-comunas-2-y-9-de-neiva\/\"]}]},{\"@type\":\"BreadcrumbList\",\"@id\":\"https:\/\/luchonoticias.com\/editor\/capacitados-tenderos-de-las-comunas-2-y-9-de-neiva\/#breadcrumb\",\"itemListElement\":[{\"@type\":\"ListItem\",\"position\":1,\"name\":\"Portada\",\"item\":\"https:\/\/luchonoticias.com\/editor\/\"},{\"@type\":\"ListItem\",\"position\":2,\"name\":\"Capacitados tenderos de las comunas 2 y 9 de Neiva\"}]},{\"@type\":\"WebSite\",\"@id\":\"https:\/\/luchonoticias.com\/editor\/#website\",\"url\":\"https:\/\/luchonoticias.com\/editor\/\",\"name\":\"\",\"description\":\"\",\"publisher\":{\"@id\":\"https:\/\/luchonoticias.com\/editor\/#\/schema\/person\/7a7fd911f58561fd056dbac7b55af9cd\"},\"potentialAction\":[{\"@type\":\"SearchAction\",\"target\":{\"@type\":\"EntryPoint\",\"urlTemplate\":\"https:\/\/luchonoticias.com\/editor\/?s={search_term_string}\"},\"query-input\":{\"@type\":\"PropertyValueSpecification\",\"valueRequired\":true,\"valueName\":\"search_term_string\"}}],\"inLanguage\":\"es\"},{\"@type\":[\"Person\",\"Organization\"],\"@id\":\"https:\/\/luchonoticias.com\/editor\/#\/schema\/person\/7a7fd911f58561fd056dbac7b55af9cd\",\"name\":\"admin\",\"image\":{\"@type\":\"ImageObject\",\"inLanguage\":\"es\",\"@id\":\"https:\/\/luchonoticias.com\/editor\/#\/schema\/person\/image\/\",\"url\":\"https:\/\/luchonoticias.com\/editor\/wp-content\/uploads\/2024\/02\/cropped-cropped-logolu.webp\",\"contentUrl\":\"https:\/\/luchonoticias.com\/editor\/wp-content\/uploads\/2024\/02\/cropped-cropped-logolu.webp\",\"width\":382,\"height\":170,\"caption\":\"admin\"},\"logo\":{\"@id\":\"https:\/\/luchonoticias.com\/editor\/#\/schema\/person\/image\/\"},\"sameAs\":[\"https:\/\/www.facebook.com\/luchonoticiasneiva\"]},{\"@type\":\"Person\",\"@id\":\"https:\/\/luchonoticias.com\/editor\/#\/schema\/person\/29217990ddf6f14e35912b2866d591fb\",\"name\":\"Editor General\",\"image\":{\"@type\":\"ImageObject\",\"inLanguage\":\"es\",\"@id\":\"https:\/\/luchonoticias.com\/editor\/#\/schema\/person\/image\/\",\"url\":\"https:\/\/luchonoticias.com\/editor\/wp-content\/uploads\/2024\/02\/cropped-cropped-logolu-150x150.webp\",\"contentUrl\":\"https:\/\/luchonoticias.com\/editor\/wp-content\/uploads\/2024\/02\/cropped-cropped-logolu-150x150.webp\",\"caption\":\"Editor General\"},\"sameAs\":[\"https:\/\/luchonoticias.com\/\"],\"url\":\"https:\/\/luchonoticias.com\/editor\/author\/editor-general\/\"}]}<\/script>\n<!-- \/ Yoast SEO plugin. -->","yoast_head_json":{"title":"Capacitados tenderos de las comunas 2 y 9 de Neiva -","robots":{"index":"index","follow":"follow","max-snippet":"max-snippet:-1","max-image-preview":"max-image-preview:large","max-video-preview":"max-video-preview:-1"},"canonical":"https:\/\/luchonoticias.com\/editor\/capacitados-tenderos-de-las-comunas-2-y-9-de-neiva\/","og_locale":"es_ES","og_type":"article","og_title":"Capacitados tenderos de las comunas 2 y 9 de Neiva -","og_url":"https:\/\/luchonoticias.com\/editor\/capacitados-tenderos-de-las-comunas-2-y-9-de-neiva\/","article_publisher":"https:\/\/www.facebook.com\/luchonoticiasneiva","article_published_time":"2023-02-20T16:15:38+00:00","article_modified_time":"2023-02-20T16:15:39+00:00","author":"Editor General","twitter_card":"summary_large_image","twitter_misc":{"Escrito por":"Editor General","Tiempo de lectura":"2 minutos"},"schema":{"@context":"https:\/\/schema.org","@graph":[{"@type":"Article","@id":"https:\/\/luchonoticias.com\/editor\/capacitados-tenderos-de-las-comunas-2-y-9-de-neiva\/#article","isPartOf":{"@id":"https:\/\/luchonoticias.com\/editor\/capacitados-tenderos-de-las-comunas-2-y-9-de-neiva\/"},"author":{"name":"Editor General","@id":"https:\/\/luchonoticias.com\/editor\/#\/schema\/person\/29217990ddf6f14e35912b2866d591fb"},"headline":"Capacitados tenderos de las comunas 2 y 9 de Neiva","datePublished":"2023-02-20T16:15:38+00:00","dateModified":"2023-02-20T16:15:39+00:00","mainEntityOfPage":{"@id":"https:\/\/luchonoticias.com\/editor\/capacitados-tenderos-de-las-comunas-2-y-9-de-neiva\/"},"wordCount":352,"commentCount":0,"publisher":{"@id":"https:\/\/luchonoticias.com\/editor\/#\/schema\/person\/7a7fd911f58561fd056dbac7b55af9cd"},"articleSection":["Huila"],"inLanguage":"es","potentialAction":[{"@type":"CommentAction","name":"Comment","target":["https:\/\/luchonoticias.com\/editor\/capacitados-tenderos-de-las-comunas-2-y-9-de-neiva\/#respond"]}]},{"@type":"WebPage","@id":"https:\/\/luchonoticias.com\/editor\/capacitados-tenderos-de-las-comunas-2-y-9-de-neiva\/","url":"https:\/\/luchonoticias.com\/editor\/capacitados-tenderos-de-las-comunas-2-y-9-de-neiva\/","name":"Capacitados tenderos de las comunas 2 y 9 de Neiva -","isPartOf":{"@id":"https:\/\/luchonoticias.com\/editor\/#website"},"datePublished":"2023-02-20T16:15:38+00:00","dateModified":"2023-02-20T16:15:39+00:00","breadcrumb":{"@id":"https:\/\/luchonoticias.com\/editor\/capacitados-tenderos-de-las-comunas-2-y-9-de-neiva\/#breadcrumb"},"inLanguage":"es","potentialAction":[{"@type":"ReadAction","target":["https:\/\/luchonoticias.com\/editor\/capacitados-tenderos-de-las-comunas-2-y-9-de-neiva\/"]}]},{"@type":"BreadcrumbList","@id":"https:\/\/luchonoticias.com\/editor\/capacitados-tenderos-de-las-comunas-2-y-9-de-neiva\/#breadcrumb","itemListElement":[{"@type":"ListItem","position":1,"name":"Portada","item":"https:\/\/luchonoticias.com\/editor\/"},{"@type":"ListItem","position":2,"name":"Capacitados tenderos de las comunas 2 y 9 de Neiva"}]},{"@type":"WebSite","@id":"https:\/\/luchonoticias.com\/editor\/#website","url":"https:\/\/luchonoticias.com\/editor\/","name":"","description":"","publisher":{"@id":"https:\/\/luchonoticias.com\/editor\/#\/schema\/person\/7a7fd911f58561fd056dbac7b55af9cd"},"potentialAction":[{"@type":"SearchAction","target":{"@type":"EntryPoint","urlTemplate":"https:\/\/luchonoticias.com\/editor\/?s={search_term_string}"},"query-input":{"@type":"PropertyValueSpecification","valueRequired":true,"valueName":"search_term_string"}}],"inLanguage":"es"},{"@type":["Person","Organization"],"@id":"https:\/\/luchonoticias.com\/editor\/#\/schema\/person\/7a7fd911f58561fd056dbac7b55af9cd","name":"admin","image":{"@type":"ImageObject","inLanguage":"es","@id":"https:\/\/luchonoticias.com\/editor\/#\/schema\/person\/image\/","url":"https:\/\/luchonoticias.com\/editor\/wp-content\/uploads\/2024\/02\/cropped-cropped-logolu.webp","contentUrl":"https:\/\/luchonoticias.com\/editor\/wp-content\/uploads\/2024\/02\/cropped-cropped-logolu.webp","width":382,"height":170,"caption":"admin"},"logo":{"@id":"https:\/\/luchonoticias.com\/editor\/#\/schema\/person\/image\/"},"sameAs":["https:\/\/www.facebook.com\/luchonoticiasneiva"]},{"@type":"Person","@id":"https:\/\/luchonoticias.com\/editor\/#\/schema\/person\/29217990ddf6f14e35912b2866d591fb","name":"Editor General","image":{"@type":"ImageObject","inLanguage":"es","@id":"https:\/\/luchonoticias.com\/editor\/#\/schema\/person\/image\/","url":"https:\/\/luchonoticias.com\/editor\/wp-content\/uploads\/2024\/02\/cropped-cropped-logolu-150x150.webp","contentUrl":"https:\/\/luchonoticias.com\/editor\/wp-content\/uploads\/2024\/02\/cropped-cropped-logolu-150x150.webp","caption":"Editor General"},"sameAs":["https:\/\/luchonoticias.com\/"],"url":"https:\/\/luchonoticias.com\/editor\/author\/editor-general\/"}]}},"_links":{"self":[{"href":"https:\/\/luchonoticias.com\/editor\/wp-json\/wp\/v2\/posts\/46598","targetHints":{"allow":["GET"]}}],"collection":[{"href":"https:\/\/luchonoticias.com\/editor\/wp-json\/wp\/v2\/posts"}],"about":[{"href":"https:\/\/luchonoticias.com\/editor\/wp-json\/wp\/v2\/types\/post"}],"author":[{"embeddable":true,"href":"https:\/\/luchonoticias.com\/editor\/wp-json\/wp\/v2\/users\/2"}],"replies":[{"embeddable":true,"href":"https:\/\/luchonoticias.com\/editor\/wp-json\/wp\/v2\/comments?post=46598"}],"version-history":[{"count":0,"href":"https:\/\/luchonoticias.com\/editor\/wp-json\/wp\/v2\/posts\/46598\/revisions"}],"wp:attachment":[{"href":"https:\/\/luchonoticias.com\/editor\/wp-json\/wp\/v2\/media?parent=46598"}],"wp:term":[{"taxonomy":"category","embeddable":true,"href":"https:\/\/luchonoticias.com\/editor\/wp-json\/wp\/v2\/categories?post=46598"},{"taxonomy":"post_tag","embeddable":true,"href":"https:\/\/luchonoticias.com\/editor\/wp-json\/wp\/v2\/tags?post=46598"}],"curies":[{"name":"wp","href":"https:\/\/api.w.org\/{rel}","templated":true}]}}