{"id":46612,"date":"2023-02-20T15:33:27","date_gmt":"2023-02-20T20:33:27","guid":{"rendered":"https:\/\/luchonoticias.com\/?p=46612"},"modified":"2023-02-20T15:33:28","modified_gmt":"2023-02-20T20:33:28","slug":"convocatoria-para-docentes-con-experiencia-en-discapacidad","status":"publish","type":"post","link":"https:\/\/luchonoticias.com\/editor\/convocatoria-para-docentes-con-experiencia-en-discapacidad\/","title":{"rendered":"Convocatoria para docentes con experiencia en discapacidad"},"content":{"rendered":"\n<p>Un llamado de la Secretar\u00eda de Educaci\u00f3n Departamental, que orienta Milena Oliveros, realiz\u00f3 recientemente una&nbsp;<strong>convocatoria a los docentes con experiencia en manejo de poblaci\u00f3n con discapacidad.<\/strong><\/p>\n\n\n\n<p>Se trata de una&nbsp;<strong>convocatoria laboral<\/strong>&nbsp;para que presenten sus hojas de vida que pueden allegar en f\u00edsico y firmado a las oficinas de la secretaria de educaci\u00f3n departamental del Huila, ubicada en Neiva, carrera 4 #8-60, Piso 4, oficina \u00c1rea de Cobertura Educativa<\/p>\n\n\n\n<p>De acuerdo a Roc\u00edo Cabrera , funcionaria de la Secretar\u00eda de Educaci\u00f3n Departamental, fonoaudi\u00f3loga y profesional universitaria que coordina el programa de Discapacidad,&nbsp;<strong>se est\u00e1n necesitando profesionales como maestros de apoyo<\/strong>&nbsp;que son los que manejan ni\u00f1os con dificultades cognitivas y est\u00e9n de forma itinerante en los municipios de Palestina, Isnos, Suaza, Guadalupe y Altamira.<\/p>\n\n\n\n<p>\u201cAs\u00ed mismo, hojas de vida para Modelo Ling\u00fc\u00edstico e Int\u00e9rprete para varios municipios como Palestina, Algeciras, San Agust\u00edn, La Plata e Iquira, que presenten las hojas de vida con los requisitos que pide el Ministerio de Educaci\u00f3n Nacional y que se ha dicho en varias oportunidades en la Secretar\u00eda de Educaci\u00f3n Departamental\u201d, asegur\u00f3 la funcionaria.<\/p>\n\n\n\n<p><strong>Perfiles profesionales requeridos y remuneraci\u00f3n<\/strong><\/p>\n\n\n\n<p><strong>Maestro de Apoyo (2)<\/strong><\/p>\n\n\n\n<p>\u2022 Objeto Contractual: Prestar los servicios de Maestro de Apoyo para liderar el proceso de educaci\u00f3n inclusiva en las instituciones educativas con matr\u00edcula de estudiantes con discapacidad<br>\u2022 Remuneraci\u00f3n mensual: $3\u2019600.000<br>\u2022 Requisito: Licenciado, psic\u00f3logo con formaci\u00f3n en inclusi\u00f3n para poblaci\u00f3n con discapacidad y dos a\u00f1os de experiencia en inclusi\u00f3n en sector educativo<br>\u2022 Municipios: Palestina \u2013 Isnos (1) y Suaza-Guadalupe-Altamira (1)<br>\u2022 Modelo Ling\u00fc\u00edstico (1)<br>\u2022 Objeto Contractual: Prestar los servicios de Modelo Ling\u00fc\u00edstico en Lengua de Se\u00f1as Colombiana para liderar el proceso de educaci\u00f3n inclusiva en las instituciones educativas con matr\u00edcula de estudiantes con discapacidad auditiva<br>\u2022 Remuneraci\u00f3n mensual: $2\u2019300.000<br>\u2022 Requisito: Persona sorda, normalista con dos a\u00f1os de experiencia en procesos pedag\u00f3gicos para personas sordas<br>\u2022 Municipios: Isnos-El\u00edas-Timan\u00e1<\/p>\n\n\n\n<p><strong>Int\u00e9rprete (7)<\/strong><\/p>\n\n\n\n<p>\u2022 Objeto Contractual: Prestar los servicios como Int\u00e9rprete en Lengua de Se\u00f1as Colombiana y espa\u00f1ol en el contexto educativo que cuente con estudiantes con discapacidad auditiva<br>\u2022 Remuneraci\u00f3n mensual: $2\u2019300.000<br>\u2022 Requisito: Bachiller, con formaci\u00f3n en LSC- 4 niveles b\u00e1sicos y 2 a\u00f1os de experiencia en interpretaci\u00f3n en LSC. Dado el caso que no cuente con la certificaci\u00f3n puede presentar competencia de interpretaci\u00f3n<br>\u2022 Municipios: Palestina (1) Algeciras (1) San Agust\u00edn (2) La Plata (2) Iquira (1)<\/p>\n","protected":false},"excerpt":{"rendered":"<p>Un llamado de la Secretar\u00eda de Educaci\u00f3n Departamental, que orienta Milena Oliveros, realiz\u00f3 recientemente una&nbsp;convocatoria a los docentes con experiencia en manejo de poblaci\u00f3n con discapacidad. Se trata de una&nbsp;convocatoria laboral&nbsp;para que presenten sus hojas de vida que pueden allegar en f\u00edsico y firmado a las oficinas de la secretaria de educaci\u00f3n departamental del Huila, [&hellip;]<\/p>\n","protected":false},"author":2,"featured_media":0,"comment_status":"open","ping_status":"open","sticky":false,"template":"","format":"standard","meta":{"footnotes":""},"categories":[33],"tags":[],"class_list":["post-46612","post","type-post","status-publish","format-standard","hentry","category-huila"],"yoast_head":"<!-- This site is optimized with the Yoast SEO plugin v26.6 - https:\/\/yoast.com\/wordpress\/plugins\/seo\/ -->\n<title>Convocatoria para docentes con experiencia en discapacidad -<\/title>\n<meta name=\"robots\" content=\"index, follow, max-snippet:-1, max-image-preview:large, max-video-preview:-1\" \/>\n<link rel=\"canonical\" href=\"https:\/\/luchonoticias.com\/editor\/convocatoria-para-docentes-con-experiencia-en-discapacidad\/\" \/>\n<meta property=\"og:locale\" content=\"es_ES\" \/>\n<meta property=\"og:type\" content=\"article\" \/>\n<meta property=\"og:title\" content=\"Convocatoria para docentes con experiencia en discapacidad -\" \/>\n<meta property=\"og:url\" content=\"https:\/\/luchonoticias.com\/editor\/convocatoria-para-docentes-con-experiencia-en-discapacidad\/\" \/>\n<meta property=\"article:publisher\" content=\"https:\/\/www.facebook.com\/luchonoticiasneiva\" \/>\n<meta property=\"article:published_time\" content=\"2023-02-20T20:33:27+00:00\" \/>\n<meta property=\"article:modified_time\" content=\"2023-02-20T20:33:28+00:00\" \/>\n<meta name=\"author\" content=\"Editor General\" \/>\n<meta name=\"twitter:card\" content=\"summary_large_image\" \/>\n<meta name=\"twitter:label1\" content=\"Escrito por\" \/>\n\t<meta name=\"twitter:data1\" content=\"Editor General\" \/>\n\t<meta name=\"twitter:label2\" content=\"Tiempo de lectura\" \/>\n\t<meta name=\"twitter:data2\" content=\"2 minutos\" \/>\n<script type=\"application\/ld+json\" class=\"yoast-schema-graph\">{\"@context\":\"https:\/\/schema.org\",\"@graph\":[{\"@type\":\"Article\",\"@id\":\"https:\/\/luchonoticias.com\/editor\/convocatoria-para-docentes-con-experiencia-en-discapacidad\/#article\",\"isPartOf\":{\"@id\":\"https:\/\/luchonoticias.com\/editor\/convocatoria-para-docentes-con-experiencia-en-discapacidad\/\"},\"author\":{\"name\":\"Editor General\",\"@id\":\"https:\/\/luchonoticias.com\/editor\/#\/schema\/person\/29217990ddf6f14e35912b2866d591fb\"},\"headline\":\"Convocatoria para docentes con experiencia en discapacidad\",\"datePublished\":\"2023-02-20T20:33:27+00:00\",\"dateModified\":\"2023-02-20T20:33:28+00:00\",\"mainEntityOfPage\":{\"@id\":\"https:\/\/luchonoticias.com\/editor\/convocatoria-para-docentes-con-experiencia-en-discapacidad\/\"},\"wordCount\":419,\"commentCount\":0,\"publisher\":{\"@id\":\"https:\/\/luchonoticias.com\/editor\/#\/schema\/person\/7a7fd911f58561fd056dbac7b55af9cd\"},\"articleSection\":[\"Huila\"],\"inLanguage\":\"es\",\"potentialAction\":[{\"@type\":\"CommentAction\",\"name\":\"Comment\",\"target\":[\"https:\/\/luchonoticias.com\/editor\/convocatoria-para-docentes-con-experiencia-en-discapacidad\/#respond\"]}]},{\"@type\":\"WebPage\",\"@id\":\"https:\/\/luchonoticias.com\/editor\/convocatoria-para-docentes-con-experiencia-en-discapacidad\/\",\"url\":\"https:\/\/luchonoticias.com\/editor\/convocatoria-para-docentes-con-experiencia-en-discapacidad\/\",\"name\":\"Convocatoria para docentes con experiencia en discapacidad -\",\"isPartOf\":{\"@id\":\"https:\/\/luchonoticias.com\/editor\/#website\"},\"datePublished\":\"2023-02-20T20:33:27+00:00\",\"dateModified\":\"2023-02-20T20:33:28+00:00\",\"breadcrumb\":{\"@id\":\"https:\/\/luchonoticias.com\/editor\/convocatoria-para-docentes-con-experiencia-en-discapacidad\/#breadcrumb\"},\"inLanguage\":\"es\",\"potentialAction\":[{\"@type\":\"ReadAction\",\"target\":[\"https:\/\/luchonoticias.com\/editor\/convocatoria-para-docentes-con-experiencia-en-discapacidad\/\"]}]},{\"@type\":\"BreadcrumbList\",\"@id\":\"https:\/\/luchonoticias.com\/editor\/convocatoria-para-docentes-con-experiencia-en-discapacidad\/#breadcrumb\",\"itemListElement\":[{\"@type\":\"ListItem\",\"position\":1,\"name\":\"Portada\",\"item\":\"https:\/\/luchonoticias.com\/editor\/\"},{\"@type\":\"ListItem\",\"position\":2,\"name\":\"Convocatoria para docentes con experiencia en discapacidad\"}]},{\"@type\":\"WebSite\",\"@id\":\"https:\/\/luchonoticias.com\/editor\/#website\",\"url\":\"https:\/\/luchonoticias.com\/editor\/\",\"name\":\"\",\"description\":\"\",\"publisher\":{\"@id\":\"https:\/\/luchonoticias.com\/editor\/#\/schema\/person\/7a7fd911f58561fd056dbac7b55af9cd\"},\"potentialAction\":[{\"@type\":\"SearchAction\",\"target\":{\"@type\":\"EntryPoint\",\"urlTemplate\":\"https:\/\/luchonoticias.com\/editor\/?s={search_term_string}\"},\"query-input\":{\"@type\":\"PropertyValueSpecification\",\"valueRequired\":true,\"valueName\":\"search_term_string\"}}],\"inLanguage\":\"es\"},{\"@type\":[\"Person\",\"Organization\"],\"@id\":\"https:\/\/luchonoticias.com\/editor\/#\/schema\/person\/7a7fd911f58561fd056dbac7b55af9cd\",\"name\":\"admin\",\"image\":{\"@type\":\"ImageObject\",\"inLanguage\":\"es\",\"@id\":\"https:\/\/luchonoticias.com\/editor\/#\/schema\/person\/image\/\",\"url\":\"https:\/\/luchonoticias.com\/editor\/wp-content\/uploads\/2024\/02\/cropped-cropped-logolu.webp\",\"contentUrl\":\"https:\/\/luchonoticias.com\/editor\/wp-content\/uploads\/2024\/02\/cropped-cropped-logolu.webp\",\"width\":382,\"height\":170,\"caption\":\"admin\"},\"logo\":{\"@id\":\"https:\/\/luchonoticias.com\/editor\/#\/schema\/person\/image\/\"},\"sameAs\":[\"https:\/\/www.facebook.com\/luchonoticiasneiva\"]},{\"@type\":\"Person\",\"@id\":\"https:\/\/luchonoticias.com\/editor\/#\/schema\/person\/29217990ddf6f14e35912b2866d591fb\",\"name\":\"Editor General\",\"image\":{\"@type\":\"ImageObject\",\"inLanguage\":\"es\",\"@id\":\"https:\/\/luchonoticias.com\/editor\/#\/schema\/person\/image\/\",\"url\":\"https:\/\/luchonoticias.com\/editor\/wp-content\/uploads\/2024\/02\/cropped-cropped-logolu-150x150.webp\",\"contentUrl\":\"https:\/\/luchonoticias.com\/editor\/wp-content\/uploads\/2024\/02\/cropped-cropped-logolu-150x150.webp\",\"caption\":\"Editor General\"},\"sameAs\":[\"https:\/\/luchonoticias.com\/\"],\"url\":\"https:\/\/luchonoticias.com\/editor\/author\/editor-general\/\"}]}<\/script>\n<!-- \/ Yoast SEO plugin. -->","yoast_head_json":{"title":"Convocatoria para docentes con experiencia en discapacidad -","robots":{"index":"index","follow":"follow","max-snippet":"max-snippet:-1","max-image-preview":"max-image-preview:large","max-video-preview":"max-video-preview:-1"},"canonical":"https:\/\/luchonoticias.com\/editor\/convocatoria-para-docentes-con-experiencia-en-discapacidad\/","og_locale":"es_ES","og_type":"article","og_title":"Convocatoria para docentes con experiencia en discapacidad -","og_url":"https:\/\/luchonoticias.com\/editor\/convocatoria-para-docentes-con-experiencia-en-discapacidad\/","article_publisher":"https:\/\/www.facebook.com\/luchonoticiasneiva","article_published_time":"2023-02-20T20:33:27+00:00","article_modified_time":"2023-02-20T20:33:28+00:00","author":"Editor General","twitter_card":"summary_large_image","twitter_misc":{"Escrito por":"Editor General","Tiempo de lectura":"2 minutos"},"schema":{"@context":"https:\/\/schema.org","@graph":[{"@type":"Article","@id":"https:\/\/luchonoticias.com\/editor\/convocatoria-para-docentes-con-experiencia-en-discapacidad\/#article","isPartOf":{"@id":"https:\/\/luchonoticias.com\/editor\/convocatoria-para-docentes-con-experiencia-en-discapacidad\/"},"author":{"name":"Editor General","@id":"https:\/\/luchonoticias.com\/editor\/#\/schema\/person\/29217990ddf6f14e35912b2866d591fb"},"headline":"Convocatoria para docentes con experiencia en discapacidad","datePublished":"2023-02-20T20:33:27+00:00","dateModified":"2023-02-20T20:33:28+00:00","mainEntityOfPage":{"@id":"https:\/\/luchonoticias.com\/editor\/convocatoria-para-docentes-con-experiencia-en-discapacidad\/"},"wordCount":419,"commentCount":0,"publisher":{"@id":"https:\/\/luchonoticias.com\/editor\/#\/schema\/person\/7a7fd911f58561fd056dbac7b55af9cd"},"articleSection":["Huila"],"inLanguage":"es","potentialAction":[{"@type":"CommentAction","name":"Comment","target":["https:\/\/luchonoticias.com\/editor\/convocatoria-para-docentes-con-experiencia-en-discapacidad\/#respond"]}]},{"@type":"WebPage","@id":"https:\/\/luchonoticias.com\/editor\/convocatoria-para-docentes-con-experiencia-en-discapacidad\/","url":"https:\/\/luchonoticias.com\/editor\/convocatoria-para-docentes-con-experiencia-en-discapacidad\/","name":"Convocatoria para docentes con experiencia en discapacidad -","isPartOf":{"@id":"https:\/\/luchonoticias.com\/editor\/#website"},"datePublished":"2023-02-20T20:33:27+00:00","dateModified":"2023-02-20T20:33:28+00:00","breadcrumb":{"@id":"https:\/\/luchonoticias.com\/editor\/convocatoria-para-docentes-con-experiencia-en-discapacidad\/#breadcrumb"},"inLanguage":"es","potentialAction":[{"@type":"ReadAction","target":["https:\/\/luchonoticias.com\/editor\/convocatoria-para-docentes-con-experiencia-en-discapacidad\/"]}]},{"@type":"BreadcrumbList","@id":"https:\/\/luchonoticias.com\/editor\/convocatoria-para-docentes-con-experiencia-en-discapacidad\/#breadcrumb","itemListElement":[{"@type":"ListItem","position":1,"name":"Portada","item":"https:\/\/luchonoticias.com\/editor\/"},{"@type":"ListItem","position":2,"name":"Convocatoria para docentes con experiencia en discapacidad"}]},{"@type":"WebSite","@id":"https:\/\/luchonoticias.com\/editor\/#website","url":"https:\/\/luchonoticias.com\/editor\/","name":"","description":"","publisher":{"@id":"https:\/\/luchonoticias.com\/editor\/#\/schema\/person\/7a7fd911f58561fd056dbac7b55af9cd"},"potentialAction":[{"@type":"SearchAction","target":{"@type":"EntryPoint","urlTemplate":"https:\/\/luchonoticias.com\/editor\/?s={search_term_string}"},"query-input":{"@type":"PropertyValueSpecification","valueRequired":true,"valueName":"search_term_string"}}],"inLanguage":"es"},{"@type":["Person","Organization"],"@id":"https:\/\/luchonoticias.com\/editor\/#\/schema\/person\/7a7fd911f58561fd056dbac7b55af9cd","name":"admin","image":{"@type":"ImageObject","inLanguage":"es","@id":"https:\/\/luchonoticias.com\/editor\/#\/schema\/person\/image\/","url":"https:\/\/luchonoticias.com\/editor\/wp-content\/uploads\/2024\/02\/cropped-cropped-logolu.webp","contentUrl":"https:\/\/luchonoticias.com\/editor\/wp-content\/uploads\/2024\/02\/cropped-cropped-logolu.webp","width":382,"height":170,"caption":"admin"},"logo":{"@id":"https:\/\/luchonoticias.com\/editor\/#\/schema\/person\/image\/"},"sameAs":["https:\/\/www.facebook.com\/luchonoticiasneiva"]},{"@type":"Person","@id":"https:\/\/luchonoticias.com\/editor\/#\/schema\/person\/29217990ddf6f14e35912b2866d591fb","name":"Editor General","image":{"@type":"ImageObject","inLanguage":"es","@id":"https:\/\/luchonoticias.com\/editor\/#\/schema\/person\/image\/","url":"https:\/\/luchonoticias.com\/editor\/wp-content\/uploads\/2024\/02\/cropped-cropped-logolu-150x150.webp","contentUrl":"https:\/\/luchonoticias.com\/editor\/wp-content\/uploads\/2024\/02\/cropped-cropped-logolu-150x150.webp","caption":"Editor General"},"sameAs":["https:\/\/luchonoticias.com\/"],"url":"https:\/\/luchonoticias.com\/editor\/author\/editor-general\/"}]}},"_links":{"self":[{"href":"https:\/\/luchonoticias.com\/editor\/wp-json\/wp\/v2\/posts\/46612","targetHints":{"allow":["GET"]}}],"collection":[{"href":"https:\/\/luchonoticias.com\/editor\/wp-json\/wp\/v2\/posts"}],"about":[{"href":"https:\/\/luchonoticias.com\/editor\/wp-json\/wp\/v2\/types\/post"}],"author":[{"embeddable":true,"href":"https:\/\/luchonoticias.com\/editor\/wp-json\/wp\/v2\/users\/2"}],"replies":[{"embeddable":true,"href":"https:\/\/luchonoticias.com\/editor\/wp-json\/wp\/v2\/comments?post=46612"}],"version-history":[{"count":0,"href":"https:\/\/luchonoticias.com\/editor\/wp-json\/wp\/v2\/posts\/46612\/revisions"}],"wp:attachment":[{"href":"https:\/\/luchonoticias.com\/editor\/wp-json\/wp\/v2\/media?parent=46612"}],"wp:term":[{"taxonomy":"category","embeddable":true,"href":"https:\/\/luchonoticias.com\/editor\/wp-json\/wp\/v2\/categories?post=46612"},{"taxonomy":"post_tag","embeddable":true,"href":"https:\/\/luchonoticias.com\/editor\/wp-json\/wp\/v2\/tags?post=46612"}],"curies":[{"name":"wp","href":"https:\/\/api.w.org\/{rel}","templated":true}]}}