{"id":46615,"date":"2023-02-20T16:05:20","date_gmt":"2023-02-20T21:05:20","guid":{"rendered":"https:\/\/luchonoticias.com\/?p=46615"},"modified":"2023-02-20T17:35:54","modified_gmt":"2023-02-20T22:35:54","slug":"capturado-sujeto-requerido-por-las-autoridades-para-cumplir-condena-por-los-delitos-de-microtrafico-y-hurto","status":"publish","type":"post","link":"https:\/\/luchonoticias.com\/editor\/capturado-sujeto-requerido-por-las-autoridades-para-cumplir-condena-por-los-delitos-de-microtrafico-y-hurto\/","title":{"rendered":"Capturado sujeto requerido para cumplir condena por los delitos de microtr\u00e1fico y hurto"},"content":{"rendered":"\n<p>Las autoridades neivanas, dieron a conocer que, mediante un trabajo articulado entre polic\u00eda, fiscal\u00eda y ej\u00e9rcito, en desarrollo del Plan \u00abContra el Expendio y tr\u00e1fico de estupefacientes\u00bb, fue capturado un hombre identificado como Jhon Alexander Zamora Tovar de 23 a\u00f1os de edad requerido por el delito de Tr\u00e1fico de Narc\u00f3ticos.<\/p>\n\n\n\n<p>\u201cUnidades de nuestro CAI Ipanema en coordinaci\u00f3n con el CTI de la Fiscal\u00eda General de la Naci\u00f3n y el Ej\u00e9rcito Nacional, logran en la carrera 20 con calle 2 D del barrio Jorge Eliecer Gait\u00e1n, la captura de Jhon Alexander Zamora Tovar de 23 a\u00f1os de edad, quien verificado su documento de identidad registra orden de captura vigente por el delito de Fabricaci\u00f3n, Tr\u00e1fico o porte de Estupefacientes, emanada por un juzgado de ejecuci\u00f3n de penas y medidas de la ciudad de Neiva, con el prop\u00f3sito de cumplir condena de 4 a\u00f1os de prisi\u00f3n\u201d, indicaron las fuentes oficiales en un comunicado.<\/p>\n\n\n\n<p>Finalmente, seg\u00fan el informe oficial, el hombre implicado adem\u00e1s registra una segunda orden de captura, por el delito de Hurto Calificado y Agravado, con el fin de cumplir condena de 12 a\u00f1os de prisi\u00f3n.<\/p>\n\n\n\n<p>\u201cEste sujeto fue dejado a disposici\u00f3n de autoridad competente, quien, en vista a que ya fue condenado, ser\u00e1 trasladado a un centro penitenciario a fin de cumplir con la pena impuesta, descrita con antelaci\u00f3n\u201d, concluyeron las autoridades opitas.<\/p>\n","protected":false},"excerpt":{"rendered":"<p>Las autoridades neivanas, dieron a conocer que, mediante un trabajo articulado entre polic\u00eda, fiscal\u00eda y ej\u00e9rcito, en desarrollo del Plan \u00abContra el Expendio y tr\u00e1fico de estupefacientes\u00bb, fue capturado un hombre identificado como Jhon Alexander Zamora Tovar de 23 a\u00f1os de edad requerido por el delito de Tr\u00e1fico de Narc\u00f3ticos. \u201cUnidades de nuestro CAI Ipanema [&hellip;]<\/p>\n","protected":false},"author":2,"featured_media":0,"comment_status":"open","ping_status":"open","sticky":false,"template":"","format":"standard","meta":{"footnotes":""},"categories":[36,29],"tags":[],"class_list":["post-46615","post","type-post","status-publish","format-standard","hentry","category-destacado","category-judicial"],"yoast_head":"<!-- This site is optimized with the Yoast SEO plugin v26.6 - https:\/\/yoast.com\/wordpress\/plugins\/seo\/ -->\n<title>Capturado sujeto requerido para cumplir condena por los delitos de microtr\u00e1fico y hurto -<\/title>\n<meta name=\"robots\" content=\"index, follow, max-snippet:-1, max-image-preview:large, max-video-preview:-1\" \/>\n<link rel=\"canonical\" href=\"https:\/\/luchonoticias.com\/editor\/capturado-sujeto-requerido-por-las-autoridades-para-cumplir-condena-por-los-delitos-de-microtrafico-y-hurto\/\" \/>\n<meta property=\"og:locale\" content=\"es_ES\" \/>\n<meta property=\"og:type\" content=\"article\" \/>\n<meta property=\"og:title\" content=\"Capturado sujeto requerido para cumplir condena por los delitos de microtr\u00e1fico y hurto -\" \/>\n<meta property=\"og:url\" content=\"https:\/\/luchonoticias.com\/editor\/capturado-sujeto-requerido-por-las-autoridades-para-cumplir-condena-por-los-delitos-de-microtrafico-y-hurto\/\" \/>\n<meta property=\"article:publisher\" content=\"https:\/\/www.facebook.com\/luchonoticiasneiva\" \/>\n<meta property=\"article:published_time\" content=\"2023-02-20T21:05:20+00:00\" \/>\n<meta property=\"article:modified_time\" content=\"2023-02-20T22:35:54+00:00\" \/>\n<meta name=\"author\" content=\"Editor General\" \/>\n<meta name=\"twitter:card\" content=\"summary_large_image\" \/>\n<meta name=\"twitter:label1\" content=\"Escrito por\" \/>\n\t<meta name=\"twitter:data1\" content=\"Editor General\" \/>\n\t<meta name=\"twitter:label2\" content=\"Tiempo de lectura\" \/>\n\t<meta name=\"twitter:data2\" content=\"1 minuto\" \/>\n<script type=\"application\/ld+json\" class=\"yoast-schema-graph\">{\"@context\":\"https:\/\/schema.org\",\"@graph\":[{\"@type\":\"Article\",\"@id\":\"https:\/\/luchonoticias.com\/editor\/capturado-sujeto-requerido-por-las-autoridades-para-cumplir-condena-por-los-delitos-de-microtrafico-y-hurto\/#article\",\"isPartOf\":{\"@id\":\"https:\/\/luchonoticias.com\/editor\/capturado-sujeto-requerido-por-las-autoridades-para-cumplir-condena-por-los-delitos-de-microtrafico-y-hurto\/\"},\"author\":{\"name\":\"Editor General\",\"@id\":\"https:\/\/luchonoticias.com\/editor\/#\/schema\/person\/29217990ddf6f14e35912b2866d591fb\"},\"headline\":\"Capturado sujeto requerido para cumplir condena por los delitos de microtr\u00e1fico y hurto\",\"datePublished\":\"2023-02-20T21:05:20+00:00\",\"dateModified\":\"2023-02-20T22:35:54+00:00\",\"mainEntityOfPage\":{\"@id\":\"https:\/\/luchonoticias.com\/editor\/capturado-sujeto-requerido-por-las-autoridades-para-cumplir-condena-por-los-delitos-de-microtrafico-y-hurto\/\"},\"wordCount\":256,\"commentCount\":0,\"publisher\":{\"@id\":\"https:\/\/luchonoticias.com\/editor\/#\/schema\/person\/7a7fd911f58561fd056dbac7b55af9cd\"},\"articleSection\":[\"Destacado\",\"Judicial\"],\"inLanguage\":\"es\",\"potentialAction\":[{\"@type\":\"CommentAction\",\"name\":\"Comment\",\"target\":[\"https:\/\/luchonoticias.com\/editor\/capturado-sujeto-requerido-por-las-autoridades-para-cumplir-condena-por-los-delitos-de-microtrafico-y-hurto\/#respond\"]}]},{\"@type\":\"WebPage\",\"@id\":\"https:\/\/luchonoticias.com\/editor\/capturado-sujeto-requerido-por-las-autoridades-para-cumplir-condena-por-los-delitos-de-microtrafico-y-hurto\/\",\"url\":\"https:\/\/luchonoticias.com\/editor\/capturado-sujeto-requerido-por-las-autoridades-para-cumplir-condena-por-los-delitos-de-microtrafico-y-hurto\/\",\"name\":\"Capturado sujeto requerido para cumplir condena por los delitos de microtr\u00e1fico y hurto -\",\"isPartOf\":{\"@id\":\"https:\/\/luchonoticias.com\/editor\/#website\"},\"datePublished\":\"2023-02-20T21:05:20+00:00\",\"dateModified\":\"2023-02-20T22:35:54+00:00\",\"breadcrumb\":{\"@id\":\"https:\/\/luchonoticias.com\/editor\/capturado-sujeto-requerido-por-las-autoridades-para-cumplir-condena-por-los-delitos-de-microtrafico-y-hurto\/#breadcrumb\"},\"inLanguage\":\"es\",\"potentialAction\":[{\"@type\":\"ReadAction\",\"target\":[\"https:\/\/luchonoticias.com\/editor\/capturado-sujeto-requerido-por-las-autoridades-para-cumplir-condena-por-los-delitos-de-microtrafico-y-hurto\/\"]}]},{\"@type\":\"BreadcrumbList\",\"@id\":\"https:\/\/luchonoticias.com\/editor\/capturado-sujeto-requerido-por-las-autoridades-para-cumplir-condena-por-los-delitos-de-microtrafico-y-hurto\/#breadcrumb\",\"itemListElement\":[{\"@type\":\"ListItem\",\"position\":1,\"name\":\"Portada\",\"item\":\"https:\/\/luchonoticias.com\/editor\/\"},{\"@type\":\"ListItem\",\"position\":2,\"name\":\"Capturado sujeto requerido para cumplir condena por los delitos de microtr\u00e1fico y hurto\"}]},{\"@type\":\"WebSite\",\"@id\":\"https:\/\/luchonoticias.com\/editor\/#website\",\"url\":\"https:\/\/luchonoticias.com\/editor\/\",\"name\":\"\",\"description\":\"\",\"publisher\":{\"@id\":\"https:\/\/luchonoticias.com\/editor\/#\/schema\/person\/7a7fd911f58561fd056dbac7b55af9cd\"},\"potentialAction\":[{\"@type\":\"SearchAction\",\"target\":{\"@type\":\"EntryPoint\",\"urlTemplate\":\"https:\/\/luchonoticias.com\/editor\/?s={search_term_string}\"},\"query-input\":{\"@type\":\"PropertyValueSpecification\",\"valueRequired\":true,\"valueName\":\"search_term_string\"}}],\"inLanguage\":\"es\"},{\"@type\":[\"Person\",\"Organization\"],\"@id\":\"https:\/\/luchonoticias.com\/editor\/#\/schema\/person\/7a7fd911f58561fd056dbac7b55af9cd\",\"name\":\"admin\",\"image\":{\"@type\":\"ImageObject\",\"inLanguage\":\"es\",\"@id\":\"https:\/\/luchonoticias.com\/editor\/#\/schema\/person\/image\/\",\"url\":\"https:\/\/luchonoticias.com\/editor\/wp-content\/uploads\/2024\/02\/cropped-cropped-logolu.webp\",\"contentUrl\":\"https:\/\/luchonoticias.com\/editor\/wp-content\/uploads\/2024\/02\/cropped-cropped-logolu.webp\",\"width\":382,\"height\":170,\"caption\":\"admin\"},\"logo\":{\"@id\":\"https:\/\/luchonoticias.com\/editor\/#\/schema\/person\/image\/\"},\"sameAs\":[\"https:\/\/www.facebook.com\/luchonoticiasneiva\"]},{\"@type\":\"Person\",\"@id\":\"https:\/\/luchonoticias.com\/editor\/#\/schema\/person\/29217990ddf6f14e35912b2866d591fb\",\"name\":\"Editor General\",\"image\":{\"@type\":\"ImageObject\",\"inLanguage\":\"es\",\"@id\":\"https:\/\/luchonoticias.com\/editor\/#\/schema\/person\/image\/\",\"url\":\"https:\/\/luchonoticias.com\/editor\/wp-content\/uploads\/2024\/02\/cropped-cropped-logolu-150x150.webp\",\"contentUrl\":\"https:\/\/luchonoticias.com\/editor\/wp-content\/uploads\/2024\/02\/cropped-cropped-logolu-150x150.webp\",\"caption\":\"Editor General\"},\"sameAs\":[\"https:\/\/luchonoticias.com\/\"],\"url\":\"https:\/\/luchonoticias.com\/editor\/author\/editor-general\/\"}]}<\/script>\n<!-- \/ Yoast SEO plugin. -->","yoast_head_json":{"title":"Capturado sujeto requerido para cumplir condena por los delitos de microtr\u00e1fico y hurto -","robots":{"index":"index","follow":"follow","max-snippet":"max-snippet:-1","max-image-preview":"max-image-preview:large","max-video-preview":"max-video-preview:-1"},"canonical":"https:\/\/luchonoticias.com\/editor\/capturado-sujeto-requerido-por-las-autoridades-para-cumplir-condena-por-los-delitos-de-microtrafico-y-hurto\/","og_locale":"es_ES","og_type":"article","og_title":"Capturado sujeto requerido para cumplir condena por los delitos de microtr\u00e1fico y hurto -","og_url":"https:\/\/luchonoticias.com\/editor\/capturado-sujeto-requerido-por-las-autoridades-para-cumplir-condena-por-los-delitos-de-microtrafico-y-hurto\/","article_publisher":"https:\/\/www.facebook.com\/luchonoticiasneiva","article_published_time":"2023-02-20T21:05:20+00:00","article_modified_time":"2023-02-20T22:35:54+00:00","author":"Editor General","twitter_card":"summary_large_image","twitter_misc":{"Escrito por":"Editor General","Tiempo de lectura":"1 minuto"},"schema":{"@context":"https:\/\/schema.org","@graph":[{"@type":"Article","@id":"https:\/\/luchonoticias.com\/editor\/capturado-sujeto-requerido-por-las-autoridades-para-cumplir-condena-por-los-delitos-de-microtrafico-y-hurto\/#article","isPartOf":{"@id":"https:\/\/luchonoticias.com\/editor\/capturado-sujeto-requerido-por-las-autoridades-para-cumplir-condena-por-los-delitos-de-microtrafico-y-hurto\/"},"author":{"name":"Editor General","@id":"https:\/\/luchonoticias.com\/editor\/#\/schema\/person\/29217990ddf6f14e35912b2866d591fb"},"headline":"Capturado sujeto requerido para cumplir condena por los delitos de microtr\u00e1fico y hurto","datePublished":"2023-02-20T21:05:20+00:00","dateModified":"2023-02-20T22:35:54+00:00","mainEntityOfPage":{"@id":"https:\/\/luchonoticias.com\/editor\/capturado-sujeto-requerido-por-las-autoridades-para-cumplir-condena-por-los-delitos-de-microtrafico-y-hurto\/"},"wordCount":256,"commentCount":0,"publisher":{"@id":"https:\/\/luchonoticias.com\/editor\/#\/schema\/person\/7a7fd911f58561fd056dbac7b55af9cd"},"articleSection":["Destacado","Judicial"],"inLanguage":"es","potentialAction":[{"@type":"CommentAction","name":"Comment","target":["https:\/\/luchonoticias.com\/editor\/capturado-sujeto-requerido-por-las-autoridades-para-cumplir-condena-por-los-delitos-de-microtrafico-y-hurto\/#respond"]}]},{"@type":"WebPage","@id":"https:\/\/luchonoticias.com\/editor\/capturado-sujeto-requerido-por-las-autoridades-para-cumplir-condena-por-los-delitos-de-microtrafico-y-hurto\/","url":"https:\/\/luchonoticias.com\/editor\/capturado-sujeto-requerido-por-las-autoridades-para-cumplir-condena-por-los-delitos-de-microtrafico-y-hurto\/","name":"Capturado sujeto requerido para cumplir condena por los delitos de microtr\u00e1fico y hurto -","isPartOf":{"@id":"https:\/\/luchonoticias.com\/editor\/#website"},"datePublished":"2023-02-20T21:05:20+00:00","dateModified":"2023-02-20T22:35:54+00:00","breadcrumb":{"@id":"https:\/\/luchonoticias.com\/editor\/capturado-sujeto-requerido-por-las-autoridades-para-cumplir-condena-por-los-delitos-de-microtrafico-y-hurto\/#breadcrumb"},"inLanguage":"es","potentialAction":[{"@type":"ReadAction","target":["https:\/\/luchonoticias.com\/editor\/capturado-sujeto-requerido-por-las-autoridades-para-cumplir-condena-por-los-delitos-de-microtrafico-y-hurto\/"]}]},{"@type":"BreadcrumbList","@id":"https:\/\/luchonoticias.com\/editor\/capturado-sujeto-requerido-por-las-autoridades-para-cumplir-condena-por-los-delitos-de-microtrafico-y-hurto\/#breadcrumb","itemListElement":[{"@type":"ListItem","position":1,"name":"Portada","item":"https:\/\/luchonoticias.com\/editor\/"},{"@type":"ListItem","position":2,"name":"Capturado sujeto requerido para cumplir condena por los delitos de microtr\u00e1fico y hurto"}]},{"@type":"WebSite","@id":"https:\/\/luchonoticias.com\/editor\/#website","url":"https:\/\/luchonoticias.com\/editor\/","name":"","description":"","publisher":{"@id":"https:\/\/luchonoticias.com\/editor\/#\/schema\/person\/7a7fd911f58561fd056dbac7b55af9cd"},"potentialAction":[{"@type":"SearchAction","target":{"@type":"EntryPoint","urlTemplate":"https:\/\/luchonoticias.com\/editor\/?s={search_term_string}"},"query-input":{"@type":"PropertyValueSpecification","valueRequired":true,"valueName":"search_term_string"}}],"inLanguage":"es"},{"@type":["Person","Organization"],"@id":"https:\/\/luchonoticias.com\/editor\/#\/schema\/person\/7a7fd911f58561fd056dbac7b55af9cd","name":"admin","image":{"@type":"ImageObject","inLanguage":"es","@id":"https:\/\/luchonoticias.com\/editor\/#\/schema\/person\/image\/","url":"https:\/\/luchonoticias.com\/editor\/wp-content\/uploads\/2024\/02\/cropped-cropped-logolu.webp","contentUrl":"https:\/\/luchonoticias.com\/editor\/wp-content\/uploads\/2024\/02\/cropped-cropped-logolu.webp","width":382,"height":170,"caption":"admin"},"logo":{"@id":"https:\/\/luchonoticias.com\/editor\/#\/schema\/person\/image\/"},"sameAs":["https:\/\/www.facebook.com\/luchonoticiasneiva"]},{"@type":"Person","@id":"https:\/\/luchonoticias.com\/editor\/#\/schema\/person\/29217990ddf6f14e35912b2866d591fb","name":"Editor General","image":{"@type":"ImageObject","inLanguage":"es","@id":"https:\/\/luchonoticias.com\/editor\/#\/schema\/person\/image\/","url":"https:\/\/luchonoticias.com\/editor\/wp-content\/uploads\/2024\/02\/cropped-cropped-logolu-150x150.webp","contentUrl":"https:\/\/luchonoticias.com\/editor\/wp-content\/uploads\/2024\/02\/cropped-cropped-logolu-150x150.webp","caption":"Editor General"},"sameAs":["https:\/\/luchonoticias.com\/"],"url":"https:\/\/luchonoticias.com\/editor\/author\/editor-general\/"}]}},"_links":{"self":[{"href":"https:\/\/luchonoticias.com\/editor\/wp-json\/wp\/v2\/posts\/46615","targetHints":{"allow":["GET"]}}],"collection":[{"href":"https:\/\/luchonoticias.com\/editor\/wp-json\/wp\/v2\/posts"}],"about":[{"href":"https:\/\/luchonoticias.com\/editor\/wp-json\/wp\/v2\/types\/post"}],"author":[{"embeddable":true,"href":"https:\/\/luchonoticias.com\/editor\/wp-json\/wp\/v2\/users\/2"}],"replies":[{"embeddable":true,"href":"https:\/\/luchonoticias.com\/editor\/wp-json\/wp\/v2\/comments?post=46615"}],"version-history":[{"count":0,"href":"https:\/\/luchonoticias.com\/editor\/wp-json\/wp\/v2\/posts\/46615\/revisions"}],"wp:attachment":[{"href":"https:\/\/luchonoticias.com\/editor\/wp-json\/wp\/v2\/media?parent=46615"}],"wp:term":[{"taxonomy":"category","embeddable":true,"href":"https:\/\/luchonoticias.com\/editor\/wp-json\/wp\/v2\/categories?post=46615"},{"taxonomy":"post_tag","embeddable":true,"href":"https:\/\/luchonoticias.com\/editor\/wp-json\/wp\/v2\/tags?post=46615"}],"curies":[{"name":"wp","href":"https:\/\/api.w.org\/{rel}","templated":true}]}}