{"id":46618,"date":"2023-02-20T16:08:50","date_gmt":"2023-02-20T21:08:50","guid":{"rendered":"https:\/\/luchonoticias.com\/?p=46618"},"modified":"2023-02-20T16:08:51","modified_gmt":"2023-02-20T21:08:51","slug":"ministro-de-transporte-confirma-que-hoy-habra-apertura-de-la-via-en-el-sur-del-cauca","status":"publish","type":"post","link":"https:\/\/luchonoticias.com\/editor\/ministro-de-transporte-confirma-que-hoy-habra-apertura-de-la-via-en-el-sur-del-cauca\/","title":{"rendered":"Ministro de Transporte confirma que hoy habr\u00e1 apertura de la v\u00eda en el sur del Cauca"},"content":{"rendered":"\n<p>El Ministro de Transporte, Guillermo Reyes, afirm\u00f3 en Colombia Hoy Radio que este lunes habr\u00e1 apertura de una parte de la v\u00eda en el sur del Cauca para permitir el tr\u00e1nsito de los camiones transportadores de combustibles, de leche y otros alimentos, con el fin de aliviar la crisis generada por los derrumbes en el sector del municipio de Rosas.<\/p>\n\n\n\n<p>\u201cNuestro Presidente hizo un compromiso con el pa\u00eds, con el Cauca, con todos los usuarios de la v\u00eda Panamericana, que hoy abrir\u00edamos una parte de la v\u00eda que habilitan el paso de las tractomulas que llevan leche, gasolinas, productos de primera necesidad\u201d, dijo el Ministro Reyes en el informativo de la Presidencia.<\/p>\n\n\n\n<figure class=\"wp-block-image size-large\"><img decoding=\"async\" src=\"https:\/\/luchonoticias.com\/wp-content\/uploads\/2023\/02\/230112-05-Visita-Municipio-Rosas-Cauca-1280-1024x576.jpg\" alt=\"\" class=\"wp-image-46620\"\/><figcaption class=\"wp-element-caption\">La reubicaci\u00f3n de los damnificados fue uno de los anuncios del Presidente Gustavo Petro tras su visita de este jueves a Rosas, Cauca.<\/figcaption><\/figure>\n\n\n\n<p>En el mismo sentido, el jefe de la cartera de Transporte recalc\u00f3: \u201cHoy (lunes) operar\u00e1 la v\u00eda que hemos reparado, rehabilitado, ya casi pavimentado en su integridad, entre las depresiones de la tierra\u201d.<\/p>\n\n\n\n<p>El Ministro destac\u00f3 que el fin de semana se realizaron las pruebas pertinentes en la v\u00eda, con el paso de 13 camiones, tractomulas y veh\u00edculos doble troque, y destac\u00f3 que este lunes ser\u00e1 abierta la v\u00eda en el sentido Pasto \u2013 Popay\u00e1n, y que al d\u00eda siguiente se habilitar\u00e1 el sentido Popay\u00e1n \u2014 Pasto.<\/p>\n\n\n\n<p>\u201cEn estos momentos, yo estoy en Popay\u00e1n, camino a poder llegar a El Bordo (cabecera municipal del municipio de Pat\u00eda), para efectos de poder permitir el tr\u00e1fico de los camiones, por esta v\u00eda que hemos arreglado\u201d, agreg\u00f3 Reyes.<\/p>\n\n\n\n<p>Con relaci\u00f3n a la apertura de la variante nueva, el Ministro de Transporte indic\u00f3 que esto ocurrir\u00eda entre el jueves y viernes.<\/p>\n\n\n\n<p>Finalmente, manifest\u00f3 que el plan era entregar la variante antes, pero por condiciones clim\u00e1ticas en la zona el cronograma de la obra se alter\u00f3.<\/p>\n\n\n\n<p>Cabe recordar, que debido al derrumbe en Rosas, el Presidente Gustavo Petro inst\u00f3 al equipo de Gobierno para implementar acciones urgentes, como la reactivaci\u00f3n del Puerto de Tumaco, que se convirti\u00f3 en puente fundamental con Buenaventura para el transporte de gasolina y bienes de primera necesidad.<\/p>\n\n\n\n<p>Adem\u00e1s, se retomaron las relaciones en la frontera entre Colombia y Ecuador para el tr\u00e1nsito de camiones que estaban a la deriva por este hecho.<\/p>\n","protected":false},"excerpt":{"rendered":"<p>El Ministro de Transporte, Guillermo Reyes, afirm\u00f3 en Colombia Hoy Radio que este lunes habr\u00e1 apertura de una parte de la v\u00eda en el sur del Cauca para permitir el tr\u00e1nsito de los camiones transportadores de combustibles, de leche y otros alimentos, con el fin de aliviar la crisis generada por los derrumbes en el [&hellip;]<\/p>\n","protected":false},"author":2,"featured_media":0,"comment_status":"open","ping_status":"open","sticky":false,"template":"","format":"standard","meta":{"footnotes":""},"categories":[36,32],"tags":[],"class_list":["post-46618","post","type-post","status-publish","format-standard","hentry","category-destacado","category-nacional"],"yoast_head":"<!-- This site is optimized with the Yoast SEO plugin v26.6 - https:\/\/yoast.com\/wordpress\/plugins\/seo\/ -->\n<title>Ministro de Transporte confirma que hoy habr\u00e1 apertura de la v\u00eda en el sur del Cauca -<\/title>\n<meta name=\"robots\" content=\"index, follow, max-snippet:-1, max-image-preview:large, max-video-preview:-1\" \/>\n<link rel=\"canonical\" href=\"https:\/\/luchonoticias.com\/editor\/ministro-de-transporte-confirma-que-hoy-habra-apertura-de-la-via-en-el-sur-del-cauca\/\" \/>\n<meta property=\"og:locale\" content=\"es_ES\" \/>\n<meta property=\"og:type\" content=\"article\" \/>\n<meta property=\"og:title\" content=\"Ministro de Transporte confirma que hoy habr\u00e1 apertura de la v\u00eda en el sur del Cauca -\" \/>\n<meta property=\"og:url\" content=\"https:\/\/luchonoticias.com\/editor\/ministro-de-transporte-confirma-que-hoy-habra-apertura-de-la-via-en-el-sur-del-cauca\/\" \/>\n<meta property=\"article:publisher\" content=\"https:\/\/www.facebook.com\/luchonoticiasneiva\" \/>\n<meta property=\"article:published_time\" content=\"2023-02-20T21:08:50+00:00\" \/>\n<meta property=\"article:modified_time\" content=\"2023-02-20T21:08:51+00:00\" \/>\n<meta property=\"og:image\" content=\"https:\/\/luchonoticias.com\/wp-content\/uploads\/2023\/02\/230112-05-Visita-Municipio-Rosas-Cauca-1280-1024x576.jpg\" \/>\n<meta name=\"author\" content=\"Editor General\" \/>\n<meta name=\"twitter:card\" content=\"summary_large_image\" \/>\n<meta name=\"twitter:label1\" content=\"Escrito por\" \/>\n\t<meta name=\"twitter:data1\" content=\"Editor General\" \/>\n\t<meta name=\"twitter:label2\" content=\"Tiempo de lectura\" \/>\n\t<meta name=\"twitter:data2\" content=\"2 minutos\" \/>\n<script type=\"application\/ld+json\" class=\"yoast-schema-graph\">{\"@context\":\"https:\/\/schema.org\",\"@graph\":[{\"@type\":\"Article\",\"@id\":\"https:\/\/luchonoticias.com\/editor\/ministro-de-transporte-confirma-que-hoy-habra-apertura-de-la-via-en-el-sur-del-cauca\/#article\",\"isPartOf\":{\"@id\":\"https:\/\/luchonoticias.com\/editor\/ministro-de-transporte-confirma-que-hoy-habra-apertura-de-la-via-en-el-sur-del-cauca\/\"},\"author\":{\"name\":\"Editor General\",\"@id\":\"https:\/\/luchonoticias.com\/editor\/#\/schema\/person\/29217990ddf6f14e35912b2866d591fb\"},\"headline\":\"Ministro de Transporte confirma que hoy habr\u00e1 apertura de la v\u00eda en el sur del Cauca\",\"datePublished\":\"2023-02-20T21:08:50+00:00\",\"dateModified\":\"2023-02-20T21:08:51+00:00\",\"mainEntityOfPage\":{\"@id\":\"https:\/\/luchonoticias.com\/editor\/ministro-de-transporte-confirma-que-hoy-habra-apertura-de-la-via-en-el-sur-del-cauca\/\"},\"wordCount\":415,\"commentCount\":0,\"publisher\":{\"@id\":\"https:\/\/luchonoticias.com\/editor\/#\/schema\/person\/7a7fd911f58561fd056dbac7b55af9cd\"},\"image\":{\"@id\":\"https:\/\/luchonoticias.com\/editor\/ministro-de-transporte-confirma-que-hoy-habra-apertura-de-la-via-en-el-sur-del-cauca\/#primaryimage\"},\"thumbnailUrl\":\"https:\/\/luchonoticias.com\/wp-content\/uploads\/2023\/02\/230112-05-Visita-Municipio-Rosas-Cauca-1280-1024x576.jpg\",\"articleSection\":[\"Destacado\",\"Nacional\"],\"inLanguage\":\"es\",\"potentialAction\":[{\"@type\":\"CommentAction\",\"name\":\"Comment\",\"target\":[\"https:\/\/luchonoticias.com\/editor\/ministro-de-transporte-confirma-que-hoy-habra-apertura-de-la-via-en-el-sur-del-cauca\/#respond\"]}]},{\"@type\":\"WebPage\",\"@id\":\"https:\/\/luchonoticias.com\/editor\/ministro-de-transporte-confirma-que-hoy-habra-apertura-de-la-via-en-el-sur-del-cauca\/\",\"url\":\"https:\/\/luchonoticias.com\/editor\/ministro-de-transporte-confirma-que-hoy-habra-apertura-de-la-via-en-el-sur-del-cauca\/\",\"name\":\"Ministro de Transporte confirma que hoy habr\u00e1 apertura de la v\u00eda en el sur del Cauca -\",\"isPartOf\":{\"@id\":\"https:\/\/luchonoticias.com\/editor\/#website\"},\"primaryImageOfPage\":{\"@id\":\"https:\/\/luchonoticias.com\/editor\/ministro-de-transporte-confirma-que-hoy-habra-apertura-de-la-via-en-el-sur-del-cauca\/#primaryimage\"},\"image\":{\"@id\":\"https:\/\/luchonoticias.com\/editor\/ministro-de-transporte-confirma-que-hoy-habra-apertura-de-la-via-en-el-sur-del-cauca\/#primaryimage\"},\"thumbnailUrl\":\"https:\/\/luchonoticias.com\/wp-content\/uploads\/2023\/02\/230112-05-Visita-Municipio-Rosas-Cauca-1280-1024x576.jpg\",\"datePublished\":\"2023-02-20T21:08:50+00:00\",\"dateModified\":\"2023-02-20T21:08:51+00:00\",\"breadcrumb\":{\"@id\":\"https:\/\/luchonoticias.com\/editor\/ministro-de-transporte-confirma-que-hoy-habra-apertura-de-la-via-en-el-sur-del-cauca\/#breadcrumb\"},\"inLanguage\":\"es\",\"potentialAction\":[{\"@type\":\"ReadAction\",\"target\":[\"https:\/\/luchonoticias.com\/editor\/ministro-de-transporte-confirma-que-hoy-habra-apertura-de-la-via-en-el-sur-del-cauca\/\"]}]},{\"@type\":\"ImageObject\",\"inLanguage\":\"es\",\"@id\":\"https:\/\/luchonoticias.com\/editor\/ministro-de-transporte-confirma-que-hoy-habra-apertura-de-la-via-en-el-sur-del-cauca\/#primaryimage\",\"url\":\"https:\/\/luchonoticias.com\/wp-content\/uploads\/2023\/02\/230112-05-Visita-Municipio-Rosas-Cauca-1280-1024x576.jpg\",\"contentUrl\":\"https:\/\/luchonoticias.com\/wp-content\/uploads\/2023\/02\/230112-05-Visita-Municipio-Rosas-Cauca-1280-1024x576.jpg\"},{\"@type\":\"BreadcrumbList\",\"@id\":\"https:\/\/luchonoticias.com\/editor\/ministro-de-transporte-confirma-que-hoy-habra-apertura-de-la-via-en-el-sur-del-cauca\/#breadcrumb\",\"itemListElement\":[{\"@type\":\"ListItem\",\"position\":1,\"name\":\"Portada\",\"item\":\"https:\/\/luchonoticias.com\/editor\/\"},{\"@type\":\"ListItem\",\"position\":2,\"name\":\"Ministro de Transporte confirma que hoy habr\u00e1 apertura de la v\u00eda en el sur del Cauca\"}]},{\"@type\":\"WebSite\",\"@id\":\"https:\/\/luchonoticias.com\/editor\/#website\",\"url\":\"https:\/\/luchonoticias.com\/editor\/\",\"name\":\"\",\"description\":\"\",\"publisher\":{\"@id\":\"https:\/\/luchonoticias.com\/editor\/#\/schema\/person\/7a7fd911f58561fd056dbac7b55af9cd\"},\"potentialAction\":[{\"@type\":\"SearchAction\",\"target\":{\"@type\":\"EntryPoint\",\"urlTemplate\":\"https:\/\/luchonoticias.com\/editor\/?s={search_term_string}\"},\"query-input\":{\"@type\":\"PropertyValueSpecification\",\"valueRequired\":true,\"valueName\":\"search_term_string\"}}],\"inLanguage\":\"es\"},{\"@type\":[\"Person\",\"Organization\"],\"@id\":\"https:\/\/luchonoticias.com\/editor\/#\/schema\/person\/7a7fd911f58561fd056dbac7b55af9cd\",\"name\":\"admin\",\"image\":{\"@type\":\"ImageObject\",\"inLanguage\":\"es\",\"@id\":\"https:\/\/luchonoticias.com\/editor\/#\/schema\/person\/image\/\",\"url\":\"https:\/\/luchonoticias.com\/editor\/wp-content\/uploads\/2024\/02\/cropped-cropped-logolu.webp\",\"contentUrl\":\"https:\/\/luchonoticias.com\/editor\/wp-content\/uploads\/2024\/02\/cropped-cropped-logolu.webp\",\"width\":382,\"height\":170,\"caption\":\"admin\"},\"logo\":{\"@id\":\"https:\/\/luchonoticias.com\/editor\/#\/schema\/person\/image\/\"},\"sameAs\":[\"https:\/\/www.facebook.com\/luchonoticiasneiva\"]},{\"@type\":\"Person\",\"@id\":\"https:\/\/luchonoticias.com\/editor\/#\/schema\/person\/29217990ddf6f14e35912b2866d591fb\",\"name\":\"Editor General\",\"image\":{\"@type\":\"ImageObject\",\"inLanguage\":\"es\",\"@id\":\"https:\/\/luchonoticias.com\/editor\/#\/schema\/person\/image\/\",\"url\":\"https:\/\/luchonoticias.com\/editor\/wp-content\/uploads\/2024\/02\/cropped-cropped-logolu-150x150.webp\",\"contentUrl\":\"https:\/\/luchonoticias.com\/editor\/wp-content\/uploads\/2024\/02\/cropped-cropped-logolu-150x150.webp\",\"caption\":\"Editor General\"},\"sameAs\":[\"https:\/\/luchonoticias.com\/\"],\"url\":\"https:\/\/luchonoticias.com\/editor\/author\/editor-general\/\"}]}<\/script>\n<!-- \/ Yoast SEO plugin. -->","yoast_head_json":{"title":"Ministro de Transporte confirma que hoy habr\u00e1 apertura de la v\u00eda en el sur del Cauca -","robots":{"index":"index","follow":"follow","max-snippet":"max-snippet:-1","max-image-preview":"max-image-preview:large","max-video-preview":"max-video-preview:-1"},"canonical":"https:\/\/luchonoticias.com\/editor\/ministro-de-transporte-confirma-que-hoy-habra-apertura-de-la-via-en-el-sur-del-cauca\/","og_locale":"es_ES","og_type":"article","og_title":"Ministro de Transporte confirma que hoy habr\u00e1 apertura de la v\u00eda en el sur del Cauca -","og_url":"https:\/\/luchonoticias.com\/editor\/ministro-de-transporte-confirma-que-hoy-habra-apertura-de-la-via-en-el-sur-del-cauca\/","article_publisher":"https:\/\/www.facebook.com\/luchonoticiasneiva","article_published_time":"2023-02-20T21:08:50+00:00","article_modified_time":"2023-02-20T21:08:51+00:00","og_image":[{"url":"https:\/\/luchonoticias.com\/wp-content\/uploads\/2023\/02\/230112-05-Visita-Municipio-Rosas-Cauca-1280-1024x576.jpg","type":"","width":"","height":""}],"author":"Editor General","twitter_card":"summary_large_image","twitter_misc":{"Escrito por":"Editor General","Tiempo de lectura":"2 minutos"},"schema":{"@context":"https:\/\/schema.org","@graph":[{"@type":"Article","@id":"https:\/\/luchonoticias.com\/editor\/ministro-de-transporte-confirma-que-hoy-habra-apertura-de-la-via-en-el-sur-del-cauca\/#article","isPartOf":{"@id":"https:\/\/luchonoticias.com\/editor\/ministro-de-transporte-confirma-que-hoy-habra-apertura-de-la-via-en-el-sur-del-cauca\/"},"author":{"name":"Editor General","@id":"https:\/\/luchonoticias.com\/editor\/#\/schema\/person\/29217990ddf6f14e35912b2866d591fb"},"headline":"Ministro de Transporte confirma que hoy habr\u00e1 apertura de la v\u00eda en el sur del Cauca","datePublished":"2023-02-20T21:08:50+00:00","dateModified":"2023-02-20T21:08:51+00:00","mainEntityOfPage":{"@id":"https:\/\/luchonoticias.com\/editor\/ministro-de-transporte-confirma-que-hoy-habra-apertura-de-la-via-en-el-sur-del-cauca\/"},"wordCount":415,"commentCount":0,"publisher":{"@id":"https:\/\/luchonoticias.com\/editor\/#\/schema\/person\/7a7fd911f58561fd056dbac7b55af9cd"},"image":{"@id":"https:\/\/luchonoticias.com\/editor\/ministro-de-transporte-confirma-que-hoy-habra-apertura-de-la-via-en-el-sur-del-cauca\/#primaryimage"},"thumbnailUrl":"https:\/\/luchonoticias.com\/wp-content\/uploads\/2023\/02\/230112-05-Visita-Municipio-Rosas-Cauca-1280-1024x576.jpg","articleSection":["Destacado","Nacional"],"inLanguage":"es","potentialAction":[{"@type":"CommentAction","name":"Comment","target":["https:\/\/luchonoticias.com\/editor\/ministro-de-transporte-confirma-que-hoy-habra-apertura-de-la-via-en-el-sur-del-cauca\/#respond"]}]},{"@type":"WebPage","@id":"https:\/\/luchonoticias.com\/editor\/ministro-de-transporte-confirma-que-hoy-habra-apertura-de-la-via-en-el-sur-del-cauca\/","url":"https:\/\/luchonoticias.com\/editor\/ministro-de-transporte-confirma-que-hoy-habra-apertura-de-la-via-en-el-sur-del-cauca\/","name":"Ministro de Transporte confirma que hoy habr\u00e1 apertura de la v\u00eda en el sur del Cauca -","isPartOf":{"@id":"https:\/\/luchonoticias.com\/editor\/#website"},"primaryImageOfPage":{"@id":"https:\/\/luchonoticias.com\/editor\/ministro-de-transporte-confirma-que-hoy-habra-apertura-de-la-via-en-el-sur-del-cauca\/#primaryimage"},"image":{"@id":"https:\/\/luchonoticias.com\/editor\/ministro-de-transporte-confirma-que-hoy-habra-apertura-de-la-via-en-el-sur-del-cauca\/#primaryimage"},"thumbnailUrl":"https:\/\/luchonoticias.com\/wp-content\/uploads\/2023\/02\/230112-05-Visita-Municipio-Rosas-Cauca-1280-1024x576.jpg","datePublished":"2023-02-20T21:08:50+00:00","dateModified":"2023-02-20T21:08:51+00:00","breadcrumb":{"@id":"https:\/\/luchonoticias.com\/editor\/ministro-de-transporte-confirma-que-hoy-habra-apertura-de-la-via-en-el-sur-del-cauca\/#breadcrumb"},"inLanguage":"es","potentialAction":[{"@type":"ReadAction","target":["https:\/\/luchonoticias.com\/editor\/ministro-de-transporte-confirma-que-hoy-habra-apertura-de-la-via-en-el-sur-del-cauca\/"]}]},{"@type":"ImageObject","inLanguage":"es","@id":"https:\/\/luchonoticias.com\/editor\/ministro-de-transporte-confirma-que-hoy-habra-apertura-de-la-via-en-el-sur-del-cauca\/#primaryimage","url":"https:\/\/luchonoticias.com\/wp-content\/uploads\/2023\/02\/230112-05-Visita-Municipio-Rosas-Cauca-1280-1024x576.jpg","contentUrl":"https:\/\/luchonoticias.com\/wp-content\/uploads\/2023\/02\/230112-05-Visita-Municipio-Rosas-Cauca-1280-1024x576.jpg"},{"@type":"BreadcrumbList","@id":"https:\/\/luchonoticias.com\/editor\/ministro-de-transporte-confirma-que-hoy-habra-apertura-de-la-via-en-el-sur-del-cauca\/#breadcrumb","itemListElement":[{"@type":"ListItem","position":1,"name":"Portada","item":"https:\/\/luchonoticias.com\/editor\/"},{"@type":"ListItem","position":2,"name":"Ministro de Transporte confirma que hoy habr\u00e1 apertura de la v\u00eda en el sur del Cauca"}]},{"@type":"WebSite","@id":"https:\/\/luchonoticias.com\/editor\/#website","url":"https:\/\/luchonoticias.com\/editor\/","name":"","description":"","publisher":{"@id":"https:\/\/luchonoticias.com\/editor\/#\/schema\/person\/7a7fd911f58561fd056dbac7b55af9cd"},"potentialAction":[{"@type":"SearchAction","target":{"@type":"EntryPoint","urlTemplate":"https:\/\/luchonoticias.com\/editor\/?s={search_term_string}"},"query-input":{"@type":"PropertyValueSpecification","valueRequired":true,"valueName":"search_term_string"}}],"inLanguage":"es"},{"@type":["Person","Organization"],"@id":"https:\/\/luchonoticias.com\/editor\/#\/schema\/person\/7a7fd911f58561fd056dbac7b55af9cd","name":"admin","image":{"@type":"ImageObject","inLanguage":"es","@id":"https:\/\/luchonoticias.com\/editor\/#\/schema\/person\/image\/","url":"https:\/\/luchonoticias.com\/editor\/wp-content\/uploads\/2024\/02\/cropped-cropped-logolu.webp","contentUrl":"https:\/\/luchonoticias.com\/editor\/wp-content\/uploads\/2024\/02\/cropped-cropped-logolu.webp","width":382,"height":170,"caption":"admin"},"logo":{"@id":"https:\/\/luchonoticias.com\/editor\/#\/schema\/person\/image\/"},"sameAs":["https:\/\/www.facebook.com\/luchonoticiasneiva"]},{"@type":"Person","@id":"https:\/\/luchonoticias.com\/editor\/#\/schema\/person\/29217990ddf6f14e35912b2866d591fb","name":"Editor General","image":{"@type":"ImageObject","inLanguage":"es","@id":"https:\/\/luchonoticias.com\/editor\/#\/schema\/person\/image\/","url":"https:\/\/luchonoticias.com\/editor\/wp-content\/uploads\/2024\/02\/cropped-cropped-logolu-150x150.webp","contentUrl":"https:\/\/luchonoticias.com\/editor\/wp-content\/uploads\/2024\/02\/cropped-cropped-logolu-150x150.webp","caption":"Editor General"},"sameAs":["https:\/\/luchonoticias.com\/"],"url":"https:\/\/luchonoticias.com\/editor\/author\/editor-general\/"}]}},"_links":{"self":[{"href":"https:\/\/luchonoticias.com\/editor\/wp-json\/wp\/v2\/posts\/46618","targetHints":{"allow":["GET"]}}],"collection":[{"href":"https:\/\/luchonoticias.com\/editor\/wp-json\/wp\/v2\/posts"}],"about":[{"href":"https:\/\/luchonoticias.com\/editor\/wp-json\/wp\/v2\/types\/post"}],"author":[{"embeddable":true,"href":"https:\/\/luchonoticias.com\/editor\/wp-json\/wp\/v2\/users\/2"}],"replies":[{"embeddable":true,"href":"https:\/\/luchonoticias.com\/editor\/wp-json\/wp\/v2\/comments?post=46618"}],"version-history":[{"count":0,"href":"https:\/\/luchonoticias.com\/editor\/wp-json\/wp\/v2\/posts\/46618\/revisions"}],"wp:attachment":[{"href":"https:\/\/luchonoticias.com\/editor\/wp-json\/wp\/v2\/media?parent=46618"}],"wp:term":[{"taxonomy":"category","embeddable":true,"href":"https:\/\/luchonoticias.com\/editor\/wp-json\/wp\/v2\/categories?post=46618"},{"taxonomy":"post_tag","embeddable":true,"href":"https:\/\/luchonoticias.com\/editor\/wp-json\/wp\/v2\/tags?post=46618"}],"curies":[{"name":"wp","href":"https:\/\/api.w.org\/{rel}","templated":true}]}}