{"id":46622,"date":"2023-02-20T16:11:31","date_gmt":"2023-02-20T21:11:31","guid":{"rendered":"https:\/\/luchonoticias.com\/?p=46622"},"modified":"2023-02-20T16:38:17","modified_gmt":"2023-02-20T21:38:17","slug":"gobierno-nacional-priorizara-a-los-mas-vulnerables-y-a-los-territorios-mas-apartados-en-el-programa-mi-casa","status":"publish","type":"post","link":"https:\/\/luchonoticias.com\/editor\/gobierno-nacional-priorizara-a-los-mas-vulnerables-y-a-los-territorios-mas-apartados-en-el-programa-mi-casa\/","title":{"rendered":"Gobierno Nacional priorizar\u00e1 a los m\u00e1s vulnerables y territorios m\u00e1s apartados en el programa Mi Casa Ya"},"content":{"rendered":"\n<p>La Ministra de Vivienda, Ciudad y Territorio, Catalina Velasco, dio a conocer este lunes en el informativo Colombia Hoy Radio los nuevos ajustes relacionados con el programa Mi Casa Ya, que seguir\u00e1 operando en el pa\u00eds manteniendo los mismos beneficios, pero ahora se focalizar\u00e1 en el Sisb\u00e9n y, adem\u00e1s, ser\u00e1n priorizadas las v\u00edctimas del conflicto armado, las comunidades con enfoque diferencial y las construcciones de los municipios de categor\u00eda, 3,4,5 y 6.<\/p>\n\n\n\n<p>\u201cMi Casa Ya es un programa muy importante para la pol\u00edtica de vivienda social, que comenz\u00f3 hace m\u00e1s de 8 a\u00f1os, en el 2015, y que tiene como prop\u00f3sito ofrecer subsidios de vivienda a las personas que ya han avanzo con un ahorro, con un cr\u00e9dito, que ya tienen un negocio inmobiliario para una vivienda de inter\u00e9s social o de inter\u00e9s prioritario. Hemos hecho unos ajustes, porque creemos que lo bueno se puede mejorar\u201d, indic\u00f3 la Ministra en el informativo de la Presidencia.<\/p>\n\n\n\n<p>Agreg\u00f3 que dichos ajustes est\u00e1s soportados en las pol\u00edticas del Gobierno del Cambio, que busca llegar con soluciones de vivienda a los territorios m\u00e1s apartados y a las familias m\u00e1s pobres.<\/p>\n\n\n\n<h3 class=\"wp-block-heading\">Se utilizar\u00e1 la encuesta Sisb\u00e9n<\/h3>\n\n\n\n<p>\u201cVamos a utilizar la encuesta Sisb\u00e9n, que es el instrumento del Estado colombiano para orientar los recursos p\u00fablicos en sus programas sociales, que es efectivo y que puede medir cu\u00e1les son los ingresos de todo el hogar y esto ha sido muy bien recibido por toda la ciudadan\u00eda\u201d, indic\u00f3 la titular de la cartera de Vivienda.<\/p>\n\n\n\n<p>Adem\u00e1s, el hogar interesado debe estar registrado en el Sisb\u00e9n IV, y tener una clasificaci\u00f3n igual o inferior a D11 para hogares urbanos y D20 para hogares rurales.<\/p>\n\n\n\n<p>Asimismo, la Ministra de Vivienda explic\u00f3 que la otra modificaci\u00f3n consiste en que el Gobierno les dar\u00e1 prioridad a las construcciones de los municipios de categor\u00eda, 3,4,5 y 6.<\/p>\n\n\n\n<p>\u201cHab\u00edamos identificado que el grueso de los subsidios se concentraba en Cali y sus alrededores; en Barranquilla, los municipios cercanos y el \u00c1rea Metropolitana de Bogot\u00e1. Por supuesto, las ciudades intermedias y los peque\u00f1os municipios, que tambi\u00e9n tienen necesidad de soluciones de vivienda, nos reclamaban con justicia que cu\u00e1ndo van a llegar los subsidios, entre ellos Riohacha, Popay\u00e1n, Valledupar\u201d, asever\u00f3.<\/p>\n\n\n\n<p>La Ministra Velasco anunci\u00f3, igualmente, que para los subsidios de vivienda ser\u00e1n priorizadas \u201clas familias v\u00edctimas del conflicto armado, las comunidades con enfoque diferencial, vamos a incluir la vivienda rural, vamos a privilegiar la vivienda de inter\u00e9s prioritario, que tiene un precio inferior de hasta 90 salarios m\u00ednimos\u201d.<\/p>\n\n\n\n<p>Recalc\u00f3 que lo anterior permite que \u201clas familias compren una vivienda con una menor carga hipotecaria, con unas cuotas mensuales inferiores; realmente hay una gran transformaci\u00f3n para llegar a los territorios m\u00e1s alejados\u201d.<\/p>\n\n\n\n<p>Finalmente, la Ministra fue enf\u00e1tica en decir que las familias que ya vienen avanzando a\u00f1os atr\u00e1s en el proceso de Mi Casa Ya ser\u00e1n las primeras en recibir el subsidio: \u201cA las familias que ya vienen en el proceso quiero enviarles un mensaje de tranquilidad\u201d.<\/p>\n","protected":false},"excerpt":{"rendered":"<p>La Ministra de Vivienda, Ciudad y Territorio, Catalina Velasco, dio a conocer este lunes en el informativo Colombia Hoy Radio los nuevos ajustes relacionados con el programa Mi Casa Ya, que seguir\u00e1 operando en el pa\u00eds manteniendo los mismos beneficios, pero ahora se focalizar\u00e1 en el Sisb\u00e9n y, adem\u00e1s, ser\u00e1n priorizadas las v\u00edctimas del conflicto [&hellip;]<\/p>\n","protected":false},"author":2,"featured_media":0,"comment_status":"open","ping_status":"open","sticky":false,"template":"","format":"standard","meta":{"footnotes":""},"categories":[28,36],"tags":[],"class_list":["post-46622","post","type-post","status-publish","format-standard","hentry","category-actualidad","category-destacado"],"yoast_head":"<!-- This site is optimized with the Yoast SEO plugin v26.6 - https:\/\/yoast.com\/wordpress\/plugins\/seo\/ -->\n<title>Gobierno Nacional priorizar\u00e1 a los m\u00e1s vulnerables y territorios m\u00e1s apartados en el programa Mi Casa Ya -<\/title>\n<meta name=\"robots\" content=\"index, follow, max-snippet:-1, max-image-preview:large, max-video-preview:-1\" \/>\n<link rel=\"canonical\" href=\"https:\/\/luchonoticias.com\/editor\/gobierno-nacional-priorizara-a-los-mas-vulnerables-y-a-los-territorios-mas-apartados-en-el-programa-mi-casa\/\" \/>\n<meta property=\"og:locale\" content=\"es_ES\" \/>\n<meta property=\"og:type\" content=\"article\" \/>\n<meta property=\"og:title\" content=\"Gobierno Nacional priorizar\u00e1 a los m\u00e1s vulnerables y territorios m\u00e1s apartados en el programa Mi Casa Ya -\" \/>\n<meta property=\"og:url\" content=\"https:\/\/luchonoticias.com\/editor\/gobierno-nacional-priorizara-a-los-mas-vulnerables-y-a-los-territorios-mas-apartados-en-el-programa-mi-casa\/\" \/>\n<meta property=\"article:publisher\" content=\"https:\/\/www.facebook.com\/luchonoticiasneiva\" \/>\n<meta property=\"article:published_time\" content=\"2023-02-20T21:11:31+00:00\" \/>\n<meta property=\"article:modified_time\" content=\"2023-02-20T21:38:17+00:00\" \/>\n<meta name=\"author\" content=\"Editor General\" \/>\n<meta name=\"twitter:card\" content=\"summary_large_image\" \/>\n<meta name=\"twitter:label1\" content=\"Escrito por\" \/>\n\t<meta name=\"twitter:data1\" content=\"Editor General\" \/>\n\t<meta name=\"twitter:label2\" content=\"Tiempo de lectura\" \/>\n\t<meta name=\"twitter:data2\" content=\"3 minutos\" \/>\n<script type=\"application\/ld+json\" class=\"yoast-schema-graph\">{\"@context\":\"https:\/\/schema.org\",\"@graph\":[{\"@type\":\"Article\",\"@id\":\"https:\/\/luchonoticias.com\/editor\/gobierno-nacional-priorizara-a-los-mas-vulnerables-y-a-los-territorios-mas-apartados-en-el-programa-mi-casa\/#article\",\"isPartOf\":{\"@id\":\"https:\/\/luchonoticias.com\/editor\/gobierno-nacional-priorizara-a-los-mas-vulnerables-y-a-los-territorios-mas-apartados-en-el-programa-mi-casa\/\"},\"author\":{\"name\":\"Editor General\",\"@id\":\"https:\/\/luchonoticias.com\/editor\/#\/schema\/person\/29217990ddf6f14e35912b2866d591fb\"},\"headline\":\"Gobierno Nacional priorizar\u00e1 a los m\u00e1s vulnerables y territorios m\u00e1s apartados en el programa Mi Casa Ya\",\"datePublished\":\"2023-02-20T21:11:31+00:00\",\"dateModified\":\"2023-02-20T21:38:17+00:00\",\"mainEntityOfPage\":{\"@id\":\"https:\/\/luchonoticias.com\/editor\/gobierno-nacional-priorizara-a-los-mas-vulnerables-y-a-los-territorios-mas-apartados-en-el-programa-mi-casa\/\"},\"wordCount\":544,\"commentCount\":0,\"publisher\":{\"@id\":\"https:\/\/luchonoticias.com\/editor\/#\/schema\/person\/7a7fd911f58561fd056dbac7b55af9cd\"},\"articleSection\":[\"Actualidad\",\"Destacado\"],\"inLanguage\":\"es\",\"potentialAction\":[{\"@type\":\"CommentAction\",\"name\":\"Comment\",\"target\":[\"https:\/\/luchonoticias.com\/editor\/gobierno-nacional-priorizara-a-los-mas-vulnerables-y-a-los-territorios-mas-apartados-en-el-programa-mi-casa\/#respond\"]}]},{\"@type\":\"WebPage\",\"@id\":\"https:\/\/luchonoticias.com\/editor\/gobierno-nacional-priorizara-a-los-mas-vulnerables-y-a-los-territorios-mas-apartados-en-el-programa-mi-casa\/\",\"url\":\"https:\/\/luchonoticias.com\/editor\/gobierno-nacional-priorizara-a-los-mas-vulnerables-y-a-los-territorios-mas-apartados-en-el-programa-mi-casa\/\",\"name\":\"Gobierno Nacional priorizar\u00e1 a los m\u00e1s vulnerables y territorios m\u00e1s apartados en el programa Mi Casa Ya -\",\"isPartOf\":{\"@id\":\"https:\/\/luchonoticias.com\/editor\/#website\"},\"datePublished\":\"2023-02-20T21:11:31+00:00\",\"dateModified\":\"2023-02-20T21:38:17+00:00\",\"breadcrumb\":{\"@id\":\"https:\/\/luchonoticias.com\/editor\/gobierno-nacional-priorizara-a-los-mas-vulnerables-y-a-los-territorios-mas-apartados-en-el-programa-mi-casa\/#breadcrumb\"},\"inLanguage\":\"es\",\"potentialAction\":[{\"@type\":\"ReadAction\",\"target\":[\"https:\/\/luchonoticias.com\/editor\/gobierno-nacional-priorizara-a-los-mas-vulnerables-y-a-los-territorios-mas-apartados-en-el-programa-mi-casa\/\"]}]},{\"@type\":\"BreadcrumbList\",\"@id\":\"https:\/\/luchonoticias.com\/editor\/gobierno-nacional-priorizara-a-los-mas-vulnerables-y-a-los-territorios-mas-apartados-en-el-programa-mi-casa\/#breadcrumb\",\"itemListElement\":[{\"@type\":\"ListItem\",\"position\":1,\"name\":\"Portada\",\"item\":\"https:\/\/luchonoticias.com\/editor\/\"},{\"@type\":\"ListItem\",\"position\":2,\"name\":\"Gobierno Nacional priorizar\u00e1 a los m\u00e1s vulnerables y territorios m\u00e1s apartados en el programa Mi Casa Ya\"}]},{\"@type\":\"WebSite\",\"@id\":\"https:\/\/luchonoticias.com\/editor\/#website\",\"url\":\"https:\/\/luchonoticias.com\/editor\/\",\"name\":\"\",\"description\":\"\",\"publisher\":{\"@id\":\"https:\/\/luchonoticias.com\/editor\/#\/schema\/person\/7a7fd911f58561fd056dbac7b55af9cd\"},\"potentialAction\":[{\"@type\":\"SearchAction\",\"target\":{\"@type\":\"EntryPoint\",\"urlTemplate\":\"https:\/\/luchonoticias.com\/editor\/?s={search_term_string}\"},\"query-input\":{\"@type\":\"PropertyValueSpecification\",\"valueRequired\":true,\"valueName\":\"search_term_string\"}}],\"inLanguage\":\"es\"},{\"@type\":[\"Person\",\"Organization\"],\"@id\":\"https:\/\/luchonoticias.com\/editor\/#\/schema\/person\/7a7fd911f58561fd056dbac7b55af9cd\",\"name\":\"admin\",\"image\":{\"@type\":\"ImageObject\",\"inLanguage\":\"es\",\"@id\":\"https:\/\/luchonoticias.com\/editor\/#\/schema\/person\/image\/\",\"url\":\"https:\/\/luchonoticias.com\/editor\/wp-content\/uploads\/2024\/02\/cropped-cropped-logolu.webp\",\"contentUrl\":\"https:\/\/luchonoticias.com\/editor\/wp-content\/uploads\/2024\/02\/cropped-cropped-logolu.webp\",\"width\":382,\"height\":170,\"caption\":\"admin\"},\"logo\":{\"@id\":\"https:\/\/luchonoticias.com\/editor\/#\/schema\/person\/image\/\"},\"sameAs\":[\"https:\/\/www.facebook.com\/luchonoticiasneiva\"]},{\"@type\":\"Person\",\"@id\":\"https:\/\/luchonoticias.com\/editor\/#\/schema\/person\/29217990ddf6f14e35912b2866d591fb\",\"name\":\"Editor General\",\"image\":{\"@type\":\"ImageObject\",\"inLanguage\":\"es\",\"@id\":\"https:\/\/luchonoticias.com\/editor\/#\/schema\/person\/image\/\",\"url\":\"https:\/\/luchonoticias.com\/editor\/wp-content\/uploads\/2024\/02\/cropped-cropped-logolu-150x150.webp\",\"contentUrl\":\"https:\/\/luchonoticias.com\/editor\/wp-content\/uploads\/2024\/02\/cropped-cropped-logolu-150x150.webp\",\"caption\":\"Editor General\"},\"sameAs\":[\"https:\/\/luchonoticias.com\/\"],\"url\":\"https:\/\/luchonoticias.com\/editor\/author\/editor-general\/\"}]}<\/script>\n<!-- \/ Yoast SEO plugin. -->","yoast_head_json":{"title":"Gobierno Nacional priorizar\u00e1 a los m\u00e1s vulnerables y territorios m\u00e1s apartados en el programa Mi Casa Ya -","robots":{"index":"index","follow":"follow","max-snippet":"max-snippet:-1","max-image-preview":"max-image-preview:large","max-video-preview":"max-video-preview:-1"},"canonical":"https:\/\/luchonoticias.com\/editor\/gobierno-nacional-priorizara-a-los-mas-vulnerables-y-a-los-territorios-mas-apartados-en-el-programa-mi-casa\/","og_locale":"es_ES","og_type":"article","og_title":"Gobierno Nacional priorizar\u00e1 a los m\u00e1s vulnerables y territorios m\u00e1s apartados en el programa Mi Casa Ya -","og_url":"https:\/\/luchonoticias.com\/editor\/gobierno-nacional-priorizara-a-los-mas-vulnerables-y-a-los-territorios-mas-apartados-en-el-programa-mi-casa\/","article_publisher":"https:\/\/www.facebook.com\/luchonoticiasneiva","article_published_time":"2023-02-20T21:11:31+00:00","article_modified_time":"2023-02-20T21:38:17+00:00","author":"Editor General","twitter_card":"summary_large_image","twitter_misc":{"Escrito por":"Editor General","Tiempo de lectura":"3 minutos"},"schema":{"@context":"https:\/\/schema.org","@graph":[{"@type":"Article","@id":"https:\/\/luchonoticias.com\/editor\/gobierno-nacional-priorizara-a-los-mas-vulnerables-y-a-los-territorios-mas-apartados-en-el-programa-mi-casa\/#article","isPartOf":{"@id":"https:\/\/luchonoticias.com\/editor\/gobierno-nacional-priorizara-a-los-mas-vulnerables-y-a-los-territorios-mas-apartados-en-el-programa-mi-casa\/"},"author":{"name":"Editor General","@id":"https:\/\/luchonoticias.com\/editor\/#\/schema\/person\/29217990ddf6f14e35912b2866d591fb"},"headline":"Gobierno Nacional priorizar\u00e1 a los m\u00e1s vulnerables y territorios m\u00e1s apartados en el programa Mi Casa Ya","datePublished":"2023-02-20T21:11:31+00:00","dateModified":"2023-02-20T21:38:17+00:00","mainEntityOfPage":{"@id":"https:\/\/luchonoticias.com\/editor\/gobierno-nacional-priorizara-a-los-mas-vulnerables-y-a-los-territorios-mas-apartados-en-el-programa-mi-casa\/"},"wordCount":544,"commentCount":0,"publisher":{"@id":"https:\/\/luchonoticias.com\/editor\/#\/schema\/person\/7a7fd911f58561fd056dbac7b55af9cd"},"articleSection":["Actualidad","Destacado"],"inLanguage":"es","potentialAction":[{"@type":"CommentAction","name":"Comment","target":["https:\/\/luchonoticias.com\/editor\/gobierno-nacional-priorizara-a-los-mas-vulnerables-y-a-los-territorios-mas-apartados-en-el-programa-mi-casa\/#respond"]}]},{"@type":"WebPage","@id":"https:\/\/luchonoticias.com\/editor\/gobierno-nacional-priorizara-a-los-mas-vulnerables-y-a-los-territorios-mas-apartados-en-el-programa-mi-casa\/","url":"https:\/\/luchonoticias.com\/editor\/gobierno-nacional-priorizara-a-los-mas-vulnerables-y-a-los-territorios-mas-apartados-en-el-programa-mi-casa\/","name":"Gobierno Nacional priorizar\u00e1 a los m\u00e1s vulnerables y territorios m\u00e1s apartados en el programa Mi Casa Ya -","isPartOf":{"@id":"https:\/\/luchonoticias.com\/editor\/#website"},"datePublished":"2023-02-20T21:11:31+00:00","dateModified":"2023-02-20T21:38:17+00:00","breadcrumb":{"@id":"https:\/\/luchonoticias.com\/editor\/gobierno-nacional-priorizara-a-los-mas-vulnerables-y-a-los-territorios-mas-apartados-en-el-programa-mi-casa\/#breadcrumb"},"inLanguage":"es","potentialAction":[{"@type":"ReadAction","target":["https:\/\/luchonoticias.com\/editor\/gobierno-nacional-priorizara-a-los-mas-vulnerables-y-a-los-territorios-mas-apartados-en-el-programa-mi-casa\/"]}]},{"@type":"BreadcrumbList","@id":"https:\/\/luchonoticias.com\/editor\/gobierno-nacional-priorizara-a-los-mas-vulnerables-y-a-los-territorios-mas-apartados-en-el-programa-mi-casa\/#breadcrumb","itemListElement":[{"@type":"ListItem","position":1,"name":"Portada","item":"https:\/\/luchonoticias.com\/editor\/"},{"@type":"ListItem","position":2,"name":"Gobierno Nacional priorizar\u00e1 a los m\u00e1s vulnerables y territorios m\u00e1s apartados en el programa Mi Casa Ya"}]},{"@type":"WebSite","@id":"https:\/\/luchonoticias.com\/editor\/#website","url":"https:\/\/luchonoticias.com\/editor\/","name":"","description":"","publisher":{"@id":"https:\/\/luchonoticias.com\/editor\/#\/schema\/person\/7a7fd911f58561fd056dbac7b55af9cd"},"potentialAction":[{"@type":"SearchAction","target":{"@type":"EntryPoint","urlTemplate":"https:\/\/luchonoticias.com\/editor\/?s={search_term_string}"},"query-input":{"@type":"PropertyValueSpecification","valueRequired":true,"valueName":"search_term_string"}}],"inLanguage":"es"},{"@type":["Person","Organization"],"@id":"https:\/\/luchonoticias.com\/editor\/#\/schema\/person\/7a7fd911f58561fd056dbac7b55af9cd","name":"admin","image":{"@type":"ImageObject","inLanguage":"es","@id":"https:\/\/luchonoticias.com\/editor\/#\/schema\/person\/image\/","url":"https:\/\/luchonoticias.com\/editor\/wp-content\/uploads\/2024\/02\/cropped-cropped-logolu.webp","contentUrl":"https:\/\/luchonoticias.com\/editor\/wp-content\/uploads\/2024\/02\/cropped-cropped-logolu.webp","width":382,"height":170,"caption":"admin"},"logo":{"@id":"https:\/\/luchonoticias.com\/editor\/#\/schema\/person\/image\/"},"sameAs":["https:\/\/www.facebook.com\/luchonoticiasneiva"]},{"@type":"Person","@id":"https:\/\/luchonoticias.com\/editor\/#\/schema\/person\/29217990ddf6f14e35912b2866d591fb","name":"Editor General","image":{"@type":"ImageObject","inLanguage":"es","@id":"https:\/\/luchonoticias.com\/editor\/#\/schema\/person\/image\/","url":"https:\/\/luchonoticias.com\/editor\/wp-content\/uploads\/2024\/02\/cropped-cropped-logolu-150x150.webp","contentUrl":"https:\/\/luchonoticias.com\/editor\/wp-content\/uploads\/2024\/02\/cropped-cropped-logolu-150x150.webp","caption":"Editor General"},"sameAs":["https:\/\/luchonoticias.com\/"],"url":"https:\/\/luchonoticias.com\/editor\/author\/editor-general\/"}]}},"_links":{"self":[{"href":"https:\/\/luchonoticias.com\/editor\/wp-json\/wp\/v2\/posts\/46622","targetHints":{"allow":["GET"]}}],"collection":[{"href":"https:\/\/luchonoticias.com\/editor\/wp-json\/wp\/v2\/posts"}],"about":[{"href":"https:\/\/luchonoticias.com\/editor\/wp-json\/wp\/v2\/types\/post"}],"author":[{"embeddable":true,"href":"https:\/\/luchonoticias.com\/editor\/wp-json\/wp\/v2\/users\/2"}],"replies":[{"embeddable":true,"href":"https:\/\/luchonoticias.com\/editor\/wp-json\/wp\/v2\/comments?post=46622"}],"version-history":[{"count":0,"href":"https:\/\/luchonoticias.com\/editor\/wp-json\/wp\/v2\/posts\/46622\/revisions"}],"wp:attachment":[{"href":"https:\/\/luchonoticias.com\/editor\/wp-json\/wp\/v2\/media?parent=46622"}],"wp:term":[{"taxonomy":"category","embeddable":true,"href":"https:\/\/luchonoticias.com\/editor\/wp-json\/wp\/v2\/categories?post=46622"},{"taxonomy":"post_tag","embeddable":true,"href":"https:\/\/luchonoticias.com\/editor\/wp-json\/wp\/v2\/tags?post=46622"}],"curies":[{"name":"wp","href":"https:\/\/api.w.org\/{rel}","templated":true}]}}