{"id":46649,"date":"2023-02-21T07:05:58","date_gmt":"2023-02-21T12:05:58","guid":{"rendered":"https:\/\/luchonoticias.com\/?p=46649"},"modified":"2023-02-21T07:05:59","modified_gmt":"2023-02-21T12:05:59","slug":"fiscal-francisco-barbosa-plantea-observaciones-al-proyecto-de-ley-de-sometimiento-a-la-justicia","status":"publish","type":"post","link":"https:\/\/luchonoticias.com\/editor\/fiscal-francisco-barbosa-plantea-observaciones-al-proyecto-de-ley-de-sometimiento-a-la-justicia\/","title":{"rendered":"Fiscal Francisco Barbosa, plantea observaciones al proyecto de ley de sometimiento a la justicia"},"content":{"rendered":"\n<p>El Fiscal General de la Naci\u00f3n, Francisco Barbosa Delgado, sostuvo una reuni\u00f3n con el Presidente de la Rep\u00fablica, Gustavo Petro Urrego, en la que le plante\u00f3 nueve observaciones al proyecto de ley de sometimiento a la justicia, con el que el Gobierno Nacional busca involucrar organizaciones criminales y grupos narcotraficantes en lo que se ha denominado \u2018paz total\u2019.<\/p>\n\n\n\n<p>1. La Fiscal\u00eda en su integridad debe asumir la investigaci\u00f3n y ejercer la acci\u00f3n penal sobre las personas que manifiesten su voluntad de sometimiento, y no deber\u00eda limitarse este ejercicio a la Unidad Especial de Investigaci\u00f3n (UEI), como est\u00e1 contemplado en el texto del proyecto.<\/p>\n\n\n\n<p>Esta dependencia fue creada al amparo del Acuerdo de Paz de La Habana, por lo que cualquier atribuci\u00f3n adicional que se le imponga excede el mandato constitucional que sent\u00f3 sus bases de funcionamiento.<\/p>\n\n\n\n<p>\u201cLa Fiscal\u00eda General de la Naci\u00f3n es la que aplicar\u00e1 el proyecto de sometimiento a la justicia, no una unidad especial dentro de la Fiscal\u00eda. Es la Fiscal\u00eda General de la Naci\u00f3n la que la aplicar\u00e1 en su integralidad, es decir, todas las unidades de la Fiscal\u00eda trabajaran en eso\u201d, solicit\u00f3 el Fiscal Barbosa Delgado.<\/p>\n\n\n\n<p>2. Mayores tiempos procesales, en el entendido de que el Gobierno Nacional propone t\u00e9rminos cortos que imposibilitan un estudio profundo y una investigaci\u00f3n detallada que permita acceder a la verdad.<\/p>\n\n\n\n<p>\u201cNo nos permiten hacer corroboraci\u00f3n y contrastaci\u00f3n probatoria. \u00bfQu\u00e9 significa eso? Que una vez se den las actas individuales y colectivas de sujeci\u00f3n que se tienen que firmar ante el Alto Comisionado para la Paz nosotros tenemos que tener tiempos suficientes para contrastar esa informaci\u00f3n con lo que ellos dicen, pero tambi\u00e9n con lo que nosotros tenemos sobre ellos para saber si hay verdad o no hay verdad, si se aprueban o no se aprueban esas personas o si est\u00e1n diciendo mentiras o no\u201d, explic\u00f3 el Fiscal General de la Naci\u00f3n.<\/p>\n\n\n\n<p>3. No limitar las formulaciones de imputaci\u00f3n. La Fiscal\u00eda debe tener la potestad de investigar otras conductas que no sean puestas en conocimiento por las personas que se sometan.<\/p>\n\n\n\n<p>\u201cLas imputaciones no se pueden limitar solamente a las actas que firman all\u00e1. Las imputaciones as\u00ed excluyen conductas que no estar\u00edan reconocidas en la imputaci\u00f3n y que est\u00e1n en la Fiscal\u00eda. Por ejemplo, delitos que se hubiesen cometido, que nosotros sepamos pero que ellos no digan en el acta entonces implicar\u00eda que nosotros continuemos la investigaci\u00f3n penal as\u00ed ellos hubiesen firmado un acta\u201d, detall\u00f3 el Fiscal General.<\/p>\n\n\n\n<p>4. Topes en extinci\u00f3n de dominio, es decir, que los bienes afectados con medidas cautelares, que est\u00e9n vinculados a procesos ante los jueces o a cargo de la Sociedad de Activos Especiales (SAE) no pueden hacer parte de las negociaciones de las organizaciones criminales. De esta manera, debe garantizarse que presenten bienes que no est\u00e9n afectados.<\/p>\n\n\n\n<p>\u201cLos topes de extinci\u00f3n de dominio ajustarlos al C\u00f3digo de Extinci\u00f3n de Dominio, art\u00edculo 133. Se\u00f1alar que bienes que ya tiene la justicia no hacen parte de lo que ellos van a entregar porque ya los tenemos. Es decir, 26 billones de pesos ya no entran dentro de eso porque eso hace parte de lo que la justicia colombiana ha hecho en los \u00faltimos tres a\u00f1os en esta Fiscal\u00eda\u201d, dijo el Fiscal Barbosa Delgado.<\/p>\n\n\n\n<p>5. La Fiscal\u00eda no debe aprobar listados ni verificar el cumplimiento de obligaciones, pues no es la funci\u00f3n constitucional que le fue asignada. A la Fiscal\u00eda le corresponde investigar.<\/p>\n\n\n\n<p>\u201cNo hace parte de nuestra funci\u00f3n constitucional, para poderlo decir, tendr\u00eda que modificar la Constituci\u00f3n Pol\u00edtica porque nuestra funci\u00f3n constitucional art\u00edculo 250, es la de ser la titular del ejercicio de la acci\u00f3n penal y se desv\u00eda de nuestra funci\u00f3n\u201d, asegur\u00f3 el Fiscal General de la Naci\u00f3n.<\/p>\n\n\n\n<p>6. La aplicaci\u00f3n total del principio de oportunidad, entendida como inmunidad penal, se debe otorgar luego de que el aspirante a este mecanismo cumpla todos sus compromisos de verdad y colaboraci\u00f3n efectiva.<\/p>\n\n\n\n<p>\u201c(\u2026) no se regala la zanahoria hasta tanto no se cumpla el compromiso de restauraci\u00f3n porque si uno da la zanahoria, pues se la comen antes. Entonces hay que dar la zanahoria, pero parcialmente. Cuando cumplan se las damos totalmente. Es decir, principio de oportunidad suspensivo\u201d, enfatiz\u00f3 el Fiscal Francisco Barbosa Delgado.<\/p>\n\n\n\n<p>7. Las v\u00edctimas deben ser protegidas. En el proyecto no existe una ruta de atenci\u00f3n, reconocimiento o reparaci\u00f3n a las v\u00edctimas.<\/p>\n\n\n\n<p>\u201cLas v\u00edctimas no pueden quedar desprotegidas. \u00bfQu\u00e9 quiere decir? Que el proyecto de ley no tiene esquema de reparaci\u00f3n de las v\u00edctimas ni el rol de las v\u00edctimas en el proceso\u00bb, se\u00f1al\u00f3 el Fiscal General.<\/p>\n\n\n\n<p>8. Respeto por el principio de cosa juzgada para no dar espacio a que se modifiquen o alteren sentencias que est\u00e1n en firme.<\/p>\n\n\n\n<p>\u201cVan a darse sentencias colectivas, pero dice el proyecto que si aparecen nuevos hechos atribuibles a personas que est\u00e1n en la sentencia, se abre la sentencia y se incluye el hecho atribuible. Es raro y nunca lo hab\u00eda visto desde mi funci\u00f3n como abogado. Sentencia que se produce, sentencia que se cierra, que queda ejecutoriada. Por ende, sentencia que se firm\u00f3 por parte de un juez, no puede desconoc\u00e9rsele su intangibilidad. Por eso, ese art\u00edculo, es un art\u00edculo que tiene que modificarse\u201d, indic\u00f3 el Fiscal General de la Naci\u00f3n.<\/p>\n\n\n\n<p>9. No aplicaci\u00f3n del principio de oportunidad al delito de concierto para delinquir por delitos graves, enti\u00e9ndase infracciones a los derechos humanos y a la dignidad de las v\u00edctimas.<\/p>\n\n\n\n<p>\u201cNo es posible aplicar principio de oportunidad, a nuestro juicio, frente al concierto para delinquir por delitos graves porque hay una sentencia de la Corte Constitucional que dice que el Estado no puede inhibirse frente a investigaciones de derechos humanos, y en estos casos esos conciertos para delinquir podr\u00edan estar implicando esas circunstancias\u201d, agreg\u00f3.<\/p>\n\n\n\n<p>El Fiscal General de la Naci\u00f3n, Francisco Barbosa Delgado, fue enf\u00e1tico en resaltar que estos nueve punto hacen parte del aporte decidido de la entidad para alcanzar la \u2018paz total\u2019. \u201cLo que queremos aqu\u00ed es ayudar, es empujar, como le dec\u00eda al Presidente de la Rep\u00fablica. Hacer una apuesta por la \u2018paz total\u2019, y es una apuesta, adem\u00e1s, del Gobierno que \u00e9l hace y por supuesto en la medida que nosotros podamos ser un instrumento de ayuda institucional para algunos de esos temas lo haremos\u201d, concluy\u00f3.<\/p>\n","protected":false},"excerpt":{"rendered":"<p>El Fiscal General de la Naci\u00f3n, Francisco Barbosa Delgado, sostuvo una reuni\u00f3n con el Presidente de la Rep\u00fablica, Gustavo Petro Urrego, en la que le plante\u00f3 nueve observaciones al proyecto de ley de sometimiento a la justicia, con el que el Gobierno Nacional busca involucrar organizaciones criminales y grupos narcotraficantes en lo que se ha [&hellip;]<\/p>\n","protected":false},"author":2,"featured_media":0,"comment_status":"open","ping_status":"open","sticky":false,"template":"","format":"standard","meta":{"footnotes":""},"categories":[36,32],"tags":[],"class_list":["post-46649","post","type-post","status-publish","format-standard","hentry","category-destacado","category-nacional"],"yoast_head":"<!-- This site is optimized with the Yoast SEO plugin v26.6 - https:\/\/yoast.com\/wordpress\/plugins\/seo\/ -->\n<title>Fiscal Francisco Barbosa, plantea observaciones al proyecto de ley de sometimiento a la justicia -<\/title>\n<meta name=\"robots\" content=\"index, follow, max-snippet:-1, max-image-preview:large, max-video-preview:-1\" \/>\n<link rel=\"canonical\" href=\"https:\/\/luchonoticias.com\/editor\/fiscal-francisco-barbosa-plantea-observaciones-al-proyecto-de-ley-de-sometimiento-a-la-justicia\/\" \/>\n<meta property=\"og:locale\" content=\"es_ES\" \/>\n<meta property=\"og:type\" content=\"article\" \/>\n<meta property=\"og:title\" content=\"Fiscal Francisco Barbosa, plantea observaciones al proyecto de ley de sometimiento a la justicia -\" \/>\n<meta property=\"og:url\" content=\"https:\/\/luchonoticias.com\/editor\/fiscal-francisco-barbosa-plantea-observaciones-al-proyecto-de-ley-de-sometimiento-a-la-justicia\/\" \/>\n<meta property=\"article:publisher\" content=\"https:\/\/www.facebook.com\/luchonoticiasneiva\" \/>\n<meta property=\"article:published_time\" content=\"2023-02-21T12:05:58+00:00\" \/>\n<meta property=\"article:modified_time\" content=\"2023-02-21T12:05:59+00:00\" \/>\n<meta name=\"author\" content=\"Editor General\" \/>\n<meta name=\"twitter:card\" content=\"summary_large_image\" \/>\n<meta name=\"twitter:label1\" content=\"Escrito por\" \/>\n\t<meta name=\"twitter:data1\" content=\"Editor General\" \/>\n\t<meta name=\"twitter:label2\" content=\"Tiempo de lectura\" \/>\n\t<meta name=\"twitter:data2\" content=\"6 minutos\" \/>\n<script type=\"application\/ld+json\" class=\"yoast-schema-graph\">{\"@context\":\"https:\/\/schema.org\",\"@graph\":[{\"@type\":\"Article\",\"@id\":\"https:\/\/luchonoticias.com\/editor\/fiscal-francisco-barbosa-plantea-observaciones-al-proyecto-de-ley-de-sometimiento-a-la-justicia\/#article\",\"isPartOf\":{\"@id\":\"https:\/\/luchonoticias.com\/editor\/fiscal-francisco-barbosa-plantea-observaciones-al-proyecto-de-ley-de-sometimiento-a-la-justicia\/\"},\"author\":{\"name\":\"Editor General\",\"@id\":\"https:\/\/luchonoticias.com\/editor\/#\/schema\/person\/29217990ddf6f14e35912b2866d591fb\"},\"headline\":\"Fiscal Francisco Barbosa, plantea observaciones al proyecto de ley de sometimiento a la justicia\",\"datePublished\":\"2023-02-21T12:05:58+00:00\",\"dateModified\":\"2023-02-21T12:05:59+00:00\",\"mainEntityOfPage\":{\"@id\":\"https:\/\/luchonoticias.com\/editor\/fiscal-francisco-barbosa-plantea-observaciones-al-proyecto-de-ley-de-sometimiento-a-la-justicia\/\"},\"wordCount\":1120,\"commentCount\":0,\"publisher\":{\"@id\":\"https:\/\/luchonoticias.com\/editor\/#\/schema\/person\/7a7fd911f58561fd056dbac7b55af9cd\"},\"articleSection\":[\"Destacado\",\"Nacional\"],\"inLanguage\":\"es\",\"potentialAction\":[{\"@type\":\"CommentAction\",\"name\":\"Comment\",\"target\":[\"https:\/\/luchonoticias.com\/editor\/fiscal-francisco-barbosa-plantea-observaciones-al-proyecto-de-ley-de-sometimiento-a-la-justicia\/#respond\"]}]},{\"@type\":\"WebPage\",\"@id\":\"https:\/\/luchonoticias.com\/editor\/fiscal-francisco-barbosa-plantea-observaciones-al-proyecto-de-ley-de-sometimiento-a-la-justicia\/\",\"url\":\"https:\/\/luchonoticias.com\/editor\/fiscal-francisco-barbosa-plantea-observaciones-al-proyecto-de-ley-de-sometimiento-a-la-justicia\/\",\"name\":\"Fiscal Francisco Barbosa, plantea observaciones al proyecto de ley de sometimiento a la justicia -\",\"isPartOf\":{\"@id\":\"https:\/\/luchonoticias.com\/editor\/#website\"},\"datePublished\":\"2023-02-21T12:05:58+00:00\",\"dateModified\":\"2023-02-21T12:05:59+00:00\",\"breadcrumb\":{\"@id\":\"https:\/\/luchonoticias.com\/editor\/fiscal-francisco-barbosa-plantea-observaciones-al-proyecto-de-ley-de-sometimiento-a-la-justicia\/#breadcrumb\"},\"inLanguage\":\"es\",\"potentialAction\":[{\"@type\":\"ReadAction\",\"target\":[\"https:\/\/luchonoticias.com\/editor\/fiscal-francisco-barbosa-plantea-observaciones-al-proyecto-de-ley-de-sometimiento-a-la-justicia\/\"]}]},{\"@type\":\"BreadcrumbList\",\"@id\":\"https:\/\/luchonoticias.com\/editor\/fiscal-francisco-barbosa-plantea-observaciones-al-proyecto-de-ley-de-sometimiento-a-la-justicia\/#breadcrumb\",\"itemListElement\":[{\"@type\":\"ListItem\",\"position\":1,\"name\":\"Portada\",\"item\":\"https:\/\/luchonoticias.com\/editor\/\"},{\"@type\":\"ListItem\",\"position\":2,\"name\":\"Fiscal Francisco Barbosa, plantea observaciones al proyecto de ley de sometimiento a la justicia\"}]},{\"@type\":\"WebSite\",\"@id\":\"https:\/\/luchonoticias.com\/editor\/#website\",\"url\":\"https:\/\/luchonoticias.com\/editor\/\",\"name\":\"\",\"description\":\"\",\"publisher\":{\"@id\":\"https:\/\/luchonoticias.com\/editor\/#\/schema\/person\/7a7fd911f58561fd056dbac7b55af9cd\"},\"potentialAction\":[{\"@type\":\"SearchAction\",\"target\":{\"@type\":\"EntryPoint\",\"urlTemplate\":\"https:\/\/luchonoticias.com\/editor\/?s={search_term_string}\"},\"query-input\":{\"@type\":\"PropertyValueSpecification\",\"valueRequired\":true,\"valueName\":\"search_term_string\"}}],\"inLanguage\":\"es\"},{\"@type\":[\"Person\",\"Organization\"],\"@id\":\"https:\/\/luchonoticias.com\/editor\/#\/schema\/person\/7a7fd911f58561fd056dbac7b55af9cd\",\"name\":\"admin\",\"image\":{\"@type\":\"ImageObject\",\"inLanguage\":\"es\",\"@id\":\"https:\/\/luchonoticias.com\/editor\/#\/schema\/person\/image\/\",\"url\":\"https:\/\/luchonoticias.com\/editor\/wp-content\/uploads\/2024\/02\/cropped-cropped-logolu.webp\",\"contentUrl\":\"https:\/\/luchonoticias.com\/editor\/wp-content\/uploads\/2024\/02\/cropped-cropped-logolu.webp\",\"width\":382,\"height\":170,\"caption\":\"admin\"},\"logo\":{\"@id\":\"https:\/\/luchonoticias.com\/editor\/#\/schema\/person\/image\/\"},\"sameAs\":[\"https:\/\/www.facebook.com\/luchonoticiasneiva\"]},{\"@type\":\"Person\",\"@id\":\"https:\/\/luchonoticias.com\/editor\/#\/schema\/person\/29217990ddf6f14e35912b2866d591fb\",\"name\":\"Editor General\",\"image\":{\"@type\":\"ImageObject\",\"inLanguage\":\"es\",\"@id\":\"https:\/\/luchonoticias.com\/editor\/#\/schema\/person\/image\/\",\"url\":\"https:\/\/luchonoticias.com\/editor\/wp-content\/uploads\/2024\/02\/cropped-cropped-logolu-150x150.webp\",\"contentUrl\":\"https:\/\/luchonoticias.com\/editor\/wp-content\/uploads\/2024\/02\/cropped-cropped-logolu-150x150.webp\",\"caption\":\"Editor General\"},\"sameAs\":[\"https:\/\/luchonoticias.com\/\"],\"url\":\"https:\/\/luchonoticias.com\/editor\/author\/editor-general\/\"}]}<\/script>\n<!-- \/ Yoast SEO plugin. -->","yoast_head_json":{"title":"Fiscal Francisco Barbosa, plantea observaciones al proyecto de ley de sometimiento a la justicia -","robots":{"index":"index","follow":"follow","max-snippet":"max-snippet:-1","max-image-preview":"max-image-preview:large","max-video-preview":"max-video-preview:-1"},"canonical":"https:\/\/luchonoticias.com\/editor\/fiscal-francisco-barbosa-plantea-observaciones-al-proyecto-de-ley-de-sometimiento-a-la-justicia\/","og_locale":"es_ES","og_type":"article","og_title":"Fiscal Francisco Barbosa, plantea observaciones al proyecto de ley de sometimiento a la justicia -","og_url":"https:\/\/luchonoticias.com\/editor\/fiscal-francisco-barbosa-plantea-observaciones-al-proyecto-de-ley-de-sometimiento-a-la-justicia\/","article_publisher":"https:\/\/www.facebook.com\/luchonoticiasneiva","article_published_time":"2023-02-21T12:05:58+00:00","article_modified_time":"2023-02-21T12:05:59+00:00","author":"Editor General","twitter_card":"summary_large_image","twitter_misc":{"Escrito por":"Editor General","Tiempo de lectura":"6 minutos"},"schema":{"@context":"https:\/\/schema.org","@graph":[{"@type":"Article","@id":"https:\/\/luchonoticias.com\/editor\/fiscal-francisco-barbosa-plantea-observaciones-al-proyecto-de-ley-de-sometimiento-a-la-justicia\/#article","isPartOf":{"@id":"https:\/\/luchonoticias.com\/editor\/fiscal-francisco-barbosa-plantea-observaciones-al-proyecto-de-ley-de-sometimiento-a-la-justicia\/"},"author":{"name":"Editor General","@id":"https:\/\/luchonoticias.com\/editor\/#\/schema\/person\/29217990ddf6f14e35912b2866d591fb"},"headline":"Fiscal Francisco Barbosa, plantea observaciones al proyecto de ley de sometimiento a la justicia","datePublished":"2023-02-21T12:05:58+00:00","dateModified":"2023-02-21T12:05:59+00:00","mainEntityOfPage":{"@id":"https:\/\/luchonoticias.com\/editor\/fiscal-francisco-barbosa-plantea-observaciones-al-proyecto-de-ley-de-sometimiento-a-la-justicia\/"},"wordCount":1120,"commentCount":0,"publisher":{"@id":"https:\/\/luchonoticias.com\/editor\/#\/schema\/person\/7a7fd911f58561fd056dbac7b55af9cd"},"articleSection":["Destacado","Nacional"],"inLanguage":"es","potentialAction":[{"@type":"CommentAction","name":"Comment","target":["https:\/\/luchonoticias.com\/editor\/fiscal-francisco-barbosa-plantea-observaciones-al-proyecto-de-ley-de-sometimiento-a-la-justicia\/#respond"]}]},{"@type":"WebPage","@id":"https:\/\/luchonoticias.com\/editor\/fiscal-francisco-barbosa-plantea-observaciones-al-proyecto-de-ley-de-sometimiento-a-la-justicia\/","url":"https:\/\/luchonoticias.com\/editor\/fiscal-francisco-barbosa-plantea-observaciones-al-proyecto-de-ley-de-sometimiento-a-la-justicia\/","name":"Fiscal Francisco Barbosa, plantea observaciones al proyecto de ley de sometimiento a la justicia -","isPartOf":{"@id":"https:\/\/luchonoticias.com\/editor\/#website"},"datePublished":"2023-02-21T12:05:58+00:00","dateModified":"2023-02-21T12:05:59+00:00","breadcrumb":{"@id":"https:\/\/luchonoticias.com\/editor\/fiscal-francisco-barbosa-plantea-observaciones-al-proyecto-de-ley-de-sometimiento-a-la-justicia\/#breadcrumb"},"inLanguage":"es","potentialAction":[{"@type":"ReadAction","target":["https:\/\/luchonoticias.com\/editor\/fiscal-francisco-barbosa-plantea-observaciones-al-proyecto-de-ley-de-sometimiento-a-la-justicia\/"]}]},{"@type":"BreadcrumbList","@id":"https:\/\/luchonoticias.com\/editor\/fiscal-francisco-barbosa-plantea-observaciones-al-proyecto-de-ley-de-sometimiento-a-la-justicia\/#breadcrumb","itemListElement":[{"@type":"ListItem","position":1,"name":"Portada","item":"https:\/\/luchonoticias.com\/editor\/"},{"@type":"ListItem","position":2,"name":"Fiscal Francisco Barbosa, plantea observaciones al proyecto de ley de sometimiento a la justicia"}]},{"@type":"WebSite","@id":"https:\/\/luchonoticias.com\/editor\/#website","url":"https:\/\/luchonoticias.com\/editor\/","name":"","description":"","publisher":{"@id":"https:\/\/luchonoticias.com\/editor\/#\/schema\/person\/7a7fd911f58561fd056dbac7b55af9cd"},"potentialAction":[{"@type":"SearchAction","target":{"@type":"EntryPoint","urlTemplate":"https:\/\/luchonoticias.com\/editor\/?s={search_term_string}"},"query-input":{"@type":"PropertyValueSpecification","valueRequired":true,"valueName":"search_term_string"}}],"inLanguage":"es"},{"@type":["Person","Organization"],"@id":"https:\/\/luchonoticias.com\/editor\/#\/schema\/person\/7a7fd911f58561fd056dbac7b55af9cd","name":"admin","image":{"@type":"ImageObject","inLanguage":"es","@id":"https:\/\/luchonoticias.com\/editor\/#\/schema\/person\/image\/","url":"https:\/\/luchonoticias.com\/editor\/wp-content\/uploads\/2024\/02\/cropped-cropped-logolu.webp","contentUrl":"https:\/\/luchonoticias.com\/editor\/wp-content\/uploads\/2024\/02\/cropped-cropped-logolu.webp","width":382,"height":170,"caption":"admin"},"logo":{"@id":"https:\/\/luchonoticias.com\/editor\/#\/schema\/person\/image\/"},"sameAs":["https:\/\/www.facebook.com\/luchonoticiasneiva"]},{"@type":"Person","@id":"https:\/\/luchonoticias.com\/editor\/#\/schema\/person\/29217990ddf6f14e35912b2866d591fb","name":"Editor General","image":{"@type":"ImageObject","inLanguage":"es","@id":"https:\/\/luchonoticias.com\/editor\/#\/schema\/person\/image\/","url":"https:\/\/luchonoticias.com\/editor\/wp-content\/uploads\/2024\/02\/cropped-cropped-logolu-150x150.webp","contentUrl":"https:\/\/luchonoticias.com\/editor\/wp-content\/uploads\/2024\/02\/cropped-cropped-logolu-150x150.webp","caption":"Editor General"},"sameAs":["https:\/\/luchonoticias.com\/"],"url":"https:\/\/luchonoticias.com\/editor\/author\/editor-general\/"}]}},"_links":{"self":[{"href":"https:\/\/luchonoticias.com\/editor\/wp-json\/wp\/v2\/posts\/46649","targetHints":{"allow":["GET"]}}],"collection":[{"href":"https:\/\/luchonoticias.com\/editor\/wp-json\/wp\/v2\/posts"}],"about":[{"href":"https:\/\/luchonoticias.com\/editor\/wp-json\/wp\/v2\/types\/post"}],"author":[{"embeddable":true,"href":"https:\/\/luchonoticias.com\/editor\/wp-json\/wp\/v2\/users\/2"}],"replies":[{"embeddable":true,"href":"https:\/\/luchonoticias.com\/editor\/wp-json\/wp\/v2\/comments?post=46649"}],"version-history":[{"count":0,"href":"https:\/\/luchonoticias.com\/editor\/wp-json\/wp\/v2\/posts\/46649\/revisions"}],"wp:attachment":[{"href":"https:\/\/luchonoticias.com\/editor\/wp-json\/wp\/v2\/media?parent=46649"}],"wp:term":[{"taxonomy":"category","embeddable":true,"href":"https:\/\/luchonoticias.com\/editor\/wp-json\/wp\/v2\/categories?post=46649"},{"taxonomy":"post_tag","embeddable":true,"href":"https:\/\/luchonoticias.com\/editor\/wp-json\/wp\/v2\/tags?post=46649"}],"curies":[{"name":"wp","href":"https:\/\/api.w.org\/{rel}","templated":true}]}}