{"id":46657,"date":"2023-02-21T07:58:55","date_gmt":"2023-02-21T12:58:55","guid":{"rendered":"https:\/\/luchonoticias.com\/?p=46657"},"modified":"2023-02-21T07:58:57","modified_gmt":"2023-02-21T12:58:57","slug":"una-persona-muerta-en-un-accidente-entre-motocicletas-en-la-via-hobo-garzon","status":"publish","type":"post","link":"https:\/\/luchonoticias.com\/editor\/una-persona-muerta-en-un-accidente-entre-motocicletas-en-la-via-hobo-garzon\/","title":{"rendered":"Una persona muerta en un accidente entre motocicletas en la v\u00eda Hobo \u2013 Garz\u00f3n"},"content":{"rendered":"\n<p>Las autoridades huilenses, confirmaron el fallecimiento de Herquis Ernesto Gonz\u00e1lez Botello, a causa de un accidente de tr\u00e1nsito entre dos motocicletas.<\/p>\n\n\n\n<p>Seg\u00fan lo revelado por las autoridades, el fallecido se trata de un individuo de 62 a\u00f1os, que conduc\u00eda su motocicleta de placa FSG-02F en sentido sur \u2013 norte y tuvo lugar en el kil\u00f3metro 53 + 900 metros, del sector conocido como Guasimillas, en jurisdicci\u00f3n del municipio de Hobo v\u00eda que conduce a Garz\u00f3n del Huila.<\/p>\n\n\n\n<p>Asimismo se estableci\u00f3 que el segundo conductor del veloc\u00edpedo involucrado en el siniestro, fue identificado como Edgar Mendoza Romero de 60 a\u00f1os de edad, quien corri\u00f3 con mejor suerte y fue auxiliado y trasladado a un centro asistencial para recibir atenci\u00f3n m\u00e9dica, donde de acuerdo con los galenos, el paciente sufri\u00f3 un trauma craneoencef\u00e1lico severo y una contusi\u00f3n en el hombro derecho, motivo por el cual se encuentra bajo supervisi\u00f3n m\u00e9dica.<\/p>\n\n\n\n<p>Finalmente, las autoridades revelaron que como hip\u00f3tesis &nbsp;es la invasi\u00f3n del carril y realizaci\u00f3n de una maniobra peligrosa por parte de unos de los conductores de las motocicletas involucradas, motivo por el cual al parecer fue la causante de la colisi\u00f3n de frente &nbsp;entre los dos veh\u00edculos.<\/p>\n","protected":false},"excerpt":{"rendered":"<p>Las autoridades huilenses, confirmaron el fallecimiento de Herquis Ernesto Gonz\u00e1lez Botello, a causa de un accidente de tr\u00e1nsito entre dos motocicletas. Seg\u00fan lo revelado por las autoridades, el fallecido se trata de un individuo de 62 a\u00f1os, que conduc\u00eda su motocicleta de placa FSG-02F en sentido sur \u2013 norte y tuvo lugar en el kil\u00f3metro [&hellip;]<\/p>\n","protected":false},"author":2,"featured_media":0,"comment_status":"open","ping_status":"open","sticky":false,"template":"","format":"standard","meta":{"footnotes":""},"categories":[36,29],"tags":[],"class_list":["post-46657","post","type-post","status-publish","format-standard","hentry","category-destacado","category-judicial"],"yoast_head":"<!-- This site is optimized with the Yoast SEO plugin v26.6 - https:\/\/yoast.com\/wordpress\/plugins\/seo\/ -->\n<title>Una persona muerta en un accidente entre motocicletas en la v\u00eda Hobo \u2013 Garz\u00f3n -<\/title>\n<meta name=\"robots\" content=\"index, follow, max-snippet:-1, max-image-preview:large, max-video-preview:-1\" \/>\n<link rel=\"canonical\" href=\"https:\/\/luchonoticias.com\/editor\/una-persona-muerta-en-un-accidente-entre-motocicletas-en-la-via-hobo-garzon\/\" \/>\n<meta property=\"og:locale\" content=\"es_ES\" \/>\n<meta property=\"og:type\" content=\"article\" \/>\n<meta property=\"og:title\" content=\"Una persona muerta en un accidente entre motocicletas en la v\u00eda Hobo \u2013 Garz\u00f3n -\" \/>\n<meta property=\"og:url\" content=\"https:\/\/luchonoticias.com\/editor\/una-persona-muerta-en-un-accidente-entre-motocicletas-en-la-via-hobo-garzon\/\" \/>\n<meta property=\"article:publisher\" content=\"https:\/\/www.facebook.com\/luchonoticiasneiva\" \/>\n<meta property=\"article:published_time\" content=\"2023-02-21T12:58:55+00:00\" \/>\n<meta property=\"article:modified_time\" content=\"2023-02-21T12:58:57+00:00\" \/>\n<meta name=\"author\" content=\"Editor General\" \/>\n<meta name=\"twitter:card\" content=\"summary_large_image\" \/>\n<meta name=\"twitter:label1\" content=\"Escrito por\" \/>\n\t<meta name=\"twitter:data1\" content=\"Editor General\" \/>\n\t<meta name=\"twitter:label2\" content=\"Tiempo de lectura\" \/>\n\t<meta name=\"twitter:data2\" content=\"1 minuto\" \/>\n<script type=\"application\/ld+json\" class=\"yoast-schema-graph\">{\"@context\":\"https:\/\/schema.org\",\"@graph\":[{\"@type\":\"Article\",\"@id\":\"https:\/\/luchonoticias.com\/editor\/una-persona-muerta-en-un-accidente-entre-motocicletas-en-la-via-hobo-garzon\/#article\",\"isPartOf\":{\"@id\":\"https:\/\/luchonoticias.com\/editor\/una-persona-muerta-en-un-accidente-entre-motocicletas-en-la-via-hobo-garzon\/\"},\"author\":{\"name\":\"Editor General\",\"@id\":\"https:\/\/luchonoticias.com\/editor\/#\/schema\/person\/29217990ddf6f14e35912b2866d591fb\"},\"headline\":\"Una persona muerta en un accidente entre motocicletas en la v\u00eda Hobo \u2013 Garz\u00f3n\",\"datePublished\":\"2023-02-21T12:58:55+00:00\",\"dateModified\":\"2023-02-21T12:58:57+00:00\",\"mainEntityOfPage\":{\"@id\":\"https:\/\/luchonoticias.com\/editor\/una-persona-muerta-en-un-accidente-entre-motocicletas-en-la-via-hobo-garzon\/\"},\"wordCount\":229,\"commentCount\":0,\"publisher\":{\"@id\":\"https:\/\/luchonoticias.com\/editor\/#\/schema\/person\/7a7fd911f58561fd056dbac7b55af9cd\"},\"articleSection\":[\"Destacado\",\"Judicial\"],\"inLanguage\":\"es\",\"potentialAction\":[{\"@type\":\"CommentAction\",\"name\":\"Comment\",\"target\":[\"https:\/\/luchonoticias.com\/editor\/una-persona-muerta-en-un-accidente-entre-motocicletas-en-la-via-hobo-garzon\/#respond\"]}]},{\"@type\":\"WebPage\",\"@id\":\"https:\/\/luchonoticias.com\/editor\/una-persona-muerta-en-un-accidente-entre-motocicletas-en-la-via-hobo-garzon\/\",\"url\":\"https:\/\/luchonoticias.com\/editor\/una-persona-muerta-en-un-accidente-entre-motocicletas-en-la-via-hobo-garzon\/\",\"name\":\"Una persona muerta en un accidente entre motocicletas en la v\u00eda Hobo \u2013 Garz\u00f3n -\",\"isPartOf\":{\"@id\":\"https:\/\/luchonoticias.com\/editor\/#website\"},\"datePublished\":\"2023-02-21T12:58:55+00:00\",\"dateModified\":\"2023-02-21T12:58:57+00:00\",\"breadcrumb\":{\"@id\":\"https:\/\/luchonoticias.com\/editor\/una-persona-muerta-en-un-accidente-entre-motocicletas-en-la-via-hobo-garzon\/#breadcrumb\"},\"inLanguage\":\"es\",\"potentialAction\":[{\"@type\":\"ReadAction\",\"target\":[\"https:\/\/luchonoticias.com\/editor\/una-persona-muerta-en-un-accidente-entre-motocicletas-en-la-via-hobo-garzon\/\"]}]},{\"@type\":\"BreadcrumbList\",\"@id\":\"https:\/\/luchonoticias.com\/editor\/una-persona-muerta-en-un-accidente-entre-motocicletas-en-la-via-hobo-garzon\/#breadcrumb\",\"itemListElement\":[{\"@type\":\"ListItem\",\"position\":1,\"name\":\"Portada\",\"item\":\"https:\/\/luchonoticias.com\/editor\/\"},{\"@type\":\"ListItem\",\"position\":2,\"name\":\"Una persona muerta en un accidente entre motocicletas en la v\u00eda Hobo \u2013 Garz\u00f3n\"}]},{\"@type\":\"WebSite\",\"@id\":\"https:\/\/luchonoticias.com\/editor\/#website\",\"url\":\"https:\/\/luchonoticias.com\/editor\/\",\"name\":\"\",\"description\":\"\",\"publisher\":{\"@id\":\"https:\/\/luchonoticias.com\/editor\/#\/schema\/person\/7a7fd911f58561fd056dbac7b55af9cd\"},\"potentialAction\":[{\"@type\":\"SearchAction\",\"target\":{\"@type\":\"EntryPoint\",\"urlTemplate\":\"https:\/\/luchonoticias.com\/editor\/?s={search_term_string}\"},\"query-input\":{\"@type\":\"PropertyValueSpecification\",\"valueRequired\":true,\"valueName\":\"search_term_string\"}}],\"inLanguage\":\"es\"},{\"@type\":[\"Person\",\"Organization\"],\"@id\":\"https:\/\/luchonoticias.com\/editor\/#\/schema\/person\/7a7fd911f58561fd056dbac7b55af9cd\",\"name\":\"admin\",\"image\":{\"@type\":\"ImageObject\",\"inLanguage\":\"es\",\"@id\":\"https:\/\/luchonoticias.com\/editor\/#\/schema\/person\/image\/\",\"url\":\"https:\/\/luchonoticias.com\/editor\/wp-content\/uploads\/2024\/02\/cropped-cropped-logolu.webp\",\"contentUrl\":\"https:\/\/luchonoticias.com\/editor\/wp-content\/uploads\/2024\/02\/cropped-cropped-logolu.webp\",\"width\":382,\"height\":170,\"caption\":\"admin\"},\"logo\":{\"@id\":\"https:\/\/luchonoticias.com\/editor\/#\/schema\/person\/image\/\"},\"sameAs\":[\"https:\/\/www.facebook.com\/luchonoticiasneiva\"]},{\"@type\":\"Person\",\"@id\":\"https:\/\/luchonoticias.com\/editor\/#\/schema\/person\/29217990ddf6f14e35912b2866d591fb\",\"name\":\"Editor General\",\"image\":{\"@type\":\"ImageObject\",\"inLanguage\":\"es\",\"@id\":\"https:\/\/luchonoticias.com\/editor\/#\/schema\/person\/image\/\",\"url\":\"https:\/\/luchonoticias.com\/editor\/wp-content\/uploads\/2024\/02\/cropped-cropped-logolu-150x150.webp\",\"contentUrl\":\"https:\/\/luchonoticias.com\/editor\/wp-content\/uploads\/2024\/02\/cropped-cropped-logolu-150x150.webp\",\"caption\":\"Editor General\"},\"sameAs\":[\"https:\/\/luchonoticias.com\/\"],\"url\":\"https:\/\/luchonoticias.com\/editor\/author\/editor-general\/\"}]}<\/script>\n<!-- \/ Yoast SEO plugin. -->","yoast_head_json":{"title":"Una persona muerta en un accidente entre motocicletas en la v\u00eda Hobo \u2013 Garz\u00f3n -","robots":{"index":"index","follow":"follow","max-snippet":"max-snippet:-1","max-image-preview":"max-image-preview:large","max-video-preview":"max-video-preview:-1"},"canonical":"https:\/\/luchonoticias.com\/editor\/una-persona-muerta-en-un-accidente-entre-motocicletas-en-la-via-hobo-garzon\/","og_locale":"es_ES","og_type":"article","og_title":"Una persona muerta en un accidente entre motocicletas en la v\u00eda Hobo \u2013 Garz\u00f3n -","og_url":"https:\/\/luchonoticias.com\/editor\/una-persona-muerta-en-un-accidente-entre-motocicletas-en-la-via-hobo-garzon\/","article_publisher":"https:\/\/www.facebook.com\/luchonoticiasneiva","article_published_time":"2023-02-21T12:58:55+00:00","article_modified_time":"2023-02-21T12:58:57+00:00","author":"Editor General","twitter_card":"summary_large_image","twitter_misc":{"Escrito por":"Editor General","Tiempo de lectura":"1 minuto"},"schema":{"@context":"https:\/\/schema.org","@graph":[{"@type":"Article","@id":"https:\/\/luchonoticias.com\/editor\/una-persona-muerta-en-un-accidente-entre-motocicletas-en-la-via-hobo-garzon\/#article","isPartOf":{"@id":"https:\/\/luchonoticias.com\/editor\/una-persona-muerta-en-un-accidente-entre-motocicletas-en-la-via-hobo-garzon\/"},"author":{"name":"Editor General","@id":"https:\/\/luchonoticias.com\/editor\/#\/schema\/person\/29217990ddf6f14e35912b2866d591fb"},"headline":"Una persona muerta en un accidente entre motocicletas en la v\u00eda Hobo \u2013 Garz\u00f3n","datePublished":"2023-02-21T12:58:55+00:00","dateModified":"2023-02-21T12:58:57+00:00","mainEntityOfPage":{"@id":"https:\/\/luchonoticias.com\/editor\/una-persona-muerta-en-un-accidente-entre-motocicletas-en-la-via-hobo-garzon\/"},"wordCount":229,"commentCount":0,"publisher":{"@id":"https:\/\/luchonoticias.com\/editor\/#\/schema\/person\/7a7fd911f58561fd056dbac7b55af9cd"},"articleSection":["Destacado","Judicial"],"inLanguage":"es","potentialAction":[{"@type":"CommentAction","name":"Comment","target":["https:\/\/luchonoticias.com\/editor\/una-persona-muerta-en-un-accidente-entre-motocicletas-en-la-via-hobo-garzon\/#respond"]}]},{"@type":"WebPage","@id":"https:\/\/luchonoticias.com\/editor\/una-persona-muerta-en-un-accidente-entre-motocicletas-en-la-via-hobo-garzon\/","url":"https:\/\/luchonoticias.com\/editor\/una-persona-muerta-en-un-accidente-entre-motocicletas-en-la-via-hobo-garzon\/","name":"Una persona muerta en un accidente entre motocicletas en la v\u00eda Hobo \u2013 Garz\u00f3n -","isPartOf":{"@id":"https:\/\/luchonoticias.com\/editor\/#website"},"datePublished":"2023-02-21T12:58:55+00:00","dateModified":"2023-02-21T12:58:57+00:00","breadcrumb":{"@id":"https:\/\/luchonoticias.com\/editor\/una-persona-muerta-en-un-accidente-entre-motocicletas-en-la-via-hobo-garzon\/#breadcrumb"},"inLanguage":"es","potentialAction":[{"@type":"ReadAction","target":["https:\/\/luchonoticias.com\/editor\/una-persona-muerta-en-un-accidente-entre-motocicletas-en-la-via-hobo-garzon\/"]}]},{"@type":"BreadcrumbList","@id":"https:\/\/luchonoticias.com\/editor\/una-persona-muerta-en-un-accidente-entre-motocicletas-en-la-via-hobo-garzon\/#breadcrumb","itemListElement":[{"@type":"ListItem","position":1,"name":"Portada","item":"https:\/\/luchonoticias.com\/editor\/"},{"@type":"ListItem","position":2,"name":"Una persona muerta en un accidente entre motocicletas en la v\u00eda Hobo \u2013 Garz\u00f3n"}]},{"@type":"WebSite","@id":"https:\/\/luchonoticias.com\/editor\/#website","url":"https:\/\/luchonoticias.com\/editor\/","name":"","description":"","publisher":{"@id":"https:\/\/luchonoticias.com\/editor\/#\/schema\/person\/7a7fd911f58561fd056dbac7b55af9cd"},"potentialAction":[{"@type":"SearchAction","target":{"@type":"EntryPoint","urlTemplate":"https:\/\/luchonoticias.com\/editor\/?s={search_term_string}"},"query-input":{"@type":"PropertyValueSpecification","valueRequired":true,"valueName":"search_term_string"}}],"inLanguage":"es"},{"@type":["Person","Organization"],"@id":"https:\/\/luchonoticias.com\/editor\/#\/schema\/person\/7a7fd911f58561fd056dbac7b55af9cd","name":"admin","image":{"@type":"ImageObject","inLanguage":"es","@id":"https:\/\/luchonoticias.com\/editor\/#\/schema\/person\/image\/","url":"https:\/\/luchonoticias.com\/editor\/wp-content\/uploads\/2024\/02\/cropped-cropped-logolu.webp","contentUrl":"https:\/\/luchonoticias.com\/editor\/wp-content\/uploads\/2024\/02\/cropped-cropped-logolu.webp","width":382,"height":170,"caption":"admin"},"logo":{"@id":"https:\/\/luchonoticias.com\/editor\/#\/schema\/person\/image\/"},"sameAs":["https:\/\/www.facebook.com\/luchonoticiasneiva"]},{"@type":"Person","@id":"https:\/\/luchonoticias.com\/editor\/#\/schema\/person\/29217990ddf6f14e35912b2866d591fb","name":"Editor General","image":{"@type":"ImageObject","inLanguage":"es","@id":"https:\/\/luchonoticias.com\/editor\/#\/schema\/person\/image\/","url":"https:\/\/luchonoticias.com\/editor\/wp-content\/uploads\/2024\/02\/cropped-cropped-logolu-150x150.webp","contentUrl":"https:\/\/luchonoticias.com\/editor\/wp-content\/uploads\/2024\/02\/cropped-cropped-logolu-150x150.webp","caption":"Editor General"},"sameAs":["https:\/\/luchonoticias.com\/"],"url":"https:\/\/luchonoticias.com\/editor\/author\/editor-general\/"}]}},"_links":{"self":[{"href":"https:\/\/luchonoticias.com\/editor\/wp-json\/wp\/v2\/posts\/46657","targetHints":{"allow":["GET"]}}],"collection":[{"href":"https:\/\/luchonoticias.com\/editor\/wp-json\/wp\/v2\/posts"}],"about":[{"href":"https:\/\/luchonoticias.com\/editor\/wp-json\/wp\/v2\/types\/post"}],"author":[{"embeddable":true,"href":"https:\/\/luchonoticias.com\/editor\/wp-json\/wp\/v2\/users\/2"}],"replies":[{"embeddable":true,"href":"https:\/\/luchonoticias.com\/editor\/wp-json\/wp\/v2\/comments?post=46657"}],"version-history":[{"count":0,"href":"https:\/\/luchonoticias.com\/editor\/wp-json\/wp\/v2\/posts\/46657\/revisions"}],"wp:attachment":[{"href":"https:\/\/luchonoticias.com\/editor\/wp-json\/wp\/v2\/media?parent=46657"}],"wp:term":[{"taxonomy":"category","embeddable":true,"href":"https:\/\/luchonoticias.com\/editor\/wp-json\/wp\/v2\/categories?post=46657"},{"taxonomy":"post_tag","embeddable":true,"href":"https:\/\/luchonoticias.com\/editor\/wp-json\/wp\/v2\/tags?post=46657"}],"curies":[{"name":"wp","href":"https:\/\/api.w.org\/{rel}","templated":true}]}}