{"id":46716,"date":"2023-02-22T06:17:45","date_gmt":"2023-02-22T11:17:45","guid":{"rendered":"https:\/\/luchonoticias.com\/?p=46716"},"modified":"2023-02-22T06:17:46","modified_gmt":"2023-02-22T11:17:46","slug":"lucho-por-sobrevivir-al-ser-atacado-a-pedradas-en-la-ulloa-rivera","status":"publish","type":"post","link":"https:\/\/luchonoticias.com\/editor\/lucho-por-sobrevivir-al-ser-atacado-a-pedradas-en-la-ulloa-rivera\/","title":{"rendered":"Luch\u00f3 por sobrevivir al ser atacado a pedradas en La Ulloa, Rivera"},"content":{"rendered":"\n<p>Como Camilo Andr\u00e9s Acevedo de 17 a\u00f1os, es identificado el menor que falleci\u00f3 ayer en el Hospital Universitario de Neiva, tras haber luchado en la unidad de cuidados intensivos por varios d\u00edas, al ser ingresado con varios golpes en su cabeza, al parecer producto de haber ser agredido a pedradas por varios sujetos en el Parque Central del Centro Poblado La Ulloa del municipio de Rivera.<\/p>\n\n\n\n<p>\u201cEl hecho en el que result\u00f3 gravemente herido el hoy occiso, tuvo lugar en la madrugada del pasado domingo, cuando el afectado se encontraba reunido con algunos conocidos en el sitio en menci\u00f3n\u201d, indicaron fuentes oficiales.<\/p>\n\n\n\n<p>Su deceso se dio ayer en la ma\u00f1ana luego de ser intervenido quir\u00fargicamente en el hospital de Neiva. Sobre la v\u00edctima se conoci\u00f3 que hab\u00eda sido un fan\u00e1tico del deporte.<\/p>\n\n\n\n<p>Finalmente se estableci\u00f3 que investigadores del Cuerpo T\u00e9cnico de Investigaci\u00f3n de la Fiscal\u00eda General de la Naci\u00f3n, est\u00e1 recolectando los elementos materiales probatorios, que permitan establecer con certeza las circunstancias de tiempo y modo y lugar en que su suscitaron los hechos, e identificar, individualizar y judicializar a la persona presuntamente responsable del mismo.<\/p>\n","protected":false},"excerpt":{"rendered":"<p>Como Camilo Andr\u00e9s Acevedo de 17 a\u00f1os, es identificado el menor que falleci\u00f3 ayer en el Hospital Universitario de Neiva, tras haber luchado en la unidad de cuidados intensivos por varios d\u00edas, al ser ingresado con varios golpes en su cabeza, al parecer producto de haber ser agredido a pedradas por varios sujetos en el [&hellip;]<\/p>\n","protected":false},"author":2,"featured_media":0,"comment_status":"open","ping_status":"open","sticky":false,"template":"","format":"standard","meta":{"footnotes":""},"categories":[36,29],"tags":[],"class_list":["post-46716","post","type-post","status-publish","format-standard","hentry","category-destacado","category-judicial"],"yoast_head":"<!-- This site is optimized with the Yoast SEO plugin v26.6 - https:\/\/yoast.com\/wordpress\/plugins\/seo\/ -->\n<title>Luch\u00f3 por sobrevivir al ser atacado a pedradas en La Ulloa, Rivera -<\/title>\n<meta name=\"robots\" content=\"index, follow, max-snippet:-1, max-image-preview:large, max-video-preview:-1\" \/>\n<link rel=\"canonical\" href=\"https:\/\/luchonoticias.com\/editor\/lucho-por-sobrevivir-al-ser-atacado-a-pedradas-en-la-ulloa-rivera\/\" \/>\n<meta property=\"og:locale\" content=\"es_ES\" \/>\n<meta property=\"og:type\" content=\"article\" \/>\n<meta property=\"og:title\" content=\"Luch\u00f3 por sobrevivir al ser atacado a pedradas en La Ulloa, Rivera -\" \/>\n<meta property=\"og:url\" content=\"https:\/\/luchonoticias.com\/editor\/lucho-por-sobrevivir-al-ser-atacado-a-pedradas-en-la-ulloa-rivera\/\" \/>\n<meta property=\"article:publisher\" content=\"https:\/\/www.facebook.com\/luchonoticiasneiva\" \/>\n<meta property=\"article:published_time\" content=\"2023-02-22T11:17:45+00:00\" \/>\n<meta property=\"article:modified_time\" content=\"2023-02-22T11:17:46+00:00\" \/>\n<meta name=\"author\" content=\"Editor General\" \/>\n<meta name=\"twitter:card\" content=\"summary_large_image\" \/>\n<meta name=\"twitter:label1\" content=\"Escrito por\" \/>\n\t<meta name=\"twitter:data1\" content=\"Editor General\" \/>\n\t<meta name=\"twitter:label2\" content=\"Tiempo de lectura\" \/>\n\t<meta name=\"twitter:data2\" content=\"1 minuto\" \/>\n<script type=\"application\/ld+json\" class=\"yoast-schema-graph\">{\"@context\":\"https:\/\/schema.org\",\"@graph\":[{\"@type\":\"Article\",\"@id\":\"https:\/\/luchonoticias.com\/editor\/lucho-por-sobrevivir-al-ser-atacado-a-pedradas-en-la-ulloa-rivera\/#article\",\"isPartOf\":{\"@id\":\"https:\/\/luchonoticias.com\/editor\/lucho-por-sobrevivir-al-ser-atacado-a-pedradas-en-la-ulloa-rivera\/\"},\"author\":{\"name\":\"Editor General\",\"@id\":\"https:\/\/luchonoticias.com\/editor\/#\/schema\/person\/29217990ddf6f14e35912b2866d591fb\"},\"headline\":\"Luch\u00f3 por sobrevivir al ser atacado a pedradas en La Ulloa, Rivera\",\"datePublished\":\"2023-02-22T11:17:45+00:00\",\"dateModified\":\"2023-02-22T11:17:46+00:00\",\"mainEntityOfPage\":{\"@id\":\"https:\/\/luchonoticias.com\/editor\/lucho-por-sobrevivir-al-ser-atacado-a-pedradas-en-la-ulloa-rivera\/\"},\"wordCount\":210,\"commentCount\":0,\"publisher\":{\"@id\":\"https:\/\/luchonoticias.com\/editor\/#\/schema\/person\/7a7fd911f58561fd056dbac7b55af9cd\"},\"articleSection\":[\"Destacado\",\"Judicial\"],\"inLanguage\":\"es\",\"potentialAction\":[{\"@type\":\"CommentAction\",\"name\":\"Comment\",\"target\":[\"https:\/\/luchonoticias.com\/editor\/lucho-por-sobrevivir-al-ser-atacado-a-pedradas-en-la-ulloa-rivera\/#respond\"]}]},{\"@type\":\"WebPage\",\"@id\":\"https:\/\/luchonoticias.com\/editor\/lucho-por-sobrevivir-al-ser-atacado-a-pedradas-en-la-ulloa-rivera\/\",\"url\":\"https:\/\/luchonoticias.com\/editor\/lucho-por-sobrevivir-al-ser-atacado-a-pedradas-en-la-ulloa-rivera\/\",\"name\":\"Luch\u00f3 por sobrevivir al ser atacado a pedradas en La Ulloa, Rivera -\",\"isPartOf\":{\"@id\":\"https:\/\/luchonoticias.com\/editor\/#website\"},\"datePublished\":\"2023-02-22T11:17:45+00:00\",\"dateModified\":\"2023-02-22T11:17:46+00:00\",\"breadcrumb\":{\"@id\":\"https:\/\/luchonoticias.com\/editor\/lucho-por-sobrevivir-al-ser-atacado-a-pedradas-en-la-ulloa-rivera\/#breadcrumb\"},\"inLanguage\":\"es\",\"potentialAction\":[{\"@type\":\"ReadAction\",\"target\":[\"https:\/\/luchonoticias.com\/editor\/lucho-por-sobrevivir-al-ser-atacado-a-pedradas-en-la-ulloa-rivera\/\"]}]},{\"@type\":\"BreadcrumbList\",\"@id\":\"https:\/\/luchonoticias.com\/editor\/lucho-por-sobrevivir-al-ser-atacado-a-pedradas-en-la-ulloa-rivera\/#breadcrumb\",\"itemListElement\":[{\"@type\":\"ListItem\",\"position\":1,\"name\":\"Portada\",\"item\":\"https:\/\/luchonoticias.com\/editor\/\"},{\"@type\":\"ListItem\",\"position\":2,\"name\":\"Luch\u00f3 por sobrevivir al ser atacado a pedradas en La Ulloa, Rivera\"}]},{\"@type\":\"WebSite\",\"@id\":\"https:\/\/luchonoticias.com\/editor\/#website\",\"url\":\"https:\/\/luchonoticias.com\/editor\/\",\"name\":\"\",\"description\":\"\",\"publisher\":{\"@id\":\"https:\/\/luchonoticias.com\/editor\/#\/schema\/person\/7a7fd911f58561fd056dbac7b55af9cd\"},\"potentialAction\":[{\"@type\":\"SearchAction\",\"target\":{\"@type\":\"EntryPoint\",\"urlTemplate\":\"https:\/\/luchonoticias.com\/editor\/?s={search_term_string}\"},\"query-input\":{\"@type\":\"PropertyValueSpecification\",\"valueRequired\":true,\"valueName\":\"search_term_string\"}}],\"inLanguage\":\"es\"},{\"@type\":[\"Person\",\"Organization\"],\"@id\":\"https:\/\/luchonoticias.com\/editor\/#\/schema\/person\/7a7fd911f58561fd056dbac7b55af9cd\",\"name\":\"admin\",\"image\":{\"@type\":\"ImageObject\",\"inLanguage\":\"es\",\"@id\":\"https:\/\/luchonoticias.com\/editor\/#\/schema\/person\/image\/\",\"url\":\"https:\/\/luchonoticias.com\/editor\/wp-content\/uploads\/2024\/02\/cropped-cropped-logolu.webp\",\"contentUrl\":\"https:\/\/luchonoticias.com\/editor\/wp-content\/uploads\/2024\/02\/cropped-cropped-logolu.webp\",\"width\":382,\"height\":170,\"caption\":\"admin\"},\"logo\":{\"@id\":\"https:\/\/luchonoticias.com\/editor\/#\/schema\/person\/image\/\"},\"sameAs\":[\"https:\/\/www.facebook.com\/luchonoticiasneiva\"]},{\"@type\":\"Person\",\"@id\":\"https:\/\/luchonoticias.com\/editor\/#\/schema\/person\/29217990ddf6f14e35912b2866d591fb\",\"name\":\"Editor General\",\"image\":{\"@type\":\"ImageObject\",\"inLanguage\":\"es\",\"@id\":\"https:\/\/luchonoticias.com\/editor\/#\/schema\/person\/image\/\",\"url\":\"https:\/\/luchonoticias.com\/editor\/wp-content\/uploads\/2024\/02\/cropped-cropped-logolu-150x150.webp\",\"contentUrl\":\"https:\/\/luchonoticias.com\/editor\/wp-content\/uploads\/2024\/02\/cropped-cropped-logolu-150x150.webp\",\"caption\":\"Editor General\"},\"sameAs\":[\"https:\/\/luchonoticias.com\/\"],\"url\":\"https:\/\/luchonoticias.com\/editor\/author\/editor-general\/\"}]}<\/script>\n<!-- \/ Yoast SEO plugin. -->","yoast_head_json":{"title":"Luch\u00f3 por sobrevivir al ser atacado a pedradas en La Ulloa, Rivera -","robots":{"index":"index","follow":"follow","max-snippet":"max-snippet:-1","max-image-preview":"max-image-preview:large","max-video-preview":"max-video-preview:-1"},"canonical":"https:\/\/luchonoticias.com\/editor\/lucho-por-sobrevivir-al-ser-atacado-a-pedradas-en-la-ulloa-rivera\/","og_locale":"es_ES","og_type":"article","og_title":"Luch\u00f3 por sobrevivir al ser atacado a pedradas en La Ulloa, Rivera -","og_url":"https:\/\/luchonoticias.com\/editor\/lucho-por-sobrevivir-al-ser-atacado-a-pedradas-en-la-ulloa-rivera\/","article_publisher":"https:\/\/www.facebook.com\/luchonoticiasneiva","article_published_time":"2023-02-22T11:17:45+00:00","article_modified_time":"2023-02-22T11:17:46+00:00","author":"Editor General","twitter_card":"summary_large_image","twitter_misc":{"Escrito por":"Editor General","Tiempo de lectura":"1 minuto"},"schema":{"@context":"https:\/\/schema.org","@graph":[{"@type":"Article","@id":"https:\/\/luchonoticias.com\/editor\/lucho-por-sobrevivir-al-ser-atacado-a-pedradas-en-la-ulloa-rivera\/#article","isPartOf":{"@id":"https:\/\/luchonoticias.com\/editor\/lucho-por-sobrevivir-al-ser-atacado-a-pedradas-en-la-ulloa-rivera\/"},"author":{"name":"Editor General","@id":"https:\/\/luchonoticias.com\/editor\/#\/schema\/person\/29217990ddf6f14e35912b2866d591fb"},"headline":"Luch\u00f3 por sobrevivir al ser atacado a pedradas en La Ulloa, Rivera","datePublished":"2023-02-22T11:17:45+00:00","dateModified":"2023-02-22T11:17:46+00:00","mainEntityOfPage":{"@id":"https:\/\/luchonoticias.com\/editor\/lucho-por-sobrevivir-al-ser-atacado-a-pedradas-en-la-ulloa-rivera\/"},"wordCount":210,"commentCount":0,"publisher":{"@id":"https:\/\/luchonoticias.com\/editor\/#\/schema\/person\/7a7fd911f58561fd056dbac7b55af9cd"},"articleSection":["Destacado","Judicial"],"inLanguage":"es","potentialAction":[{"@type":"CommentAction","name":"Comment","target":["https:\/\/luchonoticias.com\/editor\/lucho-por-sobrevivir-al-ser-atacado-a-pedradas-en-la-ulloa-rivera\/#respond"]}]},{"@type":"WebPage","@id":"https:\/\/luchonoticias.com\/editor\/lucho-por-sobrevivir-al-ser-atacado-a-pedradas-en-la-ulloa-rivera\/","url":"https:\/\/luchonoticias.com\/editor\/lucho-por-sobrevivir-al-ser-atacado-a-pedradas-en-la-ulloa-rivera\/","name":"Luch\u00f3 por sobrevivir al ser atacado a pedradas en La Ulloa, Rivera -","isPartOf":{"@id":"https:\/\/luchonoticias.com\/editor\/#website"},"datePublished":"2023-02-22T11:17:45+00:00","dateModified":"2023-02-22T11:17:46+00:00","breadcrumb":{"@id":"https:\/\/luchonoticias.com\/editor\/lucho-por-sobrevivir-al-ser-atacado-a-pedradas-en-la-ulloa-rivera\/#breadcrumb"},"inLanguage":"es","potentialAction":[{"@type":"ReadAction","target":["https:\/\/luchonoticias.com\/editor\/lucho-por-sobrevivir-al-ser-atacado-a-pedradas-en-la-ulloa-rivera\/"]}]},{"@type":"BreadcrumbList","@id":"https:\/\/luchonoticias.com\/editor\/lucho-por-sobrevivir-al-ser-atacado-a-pedradas-en-la-ulloa-rivera\/#breadcrumb","itemListElement":[{"@type":"ListItem","position":1,"name":"Portada","item":"https:\/\/luchonoticias.com\/editor\/"},{"@type":"ListItem","position":2,"name":"Luch\u00f3 por sobrevivir al ser atacado a pedradas en La Ulloa, Rivera"}]},{"@type":"WebSite","@id":"https:\/\/luchonoticias.com\/editor\/#website","url":"https:\/\/luchonoticias.com\/editor\/","name":"","description":"","publisher":{"@id":"https:\/\/luchonoticias.com\/editor\/#\/schema\/person\/7a7fd911f58561fd056dbac7b55af9cd"},"potentialAction":[{"@type":"SearchAction","target":{"@type":"EntryPoint","urlTemplate":"https:\/\/luchonoticias.com\/editor\/?s={search_term_string}"},"query-input":{"@type":"PropertyValueSpecification","valueRequired":true,"valueName":"search_term_string"}}],"inLanguage":"es"},{"@type":["Person","Organization"],"@id":"https:\/\/luchonoticias.com\/editor\/#\/schema\/person\/7a7fd911f58561fd056dbac7b55af9cd","name":"admin","image":{"@type":"ImageObject","inLanguage":"es","@id":"https:\/\/luchonoticias.com\/editor\/#\/schema\/person\/image\/","url":"https:\/\/luchonoticias.com\/editor\/wp-content\/uploads\/2024\/02\/cropped-cropped-logolu.webp","contentUrl":"https:\/\/luchonoticias.com\/editor\/wp-content\/uploads\/2024\/02\/cropped-cropped-logolu.webp","width":382,"height":170,"caption":"admin"},"logo":{"@id":"https:\/\/luchonoticias.com\/editor\/#\/schema\/person\/image\/"},"sameAs":["https:\/\/www.facebook.com\/luchonoticiasneiva"]},{"@type":"Person","@id":"https:\/\/luchonoticias.com\/editor\/#\/schema\/person\/29217990ddf6f14e35912b2866d591fb","name":"Editor General","image":{"@type":"ImageObject","inLanguage":"es","@id":"https:\/\/luchonoticias.com\/editor\/#\/schema\/person\/image\/","url":"https:\/\/luchonoticias.com\/editor\/wp-content\/uploads\/2024\/02\/cropped-cropped-logolu-150x150.webp","contentUrl":"https:\/\/luchonoticias.com\/editor\/wp-content\/uploads\/2024\/02\/cropped-cropped-logolu-150x150.webp","caption":"Editor General"},"sameAs":["https:\/\/luchonoticias.com\/"],"url":"https:\/\/luchonoticias.com\/editor\/author\/editor-general\/"}]}},"_links":{"self":[{"href":"https:\/\/luchonoticias.com\/editor\/wp-json\/wp\/v2\/posts\/46716","targetHints":{"allow":["GET"]}}],"collection":[{"href":"https:\/\/luchonoticias.com\/editor\/wp-json\/wp\/v2\/posts"}],"about":[{"href":"https:\/\/luchonoticias.com\/editor\/wp-json\/wp\/v2\/types\/post"}],"author":[{"embeddable":true,"href":"https:\/\/luchonoticias.com\/editor\/wp-json\/wp\/v2\/users\/2"}],"replies":[{"embeddable":true,"href":"https:\/\/luchonoticias.com\/editor\/wp-json\/wp\/v2\/comments?post=46716"}],"version-history":[{"count":0,"href":"https:\/\/luchonoticias.com\/editor\/wp-json\/wp\/v2\/posts\/46716\/revisions"}],"wp:attachment":[{"href":"https:\/\/luchonoticias.com\/editor\/wp-json\/wp\/v2\/media?parent=46716"}],"wp:term":[{"taxonomy":"category","embeddable":true,"href":"https:\/\/luchonoticias.com\/editor\/wp-json\/wp\/v2\/categories?post=46716"},{"taxonomy":"post_tag","embeddable":true,"href":"https:\/\/luchonoticias.com\/editor\/wp-json\/wp\/v2\/tags?post=46716"}],"curies":[{"name":"wp","href":"https:\/\/api.w.org\/{rel}","templated":true}]}}