{"id":46726,"date":"2023-02-22T07:14:26","date_gmt":"2023-02-22T12:14:26","guid":{"rendered":"https:\/\/luchonoticias.com\/?p=46726"},"modified":"2023-02-22T07:14:27","modified_gmt":"2023-02-22T12:14:27","slug":"policia-nacional-desde-ya-se-prepara-para-las-elecciones-de-mandatarios-locales","status":"publish","type":"post","link":"https:\/\/luchonoticias.com\/editor\/policia-nacional-desde-ya-se-prepara-para-las-elecciones-de-mandatarios-locales\/","title":{"rendered":"Polic\u00eda Nacional desde ya se prepara para las elecciones de mandatarios locales"},"content":{"rendered":"\n<p>La Polic\u00eda Nacional llev\u00f3 a cabo el d\u00eda de hoy las mesas t\u00e9cnicas de trabajo regional de la regi\u00f3n de Polic\u00eda No. 2 dentro del centro integrado de informaci\u00f3n e inteligencia electoral en la ciudad de Neiva.<\/p>\n\n\n\n<p>En el auditorio de la Polic\u00eda Metropolitana de Neiva se llev\u00f3 a cabo esta actividad con la participaci\u00f3n de los se\u00f1ores comandantes de las Polic\u00edas metropolitanas de Ibagu\u00e9, Neiva, de los departamentos de Polic\u00eda Huila, Tolima, Caquet\u00e1 y Putumayo, la\u00a0 Registradur\u00eda nacional del estado civil, el Consejo Nacional electoral, la Fiscal\u00eda General de la Naci\u00f3n y dem\u00e1s entes gubernamentales.<\/p>\n\n\n\n<figure class=\"wp-block-gallery has-nested-images columns-default is-cropped wp-block-gallery-1 is-layout-flex wp-block-gallery-is-layout-flex\">\n<figure class=\"wp-block-image size-large\"><img decoding=\"async\" data-id=\"46728\" src=\"https:\/\/luchonoticias.com\/wp-content\/uploads\/2023\/02\/WhatsApp-Image-2023-02-21-at-5.51.05-PM-2-1024x576.jpeg\" alt=\"\" class=\"wp-image-46728\"\/><\/figure>\n\n\n\n<figure class=\"wp-block-image size-large\"><img decoding=\"async\" data-id=\"46730\" src=\"https:\/\/luchonoticias.com\/wp-content\/uploads\/2023\/02\/WhatsApp-Image-2023-02-21-at-5.51.05-PM-1024x576.jpeg\" alt=\"\" class=\"wp-image-46730\"\/><\/figure>\n\n\n\n<figure class=\"wp-block-image size-large\"><img decoding=\"async\" data-id=\"46729\" src=\"https:\/\/luchonoticias.com\/wp-content\/uploads\/2023\/02\/WhatsApp-Image-2023-02-21-at-5.51.04-PM-1-1024x576.jpeg\" alt=\"\" class=\"wp-image-46729\"\/><\/figure>\n<\/figure>\n\n\n\n<p>El objetivo de este escenario es la creaci\u00f3n de los mapas de prevenci\u00f3n en seguridad electoral, con el fin de identificar los niveles de riesgo de cada una de las jurisdicciones que hacen parte de la regi\u00f3n de Polic\u00eda 2, que permitan garantizar la seguridad de las elecciones de mandatarios locales en todas sus etapas.<\/p>\n\n\n\n<p>Durante la jornada se conformaron las mesas de trabajo por departamentos y con la intervenci\u00f3n de los diferentes entes, se sacaron las conclusiones&nbsp; siendo un insumo efectivo para la toma de decisiones.<\/p>\n","protected":false},"excerpt":{"rendered":"<p>La Polic\u00eda Nacional llev\u00f3 a cabo el d\u00eda de hoy las mesas t\u00e9cnicas de trabajo regional de la regi\u00f3n de Polic\u00eda No. 2 dentro del centro integrado de informaci\u00f3n e inteligencia electoral en la ciudad de Neiva. En el auditorio de la Polic\u00eda Metropolitana de Neiva se llev\u00f3 a cabo esta actividad con la participaci\u00f3n [&hellip;]<\/p>\n","protected":false},"author":2,"featured_media":0,"comment_status":"open","ping_status":"open","sticky":false,"template":"","format":"standard","meta":{"footnotes":""},"categories":[36,35],"tags":[],"class_list":["post-46726","post","type-post","status-publish","format-standard","hentry","category-destacado","category-regional"],"yoast_head":"<!-- This site is optimized with the Yoast SEO plugin v26.6 - https:\/\/yoast.com\/wordpress\/plugins\/seo\/ -->\n<title>Polic\u00eda Nacional desde ya se prepara para las elecciones de mandatarios locales -<\/title>\n<meta name=\"robots\" content=\"index, follow, max-snippet:-1, max-image-preview:large, max-video-preview:-1\" \/>\n<link rel=\"canonical\" href=\"https:\/\/luchonoticias.com\/editor\/policia-nacional-desde-ya-se-prepara-para-las-elecciones-de-mandatarios-locales\/\" \/>\n<meta property=\"og:locale\" content=\"es_ES\" \/>\n<meta property=\"og:type\" content=\"article\" \/>\n<meta property=\"og:title\" content=\"Polic\u00eda Nacional desde ya se prepara para las elecciones de mandatarios locales -\" \/>\n<meta property=\"og:url\" content=\"https:\/\/luchonoticias.com\/editor\/policia-nacional-desde-ya-se-prepara-para-las-elecciones-de-mandatarios-locales\/\" \/>\n<meta property=\"article:publisher\" content=\"https:\/\/www.facebook.com\/luchonoticiasneiva\" \/>\n<meta property=\"article:published_time\" content=\"2023-02-22T12:14:26+00:00\" \/>\n<meta property=\"article:modified_time\" content=\"2023-02-22T12:14:27+00:00\" \/>\n<meta property=\"og:image\" content=\"https:\/\/luchonoticias.com\/wp-content\/uploads\/2023\/02\/WhatsApp-Image-2023-02-21-at-5.51.05-PM-2-1024x576.jpeg\" \/>\n<meta name=\"author\" content=\"Editor General\" \/>\n<meta name=\"twitter:card\" content=\"summary_large_image\" \/>\n<meta name=\"twitter:label1\" content=\"Escrito por\" \/>\n\t<meta name=\"twitter:data1\" content=\"Editor General\" \/>\n\t<meta name=\"twitter:label2\" content=\"Tiempo de lectura\" \/>\n\t<meta name=\"twitter:data2\" content=\"1 minuto\" \/>\n<script type=\"application\/ld+json\" class=\"yoast-schema-graph\">{\"@context\":\"https:\/\/schema.org\",\"@graph\":[{\"@type\":\"Article\",\"@id\":\"https:\/\/luchonoticias.com\/editor\/policia-nacional-desde-ya-se-prepara-para-las-elecciones-de-mandatarios-locales\/#article\",\"isPartOf\":{\"@id\":\"https:\/\/luchonoticias.com\/editor\/policia-nacional-desde-ya-se-prepara-para-las-elecciones-de-mandatarios-locales\/\"},\"author\":{\"name\":\"Editor General\",\"@id\":\"https:\/\/luchonoticias.com\/editor\/#\/schema\/person\/29217990ddf6f14e35912b2866d591fb\"},\"headline\":\"Polic\u00eda Nacional desde ya se prepara para las elecciones de mandatarios locales\",\"datePublished\":\"2023-02-22T12:14:26+00:00\",\"dateModified\":\"2023-02-22T12:14:27+00:00\",\"mainEntityOfPage\":{\"@id\":\"https:\/\/luchonoticias.com\/editor\/policia-nacional-desde-ya-se-prepara-para-las-elecciones-de-mandatarios-locales\/\"},\"wordCount\":215,\"commentCount\":0,\"publisher\":{\"@id\":\"https:\/\/luchonoticias.com\/editor\/#\/schema\/person\/7a7fd911f58561fd056dbac7b55af9cd\"},\"image\":{\"@id\":\"https:\/\/luchonoticias.com\/editor\/policia-nacional-desde-ya-se-prepara-para-las-elecciones-de-mandatarios-locales\/#primaryimage\"},\"thumbnailUrl\":\"https:\/\/luchonoticias.com\/wp-content\/uploads\/2023\/02\/WhatsApp-Image-2023-02-21-at-5.51.05-PM-2-1024x576.jpeg\",\"articleSection\":[\"Destacado\",\"Regional\"],\"inLanguage\":\"es\",\"potentialAction\":[{\"@type\":\"CommentAction\",\"name\":\"Comment\",\"target\":[\"https:\/\/luchonoticias.com\/editor\/policia-nacional-desde-ya-se-prepara-para-las-elecciones-de-mandatarios-locales\/#respond\"]}]},{\"@type\":\"WebPage\",\"@id\":\"https:\/\/luchonoticias.com\/editor\/policia-nacional-desde-ya-se-prepara-para-las-elecciones-de-mandatarios-locales\/\",\"url\":\"https:\/\/luchonoticias.com\/editor\/policia-nacional-desde-ya-se-prepara-para-las-elecciones-de-mandatarios-locales\/\",\"name\":\"Polic\u00eda Nacional desde ya se prepara para las elecciones de mandatarios locales -\",\"isPartOf\":{\"@id\":\"https:\/\/luchonoticias.com\/editor\/#website\"},\"primaryImageOfPage\":{\"@id\":\"https:\/\/luchonoticias.com\/editor\/policia-nacional-desde-ya-se-prepara-para-las-elecciones-de-mandatarios-locales\/#primaryimage\"},\"image\":{\"@id\":\"https:\/\/luchonoticias.com\/editor\/policia-nacional-desde-ya-se-prepara-para-las-elecciones-de-mandatarios-locales\/#primaryimage\"},\"thumbnailUrl\":\"https:\/\/luchonoticias.com\/wp-content\/uploads\/2023\/02\/WhatsApp-Image-2023-02-21-at-5.51.05-PM-2-1024x576.jpeg\",\"datePublished\":\"2023-02-22T12:14:26+00:00\",\"dateModified\":\"2023-02-22T12:14:27+00:00\",\"breadcrumb\":{\"@id\":\"https:\/\/luchonoticias.com\/editor\/policia-nacional-desde-ya-se-prepara-para-las-elecciones-de-mandatarios-locales\/#breadcrumb\"},\"inLanguage\":\"es\",\"potentialAction\":[{\"@type\":\"ReadAction\",\"target\":[\"https:\/\/luchonoticias.com\/editor\/policia-nacional-desde-ya-se-prepara-para-las-elecciones-de-mandatarios-locales\/\"]}]},{\"@type\":\"ImageObject\",\"inLanguage\":\"es\",\"@id\":\"https:\/\/luchonoticias.com\/editor\/policia-nacional-desde-ya-se-prepara-para-las-elecciones-de-mandatarios-locales\/#primaryimage\",\"url\":\"https:\/\/luchonoticias.com\/wp-content\/uploads\/2023\/02\/WhatsApp-Image-2023-02-21-at-5.51.05-PM-2-1024x576.jpeg\",\"contentUrl\":\"https:\/\/luchonoticias.com\/wp-content\/uploads\/2023\/02\/WhatsApp-Image-2023-02-21-at-5.51.05-PM-2-1024x576.jpeg\"},{\"@type\":\"BreadcrumbList\",\"@id\":\"https:\/\/luchonoticias.com\/editor\/policia-nacional-desde-ya-se-prepara-para-las-elecciones-de-mandatarios-locales\/#breadcrumb\",\"itemListElement\":[{\"@type\":\"ListItem\",\"position\":1,\"name\":\"Portada\",\"item\":\"https:\/\/luchonoticias.com\/editor\/\"},{\"@type\":\"ListItem\",\"position\":2,\"name\":\"Polic\u00eda Nacional desde ya se prepara para las elecciones de mandatarios locales\"}]},{\"@type\":\"WebSite\",\"@id\":\"https:\/\/luchonoticias.com\/editor\/#website\",\"url\":\"https:\/\/luchonoticias.com\/editor\/\",\"name\":\"\",\"description\":\"\",\"publisher\":{\"@id\":\"https:\/\/luchonoticias.com\/editor\/#\/schema\/person\/7a7fd911f58561fd056dbac7b55af9cd\"},\"potentialAction\":[{\"@type\":\"SearchAction\",\"target\":{\"@type\":\"EntryPoint\",\"urlTemplate\":\"https:\/\/luchonoticias.com\/editor\/?s={search_term_string}\"},\"query-input\":{\"@type\":\"PropertyValueSpecification\",\"valueRequired\":true,\"valueName\":\"search_term_string\"}}],\"inLanguage\":\"es\"},{\"@type\":[\"Person\",\"Organization\"],\"@id\":\"https:\/\/luchonoticias.com\/editor\/#\/schema\/person\/7a7fd911f58561fd056dbac7b55af9cd\",\"name\":\"admin\",\"image\":{\"@type\":\"ImageObject\",\"inLanguage\":\"es\",\"@id\":\"https:\/\/luchonoticias.com\/editor\/#\/schema\/person\/image\/\",\"url\":\"https:\/\/luchonoticias.com\/editor\/wp-content\/uploads\/2024\/02\/cropped-cropped-logolu.webp\",\"contentUrl\":\"https:\/\/luchonoticias.com\/editor\/wp-content\/uploads\/2024\/02\/cropped-cropped-logolu.webp\",\"width\":382,\"height\":170,\"caption\":\"admin\"},\"logo\":{\"@id\":\"https:\/\/luchonoticias.com\/editor\/#\/schema\/person\/image\/\"},\"sameAs\":[\"https:\/\/www.facebook.com\/luchonoticiasneiva\"]},{\"@type\":\"Person\",\"@id\":\"https:\/\/luchonoticias.com\/editor\/#\/schema\/person\/29217990ddf6f14e35912b2866d591fb\",\"name\":\"Editor General\",\"image\":{\"@type\":\"ImageObject\",\"inLanguage\":\"es\",\"@id\":\"https:\/\/luchonoticias.com\/editor\/#\/schema\/person\/image\/\",\"url\":\"https:\/\/luchonoticias.com\/editor\/wp-content\/uploads\/2024\/02\/cropped-cropped-logolu-150x150.webp\",\"contentUrl\":\"https:\/\/luchonoticias.com\/editor\/wp-content\/uploads\/2024\/02\/cropped-cropped-logolu-150x150.webp\",\"caption\":\"Editor General\"},\"sameAs\":[\"https:\/\/luchonoticias.com\/\"],\"url\":\"https:\/\/luchonoticias.com\/editor\/author\/editor-general\/\"}]}<\/script>\n<!-- \/ Yoast SEO plugin. -->","yoast_head_json":{"title":"Polic\u00eda Nacional desde ya se prepara para las elecciones de mandatarios locales -","robots":{"index":"index","follow":"follow","max-snippet":"max-snippet:-1","max-image-preview":"max-image-preview:large","max-video-preview":"max-video-preview:-1"},"canonical":"https:\/\/luchonoticias.com\/editor\/policia-nacional-desde-ya-se-prepara-para-las-elecciones-de-mandatarios-locales\/","og_locale":"es_ES","og_type":"article","og_title":"Polic\u00eda Nacional desde ya se prepara para las elecciones de mandatarios locales -","og_url":"https:\/\/luchonoticias.com\/editor\/policia-nacional-desde-ya-se-prepara-para-las-elecciones-de-mandatarios-locales\/","article_publisher":"https:\/\/www.facebook.com\/luchonoticiasneiva","article_published_time":"2023-02-22T12:14:26+00:00","article_modified_time":"2023-02-22T12:14:27+00:00","og_image":[{"url":"https:\/\/luchonoticias.com\/wp-content\/uploads\/2023\/02\/WhatsApp-Image-2023-02-21-at-5.51.05-PM-2-1024x576.jpeg","type":"","width":"","height":""}],"author":"Editor General","twitter_card":"summary_large_image","twitter_misc":{"Escrito por":"Editor General","Tiempo de lectura":"1 minuto"},"schema":{"@context":"https:\/\/schema.org","@graph":[{"@type":"Article","@id":"https:\/\/luchonoticias.com\/editor\/policia-nacional-desde-ya-se-prepara-para-las-elecciones-de-mandatarios-locales\/#article","isPartOf":{"@id":"https:\/\/luchonoticias.com\/editor\/policia-nacional-desde-ya-se-prepara-para-las-elecciones-de-mandatarios-locales\/"},"author":{"name":"Editor General","@id":"https:\/\/luchonoticias.com\/editor\/#\/schema\/person\/29217990ddf6f14e35912b2866d591fb"},"headline":"Polic\u00eda Nacional desde ya se prepara para las elecciones de mandatarios locales","datePublished":"2023-02-22T12:14:26+00:00","dateModified":"2023-02-22T12:14:27+00:00","mainEntityOfPage":{"@id":"https:\/\/luchonoticias.com\/editor\/policia-nacional-desde-ya-se-prepara-para-las-elecciones-de-mandatarios-locales\/"},"wordCount":215,"commentCount":0,"publisher":{"@id":"https:\/\/luchonoticias.com\/editor\/#\/schema\/person\/7a7fd911f58561fd056dbac7b55af9cd"},"image":{"@id":"https:\/\/luchonoticias.com\/editor\/policia-nacional-desde-ya-se-prepara-para-las-elecciones-de-mandatarios-locales\/#primaryimage"},"thumbnailUrl":"https:\/\/luchonoticias.com\/wp-content\/uploads\/2023\/02\/WhatsApp-Image-2023-02-21-at-5.51.05-PM-2-1024x576.jpeg","articleSection":["Destacado","Regional"],"inLanguage":"es","potentialAction":[{"@type":"CommentAction","name":"Comment","target":["https:\/\/luchonoticias.com\/editor\/policia-nacional-desde-ya-se-prepara-para-las-elecciones-de-mandatarios-locales\/#respond"]}]},{"@type":"WebPage","@id":"https:\/\/luchonoticias.com\/editor\/policia-nacional-desde-ya-se-prepara-para-las-elecciones-de-mandatarios-locales\/","url":"https:\/\/luchonoticias.com\/editor\/policia-nacional-desde-ya-se-prepara-para-las-elecciones-de-mandatarios-locales\/","name":"Polic\u00eda Nacional desde ya se prepara para las elecciones de mandatarios locales -","isPartOf":{"@id":"https:\/\/luchonoticias.com\/editor\/#website"},"primaryImageOfPage":{"@id":"https:\/\/luchonoticias.com\/editor\/policia-nacional-desde-ya-se-prepara-para-las-elecciones-de-mandatarios-locales\/#primaryimage"},"image":{"@id":"https:\/\/luchonoticias.com\/editor\/policia-nacional-desde-ya-se-prepara-para-las-elecciones-de-mandatarios-locales\/#primaryimage"},"thumbnailUrl":"https:\/\/luchonoticias.com\/wp-content\/uploads\/2023\/02\/WhatsApp-Image-2023-02-21-at-5.51.05-PM-2-1024x576.jpeg","datePublished":"2023-02-22T12:14:26+00:00","dateModified":"2023-02-22T12:14:27+00:00","breadcrumb":{"@id":"https:\/\/luchonoticias.com\/editor\/policia-nacional-desde-ya-se-prepara-para-las-elecciones-de-mandatarios-locales\/#breadcrumb"},"inLanguage":"es","potentialAction":[{"@type":"ReadAction","target":["https:\/\/luchonoticias.com\/editor\/policia-nacional-desde-ya-se-prepara-para-las-elecciones-de-mandatarios-locales\/"]}]},{"@type":"ImageObject","inLanguage":"es","@id":"https:\/\/luchonoticias.com\/editor\/policia-nacional-desde-ya-se-prepara-para-las-elecciones-de-mandatarios-locales\/#primaryimage","url":"https:\/\/luchonoticias.com\/wp-content\/uploads\/2023\/02\/WhatsApp-Image-2023-02-21-at-5.51.05-PM-2-1024x576.jpeg","contentUrl":"https:\/\/luchonoticias.com\/wp-content\/uploads\/2023\/02\/WhatsApp-Image-2023-02-21-at-5.51.05-PM-2-1024x576.jpeg"},{"@type":"BreadcrumbList","@id":"https:\/\/luchonoticias.com\/editor\/policia-nacional-desde-ya-se-prepara-para-las-elecciones-de-mandatarios-locales\/#breadcrumb","itemListElement":[{"@type":"ListItem","position":1,"name":"Portada","item":"https:\/\/luchonoticias.com\/editor\/"},{"@type":"ListItem","position":2,"name":"Polic\u00eda Nacional desde ya se prepara para las elecciones de mandatarios locales"}]},{"@type":"WebSite","@id":"https:\/\/luchonoticias.com\/editor\/#website","url":"https:\/\/luchonoticias.com\/editor\/","name":"","description":"","publisher":{"@id":"https:\/\/luchonoticias.com\/editor\/#\/schema\/person\/7a7fd911f58561fd056dbac7b55af9cd"},"potentialAction":[{"@type":"SearchAction","target":{"@type":"EntryPoint","urlTemplate":"https:\/\/luchonoticias.com\/editor\/?s={search_term_string}"},"query-input":{"@type":"PropertyValueSpecification","valueRequired":true,"valueName":"search_term_string"}}],"inLanguage":"es"},{"@type":["Person","Organization"],"@id":"https:\/\/luchonoticias.com\/editor\/#\/schema\/person\/7a7fd911f58561fd056dbac7b55af9cd","name":"admin","image":{"@type":"ImageObject","inLanguage":"es","@id":"https:\/\/luchonoticias.com\/editor\/#\/schema\/person\/image\/","url":"https:\/\/luchonoticias.com\/editor\/wp-content\/uploads\/2024\/02\/cropped-cropped-logolu.webp","contentUrl":"https:\/\/luchonoticias.com\/editor\/wp-content\/uploads\/2024\/02\/cropped-cropped-logolu.webp","width":382,"height":170,"caption":"admin"},"logo":{"@id":"https:\/\/luchonoticias.com\/editor\/#\/schema\/person\/image\/"},"sameAs":["https:\/\/www.facebook.com\/luchonoticiasneiva"]},{"@type":"Person","@id":"https:\/\/luchonoticias.com\/editor\/#\/schema\/person\/29217990ddf6f14e35912b2866d591fb","name":"Editor General","image":{"@type":"ImageObject","inLanguage":"es","@id":"https:\/\/luchonoticias.com\/editor\/#\/schema\/person\/image\/","url":"https:\/\/luchonoticias.com\/editor\/wp-content\/uploads\/2024\/02\/cropped-cropped-logolu-150x150.webp","contentUrl":"https:\/\/luchonoticias.com\/editor\/wp-content\/uploads\/2024\/02\/cropped-cropped-logolu-150x150.webp","caption":"Editor General"},"sameAs":["https:\/\/luchonoticias.com\/"],"url":"https:\/\/luchonoticias.com\/editor\/author\/editor-general\/"}]}},"_links":{"self":[{"href":"https:\/\/luchonoticias.com\/editor\/wp-json\/wp\/v2\/posts\/46726","targetHints":{"allow":["GET"]}}],"collection":[{"href":"https:\/\/luchonoticias.com\/editor\/wp-json\/wp\/v2\/posts"}],"about":[{"href":"https:\/\/luchonoticias.com\/editor\/wp-json\/wp\/v2\/types\/post"}],"author":[{"embeddable":true,"href":"https:\/\/luchonoticias.com\/editor\/wp-json\/wp\/v2\/users\/2"}],"replies":[{"embeddable":true,"href":"https:\/\/luchonoticias.com\/editor\/wp-json\/wp\/v2\/comments?post=46726"}],"version-history":[{"count":0,"href":"https:\/\/luchonoticias.com\/editor\/wp-json\/wp\/v2\/posts\/46726\/revisions"}],"wp:attachment":[{"href":"https:\/\/luchonoticias.com\/editor\/wp-json\/wp\/v2\/media?parent=46726"}],"wp:term":[{"taxonomy":"category","embeddable":true,"href":"https:\/\/luchonoticias.com\/editor\/wp-json\/wp\/v2\/categories?post=46726"},{"taxonomy":"post_tag","embeddable":true,"href":"https:\/\/luchonoticias.com\/editor\/wp-json\/wp\/v2\/tags?post=46726"}],"curies":[{"name":"wp","href":"https:\/\/api.w.org\/{rel}","templated":true}]}}