{"id":46758,"date":"2023-02-22T16:12:58","date_gmt":"2023-02-22T21:12:58","guid":{"rendered":"https:\/\/luchonoticias.com\/?p=46758"},"modified":"2023-02-22T16:13:01","modified_gmt":"2023-02-22T21:13:01","slug":"termina-paro-de-taxistas-gobierno-y-conductores-llegaron-a-17-acuerdos","status":"publish","type":"post","link":"https:\/\/luchonoticias.com\/editor\/termina-paro-de-taxistas-gobierno-y-conductores-llegaron-a-17-acuerdos\/","title":{"rendered":"Termina paro de taxistas, Gobierno y conductores llegaron a 17 acuerdos"},"content":{"rendered":"\n<p>La jornada de paro se registr\u00f3 en distintas ciudades como Bogot\u00e1, Cali, Medell\u00edn, Ibagu\u00e9, Neiva, y Manizales y tras una reuni\u00f3n con el Gobierno Nacional dieron por finalizado el paro de conductores que inici\u00f3 en la ma\u00f1ana de este mi\u00e9rcoles 22 de febrero.<\/p>\n\n\n\n<p>En una rueda de prensa conjunta entre el ministro de Transporte, Guillermo Reyes, y Juli\u00e1n Osorio, l\u00edder taxista, las partes anunciaron el final de la manifestaci\u00f3n tras alcanzar acuerdos en 17 puntos.<\/p>\n\n\n\n<p>Los puntos acordados fueron logrados mientras los conductores de cada una de las ciudades, protestaban, sus voceros discut\u00edan los puntos de su protesta en una mesa de concertaci\u00f3n.<\/p>\n\n\n\n<figure class=\"wp-block-video\"><video controls src=\"https:\/\/luchonoticias.com\/wp-content\/uploads\/2023\/02\/lider-taxista.mp4\"><\/video><\/figure>\n","protected":false},"excerpt":{"rendered":"<p>La jornada de paro se registr\u00f3 en distintas ciudades como Bogot\u00e1, Cali, Medell\u00edn, Ibagu\u00e9, Neiva, y Manizales y tras una reuni\u00f3n con el Gobierno Nacional dieron por finalizado el paro de conductores que inici\u00f3 en la ma\u00f1ana de este mi\u00e9rcoles 22 de febrero. En una rueda de prensa conjunta entre el ministro de Transporte, Guillermo [&hellip;]<\/p>\n","protected":false},"author":2,"featured_media":0,"comment_status":"open","ping_status":"open","sticky":false,"template":"","format":"standard","meta":{"footnotes":""},"categories":[36,32],"tags":[],"class_list":["post-46758","post","type-post","status-publish","format-standard","hentry","category-destacado","category-nacional"],"yoast_head":"<!-- This site is optimized with the Yoast SEO plugin v26.6 - https:\/\/yoast.com\/wordpress\/plugins\/seo\/ -->\n<title>Termina paro de taxistas, Gobierno y conductores llegaron a 17 acuerdos -<\/title>\n<meta name=\"robots\" content=\"index, follow, max-snippet:-1, max-image-preview:large, max-video-preview:-1\" \/>\n<link rel=\"canonical\" href=\"https:\/\/luchonoticias.com\/editor\/termina-paro-de-taxistas-gobierno-y-conductores-llegaron-a-17-acuerdos\/\" \/>\n<meta property=\"og:locale\" content=\"es_ES\" \/>\n<meta property=\"og:type\" content=\"article\" \/>\n<meta property=\"og:title\" content=\"Termina paro de taxistas, Gobierno y conductores llegaron a 17 acuerdos -\" \/>\n<meta property=\"og:url\" content=\"https:\/\/luchonoticias.com\/editor\/termina-paro-de-taxistas-gobierno-y-conductores-llegaron-a-17-acuerdos\/\" \/>\n<meta property=\"article:publisher\" content=\"https:\/\/www.facebook.com\/luchonoticiasneiva\" \/>\n<meta property=\"article:published_time\" content=\"2023-02-22T21:12:58+00:00\" \/>\n<meta property=\"article:modified_time\" content=\"2023-02-22T21:13:01+00:00\" \/>\n<meta name=\"author\" content=\"Editor General\" \/>\n<meta name=\"twitter:card\" content=\"summary_large_image\" \/>\n<meta name=\"twitter:label1\" content=\"Escrito por\" \/>\n\t<meta name=\"twitter:data1\" content=\"Editor General\" \/>\n\t<meta name=\"twitter:label2\" content=\"Tiempo de lectura\" \/>\n\t<meta name=\"twitter:data2\" content=\"1 minuto\" \/>\n<script type=\"application\/ld+json\" class=\"yoast-schema-graph\">{\"@context\":\"https:\/\/schema.org\",\"@graph\":[{\"@type\":\"Article\",\"@id\":\"https:\/\/luchonoticias.com\/editor\/termina-paro-de-taxistas-gobierno-y-conductores-llegaron-a-17-acuerdos\/#article\",\"isPartOf\":{\"@id\":\"https:\/\/luchonoticias.com\/editor\/termina-paro-de-taxistas-gobierno-y-conductores-llegaron-a-17-acuerdos\/\"},\"author\":{\"name\":\"Editor General\",\"@id\":\"https:\/\/luchonoticias.com\/editor\/#\/schema\/person\/29217990ddf6f14e35912b2866d591fb\"},\"headline\":\"Termina paro de taxistas, Gobierno y conductores llegaron a 17 acuerdos\",\"datePublished\":\"2023-02-22T21:12:58+00:00\",\"dateModified\":\"2023-02-22T21:13:01+00:00\",\"mainEntityOfPage\":{\"@id\":\"https:\/\/luchonoticias.com\/editor\/termina-paro-de-taxistas-gobierno-y-conductores-llegaron-a-17-acuerdos\/\"},\"wordCount\":120,\"commentCount\":0,\"publisher\":{\"@id\":\"https:\/\/luchonoticias.com\/editor\/#\/schema\/person\/7a7fd911f58561fd056dbac7b55af9cd\"},\"articleSection\":[\"Destacado\",\"Nacional\"],\"inLanguage\":\"es\",\"potentialAction\":[{\"@type\":\"CommentAction\",\"name\":\"Comment\",\"target\":[\"https:\/\/luchonoticias.com\/editor\/termina-paro-de-taxistas-gobierno-y-conductores-llegaron-a-17-acuerdos\/#respond\"]}]},{\"@type\":\"WebPage\",\"@id\":\"https:\/\/luchonoticias.com\/editor\/termina-paro-de-taxistas-gobierno-y-conductores-llegaron-a-17-acuerdos\/\",\"url\":\"https:\/\/luchonoticias.com\/editor\/termina-paro-de-taxistas-gobierno-y-conductores-llegaron-a-17-acuerdos\/\",\"name\":\"Termina paro de taxistas, Gobierno y conductores llegaron a 17 acuerdos -\",\"isPartOf\":{\"@id\":\"https:\/\/luchonoticias.com\/editor\/#website\"},\"datePublished\":\"2023-02-22T21:12:58+00:00\",\"dateModified\":\"2023-02-22T21:13:01+00:00\",\"breadcrumb\":{\"@id\":\"https:\/\/luchonoticias.com\/editor\/termina-paro-de-taxistas-gobierno-y-conductores-llegaron-a-17-acuerdos\/#breadcrumb\"},\"inLanguage\":\"es\",\"potentialAction\":[{\"@type\":\"ReadAction\",\"target\":[\"https:\/\/luchonoticias.com\/editor\/termina-paro-de-taxistas-gobierno-y-conductores-llegaron-a-17-acuerdos\/\"]}]},{\"@type\":\"BreadcrumbList\",\"@id\":\"https:\/\/luchonoticias.com\/editor\/termina-paro-de-taxistas-gobierno-y-conductores-llegaron-a-17-acuerdos\/#breadcrumb\",\"itemListElement\":[{\"@type\":\"ListItem\",\"position\":1,\"name\":\"Portada\",\"item\":\"https:\/\/luchonoticias.com\/editor\/\"},{\"@type\":\"ListItem\",\"position\":2,\"name\":\"Termina paro de taxistas, Gobierno y conductores llegaron a 17 acuerdos\"}]},{\"@type\":\"WebSite\",\"@id\":\"https:\/\/luchonoticias.com\/editor\/#website\",\"url\":\"https:\/\/luchonoticias.com\/editor\/\",\"name\":\"\",\"description\":\"\",\"publisher\":{\"@id\":\"https:\/\/luchonoticias.com\/editor\/#\/schema\/person\/7a7fd911f58561fd056dbac7b55af9cd\"},\"potentialAction\":[{\"@type\":\"SearchAction\",\"target\":{\"@type\":\"EntryPoint\",\"urlTemplate\":\"https:\/\/luchonoticias.com\/editor\/?s={search_term_string}\"},\"query-input\":{\"@type\":\"PropertyValueSpecification\",\"valueRequired\":true,\"valueName\":\"search_term_string\"}}],\"inLanguage\":\"es\"},{\"@type\":[\"Person\",\"Organization\"],\"@id\":\"https:\/\/luchonoticias.com\/editor\/#\/schema\/person\/7a7fd911f58561fd056dbac7b55af9cd\",\"name\":\"admin\",\"image\":{\"@type\":\"ImageObject\",\"inLanguage\":\"es\",\"@id\":\"https:\/\/luchonoticias.com\/editor\/#\/schema\/person\/image\/\",\"url\":\"https:\/\/luchonoticias.com\/editor\/wp-content\/uploads\/2024\/02\/cropped-cropped-logolu.webp\",\"contentUrl\":\"https:\/\/luchonoticias.com\/editor\/wp-content\/uploads\/2024\/02\/cropped-cropped-logolu.webp\",\"width\":382,\"height\":170,\"caption\":\"admin\"},\"logo\":{\"@id\":\"https:\/\/luchonoticias.com\/editor\/#\/schema\/person\/image\/\"},\"sameAs\":[\"https:\/\/www.facebook.com\/luchonoticiasneiva\"]},{\"@type\":\"Person\",\"@id\":\"https:\/\/luchonoticias.com\/editor\/#\/schema\/person\/29217990ddf6f14e35912b2866d591fb\",\"name\":\"Editor General\",\"image\":{\"@type\":\"ImageObject\",\"inLanguage\":\"es\",\"@id\":\"https:\/\/luchonoticias.com\/editor\/#\/schema\/person\/image\/\",\"url\":\"https:\/\/luchonoticias.com\/editor\/wp-content\/uploads\/2024\/02\/cropped-cropped-logolu-150x150.webp\",\"contentUrl\":\"https:\/\/luchonoticias.com\/editor\/wp-content\/uploads\/2024\/02\/cropped-cropped-logolu-150x150.webp\",\"caption\":\"Editor General\"},\"sameAs\":[\"https:\/\/luchonoticias.com\/\"],\"url\":\"https:\/\/luchonoticias.com\/editor\/author\/editor-general\/\"}]}<\/script>\n<!-- \/ Yoast SEO plugin. -->","yoast_head_json":{"title":"Termina paro de taxistas, Gobierno y conductores llegaron a 17 acuerdos -","robots":{"index":"index","follow":"follow","max-snippet":"max-snippet:-1","max-image-preview":"max-image-preview:large","max-video-preview":"max-video-preview:-1"},"canonical":"https:\/\/luchonoticias.com\/editor\/termina-paro-de-taxistas-gobierno-y-conductores-llegaron-a-17-acuerdos\/","og_locale":"es_ES","og_type":"article","og_title":"Termina paro de taxistas, Gobierno y conductores llegaron a 17 acuerdos -","og_url":"https:\/\/luchonoticias.com\/editor\/termina-paro-de-taxistas-gobierno-y-conductores-llegaron-a-17-acuerdos\/","article_publisher":"https:\/\/www.facebook.com\/luchonoticiasneiva","article_published_time":"2023-02-22T21:12:58+00:00","article_modified_time":"2023-02-22T21:13:01+00:00","author":"Editor General","twitter_card":"summary_large_image","twitter_misc":{"Escrito por":"Editor General","Tiempo de lectura":"1 minuto"},"schema":{"@context":"https:\/\/schema.org","@graph":[{"@type":"Article","@id":"https:\/\/luchonoticias.com\/editor\/termina-paro-de-taxistas-gobierno-y-conductores-llegaron-a-17-acuerdos\/#article","isPartOf":{"@id":"https:\/\/luchonoticias.com\/editor\/termina-paro-de-taxistas-gobierno-y-conductores-llegaron-a-17-acuerdos\/"},"author":{"name":"Editor General","@id":"https:\/\/luchonoticias.com\/editor\/#\/schema\/person\/29217990ddf6f14e35912b2866d591fb"},"headline":"Termina paro de taxistas, Gobierno y conductores llegaron a 17 acuerdos","datePublished":"2023-02-22T21:12:58+00:00","dateModified":"2023-02-22T21:13:01+00:00","mainEntityOfPage":{"@id":"https:\/\/luchonoticias.com\/editor\/termina-paro-de-taxistas-gobierno-y-conductores-llegaron-a-17-acuerdos\/"},"wordCount":120,"commentCount":0,"publisher":{"@id":"https:\/\/luchonoticias.com\/editor\/#\/schema\/person\/7a7fd911f58561fd056dbac7b55af9cd"},"articleSection":["Destacado","Nacional"],"inLanguage":"es","potentialAction":[{"@type":"CommentAction","name":"Comment","target":["https:\/\/luchonoticias.com\/editor\/termina-paro-de-taxistas-gobierno-y-conductores-llegaron-a-17-acuerdos\/#respond"]}]},{"@type":"WebPage","@id":"https:\/\/luchonoticias.com\/editor\/termina-paro-de-taxistas-gobierno-y-conductores-llegaron-a-17-acuerdos\/","url":"https:\/\/luchonoticias.com\/editor\/termina-paro-de-taxistas-gobierno-y-conductores-llegaron-a-17-acuerdos\/","name":"Termina paro de taxistas, Gobierno y conductores llegaron a 17 acuerdos -","isPartOf":{"@id":"https:\/\/luchonoticias.com\/editor\/#website"},"datePublished":"2023-02-22T21:12:58+00:00","dateModified":"2023-02-22T21:13:01+00:00","breadcrumb":{"@id":"https:\/\/luchonoticias.com\/editor\/termina-paro-de-taxistas-gobierno-y-conductores-llegaron-a-17-acuerdos\/#breadcrumb"},"inLanguage":"es","potentialAction":[{"@type":"ReadAction","target":["https:\/\/luchonoticias.com\/editor\/termina-paro-de-taxistas-gobierno-y-conductores-llegaron-a-17-acuerdos\/"]}]},{"@type":"BreadcrumbList","@id":"https:\/\/luchonoticias.com\/editor\/termina-paro-de-taxistas-gobierno-y-conductores-llegaron-a-17-acuerdos\/#breadcrumb","itemListElement":[{"@type":"ListItem","position":1,"name":"Portada","item":"https:\/\/luchonoticias.com\/editor\/"},{"@type":"ListItem","position":2,"name":"Termina paro de taxistas, Gobierno y conductores llegaron a 17 acuerdos"}]},{"@type":"WebSite","@id":"https:\/\/luchonoticias.com\/editor\/#website","url":"https:\/\/luchonoticias.com\/editor\/","name":"","description":"","publisher":{"@id":"https:\/\/luchonoticias.com\/editor\/#\/schema\/person\/7a7fd911f58561fd056dbac7b55af9cd"},"potentialAction":[{"@type":"SearchAction","target":{"@type":"EntryPoint","urlTemplate":"https:\/\/luchonoticias.com\/editor\/?s={search_term_string}"},"query-input":{"@type":"PropertyValueSpecification","valueRequired":true,"valueName":"search_term_string"}}],"inLanguage":"es"},{"@type":["Person","Organization"],"@id":"https:\/\/luchonoticias.com\/editor\/#\/schema\/person\/7a7fd911f58561fd056dbac7b55af9cd","name":"admin","image":{"@type":"ImageObject","inLanguage":"es","@id":"https:\/\/luchonoticias.com\/editor\/#\/schema\/person\/image\/","url":"https:\/\/luchonoticias.com\/editor\/wp-content\/uploads\/2024\/02\/cropped-cropped-logolu.webp","contentUrl":"https:\/\/luchonoticias.com\/editor\/wp-content\/uploads\/2024\/02\/cropped-cropped-logolu.webp","width":382,"height":170,"caption":"admin"},"logo":{"@id":"https:\/\/luchonoticias.com\/editor\/#\/schema\/person\/image\/"},"sameAs":["https:\/\/www.facebook.com\/luchonoticiasneiva"]},{"@type":"Person","@id":"https:\/\/luchonoticias.com\/editor\/#\/schema\/person\/29217990ddf6f14e35912b2866d591fb","name":"Editor General","image":{"@type":"ImageObject","inLanguage":"es","@id":"https:\/\/luchonoticias.com\/editor\/#\/schema\/person\/image\/","url":"https:\/\/luchonoticias.com\/editor\/wp-content\/uploads\/2024\/02\/cropped-cropped-logolu-150x150.webp","contentUrl":"https:\/\/luchonoticias.com\/editor\/wp-content\/uploads\/2024\/02\/cropped-cropped-logolu-150x150.webp","caption":"Editor General"},"sameAs":["https:\/\/luchonoticias.com\/"],"url":"https:\/\/luchonoticias.com\/editor\/author\/editor-general\/"}]}},"_links":{"self":[{"href":"https:\/\/luchonoticias.com\/editor\/wp-json\/wp\/v2\/posts\/46758","targetHints":{"allow":["GET"]}}],"collection":[{"href":"https:\/\/luchonoticias.com\/editor\/wp-json\/wp\/v2\/posts"}],"about":[{"href":"https:\/\/luchonoticias.com\/editor\/wp-json\/wp\/v2\/types\/post"}],"author":[{"embeddable":true,"href":"https:\/\/luchonoticias.com\/editor\/wp-json\/wp\/v2\/users\/2"}],"replies":[{"embeddable":true,"href":"https:\/\/luchonoticias.com\/editor\/wp-json\/wp\/v2\/comments?post=46758"}],"version-history":[{"count":0,"href":"https:\/\/luchonoticias.com\/editor\/wp-json\/wp\/v2\/posts\/46758\/revisions"}],"wp:attachment":[{"href":"https:\/\/luchonoticias.com\/editor\/wp-json\/wp\/v2\/media?parent=46758"}],"wp:term":[{"taxonomy":"category","embeddable":true,"href":"https:\/\/luchonoticias.com\/editor\/wp-json\/wp\/v2\/categories?post=46758"},{"taxonomy":"post_tag","embeddable":true,"href":"https:\/\/luchonoticias.com\/editor\/wp-json\/wp\/v2\/tags?post=46758"}],"curies":[{"name":"wp","href":"https:\/\/api.w.org\/{rel}","templated":true}]}}