{"id":46887,"date":"2023-02-24T13:31:18","date_gmt":"2023-02-24T18:31:18","guid":{"rendered":"https:\/\/luchonoticias.com\/?p=46887"},"modified":"2023-02-24T13:31:19","modified_gmt":"2023-02-24T18:31:19","slug":"efectuada-reunion-de-la-comision-de-competitividad","status":"publish","type":"post","link":"https:\/\/luchonoticias.com\/editor\/efectuada-reunion-de-la-comision-de-competitividad\/","title":{"rendered":"Efectuada reuni\u00f3n de la Comisi\u00f3n de Competitividad"},"content":{"rendered":"\n<p>En esta&nbsp;<strong>\u00faltima sesi\u00f3n de la CRCI<\/strong>, la cual cont\u00f3 con una nutrida asistencia de sus integrantes, se abord\u00f3 el tema de la&nbsp;<strong>pertinencia de la educaci\u00f3n superior<\/strong>&nbsp;en la Universidad CORHUILA, an\u00e1lisis que despert\u00f3 gran inter\u00e9s por su importancia.<\/p>\n\n\n\n<p>El gobernador del Huila Luis Enrique Duss\u00e1n, hizo un&nbsp;<strong>recuento de lo que ha sido el trabajo esta semana en materia de ciencia, tecnolog\u00eda, Innovaci\u00f3n<\/strong>&nbsp;y ferias que impactan la econom\u00eda del departamento, esta semana el 21 de febrero fue el lanzamiento de la segunda versi\u00f3n de la Feria Acu\u00edcola en Bogot\u00e1 y como el departamento se viene posicionando como uno de los principales departamentos pisc\u00edcolas del pa\u00eds, tambi\u00e9n mencion\u00f3 el gobernador su participaci\u00f3n en el panel sobre regal\u00edas en Ciencia y Tecnolog\u00eda en la Universidad Nacional.<\/p>\n\n\n\n<p>Esta \u00faltima CRCI estuvo enfocada fundamentalmente en el&nbsp;<strong>an\u00e1lisis de la pertinencia de la educaci\u00f3n superior de nuestro departamento<\/strong>&nbsp;y como la oferta educativa se alinea con las apuestas productivas del departamento.<\/p>\n\n\n\n<p>\u201cTratamos el d\u00eda de hoy en la&nbsp;<strong>Comisi\u00f3n regional de Competitividad e Innovaci\u00f3n<\/strong>&nbsp;un tema muy importante y fundamental para el departamento del Huila, que es la pertinencia de la educaci\u00f3n superior en el departamento del Huila, all\u00ed la universidad Corhuila ha hecho una presentaci\u00f3n de los diferentes programas y como se vienen articulando con las apuestas productivas para darle una respuesta pertinente al sector productivo del departamento, se ha abierto all\u00ed el debate, donde todos los integrantes de la comisi\u00f3n han hecho unos excelentes aportes hacia esa construcci\u00f3n de la pertinencia de la educaci\u00f3n\u201d, explic\u00f3 Oscar Eduardo Trujillo, Jefe de la Oficina de Productividad y Competitividad del Huila.<\/p>\n\n\n\n<p>Se defini\u00f3 en esta comisi\u00f3n la necesidad de&nbsp;<strong>abrirle el espacio a las dem\u00e1s instituciones de educaci\u00f3n superior<\/strong>&nbsp;para que expongan su oferta educativa y que contin\u00fae el di\u00e1logo para la construcci\u00f3n colectiva de ofertas educativas alineadas a las apuestas productivas del departamento y teniendo en cuenta las necesidades reales de las empresas.<\/p>\n","protected":false},"excerpt":{"rendered":"<p>En esta&nbsp;\u00faltima sesi\u00f3n de la CRCI, la cual cont\u00f3 con una nutrida asistencia de sus integrantes, se abord\u00f3 el tema de la&nbsp;pertinencia de la educaci\u00f3n superior&nbsp;en la Universidad CORHUILA, an\u00e1lisis que despert\u00f3 gran inter\u00e9s por su importancia. El gobernador del Huila Luis Enrique Duss\u00e1n, hizo un&nbsp;recuento de lo que ha sido el trabajo esta semana [&hellip;]<\/p>\n","protected":false},"author":2,"featured_media":0,"comment_status":"open","ping_status":"open","sticky":false,"template":"","format":"standard","meta":{"footnotes":""},"categories":[33],"tags":[],"class_list":["post-46887","post","type-post","status-publish","format-standard","hentry","category-huila"],"yoast_head":"<!-- This site is optimized with the Yoast SEO plugin v26.6 - https:\/\/yoast.com\/wordpress\/plugins\/seo\/ -->\n<title>Efectuada reuni\u00f3n de la Comisi\u00f3n de Competitividad -<\/title>\n<meta name=\"robots\" content=\"index, follow, max-snippet:-1, max-image-preview:large, max-video-preview:-1\" \/>\n<link rel=\"canonical\" href=\"https:\/\/luchonoticias.com\/editor\/efectuada-reunion-de-la-comision-de-competitividad\/\" \/>\n<meta property=\"og:locale\" content=\"es_ES\" \/>\n<meta property=\"og:type\" content=\"article\" \/>\n<meta property=\"og:title\" content=\"Efectuada reuni\u00f3n de la Comisi\u00f3n de Competitividad -\" \/>\n<meta property=\"og:url\" content=\"https:\/\/luchonoticias.com\/editor\/efectuada-reunion-de-la-comision-de-competitividad\/\" \/>\n<meta property=\"article:publisher\" content=\"https:\/\/www.facebook.com\/luchonoticiasneiva\" \/>\n<meta property=\"article:published_time\" content=\"2023-02-24T18:31:18+00:00\" \/>\n<meta property=\"article:modified_time\" content=\"2023-02-24T18:31:19+00:00\" \/>\n<meta name=\"author\" content=\"Editor General\" \/>\n<meta name=\"twitter:card\" content=\"summary_large_image\" \/>\n<meta name=\"twitter:label1\" content=\"Escrito por\" \/>\n\t<meta name=\"twitter:data1\" content=\"Editor General\" \/>\n\t<meta name=\"twitter:label2\" content=\"Tiempo de lectura\" \/>\n\t<meta name=\"twitter:data2\" content=\"2 minutos\" \/>\n<script type=\"application\/ld+json\" class=\"yoast-schema-graph\">{\"@context\":\"https:\/\/schema.org\",\"@graph\":[{\"@type\":\"Article\",\"@id\":\"https:\/\/luchonoticias.com\/editor\/efectuada-reunion-de-la-comision-de-competitividad\/#article\",\"isPartOf\":{\"@id\":\"https:\/\/luchonoticias.com\/editor\/efectuada-reunion-de-la-comision-de-competitividad\/\"},\"author\":{\"name\":\"Editor General\",\"@id\":\"https:\/\/luchonoticias.com\/editor\/#\/schema\/person\/29217990ddf6f14e35912b2866d591fb\"},\"headline\":\"Efectuada reuni\u00f3n de la Comisi\u00f3n de Competitividad\",\"datePublished\":\"2023-02-24T18:31:18+00:00\",\"dateModified\":\"2023-02-24T18:31:19+00:00\",\"mainEntityOfPage\":{\"@id\":\"https:\/\/luchonoticias.com\/editor\/efectuada-reunion-de-la-comision-de-competitividad\/\"},\"wordCount\":372,\"commentCount\":0,\"publisher\":{\"@id\":\"https:\/\/luchonoticias.com\/editor\/#\/schema\/person\/7a7fd911f58561fd056dbac7b55af9cd\"},\"articleSection\":[\"Huila\"],\"inLanguage\":\"es\",\"potentialAction\":[{\"@type\":\"CommentAction\",\"name\":\"Comment\",\"target\":[\"https:\/\/luchonoticias.com\/editor\/efectuada-reunion-de-la-comision-de-competitividad\/#respond\"]}]},{\"@type\":\"WebPage\",\"@id\":\"https:\/\/luchonoticias.com\/editor\/efectuada-reunion-de-la-comision-de-competitividad\/\",\"url\":\"https:\/\/luchonoticias.com\/editor\/efectuada-reunion-de-la-comision-de-competitividad\/\",\"name\":\"Efectuada reuni\u00f3n de la Comisi\u00f3n de Competitividad -\",\"isPartOf\":{\"@id\":\"https:\/\/luchonoticias.com\/editor\/#website\"},\"datePublished\":\"2023-02-24T18:31:18+00:00\",\"dateModified\":\"2023-02-24T18:31:19+00:00\",\"breadcrumb\":{\"@id\":\"https:\/\/luchonoticias.com\/editor\/efectuada-reunion-de-la-comision-de-competitividad\/#breadcrumb\"},\"inLanguage\":\"es\",\"potentialAction\":[{\"@type\":\"ReadAction\",\"target\":[\"https:\/\/luchonoticias.com\/editor\/efectuada-reunion-de-la-comision-de-competitividad\/\"]}]},{\"@type\":\"BreadcrumbList\",\"@id\":\"https:\/\/luchonoticias.com\/editor\/efectuada-reunion-de-la-comision-de-competitividad\/#breadcrumb\",\"itemListElement\":[{\"@type\":\"ListItem\",\"position\":1,\"name\":\"Portada\",\"item\":\"https:\/\/luchonoticias.com\/editor\/\"},{\"@type\":\"ListItem\",\"position\":2,\"name\":\"Efectuada reuni\u00f3n de la Comisi\u00f3n de Competitividad\"}]},{\"@type\":\"WebSite\",\"@id\":\"https:\/\/luchonoticias.com\/editor\/#website\",\"url\":\"https:\/\/luchonoticias.com\/editor\/\",\"name\":\"\",\"description\":\"\",\"publisher\":{\"@id\":\"https:\/\/luchonoticias.com\/editor\/#\/schema\/person\/7a7fd911f58561fd056dbac7b55af9cd\"},\"potentialAction\":[{\"@type\":\"SearchAction\",\"target\":{\"@type\":\"EntryPoint\",\"urlTemplate\":\"https:\/\/luchonoticias.com\/editor\/?s={search_term_string}\"},\"query-input\":{\"@type\":\"PropertyValueSpecification\",\"valueRequired\":true,\"valueName\":\"search_term_string\"}}],\"inLanguage\":\"es\"},{\"@type\":[\"Person\",\"Organization\"],\"@id\":\"https:\/\/luchonoticias.com\/editor\/#\/schema\/person\/7a7fd911f58561fd056dbac7b55af9cd\",\"name\":\"admin\",\"image\":{\"@type\":\"ImageObject\",\"inLanguage\":\"es\",\"@id\":\"https:\/\/luchonoticias.com\/editor\/#\/schema\/person\/image\/\",\"url\":\"https:\/\/luchonoticias.com\/editor\/wp-content\/uploads\/2024\/02\/cropped-cropped-logolu.webp\",\"contentUrl\":\"https:\/\/luchonoticias.com\/editor\/wp-content\/uploads\/2024\/02\/cropped-cropped-logolu.webp\",\"width\":382,\"height\":170,\"caption\":\"admin\"},\"logo\":{\"@id\":\"https:\/\/luchonoticias.com\/editor\/#\/schema\/person\/image\/\"},\"sameAs\":[\"https:\/\/www.facebook.com\/luchonoticiasneiva\"]},{\"@type\":\"Person\",\"@id\":\"https:\/\/luchonoticias.com\/editor\/#\/schema\/person\/29217990ddf6f14e35912b2866d591fb\",\"name\":\"Editor General\",\"image\":{\"@type\":\"ImageObject\",\"inLanguage\":\"es\",\"@id\":\"https:\/\/luchonoticias.com\/editor\/#\/schema\/person\/image\/\",\"url\":\"https:\/\/luchonoticias.com\/editor\/wp-content\/uploads\/2024\/02\/cropped-cropped-logolu-150x150.webp\",\"contentUrl\":\"https:\/\/luchonoticias.com\/editor\/wp-content\/uploads\/2024\/02\/cropped-cropped-logolu-150x150.webp\",\"caption\":\"Editor General\"},\"sameAs\":[\"https:\/\/luchonoticias.com\/\"],\"url\":\"https:\/\/luchonoticias.com\/editor\/author\/editor-general\/\"}]}<\/script>\n<!-- \/ Yoast SEO plugin. -->","yoast_head_json":{"title":"Efectuada reuni\u00f3n de la Comisi\u00f3n de Competitividad -","robots":{"index":"index","follow":"follow","max-snippet":"max-snippet:-1","max-image-preview":"max-image-preview:large","max-video-preview":"max-video-preview:-1"},"canonical":"https:\/\/luchonoticias.com\/editor\/efectuada-reunion-de-la-comision-de-competitividad\/","og_locale":"es_ES","og_type":"article","og_title":"Efectuada reuni\u00f3n de la Comisi\u00f3n de Competitividad -","og_url":"https:\/\/luchonoticias.com\/editor\/efectuada-reunion-de-la-comision-de-competitividad\/","article_publisher":"https:\/\/www.facebook.com\/luchonoticiasneiva","article_published_time":"2023-02-24T18:31:18+00:00","article_modified_time":"2023-02-24T18:31:19+00:00","author":"Editor General","twitter_card":"summary_large_image","twitter_misc":{"Escrito por":"Editor General","Tiempo de lectura":"2 minutos"},"schema":{"@context":"https:\/\/schema.org","@graph":[{"@type":"Article","@id":"https:\/\/luchonoticias.com\/editor\/efectuada-reunion-de-la-comision-de-competitividad\/#article","isPartOf":{"@id":"https:\/\/luchonoticias.com\/editor\/efectuada-reunion-de-la-comision-de-competitividad\/"},"author":{"name":"Editor General","@id":"https:\/\/luchonoticias.com\/editor\/#\/schema\/person\/29217990ddf6f14e35912b2866d591fb"},"headline":"Efectuada reuni\u00f3n de la Comisi\u00f3n de Competitividad","datePublished":"2023-02-24T18:31:18+00:00","dateModified":"2023-02-24T18:31:19+00:00","mainEntityOfPage":{"@id":"https:\/\/luchonoticias.com\/editor\/efectuada-reunion-de-la-comision-de-competitividad\/"},"wordCount":372,"commentCount":0,"publisher":{"@id":"https:\/\/luchonoticias.com\/editor\/#\/schema\/person\/7a7fd911f58561fd056dbac7b55af9cd"},"articleSection":["Huila"],"inLanguage":"es","potentialAction":[{"@type":"CommentAction","name":"Comment","target":["https:\/\/luchonoticias.com\/editor\/efectuada-reunion-de-la-comision-de-competitividad\/#respond"]}]},{"@type":"WebPage","@id":"https:\/\/luchonoticias.com\/editor\/efectuada-reunion-de-la-comision-de-competitividad\/","url":"https:\/\/luchonoticias.com\/editor\/efectuada-reunion-de-la-comision-de-competitividad\/","name":"Efectuada reuni\u00f3n de la Comisi\u00f3n de Competitividad -","isPartOf":{"@id":"https:\/\/luchonoticias.com\/editor\/#website"},"datePublished":"2023-02-24T18:31:18+00:00","dateModified":"2023-02-24T18:31:19+00:00","breadcrumb":{"@id":"https:\/\/luchonoticias.com\/editor\/efectuada-reunion-de-la-comision-de-competitividad\/#breadcrumb"},"inLanguage":"es","potentialAction":[{"@type":"ReadAction","target":["https:\/\/luchonoticias.com\/editor\/efectuada-reunion-de-la-comision-de-competitividad\/"]}]},{"@type":"BreadcrumbList","@id":"https:\/\/luchonoticias.com\/editor\/efectuada-reunion-de-la-comision-de-competitividad\/#breadcrumb","itemListElement":[{"@type":"ListItem","position":1,"name":"Portada","item":"https:\/\/luchonoticias.com\/editor\/"},{"@type":"ListItem","position":2,"name":"Efectuada reuni\u00f3n de la Comisi\u00f3n de Competitividad"}]},{"@type":"WebSite","@id":"https:\/\/luchonoticias.com\/editor\/#website","url":"https:\/\/luchonoticias.com\/editor\/","name":"","description":"","publisher":{"@id":"https:\/\/luchonoticias.com\/editor\/#\/schema\/person\/7a7fd911f58561fd056dbac7b55af9cd"},"potentialAction":[{"@type":"SearchAction","target":{"@type":"EntryPoint","urlTemplate":"https:\/\/luchonoticias.com\/editor\/?s={search_term_string}"},"query-input":{"@type":"PropertyValueSpecification","valueRequired":true,"valueName":"search_term_string"}}],"inLanguage":"es"},{"@type":["Person","Organization"],"@id":"https:\/\/luchonoticias.com\/editor\/#\/schema\/person\/7a7fd911f58561fd056dbac7b55af9cd","name":"admin","image":{"@type":"ImageObject","inLanguage":"es","@id":"https:\/\/luchonoticias.com\/editor\/#\/schema\/person\/image\/","url":"https:\/\/luchonoticias.com\/editor\/wp-content\/uploads\/2024\/02\/cropped-cropped-logolu.webp","contentUrl":"https:\/\/luchonoticias.com\/editor\/wp-content\/uploads\/2024\/02\/cropped-cropped-logolu.webp","width":382,"height":170,"caption":"admin"},"logo":{"@id":"https:\/\/luchonoticias.com\/editor\/#\/schema\/person\/image\/"},"sameAs":["https:\/\/www.facebook.com\/luchonoticiasneiva"]},{"@type":"Person","@id":"https:\/\/luchonoticias.com\/editor\/#\/schema\/person\/29217990ddf6f14e35912b2866d591fb","name":"Editor General","image":{"@type":"ImageObject","inLanguage":"es","@id":"https:\/\/luchonoticias.com\/editor\/#\/schema\/person\/image\/","url":"https:\/\/luchonoticias.com\/editor\/wp-content\/uploads\/2024\/02\/cropped-cropped-logolu-150x150.webp","contentUrl":"https:\/\/luchonoticias.com\/editor\/wp-content\/uploads\/2024\/02\/cropped-cropped-logolu-150x150.webp","caption":"Editor General"},"sameAs":["https:\/\/luchonoticias.com\/"],"url":"https:\/\/luchonoticias.com\/editor\/author\/editor-general\/"}]}},"_links":{"self":[{"href":"https:\/\/luchonoticias.com\/editor\/wp-json\/wp\/v2\/posts\/46887","targetHints":{"allow":["GET"]}}],"collection":[{"href":"https:\/\/luchonoticias.com\/editor\/wp-json\/wp\/v2\/posts"}],"about":[{"href":"https:\/\/luchonoticias.com\/editor\/wp-json\/wp\/v2\/types\/post"}],"author":[{"embeddable":true,"href":"https:\/\/luchonoticias.com\/editor\/wp-json\/wp\/v2\/users\/2"}],"replies":[{"embeddable":true,"href":"https:\/\/luchonoticias.com\/editor\/wp-json\/wp\/v2\/comments?post=46887"}],"version-history":[{"count":0,"href":"https:\/\/luchonoticias.com\/editor\/wp-json\/wp\/v2\/posts\/46887\/revisions"}],"wp:attachment":[{"href":"https:\/\/luchonoticias.com\/editor\/wp-json\/wp\/v2\/media?parent=46887"}],"wp:term":[{"taxonomy":"category","embeddable":true,"href":"https:\/\/luchonoticias.com\/editor\/wp-json\/wp\/v2\/categories?post=46887"},{"taxonomy":"post_tag","embeddable":true,"href":"https:\/\/luchonoticias.com\/editor\/wp-json\/wp\/v2\/tags?post=46887"}],"curies":[{"name":"wp","href":"https:\/\/api.w.org\/{rel}","templated":true}]}}