{"id":46890,"date":"2023-02-24T13:56:09","date_gmt":"2023-02-24T18:56:09","guid":{"rendered":"https:\/\/luchonoticias.com\/?p=46890"},"modified":"2023-02-24T13:56:10","modified_gmt":"2023-02-24T18:56:10","slug":"carcel-a-dos-hombres-presuntamente-implicados-en-agresiones-contra-sus-progenitores-en-neiva","status":"publish","type":"post","link":"https:\/\/luchonoticias.com\/editor\/carcel-a-dos-hombres-presuntamente-implicados-en-agresiones-contra-sus-progenitores-en-neiva\/","title":{"rendered":"C\u00e1rcel a dos hombres presuntamente implicados en agresiones contra sus progenitores en Neiva"},"content":{"rendered":"\n<p>Un fiscal itinerante de violencia intrafamiliar de la Seccional Huila, logr\u00f3 que un juez de control de garant\u00edas impusiera medida de aseguramiento en centro carcelario contra dos hombres de 28 y 34 a\u00f1os, presuntamente, implicados en maltratado f\u00edsico contra sus progenitores.<\/p>\n\n\n\n<p>Uno de los hechos investigados se registr\u00f3 el pasado 19 de febrero en el barrio Trinidad de la capital de Huila, donde Luis Miguel Borrero Tapiero, de 28 a\u00f1os habr\u00eda agredido con un arma cortopunzante a su progenitora luego de reclamarle por un dinero. Seg\u00fan la investigaci\u00f3n, el hombre habr\u00eda golpeado, amenazado e intentado ahorcar a la mujer.<\/p>\n\n\n\n<p>Por otro caso fue judicializado Juan Gabriel Penagos Henao, de 34 a\u00f1os, quien habr\u00eda golpeado a su progenitor con un objeto met\u00e1lico. Los hechos se presentaron el 20 de febrero anterior en el barrio Gualanday de Neiva. Momentos antes el acusado, al parecer, lanz\u00f3 piedras a la vivienda de sus padres porque no le abr\u00edan la puerta.<\/p>\n\n\n\n<p>Seg\u00fan la denuncia, la v\u00edctima ser\u00eda consumidor de estupefacientes y en varias oportunidades habr\u00eda agredido f\u00edsica y verbalmente a sus padres. Ambos procesados fueron capturados en flagrancia por la Polic\u00eda Nacional.<\/p>\n\n\n\n<p>La Fiscal\u00eda traslad\u00f3 los respectivos escritos de acusaci\u00f3n como presuntos autores del delito de violencia intrafamiliar agravada. Ninguno de los procesados acept\u00f3 los cargos.<\/p>\n","protected":false},"excerpt":{"rendered":"<p>Un fiscal itinerante de violencia intrafamiliar de la Seccional Huila, logr\u00f3 que un juez de control de garant\u00edas impusiera medida de aseguramiento en centro carcelario contra dos hombres de 28 y 34 a\u00f1os, presuntamente, implicados en maltratado f\u00edsico contra sus progenitores. Uno de los hechos investigados se registr\u00f3 el pasado 19 de febrero en el [&hellip;]<\/p>\n","protected":false},"author":2,"featured_media":0,"comment_status":"open","ping_status":"open","sticky":false,"template":"","format":"standard","meta":{"footnotes":""},"categories":[36,29],"tags":[],"class_list":["post-46890","post","type-post","status-publish","format-standard","hentry","category-destacado","category-judicial"],"yoast_head":"<!-- This site is optimized with the Yoast SEO plugin v26.6 - https:\/\/yoast.com\/wordpress\/plugins\/seo\/ -->\n<title>C\u00e1rcel a dos hombres presuntamente implicados en agresiones contra sus progenitores en Neiva -<\/title>\n<meta name=\"robots\" content=\"index, follow, max-snippet:-1, max-image-preview:large, max-video-preview:-1\" \/>\n<link rel=\"canonical\" href=\"https:\/\/luchonoticias.com\/editor\/carcel-a-dos-hombres-presuntamente-implicados-en-agresiones-contra-sus-progenitores-en-neiva\/\" \/>\n<meta property=\"og:locale\" content=\"es_ES\" \/>\n<meta property=\"og:type\" content=\"article\" \/>\n<meta property=\"og:title\" content=\"C\u00e1rcel a dos hombres presuntamente implicados en agresiones contra sus progenitores en Neiva -\" \/>\n<meta property=\"og:url\" content=\"https:\/\/luchonoticias.com\/editor\/carcel-a-dos-hombres-presuntamente-implicados-en-agresiones-contra-sus-progenitores-en-neiva\/\" \/>\n<meta property=\"article:publisher\" content=\"https:\/\/www.facebook.com\/luchonoticiasneiva\" \/>\n<meta property=\"article:published_time\" content=\"2023-02-24T18:56:09+00:00\" \/>\n<meta property=\"article:modified_time\" content=\"2023-02-24T18:56:10+00:00\" \/>\n<meta name=\"author\" content=\"Editor General\" \/>\n<meta name=\"twitter:card\" content=\"summary_large_image\" \/>\n<meta name=\"twitter:label1\" content=\"Escrito por\" \/>\n\t<meta name=\"twitter:data1\" content=\"Editor General\" \/>\n\t<meta name=\"twitter:label2\" content=\"Tiempo de lectura\" \/>\n\t<meta name=\"twitter:data2\" content=\"1 minuto\" \/>\n<script type=\"application\/ld+json\" class=\"yoast-schema-graph\">{\"@context\":\"https:\/\/schema.org\",\"@graph\":[{\"@type\":\"Article\",\"@id\":\"https:\/\/luchonoticias.com\/editor\/carcel-a-dos-hombres-presuntamente-implicados-en-agresiones-contra-sus-progenitores-en-neiva\/#article\",\"isPartOf\":{\"@id\":\"https:\/\/luchonoticias.com\/editor\/carcel-a-dos-hombres-presuntamente-implicados-en-agresiones-contra-sus-progenitores-en-neiva\/\"},\"author\":{\"name\":\"Editor General\",\"@id\":\"https:\/\/luchonoticias.com\/editor\/#\/schema\/person\/29217990ddf6f14e35912b2866d591fb\"},\"headline\":\"C\u00e1rcel a dos hombres presuntamente implicados en agresiones contra sus progenitores en Neiva\",\"datePublished\":\"2023-02-24T18:56:09+00:00\",\"dateModified\":\"2023-02-24T18:56:10+00:00\",\"mainEntityOfPage\":{\"@id\":\"https:\/\/luchonoticias.com\/editor\/carcel-a-dos-hombres-presuntamente-implicados-en-agresiones-contra-sus-progenitores-en-neiva\/\"},\"wordCount\":239,\"commentCount\":0,\"publisher\":{\"@id\":\"https:\/\/luchonoticias.com\/editor\/#\/schema\/person\/7a7fd911f58561fd056dbac7b55af9cd\"},\"articleSection\":[\"Destacado\",\"Judicial\"],\"inLanguage\":\"es\",\"potentialAction\":[{\"@type\":\"CommentAction\",\"name\":\"Comment\",\"target\":[\"https:\/\/luchonoticias.com\/editor\/carcel-a-dos-hombres-presuntamente-implicados-en-agresiones-contra-sus-progenitores-en-neiva\/#respond\"]}]},{\"@type\":\"WebPage\",\"@id\":\"https:\/\/luchonoticias.com\/editor\/carcel-a-dos-hombres-presuntamente-implicados-en-agresiones-contra-sus-progenitores-en-neiva\/\",\"url\":\"https:\/\/luchonoticias.com\/editor\/carcel-a-dos-hombres-presuntamente-implicados-en-agresiones-contra-sus-progenitores-en-neiva\/\",\"name\":\"C\u00e1rcel a dos hombres presuntamente implicados en agresiones contra sus progenitores en Neiva -\",\"isPartOf\":{\"@id\":\"https:\/\/luchonoticias.com\/editor\/#website\"},\"datePublished\":\"2023-02-24T18:56:09+00:00\",\"dateModified\":\"2023-02-24T18:56:10+00:00\",\"breadcrumb\":{\"@id\":\"https:\/\/luchonoticias.com\/editor\/carcel-a-dos-hombres-presuntamente-implicados-en-agresiones-contra-sus-progenitores-en-neiva\/#breadcrumb\"},\"inLanguage\":\"es\",\"potentialAction\":[{\"@type\":\"ReadAction\",\"target\":[\"https:\/\/luchonoticias.com\/editor\/carcel-a-dos-hombres-presuntamente-implicados-en-agresiones-contra-sus-progenitores-en-neiva\/\"]}]},{\"@type\":\"BreadcrumbList\",\"@id\":\"https:\/\/luchonoticias.com\/editor\/carcel-a-dos-hombres-presuntamente-implicados-en-agresiones-contra-sus-progenitores-en-neiva\/#breadcrumb\",\"itemListElement\":[{\"@type\":\"ListItem\",\"position\":1,\"name\":\"Portada\",\"item\":\"https:\/\/luchonoticias.com\/editor\/\"},{\"@type\":\"ListItem\",\"position\":2,\"name\":\"C\u00e1rcel a dos hombres presuntamente implicados en agresiones contra sus progenitores en Neiva\"}]},{\"@type\":\"WebSite\",\"@id\":\"https:\/\/luchonoticias.com\/editor\/#website\",\"url\":\"https:\/\/luchonoticias.com\/editor\/\",\"name\":\"\",\"description\":\"\",\"publisher\":{\"@id\":\"https:\/\/luchonoticias.com\/editor\/#\/schema\/person\/7a7fd911f58561fd056dbac7b55af9cd\"},\"potentialAction\":[{\"@type\":\"SearchAction\",\"target\":{\"@type\":\"EntryPoint\",\"urlTemplate\":\"https:\/\/luchonoticias.com\/editor\/?s={search_term_string}\"},\"query-input\":{\"@type\":\"PropertyValueSpecification\",\"valueRequired\":true,\"valueName\":\"search_term_string\"}}],\"inLanguage\":\"es\"},{\"@type\":[\"Person\",\"Organization\"],\"@id\":\"https:\/\/luchonoticias.com\/editor\/#\/schema\/person\/7a7fd911f58561fd056dbac7b55af9cd\",\"name\":\"admin\",\"image\":{\"@type\":\"ImageObject\",\"inLanguage\":\"es\",\"@id\":\"https:\/\/luchonoticias.com\/editor\/#\/schema\/person\/image\/\",\"url\":\"https:\/\/luchonoticias.com\/editor\/wp-content\/uploads\/2024\/02\/cropped-cropped-logolu.webp\",\"contentUrl\":\"https:\/\/luchonoticias.com\/editor\/wp-content\/uploads\/2024\/02\/cropped-cropped-logolu.webp\",\"width\":382,\"height\":170,\"caption\":\"admin\"},\"logo\":{\"@id\":\"https:\/\/luchonoticias.com\/editor\/#\/schema\/person\/image\/\"},\"sameAs\":[\"https:\/\/www.facebook.com\/luchonoticiasneiva\"]},{\"@type\":\"Person\",\"@id\":\"https:\/\/luchonoticias.com\/editor\/#\/schema\/person\/29217990ddf6f14e35912b2866d591fb\",\"name\":\"Editor General\",\"image\":{\"@type\":\"ImageObject\",\"inLanguage\":\"es\",\"@id\":\"https:\/\/luchonoticias.com\/editor\/#\/schema\/person\/image\/\",\"url\":\"https:\/\/luchonoticias.com\/editor\/wp-content\/uploads\/2024\/02\/cropped-cropped-logolu-150x150.webp\",\"contentUrl\":\"https:\/\/luchonoticias.com\/editor\/wp-content\/uploads\/2024\/02\/cropped-cropped-logolu-150x150.webp\",\"caption\":\"Editor General\"},\"sameAs\":[\"https:\/\/luchonoticias.com\/\"],\"url\":\"https:\/\/luchonoticias.com\/editor\/author\/editor-general\/\"}]}<\/script>\n<!-- \/ Yoast SEO plugin. -->","yoast_head_json":{"title":"C\u00e1rcel a dos hombres presuntamente implicados en agresiones contra sus progenitores en Neiva -","robots":{"index":"index","follow":"follow","max-snippet":"max-snippet:-1","max-image-preview":"max-image-preview:large","max-video-preview":"max-video-preview:-1"},"canonical":"https:\/\/luchonoticias.com\/editor\/carcel-a-dos-hombres-presuntamente-implicados-en-agresiones-contra-sus-progenitores-en-neiva\/","og_locale":"es_ES","og_type":"article","og_title":"C\u00e1rcel a dos hombres presuntamente implicados en agresiones contra sus progenitores en Neiva -","og_url":"https:\/\/luchonoticias.com\/editor\/carcel-a-dos-hombres-presuntamente-implicados-en-agresiones-contra-sus-progenitores-en-neiva\/","article_publisher":"https:\/\/www.facebook.com\/luchonoticiasneiva","article_published_time":"2023-02-24T18:56:09+00:00","article_modified_time":"2023-02-24T18:56:10+00:00","author":"Editor General","twitter_card":"summary_large_image","twitter_misc":{"Escrito por":"Editor General","Tiempo de lectura":"1 minuto"},"schema":{"@context":"https:\/\/schema.org","@graph":[{"@type":"Article","@id":"https:\/\/luchonoticias.com\/editor\/carcel-a-dos-hombres-presuntamente-implicados-en-agresiones-contra-sus-progenitores-en-neiva\/#article","isPartOf":{"@id":"https:\/\/luchonoticias.com\/editor\/carcel-a-dos-hombres-presuntamente-implicados-en-agresiones-contra-sus-progenitores-en-neiva\/"},"author":{"name":"Editor General","@id":"https:\/\/luchonoticias.com\/editor\/#\/schema\/person\/29217990ddf6f14e35912b2866d591fb"},"headline":"C\u00e1rcel a dos hombres presuntamente implicados en agresiones contra sus progenitores en Neiva","datePublished":"2023-02-24T18:56:09+00:00","dateModified":"2023-02-24T18:56:10+00:00","mainEntityOfPage":{"@id":"https:\/\/luchonoticias.com\/editor\/carcel-a-dos-hombres-presuntamente-implicados-en-agresiones-contra-sus-progenitores-en-neiva\/"},"wordCount":239,"commentCount":0,"publisher":{"@id":"https:\/\/luchonoticias.com\/editor\/#\/schema\/person\/7a7fd911f58561fd056dbac7b55af9cd"},"articleSection":["Destacado","Judicial"],"inLanguage":"es","potentialAction":[{"@type":"CommentAction","name":"Comment","target":["https:\/\/luchonoticias.com\/editor\/carcel-a-dos-hombres-presuntamente-implicados-en-agresiones-contra-sus-progenitores-en-neiva\/#respond"]}]},{"@type":"WebPage","@id":"https:\/\/luchonoticias.com\/editor\/carcel-a-dos-hombres-presuntamente-implicados-en-agresiones-contra-sus-progenitores-en-neiva\/","url":"https:\/\/luchonoticias.com\/editor\/carcel-a-dos-hombres-presuntamente-implicados-en-agresiones-contra-sus-progenitores-en-neiva\/","name":"C\u00e1rcel a dos hombres presuntamente implicados en agresiones contra sus progenitores en Neiva -","isPartOf":{"@id":"https:\/\/luchonoticias.com\/editor\/#website"},"datePublished":"2023-02-24T18:56:09+00:00","dateModified":"2023-02-24T18:56:10+00:00","breadcrumb":{"@id":"https:\/\/luchonoticias.com\/editor\/carcel-a-dos-hombres-presuntamente-implicados-en-agresiones-contra-sus-progenitores-en-neiva\/#breadcrumb"},"inLanguage":"es","potentialAction":[{"@type":"ReadAction","target":["https:\/\/luchonoticias.com\/editor\/carcel-a-dos-hombres-presuntamente-implicados-en-agresiones-contra-sus-progenitores-en-neiva\/"]}]},{"@type":"BreadcrumbList","@id":"https:\/\/luchonoticias.com\/editor\/carcel-a-dos-hombres-presuntamente-implicados-en-agresiones-contra-sus-progenitores-en-neiva\/#breadcrumb","itemListElement":[{"@type":"ListItem","position":1,"name":"Portada","item":"https:\/\/luchonoticias.com\/editor\/"},{"@type":"ListItem","position":2,"name":"C\u00e1rcel a dos hombres presuntamente implicados en agresiones contra sus progenitores en Neiva"}]},{"@type":"WebSite","@id":"https:\/\/luchonoticias.com\/editor\/#website","url":"https:\/\/luchonoticias.com\/editor\/","name":"","description":"","publisher":{"@id":"https:\/\/luchonoticias.com\/editor\/#\/schema\/person\/7a7fd911f58561fd056dbac7b55af9cd"},"potentialAction":[{"@type":"SearchAction","target":{"@type":"EntryPoint","urlTemplate":"https:\/\/luchonoticias.com\/editor\/?s={search_term_string}"},"query-input":{"@type":"PropertyValueSpecification","valueRequired":true,"valueName":"search_term_string"}}],"inLanguage":"es"},{"@type":["Person","Organization"],"@id":"https:\/\/luchonoticias.com\/editor\/#\/schema\/person\/7a7fd911f58561fd056dbac7b55af9cd","name":"admin","image":{"@type":"ImageObject","inLanguage":"es","@id":"https:\/\/luchonoticias.com\/editor\/#\/schema\/person\/image\/","url":"https:\/\/luchonoticias.com\/editor\/wp-content\/uploads\/2024\/02\/cropped-cropped-logolu.webp","contentUrl":"https:\/\/luchonoticias.com\/editor\/wp-content\/uploads\/2024\/02\/cropped-cropped-logolu.webp","width":382,"height":170,"caption":"admin"},"logo":{"@id":"https:\/\/luchonoticias.com\/editor\/#\/schema\/person\/image\/"},"sameAs":["https:\/\/www.facebook.com\/luchonoticiasneiva"]},{"@type":"Person","@id":"https:\/\/luchonoticias.com\/editor\/#\/schema\/person\/29217990ddf6f14e35912b2866d591fb","name":"Editor General","image":{"@type":"ImageObject","inLanguage":"es","@id":"https:\/\/luchonoticias.com\/editor\/#\/schema\/person\/image\/","url":"https:\/\/luchonoticias.com\/editor\/wp-content\/uploads\/2024\/02\/cropped-cropped-logolu-150x150.webp","contentUrl":"https:\/\/luchonoticias.com\/editor\/wp-content\/uploads\/2024\/02\/cropped-cropped-logolu-150x150.webp","caption":"Editor General"},"sameAs":["https:\/\/luchonoticias.com\/"],"url":"https:\/\/luchonoticias.com\/editor\/author\/editor-general\/"}]}},"_links":{"self":[{"href":"https:\/\/luchonoticias.com\/editor\/wp-json\/wp\/v2\/posts\/46890","targetHints":{"allow":["GET"]}}],"collection":[{"href":"https:\/\/luchonoticias.com\/editor\/wp-json\/wp\/v2\/posts"}],"about":[{"href":"https:\/\/luchonoticias.com\/editor\/wp-json\/wp\/v2\/types\/post"}],"author":[{"embeddable":true,"href":"https:\/\/luchonoticias.com\/editor\/wp-json\/wp\/v2\/users\/2"}],"replies":[{"embeddable":true,"href":"https:\/\/luchonoticias.com\/editor\/wp-json\/wp\/v2\/comments?post=46890"}],"version-history":[{"count":0,"href":"https:\/\/luchonoticias.com\/editor\/wp-json\/wp\/v2\/posts\/46890\/revisions"}],"wp:attachment":[{"href":"https:\/\/luchonoticias.com\/editor\/wp-json\/wp\/v2\/media?parent=46890"}],"wp:term":[{"taxonomy":"category","embeddable":true,"href":"https:\/\/luchonoticias.com\/editor\/wp-json\/wp\/v2\/categories?post=46890"},{"taxonomy":"post_tag","embeddable":true,"href":"https:\/\/luchonoticias.com\/editor\/wp-json\/wp\/v2\/tags?post=46890"}],"curies":[{"name":"wp","href":"https:\/\/api.w.org\/{rel}","templated":true}]}}